{"id":9994,"date":"2018-05-18T11:01:31","date_gmt":"2018-05-18T10:01:31","guid":{"rendered":"https:\/\/alcala.salesianos.edu\/colegio\/blog\/2018\/05\/18\/la-ciencia-se-divulga-en-alcala\/"},"modified":"2025-08-27T09:01:40","modified_gmt":"2025-08-27T08:01:40","slug":"la-ciencia-se-divulga-en-alcala","status":"publish","type":"post","link":"https:\/\/alcala.salesianos.edu\/colegio\/blog\/2018\/05\/18\/la-ciencia-se-divulga-en-alcala\/","title":{"rendered":"La Ciencia se divulga en Alcal\u00e1"},"content":{"rendered":"<div id=\"fb-root\"><\/div>\n<p>[et_pb_section bb_built=\u00bb1&#8243;][et_pb_row][et_pb_column type=\u00bb4_4&#8243;][et_pb_text _builder_version=\u00bb3.0.105&#8243; background_layout=\u00bblight\u00bb]<\/p>\n<p><img loading=\"lazy\" decoding=\"async\" class=\"size-medium wp-image-5298 alignleft\" src=\"https:\/\/alcala.salesianos.edu\/wp-content\/uploads\/2018\/05\/cartel-an\u0303o-2018-300x214.jpg\" alt=\"\" width=\"300\" height=\"214\" \/>Los d\u00edas 9 y 10 de mayo fueron especiales en Alcal\u00e1 de Guada\u00edra. Nuestro Colegio organiz\u00f3, en colaboraci\u00f3n con el Ayuntamiento de la ciudad, las Jornadas EduCIENCIA, destinadas a divulgar la ciencia de una forma diferente, amena y cercana.<\/p>\n<p>Esta primera edici\u00f3n cont\u00f3 con dos ponentes de reconocido prestigio en el \u00e1mbito de la educaci\u00f3n, comunicaci\u00f3n y divulgaci\u00f3n cient\u00edfica: Carlos Lobato, Bi\u00f3logo y profesor de Instituto, adem\u00e1s de creador del blog <em>La ciencia de la vida<\/em> y Alberto Aparici, doctor en F\u00edsica y divulgador cient\u00edfico, colaborador del programa La br\u00fajula, de Onda Cero. Tambi\u00e9n se mostr\u00f3 una experiencia exitosa de divulgaci\u00f3n y cient\u00edfica: <em>Science with Tom<\/em>, canal de Youtube en el que un profesor de <em>Nueva School<\/em> en San Francisco ense\u00f1a Ciencia a trav\u00e9s del rap.<\/p>\n<p>&nbsp;<\/p>\n<p>El primer d\u00eda los alumnos pudieron disfrutar aprendiendo Biolog\u00eda a partir de los dibujos animados y personajes de la TV y el cine. La charla de Carlos Lobato ten\u00eda un t\u00edtulo muy sugerente \u00abMam\u00e1, no me quites la tele que estoy estudiando Biolog\u00eda\u00bb. Tras esto, un rato de sof\u00e1 distentido, con preguntas sobre Ciencia y sobre su vocaci\u00f3n profesional. Tras esto, la parte m\u00e1s movida: rap cient\u00edfico llegado desde EE.UU.<\/p>\n<p>Al d\u00eda siguiente vers\u00f3 sobre un tema muy atractivo para todo el p\u00fablico en general: los agujeros negros. De la mano de Alberto Aparici, los presentes descubrieron la magia del universo, la relatividad, la muerte de estrellas o la velocidad de la luz. Todo un lujo para los asistentes.<\/p>\n<p><img loading=\"lazy\" decoding=\"async\" class=\"size-medium wp-image-5328 alignright\" src=\"https:\/\/alcala.salesianos.edu\/wp-content\/uploads\/2018\/05\/IMG-20180509-WA0052-225x300.jpg\" alt=\"\" width=\"225\" height=\"300\" \/><\/p>\n<p>Estas jornadas est\u00e1n integradas en el Plan de mejora de la Ciencia y la Tecnolog\u00eda que el centro est\u00e1 implantando, concretamente en el proyecto Semana de la Ciencia que este a\u00f1o celebra su tercera edici\u00f3n.<\/p>\n<p>&nbsp;<\/p>\n<p>Nuestra Casa tiene adem\u00e1s el firme prop\u00f3sito de compartir todas las actividades con la ciudad. Por esta raz\u00f3n a las Jornadas fueron invitados todos los centros educativos de Secundaria y Bachillerato de Alcal\u00e1. El evento cont\u00f3 tambi\u00e9n con la presencia de la Delegada de Educaci\u00f3n y el Delegado de Juventud y Medio ambiente.<\/p>\n<p>&nbsp;<\/p>\n<p>Una oportunidad para mejorar el aprendizaje de nuestro alumnado a trav\u00e9s de una actividad de calidad que tiene la intenci\u00f3n de crecer y consolidarse en el tiempo.<\/p>\n<p>&nbsp;<\/p>\n<p>[\/et_pb_text][\/et_pb_column][\/et_pb_row][et_pb_row][et_pb_column type=\u00bb1_4&#8243;][et_pb_image _builder_version=\u00bb3.0.105&#8243; src=\u00bbhttps:\/\/alcala.salesianos.edu\/wp-content\/uploads\/2018\/05\/IMG-20180509-WA0007.jpg\u00bb show_in_lightbox=\u00bboff\u00bb url_new_window=\u00bboff\u00bb use_overlay=\u00bboff\u00bb always_center_on_mobile=\u00bbon\u00bb force_fullwidth=\u00bboff\u00bb show_bottom_space=\u00bbon\u00bb \/][\/et_pb_column][et_pb_column type=\u00bb1_4&#8243;][et_pb_image _builder_version=\u00bb3.0.105&#8243; src=\u00bbhttps:\/\/alcala.salesianos.edu\/wp-content\/uploads\/2018\/05\/IMG_8165.jpg\u00bb show_in_lightbox=\u00bboff\u00bb url_new_window=\u00bboff\u00bb use_overlay=\u00bboff\u00bb always_center_on_mobile=\u00bbon\u00bb force_fullwidth=\u00bboff\u00bb show_bottom_space=\u00bbon\u00bb \/][\/et_pb_column][et_pb_column type=\u00bb1_4&#8243;][et_pb_image _builder_version=\u00bb3.0.105&#8243; src=\u00bbhttps:\/\/alcala.salesianos.edu\/wp-content\/uploads\/2018\/05\/IMG_8133.jpg\u00bb show_in_lightbox=\u00bboff\u00bb url_new_window=\u00bboff\u00bb use_overlay=\u00bboff\u00bb always_center_on_mobile=\u00bbon\u00bb force_fullwidth=\u00bboff\u00bb show_bottom_space=\u00bbon\u00bb \/][\/et_pb_column][et_pb_column type=\u00bb1_4&#8243;][et_pb_image _builder_version=\u00bb3.0.105&#8243; src=\u00bbhttps:\/\/alcala.salesianos.edu\/wp-content\/uploads\/2018\/05\/IMG_8128.jpg\u00bb show_in_lightbox=\u00bboff\u00bb url_new_window=\u00bboff\u00bb use_overlay=\u00bboff\u00bb always_center_on_mobile=\u00bbon\u00bb force_fullwidth=\u00bboff\u00bb show_bottom_space=\u00bbon\u00bb \/][\/et_pb_column][\/et_pb_row][\/et_pb_section]<\/p>\n","protected":false},"excerpt":{"rendered":"<p><div class=\"et_pb_row et_pb_row_0 et_pb_row_empty\">\n\t\t\t\t\n\t\t\t\t\n\t\t\t\t\n\t\t\t\t\n\t\t\t\t\n\t\t\t<\/div> Los d\u00edas 9 y 10 de mayo fueron especiales en Alcal\u00e1 de Guada\u00edra. Nuestro Colegio organiz\u00f3, en colaboraci\u00f3n con el Ayuntamiento de la ciudad, las Jornadas EduCIENCIA, destinadas a divulgar la ciencia de una forma diferente, amena y cercana. Esta primera edici\u00f3n cont\u00f3 con dos ponentes de reconocido prestigio en el \u00e1mbito de la [&hellip;]<\/p>\n","protected":false},"author":2,"featured_media":0,"comment_status":"closed","ping_status":"open","sticky":false,"template":"","format":"standard","meta":{"_et_pb_use_builder":"on","_et_pb_old_content":"","_et_gb_content_width":"","footnotes":""},"categories":[12,19,13,17,14,15,18,16,1],"tags":[],"class_list":["post-9994","post","type-post","status-publish","format-standard","hentry","category-colegio","category-escuela-abierta","category-fasa","category-infantil","category-pastoral","category-portada","category-primaria","category-secundaria","category-uncategorized"],"yoast_head":"<!-- This site is optimized with the Yoast SEO plugin v28.4 - https:\/\/yoast.com\/product\/yoast-seo-wordpress\/ -->\n<title>La Ciencia se divulga en Alcal\u00e1 - Colegio Salesiano Alcal\u00e1<\/title>\n<meta name=\"robots\" content=\"index, follow, max-snippet:-1, max-image-preview:large, max-video-preview:-1\" \/>\n<link rel=\"canonical\" href=\"https:\/\/alcala.salesianos.edu\/colegio\/blog\/2018\/05\/18\/la-ciencia-se-divulga-en-alcala\/\" \/>\n<meta property=\"og:locale\" content=\"es_ES\" \/>\n<meta property=\"og:type\" content=\"article\" \/>\n<meta property=\"og:title\" content=\"La Ciencia se divulga en Alcal\u00e1 - Colegio Salesiano Alcal\u00e1\" \/>\n<meta property=\"og:description\" content=\"Los d\u00edas 9 y 10 de mayo fueron especiales en Alcal\u00e1 de Guada\u00edra. Nuestro Colegio organiz\u00f3, en colaboraci\u00f3n con el Ayuntamiento de la ciudad, las Jornadas EduCIENCIA, destinadas a divulgar la ciencia de una forma diferente, amena y cercana. Esta primera edici\u00f3n cont\u00f3 con dos ponentes de reconocido prestigio en el \u00e1mbito de la [&hellip;]\" \/>\n<meta property=\"og:url\" content=\"https:\/\/alcala.salesianos.edu\/colegio\/blog\/2018\/05\/18\/la-ciencia-se-divulga-en-alcala\/\" \/>\n<meta property=\"og:site_name\" content=\"Colegio Salesiano Alcal\u00e1\" \/>\n<meta property=\"article:published_time\" content=\"2018-05-18T10:01:31+00:00\" \/>\n<meta property=\"article:modified_time\" content=\"2025-08-27T08:01:40+00:00\" \/>\n<meta property=\"og:image\" content=\"https:\/\/alcala.salesianos.edu\/wp-content\/uploads\/2018\/05\/IMG-20180509-WA0052-225x300.jpg\" \/>\n<meta name=\"author\" content=\"Administrador Web\" \/>\n<meta name=\"twitter:card\" content=\"summary_large_image\" \/>\n<meta name=\"twitter:label1\" content=\"Escrito por\" \/>\n\t<meta name=\"twitter:data1\" content=\"Administrador Web\" \/>\n\t<meta name=\"twitter:label2\" content=\"Tiempo de lectura\" \/>\n\t<meta name=\"twitter:data2\" content=\"3 minutos\" \/>\n<script type=\"application\/ld+json\" class=\"yoast-schema-graph\">{\"@context\":\"https:\\\/\\\/schema.org\",\"@graph\":[{\"@type\":\"Article\",\"@id\":\"https:\\\/\\\/alcala.salesianos.edu\\\/colegio\\\/blog\\\/2018\\\/05\\\/18\\\/la-ciencia-se-divulga-en-alcala\\\/#article\",\"isPartOf\":{\"@id\":\"https:\\\/\\\/alcala.salesianos.edu\\\/colegio\\\/blog\\\/2018\\\/05\\\/18\\\/la-ciencia-se-divulga-en-alcala\\\/\"},\"author\":{\"name\":\"Administrador Web\",\"@id\":\"https:\\\/\\\/alcala.salesianos.edu\\\/colegio\\\/#\\\/schema\\\/person\\\/afcc24f776dc91fc2bf9afb0998fca77\"},\"headline\":\"La Ciencia se divulga en Alcal\u00e1\",\"datePublished\":\"2018-05-18T10:01:31+00:00\",\"dateModified\":\"2025-08-27T08:01:40+00:00\",\"mainEntityOfPage\":{\"@id\":\"https:\\\/\\\/alcala.salesianos.edu\\\/colegio\\\/blog\\\/2018\\\/05\\\/18\\\/la-ciencia-se-divulga-en-alcala\\\/\"},\"wordCount\":623,\"image\":{\"@id\":\"https:\\\/\\\/alcala.salesianos.edu\\\/colegio\\\/blog\\\/2018\\\/05\\\/18\\\/la-ciencia-se-divulga-en-alcala\\\/#primaryimage\"},\"thumbnailUrl\":\"https:\\\/\\\/alcala.salesianos.edu\\\/wp-content\\\/uploads\\\/2018\\\/05\\\/IMG-20180509-WA0052-225x300.jpg\",\"articleSection\":[\"Colegio\",\"Escuela abierta\",\"FASA\",\"Infantil\",\"Pastoral\",\"Portada\",\"Primaria\",\"Secundaria\",\"Uncategorized\"],\"inLanguage\":\"es\"},{\"@type\":\"WebPage\",\"@id\":\"https:\\\/\\\/alcala.salesianos.edu\\\/colegio\\\/blog\\\/2018\\\/05\\\/18\\\/la-ciencia-se-divulga-en-alcala\\\/\",\"url\":\"https:\\\/\\\/alcala.salesianos.edu\\\/colegio\\\/blog\\\/2018\\\/05\\\/18\\\/la-ciencia-se-divulga-en-alcala\\\/\",\"name\":\"La Ciencia se divulga en Alcal\u00e1 - Colegio Salesiano Alcal\u00e1\",\"isPartOf\":{\"@id\":\"https:\\\/\\\/alcala.salesianos.edu\\\/colegio\\\/#website\"},\"primaryImageOfPage\":{\"@id\":\"https:\\\/\\\/alcala.salesianos.edu\\\/colegio\\\/blog\\\/2018\\\/05\\\/18\\\/la-ciencia-se-divulga-en-alcala\\\/#primaryimage\"},\"image\":{\"@id\":\"https:\\\/\\\/alcala.salesianos.edu\\\/colegio\\\/blog\\\/2018\\\/05\\\/18\\\/la-ciencia-se-divulga-en-alcala\\\/#primaryimage\"},\"thumbnailUrl\":\"https:\\\/\\\/alcala.salesianos.edu\\\/wp-content\\\/uploads\\\/2018\\\/05\\\/IMG-20180509-WA0052-225x300.jpg\",\"datePublished\":\"2018-05-18T10:01:31+00:00\",\"dateModified\":\"2025-08-27T08:01:40+00:00\",\"author\":{\"@id\":\"https:\\\/\\\/alcala.salesianos.edu\\\/colegio\\\/#\\\/schema\\\/person\\\/afcc24f776dc91fc2bf9afb0998fca77\"},\"breadcrumb\":{\"@id\":\"https:\\\/\\\/alcala.salesianos.edu\\\/colegio\\\/blog\\\/2018\\\/05\\\/18\\\/la-ciencia-se-divulga-en-alcala\\\/#breadcrumb\"},\"inLanguage\":\"es\",\"potentialAction\":[{\"@type\":\"ReadAction\",\"target\":[\"https:\\\/\\\/alcala.salesianos.edu\\\/colegio\\\/blog\\\/2018\\\/05\\\/18\\\/la-ciencia-se-divulga-en-alcala\\\/\"]}]},{\"@type\":\"ImageObject\",\"inLanguage\":\"es\",\"@id\":\"https:\\\/\\\/alcala.salesianos.edu\\\/colegio\\\/blog\\\/2018\\\/05\\\/18\\\/la-ciencia-se-divulga-en-alcala\\\/#primaryimage\",\"url\":\"https:\\\/\\\/alcala.salesianos.edu\\\/wp-content\\\/uploads\\\/2018\\\/05\\\/IMG-20180509-WA0052-225x300.jpg\",\"contentUrl\":\"https:\\\/\\\/alcala.salesianos.edu\\\/wp-content\\\/uploads\\\/2018\\\/05\\\/IMG-20180509-WA0052-225x300.jpg\"},{\"@type\":\"BreadcrumbList\",\"@id\":\"https:\\\/\\\/alcala.salesianos.edu\\\/colegio\\\/blog\\\/2018\\\/05\\\/18\\\/la-ciencia-se-divulga-en-alcala\\\/#breadcrumb\",\"itemListElement\":[{\"@type\":\"ListItem\",\"position\":1,\"name\":\"Portada\",\"item\":\"https:\\\/\\\/alcala.salesianos.edu\\\/colegio\\\/\"},{\"@type\":\"ListItem\",\"position\":2,\"name\":\"La Ciencia se divulga en Alcal\u00e1\"}]},{\"@type\":\"WebSite\",\"@id\":\"https:\\\/\\\/alcala.salesianos.edu\\\/colegio\\\/#website\",\"url\":\"https:\\\/\\\/alcala.salesianos.edu\\\/colegio\\\/\",\"name\":\"Colegio Salesiano Alcal\u00e1\",\"description\":\"P\u00e1gina oficial de Salesianos Alcal\u00e1 de Guadaira\",\"potentialAction\":[{\"@type\":\"SearchAction\",\"target\":{\"@type\":\"EntryPoint\",\"urlTemplate\":\"https:\\\/\\\/alcala.salesianos.edu\\\/colegio\\\/?s={search_term_string}\"},\"query-input\":{\"@type\":\"PropertyValueSpecification\",\"valueRequired\":true,\"valueName\":\"search_term_string\"}}],\"inLanguage\":\"es\"},{\"@type\":\"Person\",\"@id\":\"https:\\\/\\\/alcala.salesianos.edu\\\/colegio\\\/#\\\/schema\\\/person\\\/afcc24f776dc91fc2bf9afb0998fca77\",\"name\":\"Administrador Web\",\"image\":{\"@type\":\"ImageObject\",\"inLanguage\":\"es\",\"@id\":\"https:\\\/\\\/secure.gravatar.com\\\/avatar\\\/bc157e994689bd6da9645c00aa3bc4d55b727915b6652642660db0aef086585f?s=96&d=mm&r=g\",\"url\":\"https:\\\/\\\/secure.gravatar.com\\\/avatar\\\/bc157e994689bd6da9645c00aa3bc4d55b727915b6652642660db0aef086585f?s=96&d=mm&r=g\",\"contentUrl\":\"https:\\\/\\\/secure.gravatar.com\\\/avatar\\\/bc157e994689bd6da9645c00aa3bc4d55b727915b6652642660db0aef086585f?s=96&d=mm&r=g\",\"caption\":\"Administrador Web\"}}]}<\/script>\n<!-- \/ Yoast SEO plugin. -->","yoast_head_json":{"title":"La Ciencia se divulga en Alcal\u00e1 - Colegio Salesiano Alcal\u00e1","robots":{"index":"index","follow":"follow","max-snippet":"max-snippet:-1","max-image-preview":"max-image-preview:large","max-video-preview":"max-video-preview:-1"},"canonical":"https:\/\/alcala.salesianos.edu\/colegio\/blog\/2018\/05\/18\/la-ciencia-se-divulga-en-alcala\/","og_locale":"es_ES","og_type":"article","og_title":"La Ciencia se divulga en Alcal\u00e1 - Colegio Salesiano Alcal\u00e1","og_description":"Los d\u00edas 9 y 10 de mayo fueron especiales en Alcal\u00e1 de Guada\u00edra. Nuestro Colegio organiz\u00f3, en colaboraci\u00f3n con el Ayuntamiento de la ciudad, las Jornadas EduCIENCIA, destinadas a divulgar la ciencia de una forma diferente, amena y cercana. Esta primera edici\u00f3n cont\u00f3 con dos ponentes de reconocido prestigio en el \u00e1mbito de la [&hellip;]","og_url":"https:\/\/alcala.salesianos.edu\/colegio\/blog\/2018\/05\/18\/la-ciencia-se-divulga-en-alcala\/","og_site_name":"Colegio Salesiano Alcal\u00e1","article_published_time":"2018-05-18T10:01:31+00:00","article_modified_time":"2025-08-27T08:01:40+00:00","og_image":[{"url":"https:\/\/alcala.salesianos.edu\/wp-content\/uploads\/2018\/05\/IMG-20180509-WA0052-225x300.jpg","type":"","width":"","height":""}],"author":"Administrador Web","twitter_card":"summary_large_image","twitter_misc":{"Escrito por":"Administrador Web","Tiempo de lectura":"3 minutos"},"schema":{"@context":"https:\/\/schema.org","@graph":[{"@type":"Article","@id":"https:\/\/alcala.salesianos.edu\/colegio\/blog\/2018\/05\/18\/la-ciencia-se-divulga-en-alcala\/#article","isPartOf":{"@id":"https:\/\/alcala.salesianos.edu\/colegio\/blog\/2018\/05\/18\/la-ciencia-se-divulga-en-alcala\/"},"author":{"name":"Administrador Web","@id":"https:\/\/alcala.salesianos.edu\/colegio\/#\/schema\/person\/afcc24f776dc91fc2bf9afb0998fca77"},"headline":"La Ciencia se divulga en Alcal\u00e1","datePublished":"2018-05-18T10:01:31+00:00","dateModified":"2025-08-27T08:01:40+00:00","mainEntityOfPage":{"@id":"https:\/\/alcala.salesianos.edu\/colegio\/blog\/2018\/05\/18\/la-ciencia-se-divulga-en-alcala\/"},"wordCount":623,"image":{"@id":"https:\/\/alcala.salesianos.edu\/colegio\/blog\/2018\/05\/18\/la-ciencia-se-divulga-en-alcala\/#primaryimage"},"thumbnailUrl":"https:\/\/alcala.salesianos.edu\/wp-content\/uploads\/2018\/05\/IMG-20180509-WA0052-225x300.jpg","articleSection":["Colegio","Escuela abierta","FASA","Infantil","Pastoral","Portada","Primaria","Secundaria","Uncategorized"],"inLanguage":"es"},{"@type":"WebPage","@id":"https:\/\/alcala.salesianos.edu\/colegio\/blog\/2018\/05\/18\/la-ciencia-se-divulga-en-alcala\/","url":"https:\/\/alcala.salesianos.edu\/colegio\/blog\/2018\/05\/18\/la-ciencia-se-divulga-en-alcala\/","name":"La Ciencia se divulga en Alcal\u00e1 - Colegio Salesiano Alcal\u00e1","isPartOf":{"@id":"https:\/\/alcala.salesianos.edu\/colegio\/#website"},"primaryImageOfPage":{"@id":"https:\/\/alcala.salesianos.edu\/colegio\/blog\/2018\/05\/18\/la-ciencia-se-divulga-en-alcala\/#primaryimage"},"image":{"@id":"https:\/\/alcala.salesianos.edu\/colegio\/blog\/2018\/05\/18\/la-ciencia-se-divulga-en-alcala\/#primaryimage"},"thumbnailUrl":"https:\/\/alcala.salesianos.edu\/wp-content\/uploads\/2018\/05\/IMG-20180509-WA0052-225x300.jpg","datePublished":"2018-05-18T10:01:31+00:00","dateModified":"2025-08-27T08:01:40+00:00","author":{"@id":"https:\/\/alcala.salesianos.edu\/colegio\/#\/schema\/person\/afcc24f776dc91fc2bf9afb0998fca77"},"breadcrumb":{"@id":"https:\/\/alcala.salesianos.edu\/colegio\/blog\/2018\/05\/18\/la-ciencia-se-divulga-en-alcala\/#breadcrumb"},"inLanguage":"es","potentialAction":[{"@type":"ReadAction","target":["https:\/\/alcala.salesianos.edu\/colegio\/blog\/2018\/05\/18\/la-ciencia-se-divulga-en-alcala\/"]}]},{"@type":"ImageObject","inLanguage":"es","@id":"https:\/\/alcala.salesianos.edu\/colegio\/blog\/2018\/05\/18\/la-ciencia-se-divulga-en-alcala\/#primaryimage","url":"https:\/\/alcala.salesianos.edu\/wp-content\/uploads\/2018\/05\/IMG-20180509-WA0052-225x300.jpg","contentUrl":"https:\/\/alcala.salesianos.edu\/wp-content\/uploads\/2018\/05\/IMG-20180509-WA0052-225x300.jpg"},{"@type":"BreadcrumbList","@id":"https:\/\/alcala.salesianos.edu\/colegio\/blog\/2018\/05\/18\/la-ciencia-se-divulga-en-alcala\/#breadcrumb","itemListElement":[{"@type":"ListItem","position":1,"name":"Portada","item":"https:\/\/alcala.salesianos.edu\/colegio\/"},{"@type":"ListItem","position":2,"name":"La Ciencia se divulga en Alcal\u00e1"}]},{"@type":"WebSite","@id":"https:\/\/alcala.salesianos.edu\/colegio\/#website","url":"https:\/\/alcala.salesianos.edu\/colegio\/","name":"Colegio Salesiano Alcal\u00e1","description":"P\u00e1gina oficial de Salesianos Alcal\u00e1 de Guadaira","potentialAction":[{"@type":"SearchAction","target":{"@type":"EntryPoint","urlTemplate":"https:\/\/alcala.salesianos.edu\/colegio\/?s={search_term_string}"},"query-input":{"@type":"PropertyValueSpecification","valueRequired":true,"valueName":"search_term_string"}}],"inLanguage":"es"},{"@type":"Person","@id":"https:\/\/alcala.salesianos.edu\/colegio\/#\/schema\/person\/afcc24f776dc91fc2bf9afb0998fca77","name":"Administrador Web","image":{"@type":"ImageObject","inLanguage":"es","@id":"https:\/\/secure.gravatar.com\/avatar\/bc157e994689bd6da9645c00aa3bc4d55b727915b6652642660db0aef086585f?s=96&d=mm&r=g","url":"https:\/\/secure.gravatar.com\/avatar\/bc157e994689bd6da9645c00aa3bc4d55b727915b6652642660db0aef086585f?s=96&d=mm&r=g","contentUrl":"https:\/\/secure.gravatar.com\/avatar\/bc157e994689bd6da9645c00aa3bc4d55b727915b6652642660db0aef086585f?s=96&d=mm&r=g","caption":"Administrador Web"}}]}},"_links":{"self":[{"href":"https:\/\/alcala.salesianos.edu\/colegio\/wp-json\/wp\/v2\/posts\/9994","targetHints":{"allow":["GET"]}}],"collection":[{"href":"https:\/\/alcala.salesianos.edu\/colegio\/wp-json\/wp\/v2\/posts"}],"about":[{"href":"https:\/\/alcala.salesianos.edu\/colegio\/wp-json\/wp\/v2\/types\/post"}],"author":[{"embeddable":true,"href":"https:\/\/alcala.salesianos.edu\/colegio\/wp-json\/wp\/v2\/users\/2"}],"replies":[{"embeddable":true,"href":"https:\/\/alcala.salesianos.edu\/colegio\/wp-json\/wp\/v2\/comments?post=9994"}],"version-history":[{"count":6,"href":"https:\/\/alcala.salesianos.edu\/colegio\/wp-json\/wp\/v2\/posts\/9994\/revisions"}],"predecessor-version":[{"id":16525,"href":"https:\/\/alcala.salesianos.edu\/colegio\/wp-json\/wp\/v2\/posts\/9994\/revisions\/16525"}],"wp:attachment":[{"href":"https:\/\/alcala.salesianos.edu\/colegio\/wp-json\/wp\/v2\/media?parent=9994"}],"wp:term":[{"taxonomy":"category","embeddable":true,"href":"https:\/\/alcala.salesianos.edu\/colegio\/wp-json\/wp\/v2\/categories?post=9994"},{"taxonomy":"post_tag","embeddable":true,"href":"https:\/\/alcala.salesianos.edu\/colegio\/wp-json\/wp\/v2\/tags?post=9994"}],"curies":[{"name":"wp","href":"https:\/\/api.w.org\/{rel}","templated":true}]}}