{"id":9989,"date":"2018-05-16T09:32:51","date_gmt":"2018-05-16T08:32:51","guid":{"rendered":"https:\/\/alcala.salesianos.edu\/colegio\/blog\/2018\/05\/16\/alumnos-de-secundaria-asisten-a-la-obra-luces-de-bohemia\/"},"modified":"2025-08-27T09:01:40","modified_gmt":"2025-08-27T08:01:40","slug":"alumnos-de-secundaria-asisten-a-la-obra-luces-de-bohemia","status":"publish","type":"post","link":"https:\/\/alcala.salesianos.edu\/colegio\/blog\/2018\/05\/16\/alumnos-de-secundaria-asisten-a-la-obra-luces-de-bohemia\/","title":{"rendered":"Alumnos de secundaria asisten a la obra Luces de bohemia"},"content":{"rendered":"<div id=\"fb-root\"><\/div>\n<p>[et_pb_section bb_built=\u00bb1&#8243;][et_pb_row][et_pb_column type=\u00bb4_4&#8243;][et_pb_text _builder_version=\u00bb3.0.105&#8243; background_layout=\u00bblight\u00bb]<\/p>\n<p><img loading=\"lazy\" decoding=\"async\" class=\"size-medium wp-image-5321 alignleft\" src=\"https:\/\/alcala.salesianos.edu\/wp-content\/uploads\/2018\/05\/20180511_210338-300x300.jpg\" alt=\"\" width=\"300\" height=\"300\" \/><\/p>\n<p>El pasado viernes 11 de mayo los alumnos de 3\u00b0 y 4\u00b0 de ESO disfrutaron en el Auditorio Riberas del Guada\u00edra de una obra de teatro clave en la literatura espa\u00f1ola del siglo XX, Luces de bohemia, de Ram\u00f3n Mar\u00eda Valle Incl\u00e1n.<\/p>\n<p>&nbsp;<\/p>\n<p>&nbsp;<\/p>\n<div id=\":my\" class=\"ii gt \">\n<div id=\":mx\" class=\"a3s aXjCH m163509a589a77c4b\">\n<div class=\"yj6qo\"><\/div>\n<div class=\"adL\"><\/div>\n<\/div>\n<\/div>\n<div id=\":o3\" class=\"hq gt\"><\/div>\n<p>[\/et_pb_text][\/et_pb_column][\/et_pb_row][\/et_pb_section]<\/p>\n","protected":false},"excerpt":{"rendered":"<p><div class=\"et_pb_row et_pb_row_0 et_pb_row_empty\">\n\t\t\t\t\n\t\t\t\t\n\t\t\t\t\n\t\t\t\t\n\t\t\t\t\n\t\t\t<\/div> El pasado viernes 11 de mayo los alumnos de 3\u00b0 y 4\u00b0 de ESO disfrutaron en el Auditorio Riberas del Guada\u00edra de una obra de teatro clave en la literatura espa\u00f1ola del siglo XX, Luces de bohemia, de Ram\u00f3n Mar\u00eda Valle Incl\u00e1n. &nbsp; &nbsp;<\/p>\n","protected":false},"author":2,"featured_media":0,"comment_status":"closed","ping_status":"open","sticky":false,"template":"","format":"standard","meta":{"_et_pb_use_builder":"on","_et_pb_old_content":"","_et_gb_content_width":"","footnotes":""},"categories":[12,19,13,17,14,15,18,16,1],"tags":[],"class_list":["post-9989","post","type-post","status-publish","format-standard","hentry","category-colegio","category-escuela-abierta","category-fasa","category-infantil","category-pastoral","category-portada","category-primaria","category-secundaria","category-uncategorized"],"yoast_head":"<!-- This site is optimized with the Yoast SEO plugin v28.4 - https:\/\/yoast.com\/product\/yoast-seo-wordpress\/ -->\n<title>Alumnos de secundaria asisten a la obra Luces de bohemia - Colegio Salesiano Alcal\u00e1<\/title>\n<meta name=\"robots\" content=\"index, follow, max-snippet:-1, max-image-preview:large, max-video-preview:-1\" \/>\n<link rel=\"canonical\" href=\"https:\/\/alcala.salesianos.edu\/colegio\/blog\/2018\/05\/16\/alumnos-de-secundaria-asisten-a-la-obra-luces-de-bohemia\/\" \/>\n<meta property=\"og:locale\" content=\"es_ES\" \/>\n<meta property=\"og:type\" content=\"article\" \/>\n<meta property=\"og:title\" content=\"Alumnos de secundaria asisten a la obra Luces de bohemia - Colegio Salesiano Alcal\u00e1\" \/>\n<meta property=\"og:description\" content=\"El pasado viernes 11 de mayo los alumnos de 3\u00b0 y 4\u00b0 de ESO disfrutaron en el Auditorio Riberas del Guada\u00edra de una obra de teatro clave en la literatura espa\u00f1ola del siglo XX, Luces de bohemia, de Ram\u00f3n Mar\u00eda Valle Incl\u00e1n. &nbsp; &nbsp;\" \/>\n<meta property=\"og:url\" content=\"https:\/\/alcala.salesianos.edu\/colegio\/blog\/2018\/05\/16\/alumnos-de-secundaria-asisten-a-la-obra-luces-de-bohemia\/\" \/>\n<meta property=\"og:site_name\" content=\"Colegio Salesiano Alcal\u00e1\" \/>\n<meta property=\"article:published_time\" content=\"2018-05-16T08:32:51+00:00\" \/>\n<meta property=\"article:modified_time\" content=\"2025-08-27T08:01:40+00:00\" \/>\n<meta name=\"author\" content=\"Administrador Web\" \/>\n<meta name=\"twitter:card\" content=\"summary_large_image\" \/>\n<meta name=\"twitter:label1\" content=\"Escrito por\" \/>\n\t<meta name=\"twitter:data1\" content=\"Administrador Web\" \/>\n<script type=\"application\/ld+json\" class=\"yoast-schema-graph\">{\"@context\":\"https:\\\/\\\/schema.org\",\"@graph\":[{\"@type\":\"Article\",\"@id\":\"https:\\\/\\\/alcala.salesianos.edu\\\/colegio\\\/blog\\\/2018\\\/05\\\/16\\\/alumnos-de-secundaria-asisten-a-la-obra-luces-de-bohemia\\\/#article\",\"isPartOf\":{\"@id\":\"https:\\\/\\\/alcala.salesianos.edu\\\/colegio\\\/blog\\\/2018\\\/05\\\/16\\\/alumnos-de-secundaria-asisten-a-la-obra-luces-de-bohemia\\\/\"},\"author\":{\"name\":\"Administrador Web\",\"@id\":\"https:\\\/\\\/alcala.salesianos.edu\\\/colegio\\\/#\\\/schema\\\/person\\\/afcc24f776dc91fc2bf9afb0998fca77\"},\"headline\":\"Alumnos de secundaria asisten a la obra Luces de bohemia\",\"datePublished\":\"2018-05-16T08:32:51+00:00\",\"dateModified\":\"2025-08-27T08:01:40+00:00\",\"mainEntityOfPage\":{\"@id\":\"https:\\\/\\\/alcala.salesianos.edu\\\/colegio\\\/blog\\\/2018\\\/05\\\/16\\\/alumnos-de-secundaria-asisten-a-la-obra-luces-de-bohemia\\\/\"},\"wordCount\":88,\"image\":{\"@id\":\"https:\\\/\\\/alcala.salesianos.edu\\\/colegio\\\/blog\\\/2018\\\/05\\\/16\\\/alumnos-de-secundaria-asisten-a-la-obra-luces-de-bohemia\\\/#primaryimage\"},\"thumbnailUrl\":\"https:\\\/\\\/alcala.salesianos.edu\\\/wp-content\\\/uploads\\\/2018\\\/05\\\/20180511_210338-300x300.jpg\",\"articleSection\":[\"Colegio\",\"Escuela abierta\",\"FASA\",\"Infantil\",\"Pastoral\",\"Portada\",\"Primaria\",\"Secundaria\",\"Uncategorized\"],\"inLanguage\":\"es\"},{\"@type\":\"WebPage\",\"@id\":\"https:\\\/\\\/alcala.salesianos.edu\\\/colegio\\\/blog\\\/2018\\\/05\\\/16\\\/alumnos-de-secundaria-asisten-a-la-obra-luces-de-bohemia\\\/\",\"url\":\"https:\\\/\\\/alcala.salesianos.edu\\\/colegio\\\/blog\\\/2018\\\/05\\\/16\\\/alumnos-de-secundaria-asisten-a-la-obra-luces-de-bohemia\\\/\",\"name\":\"Alumnos de secundaria asisten a la obra Luces de bohemia - Colegio Salesiano Alcal\u00e1\",\"isPartOf\":{\"@id\":\"https:\\\/\\\/alcala.salesianos.edu\\\/colegio\\\/#website\"},\"primaryImageOfPage\":{\"@id\":\"https:\\\/\\\/alcala.salesianos.edu\\\/colegio\\\/blog\\\/2018\\\/05\\\/16\\\/alumnos-de-secundaria-asisten-a-la-obra-luces-de-bohemia\\\/#primaryimage\"},\"image\":{\"@id\":\"https:\\\/\\\/alcala.salesianos.edu\\\/colegio\\\/blog\\\/2018\\\/05\\\/16\\\/alumnos-de-secundaria-asisten-a-la-obra-luces-de-bohemia\\\/#primaryimage\"},\"thumbnailUrl\":\"https:\\\/\\\/alcala.salesianos.edu\\\/wp-content\\\/uploads\\\/2018\\\/05\\\/20180511_210338-300x300.jpg\",\"datePublished\":\"2018-05-16T08:32:51+00:00\",\"dateModified\":\"2025-08-27T08:01:40+00:00\",\"author\":{\"@id\":\"https:\\\/\\\/alcala.salesianos.edu\\\/colegio\\\/#\\\/schema\\\/person\\\/afcc24f776dc91fc2bf9afb0998fca77\"},\"breadcrumb\":{\"@id\":\"https:\\\/\\\/alcala.salesianos.edu\\\/colegio\\\/blog\\\/2018\\\/05\\\/16\\\/alumnos-de-secundaria-asisten-a-la-obra-luces-de-bohemia\\\/#breadcrumb\"},\"inLanguage\":\"es\",\"potentialAction\":[{\"@type\":\"ReadAction\",\"target\":[\"https:\\\/\\\/alcala.salesianos.edu\\\/colegio\\\/blog\\\/2018\\\/05\\\/16\\\/alumnos-de-secundaria-asisten-a-la-obra-luces-de-bohemia\\\/\"]}]},{\"@type\":\"ImageObject\",\"inLanguage\":\"es\",\"@id\":\"https:\\\/\\\/alcala.salesianos.edu\\\/colegio\\\/blog\\\/2018\\\/05\\\/16\\\/alumnos-de-secundaria-asisten-a-la-obra-luces-de-bohemia\\\/#primaryimage\",\"url\":\"https:\\\/\\\/alcala.salesianos.edu\\\/wp-content\\\/uploads\\\/2018\\\/05\\\/20180511_210338-300x300.jpg\",\"contentUrl\":\"https:\\\/\\\/alcala.salesianos.edu\\\/wp-content\\\/uploads\\\/2018\\\/05\\\/20180511_210338-300x300.jpg\"},{\"@type\":\"BreadcrumbList\",\"@id\":\"https:\\\/\\\/alcala.salesianos.edu\\\/colegio\\\/blog\\\/2018\\\/05\\\/16\\\/alumnos-de-secundaria-asisten-a-la-obra-luces-de-bohemia\\\/#breadcrumb\",\"itemListElement\":[{\"@type\":\"ListItem\",\"position\":1,\"name\":\"Portada\",\"item\":\"https:\\\/\\\/alcala.salesianos.edu\\\/colegio\\\/\"},{\"@type\":\"ListItem\",\"position\":2,\"name\":\"Alumnos de secundaria asisten a la obra Luces de bohemia\"}]},{\"@type\":\"WebSite\",\"@id\":\"https:\\\/\\\/alcala.salesianos.edu\\\/colegio\\\/#website\",\"url\":\"https:\\\/\\\/alcala.salesianos.edu\\\/colegio\\\/\",\"name\":\"Colegio Salesiano Alcal\u00e1\",\"description\":\"P\u00e1gina oficial de Salesianos Alcal\u00e1 de Guadaira\",\"potentialAction\":[{\"@type\":\"SearchAction\",\"target\":{\"@type\":\"EntryPoint\",\"urlTemplate\":\"https:\\\/\\\/alcala.salesianos.edu\\\/colegio\\\/?s={search_term_string}\"},\"query-input\":{\"@type\":\"PropertyValueSpecification\",\"valueRequired\":true,\"valueName\":\"search_term_string\"}}],\"inLanguage\":\"es\"},{\"@type\":\"Person\",\"@id\":\"https:\\\/\\\/alcala.salesianos.edu\\\/colegio\\\/#\\\/schema\\\/person\\\/afcc24f776dc91fc2bf9afb0998fca77\",\"name\":\"Administrador Web\",\"image\":{\"@type\":\"ImageObject\",\"inLanguage\":\"es\",\"@id\":\"https:\\\/\\\/secure.gravatar.com\\\/avatar\\\/bc157e994689bd6da9645c00aa3bc4d55b727915b6652642660db0aef086585f?s=96&d=mm&r=g\",\"url\":\"https:\\\/\\\/secure.gravatar.com\\\/avatar\\\/bc157e994689bd6da9645c00aa3bc4d55b727915b6652642660db0aef086585f?s=96&d=mm&r=g\",\"contentUrl\":\"https:\\\/\\\/secure.gravatar.com\\\/avatar\\\/bc157e994689bd6da9645c00aa3bc4d55b727915b6652642660db0aef086585f?s=96&d=mm&r=g\",\"caption\":\"Administrador Web\"}}]}<\/script>\n<!-- \/ Yoast SEO plugin. -->","yoast_head_json":{"title":"Alumnos de secundaria asisten a la obra Luces de bohemia - Colegio Salesiano Alcal\u00e1","robots":{"index":"index","follow":"follow","max-snippet":"max-snippet:-1","max-image-preview":"max-image-preview:large","max-video-preview":"max-video-preview:-1"},"canonical":"https:\/\/alcala.salesianos.edu\/colegio\/blog\/2018\/05\/16\/alumnos-de-secundaria-asisten-a-la-obra-luces-de-bohemia\/","og_locale":"es_ES","og_type":"article","og_title":"Alumnos de secundaria asisten a la obra Luces de bohemia - Colegio Salesiano Alcal\u00e1","og_description":"El pasado viernes 11 de mayo los alumnos de 3\u00b0 y 4\u00b0 de ESO disfrutaron en el Auditorio Riberas del Guada\u00edra de una obra de teatro clave en la literatura espa\u00f1ola del siglo XX, Luces de bohemia, de Ram\u00f3n Mar\u00eda Valle Incl\u00e1n. &nbsp; &nbsp;","og_url":"https:\/\/alcala.salesianos.edu\/colegio\/blog\/2018\/05\/16\/alumnos-de-secundaria-asisten-a-la-obra-luces-de-bohemia\/","og_site_name":"Colegio Salesiano Alcal\u00e1","article_published_time":"2018-05-16T08:32:51+00:00","article_modified_time":"2025-08-27T08:01:40+00:00","author":"Administrador Web","twitter_card":"summary_large_image","twitter_misc":{"Escrito por":"Administrador Web"},"schema":{"@context":"https:\/\/schema.org","@graph":[{"@type":"Article","@id":"https:\/\/alcala.salesianos.edu\/colegio\/blog\/2018\/05\/16\/alumnos-de-secundaria-asisten-a-la-obra-luces-de-bohemia\/#article","isPartOf":{"@id":"https:\/\/alcala.salesianos.edu\/colegio\/blog\/2018\/05\/16\/alumnos-de-secundaria-asisten-a-la-obra-luces-de-bohemia\/"},"author":{"name":"Administrador Web","@id":"https:\/\/alcala.salesianos.edu\/colegio\/#\/schema\/person\/afcc24f776dc91fc2bf9afb0998fca77"},"headline":"Alumnos de secundaria asisten a la obra Luces de bohemia","datePublished":"2018-05-16T08:32:51+00:00","dateModified":"2025-08-27T08:01:40+00:00","mainEntityOfPage":{"@id":"https:\/\/alcala.salesianos.edu\/colegio\/blog\/2018\/05\/16\/alumnos-de-secundaria-asisten-a-la-obra-luces-de-bohemia\/"},"wordCount":88,"image":{"@id":"https:\/\/alcala.salesianos.edu\/colegio\/blog\/2018\/05\/16\/alumnos-de-secundaria-asisten-a-la-obra-luces-de-bohemia\/#primaryimage"},"thumbnailUrl":"https:\/\/alcala.salesianos.edu\/wp-content\/uploads\/2018\/05\/20180511_210338-300x300.jpg","articleSection":["Colegio","Escuela abierta","FASA","Infantil","Pastoral","Portada","Primaria","Secundaria","Uncategorized"],"inLanguage":"es"},{"@type":"WebPage","@id":"https:\/\/alcala.salesianos.edu\/colegio\/blog\/2018\/05\/16\/alumnos-de-secundaria-asisten-a-la-obra-luces-de-bohemia\/","url":"https:\/\/alcala.salesianos.edu\/colegio\/blog\/2018\/05\/16\/alumnos-de-secundaria-asisten-a-la-obra-luces-de-bohemia\/","name":"Alumnos de secundaria asisten a la obra Luces de bohemia - Colegio Salesiano Alcal\u00e1","isPartOf":{"@id":"https:\/\/alcala.salesianos.edu\/colegio\/#website"},"primaryImageOfPage":{"@id":"https:\/\/alcala.salesianos.edu\/colegio\/blog\/2018\/05\/16\/alumnos-de-secundaria-asisten-a-la-obra-luces-de-bohemia\/#primaryimage"},"image":{"@id":"https:\/\/alcala.salesianos.edu\/colegio\/blog\/2018\/05\/16\/alumnos-de-secundaria-asisten-a-la-obra-luces-de-bohemia\/#primaryimage"},"thumbnailUrl":"https:\/\/alcala.salesianos.edu\/wp-content\/uploads\/2018\/05\/20180511_210338-300x300.jpg","datePublished":"2018-05-16T08:32:51+00:00","dateModified":"2025-08-27T08:01:40+00:00","author":{"@id":"https:\/\/alcala.salesianos.edu\/colegio\/#\/schema\/person\/afcc24f776dc91fc2bf9afb0998fca77"},"breadcrumb":{"@id":"https:\/\/alcala.salesianos.edu\/colegio\/blog\/2018\/05\/16\/alumnos-de-secundaria-asisten-a-la-obra-luces-de-bohemia\/#breadcrumb"},"inLanguage":"es","potentialAction":[{"@type":"ReadAction","target":["https:\/\/alcala.salesianos.edu\/colegio\/blog\/2018\/05\/16\/alumnos-de-secundaria-asisten-a-la-obra-luces-de-bohemia\/"]}]},{"@type":"ImageObject","inLanguage":"es","@id":"https:\/\/alcala.salesianos.edu\/colegio\/blog\/2018\/05\/16\/alumnos-de-secundaria-asisten-a-la-obra-luces-de-bohemia\/#primaryimage","url":"https:\/\/alcala.salesianos.edu\/wp-content\/uploads\/2018\/05\/20180511_210338-300x300.jpg","contentUrl":"https:\/\/alcala.salesianos.edu\/wp-content\/uploads\/2018\/05\/20180511_210338-300x300.jpg"},{"@type":"BreadcrumbList","@id":"https:\/\/alcala.salesianos.edu\/colegio\/blog\/2018\/05\/16\/alumnos-de-secundaria-asisten-a-la-obra-luces-de-bohemia\/#breadcrumb","itemListElement":[{"@type":"ListItem","position":1,"name":"Portada","item":"https:\/\/alcala.salesianos.edu\/colegio\/"},{"@type":"ListItem","position":2,"name":"Alumnos de secundaria asisten a la obra Luces de bohemia"}]},{"@type":"WebSite","@id":"https:\/\/alcala.salesianos.edu\/colegio\/#website","url":"https:\/\/alcala.salesianos.edu\/colegio\/","name":"Colegio Salesiano Alcal\u00e1","description":"P\u00e1gina oficial de Salesianos Alcal\u00e1 de Guadaira","potentialAction":[{"@type":"SearchAction","target":{"@type":"EntryPoint","urlTemplate":"https:\/\/alcala.salesianos.edu\/colegio\/?s={search_term_string}"},"query-input":{"@type":"PropertyValueSpecification","valueRequired":true,"valueName":"search_term_string"}}],"inLanguage":"es"},{"@type":"Person","@id":"https:\/\/alcala.salesianos.edu\/colegio\/#\/schema\/person\/afcc24f776dc91fc2bf9afb0998fca77","name":"Administrador Web","image":{"@type":"ImageObject","inLanguage":"es","@id":"https:\/\/secure.gravatar.com\/avatar\/bc157e994689bd6da9645c00aa3bc4d55b727915b6652642660db0aef086585f?s=96&d=mm&r=g","url":"https:\/\/secure.gravatar.com\/avatar\/bc157e994689bd6da9645c00aa3bc4d55b727915b6652642660db0aef086585f?s=96&d=mm&r=g","contentUrl":"https:\/\/secure.gravatar.com\/avatar\/bc157e994689bd6da9645c00aa3bc4d55b727915b6652642660db0aef086585f?s=96&d=mm&r=g","caption":"Administrador Web"}}]}},"_links":{"self":[{"href":"https:\/\/alcala.salesianos.edu\/colegio\/wp-json\/wp\/v2\/posts\/9989","targetHints":{"allow":["GET"]}}],"collection":[{"href":"https:\/\/alcala.salesianos.edu\/colegio\/wp-json\/wp\/v2\/posts"}],"about":[{"href":"https:\/\/alcala.salesianos.edu\/colegio\/wp-json\/wp\/v2\/types\/post"}],"author":[{"embeddable":true,"href":"https:\/\/alcala.salesianos.edu\/colegio\/wp-json\/wp\/v2\/users\/2"}],"replies":[{"embeddable":true,"href":"https:\/\/alcala.salesianos.edu\/colegio\/wp-json\/wp\/v2\/comments?post=9989"}],"version-history":[{"count":4,"href":"https:\/\/alcala.salesianos.edu\/colegio\/wp-json\/wp\/v2\/posts\/9989\/revisions"}],"predecessor-version":[{"id":16526,"href":"https:\/\/alcala.salesianos.edu\/colegio\/wp-json\/wp\/v2\/posts\/9989\/revisions\/16526"}],"wp:attachment":[{"href":"https:\/\/alcala.salesianos.edu\/colegio\/wp-json\/wp\/v2\/media?parent=9989"}],"wp:term":[{"taxonomy":"category","embeddable":true,"href":"https:\/\/alcala.salesianos.edu\/colegio\/wp-json\/wp\/v2\/categories?post=9989"},{"taxonomy":"post_tag","embeddable":true,"href":"https:\/\/alcala.salesianos.edu\/colegio\/wp-json\/wp\/v2\/tags?post=9989"}],"curies":[{"name":"wp","href":"https:\/\/api.w.org\/{rel}","templated":true}]}}