{"id":9984,"date":"2018-05-16T07:13:07","date_gmt":"2018-05-16T06:13:07","guid":{"rendered":"https:\/\/alcala.salesianos.edu\/colegio\/blog\/2018\/05\/16\/comenzo-la-novena-a-maria-auxiliadora\/"},"modified":"2025-08-27T09:01:40","modified_gmt":"2025-08-27T08:01:40","slug":"comenzo-la-novena-a-maria-auxiliadora","status":"publish","type":"post","link":"https:\/\/alcala.salesianos.edu\/colegio\/blog\/2018\/05\/16\/comenzo-la-novena-a-maria-auxiliadora\/","title":{"rendered":"Comenz\u00f3 la novena a Mar\u00eda Auxiliadora"},"content":{"rendered":"<div id=\"fb-root\"><\/div>\n<p>[et_pb_section bb_built=\u00bb1&#8243;][et_pb_row][et_pb_column type=\u00bb4_4&#8243;][et_pb_text _builder_version=\u00bb3.0.105&#8243; background_layout=\u00bblight\u00bb]<\/p>\n<p><img loading=\"lazy\" decoding=\"async\" class=\"size-medium wp-image-9985 alignright\" src=\"https:\/\/alcala.salesianos.edu\/colegio\/wp-content\/uploads\/sites\/2\/2025\/08\/IMG_0474-225x300.jpg\" alt=\"\" width=\"225\" height=\"300\" \/>En el d\u00eda de ayer, quince de mayo, comenz\u00f3 \u00a0la Novena en honor a Mar\u00eda Auxiliadora Coronada. Son ya m\u00e1s de cien a\u00f1os de devoci\u00f3n a la madre de los j\u00f3venes que Don Bosco nos present\u00f3 en el sue\u00f1o de los nueve a\u00f1os.<\/p>\n<p>&nbsp;<\/p>\n<p>Todos los grupos de la Casa animaran la novena y la predicaci\u00f3n estar\u00e1 a cargo de tres sacerdotes salesianos. El primer triduo lo predicar\u00e1 Don Alfonso Conejo Redondo sdb y tratar\u00e1 La devoci\u00f3n a Mar\u00eda Auxiliadora, Jes\u00fas nos ense\u00f1a a Mar\u00eda y Mar\u00eda nos ense\u00f1a a Jes\u00fas.<\/p>\n<p>&nbsp;<\/p>\n<p>Mar\u00eda nos ense\u00f1a a ser m\u00e1s humanos, es la dedicaci\u00f3n del segundo triduo predicado por Don Pedro Yedra Contreras sdb. Nos har\u00e1 ver como Mar\u00eda es la Se\u00f1ora de la Buena Caligraf\u00eda, en el segundo d\u00eda nos presentar\u00e1 a Mar\u00eda, Nuestra Se\u00f1ora de la Wifi y el domingo 20 de mayo nos mostrar\u00e1 a Nuestra Se\u00f1ora de Pentecost\u00e9s.<\/p>\n<p>&nbsp;<\/p>\n<p>Para el tercer y \u00faltimo triduo de la novena de Mar\u00eda Auxiliadora Don Francisco Alegr\u00eda Mellado sdb, nos har\u00e1 ver c\u00f3mo Mar\u00eda, nos ense\u00f1a a Vivir en el Esp\u00edritu como mujer de fe, servicial y abierta a todos.<\/p>\n<p>&nbsp;<\/p>\n<p>La presentaci\u00f3n de los ni\u00f1os nacidos recientemente a Mar\u00eda Auxiliadora ser\u00e1 el domingo d\u00eda 20 de mayo y la presentaci\u00f3n de los nuevos asociados a A.D.M.A. ser\u00e1 el 23 de mayo en el transcurso de la novena. Rogamos avisen en la mesa de recuerdos las personas que est\u00e9n interesadas en participar en alguno de esos momentos.<\/p>\n<p>&nbsp;<\/p>\n<p>Por \u00faltimo, el martes 22 de mayo, ser\u00e1 el Rosario Vespertino por las calles de Alcal\u00e1 tras el ejercicio de novena, cambiando el orden normativo del ejercicio de la novena.<\/p>\n<p>[\/et_pb_text][\/et_pb_column][\/et_pb_row][\/et_pb_section]<\/p>\n","protected":false},"excerpt":{"rendered":"<p><div class=\"et_pb_row et_pb_row_0 et_pb_row_empty\">\n\t\t\t\t\n\t\t\t\t\n\t\t\t\t\n\t\t\t\t\n\t\t\t\t\n\t\t\t<\/div> En el d\u00eda de ayer, quince de mayo, comenz\u00f3 \u00a0la Novena en honor a Mar\u00eda Auxiliadora Coronada. Son ya m\u00e1s de cien a\u00f1os de devoci\u00f3n a la madre de los j\u00f3venes que Don Bosco nos present\u00f3 en el sue\u00f1o de los nueve a\u00f1os. &nbsp; Todos los grupos de la Casa animaran la novena y [&hellip;]<\/p>\n","protected":false},"author":2,"featured_media":9985,"comment_status":"closed","ping_status":"open","sticky":false,"template":"","format":"standard","meta":{"_et_pb_use_builder":"on","_et_pb_old_content":"","_et_gb_content_width":"","footnotes":""},"categories":[12,19,13,17,14,15,18,16,1],"tags":[],"class_list":["post-9984","post","type-post","status-publish","format-standard","has-post-thumbnail","hentry","category-colegio","category-escuela-abierta","category-fasa","category-infantil","category-pastoral","category-portada","category-primaria","category-secundaria","category-uncategorized"],"yoast_head":"<!-- This site is optimized with the Yoast SEO plugin v28.4 - https:\/\/yoast.com\/product\/yoast-seo-wordpress\/ -->\n<title>Comenz\u00f3 la novena a Mar\u00eda Auxiliadora - Colegio Salesiano Alcal\u00e1<\/title>\n<meta name=\"robots\" content=\"index, follow, max-snippet:-1, max-image-preview:large, max-video-preview:-1\" \/>\n<link rel=\"canonical\" href=\"https:\/\/alcala.salesianos.edu\/colegio\/blog\/2018\/05\/16\/comenzo-la-novena-a-maria-auxiliadora\/\" \/>\n<meta property=\"og:locale\" content=\"es_ES\" \/>\n<meta property=\"og:type\" content=\"article\" \/>\n<meta property=\"og:title\" content=\"Comenz\u00f3 la novena a Mar\u00eda Auxiliadora - Colegio Salesiano Alcal\u00e1\" \/>\n<meta property=\"og:description\" content=\"En el d\u00eda de ayer, quince de mayo, comenz\u00f3 \u00a0la Novena en honor a Mar\u00eda Auxiliadora Coronada. Son ya m\u00e1s de cien a\u00f1os de devoci\u00f3n a la madre de los j\u00f3venes que Don Bosco nos present\u00f3 en el sue\u00f1o de los nueve a\u00f1os. &nbsp; Todos los grupos de la Casa animaran la novena y [&hellip;]\" \/>\n<meta property=\"og:url\" content=\"https:\/\/alcala.salesianos.edu\/colegio\/blog\/2018\/05\/16\/comenzo-la-novena-a-maria-auxiliadora\/\" \/>\n<meta property=\"og:site_name\" content=\"Colegio Salesiano Alcal\u00e1\" \/>\n<meta property=\"article:published_time\" content=\"2018-05-16T06:13:07+00:00\" \/>\n<meta property=\"article:modified_time\" content=\"2025-08-27T08:01:40+00:00\" \/>\n<meta property=\"og:image\" content=\"https:\/\/alcala.salesianos.edu\/colegio\/wp-content\/uploads\/sites\/2\/2018\/05\/IMG_0474.jpg\" \/>\n\t<meta property=\"og:image:width\" content=\"1\" \/>\n\t<meta property=\"og:image:height\" content=\"1\" \/>\n\t<meta property=\"og:image:type\" content=\"image\/jpeg\" \/>\n<meta name=\"author\" content=\"Administrador Web\" \/>\n<meta name=\"twitter:card\" content=\"summary_large_image\" \/>\n<meta name=\"twitter:label1\" content=\"Escrito por\" \/>\n\t<meta name=\"twitter:data1\" content=\"Administrador Web\" \/>\n\t<meta name=\"twitter:label2\" content=\"Tiempo de lectura\" \/>\n\t<meta name=\"twitter:data2\" content=\"2 minutos\" \/>\n<script type=\"application\/ld+json\" class=\"yoast-schema-graph\">{\"@context\":\"https:\\\/\\\/schema.org\",\"@graph\":[{\"@type\":\"Article\",\"@id\":\"https:\\\/\\\/alcala.salesianos.edu\\\/colegio\\\/blog\\\/2018\\\/05\\\/16\\\/comenzo-la-novena-a-maria-auxiliadora\\\/#article\",\"isPartOf\":{\"@id\":\"https:\\\/\\\/alcala.salesianos.edu\\\/colegio\\\/blog\\\/2018\\\/05\\\/16\\\/comenzo-la-novena-a-maria-auxiliadora\\\/\"},\"author\":{\"name\":\"Administrador Web\",\"@id\":\"https:\\\/\\\/alcala.salesianos.edu\\\/colegio\\\/#\\\/schema\\\/person\\\/afcc24f776dc91fc2bf9afb0998fca77\"},\"headline\":\"Comenz\u00f3 la novena a Mar\u00eda Auxiliadora\",\"datePublished\":\"2018-05-16T06:13:07+00:00\",\"dateModified\":\"2025-08-27T08:01:40+00:00\",\"mainEntityOfPage\":{\"@id\":\"https:\\\/\\\/alcala.salesianos.edu\\\/colegio\\\/blog\\\/2018\\\/05\\\/16\\\/comenzo-la-novena-a-maria-auxiliadora\\\/\"},\"wordCount\":356,\"image\":{\"@id\":\"https:\\\/\\\/alcala.salesianos.edu\\\/colegio\\\/blog\\\/2018\\\/05\\\/16\\\/comenzo-la-novena-a-maria-auxiliadora\\\/#primaryimage\"},\"thumbnailUrl\":\"https:\\\/\\\/alcala.salesianos.edu\\\/colegio\\\/wp-content\\\/uploads\\\/sites\\\/2\\\/2018\\\/05\\\/IMG_0474.jpg\",\"articleSection\":[\"Colegio\",\"Escuela abierta\",\"FASA\",\"Infantil\",\"Pastoral\",\"Portada\",\"Primaria\",\"Secundaria\",\"Uncategorized\"],\"inLanguage\":\"es\"},{\"@type\":\"WebPage\",\"@id\":\"https:\\\/\\\/alcala.salesianos.edu\\\/colegio\\\/blog\\\/2018\\\/05\\\/16\\\/comenzo-la-novena-a-maria-auxiliadora\\\/\",\"url\":\"https:\\\/\\\/alcala.salesianos.edu\\\/colegio\\\/blog\\\/2018\\\/05\\\/16\\\/comenzo-la-novena-a-maria-auxiliadora\\\/\",\"name\":\"Comenz\u00f3 la novena a Mar\u00eda Auxiliadora - Colegio Salesiano Alcal\u00e1\",\"isPartOf\":{\"@id\":\"https:\\\/\\\/alcala.salesianos.edu\\\/colegio\\\/#website\"},\"primaryImageOfPage\":{\"@id\":\"https:\\\/\\\/alcala.salesianos.edu\\\/colegio\\\/blog\\\/2018\\\/05\\\/16\\\/comenzo-la-novena-a-maria-auxiliadora\\\/#primaryimage\"},\"image\":{\"@id\":\"https:\\\/\\\/alcala.salesianos.edu\\\/colegio\\\/blog\\\/2018\\\/05\\\/16\\\/comenzo-la-novena-a-maria-auxiliadora\\\/#primaryimage\"},\"thumbnailUrl\":\"https:\\\/\\\/alcala.salesianos.edu\\\/colegio\\\/wp-content\\\/uploads\\\/sites\\\/2\\\/2018\\\/05\\\/IMG_0474.jpg\",\"datePublished\":\"2018-05-16T06:13:07+00:00\",\"dateModified\":\"2025-08-27T08:01:40+00:00\",\"author\":{\"@id\":\"https:\\\/\\\/alcala.salesianos.edu\\\/colegio\\\/#\\\/schema\\\/person\\\/afcc24f776dc91fc2bf9afb0998fca77\"},\"breadcrumb\":{\"@id\":\"https:\\\/\\\/alcala.salesianos.edu\\\/colegio\\\/blog\\\/2018\\\/05\\\/16\\\/comenzo-la-novena-a-maria-auxiliadora\\\/#breadcrumb\"},\"inLanguage\":\"es\",\"potentialAction\":[{\"@type\":\"ReadAction\",\"target\":[\"https:\\\/\\\/alcala.salesianos.edu\\\/colegio\\\/blog\\\/2018\\\/05\\\/16\\\/comenzo-la-novena-a-maria-auxiliadora\\\/\"]}]},{\"@type\":\"ImageObject\",\"inLanguage\":\"es\",\"@id\":\"https:\\\/\\\/alcala.salesianos.edu\\\/colegio\\\/blog\\\/2018\\\/05\\\/16\\\/comenzo-la-novena-a-maria-auxiliadora\\\/#primaryimage\",\"url\":\"https:\\\/\\\/alcala.salesianos.edu\\\/colegio\\\/wp-content\\\/uploads\\\/sites\\\/2\\\/2018\\\/05\\\/IMG_0474.jpg\",\"contentUrl\":\"https:\\\/\\\/alcala.salesianos.edu\\\/colegio\\\/wp-content\\\/uploads\\\/sites\\\/2\\\/2018\\\/05\\\/IMG_0474.jpg\"},{\"@type\":\"BreadcrumbList\",\"@id\":\"https:\\\/\\\/alcala.salesianos.edu\\\/colegio\\\/blog\\\/2018\\\/05\\\/16\\\/comenzo-la-novena-a-maria-auxiliadora\\\/#breadcrumb\",\"itemListElement\":[{\"@type\":\"ListItem\",\"position\":1,\"name\":\"Portada\",\"item\":\"https:\\\/\\\/alcala.salesianos.edu\\\/colegio\\\/\"},{\"@type\":\"ListItem\",\"position\":2,\"name\":\"Comenz\u00f3 la novena a Mar\u00eda Auxiliadora\"}]},{\"@type\":\"WebSite\",\"@id\":\"https:\\\/\\\/alcala.salesianos.edu\\\/colegio\\\/#website\",\"url\":\"https:\\\/\\\/alcala.salesianos.edu\\\/colegio\\\/\",\"name\":\"Colegio Salesiano Alcal\u00e1\",\"description\":\"P\u00e1gina oficial de Salesianos Alcal\u00e1 de Guadaira\",\"potentialAction\":[{\"@type\":\"SearchAction\",\"target\":{\"@type\":\"EntryPoint\",\"urlTemplate\":\"https:\\\/\\\/alcala.salesianos.edu\\\/colegio\\\/?s={search_term_string}\"},\"query-input\":{\"@type\":\"PropertyValueSpecification\",\"valueRequired\":true,\"valueName\":\"search_term_string\"}}],\"inLanguage\":\"es\"},{\"@type\":\"Person\",\"@id\":\"https:\\\/\\\/alcala.salesianos.edu\\\/colegio\\\/#\\\/schema\\\/person\\\/afcc24f776dc91fc2bf9afb0998fca77\",\"name\":\"Administrador Web\",\"image\":{\"@type\":\"ImageObject\",\"inLanguage\":\"es\",\"@id\":\"https:\\\/\\\/secure.gravatar.com\\\/avatar\\\/bc157e994689bd6da9645c00aa3bc4d55b727915b6652642660db0aef086585f?s=96&d=mm&r=g\",\"url\":\"https:\\\/\\\/secure.gravatar.com\\\/avatar\\\/bc157e994689bd6da9645c00aa3bc4d55b727915b6652642660db0aef086585f?s=96&d=mm&r=g\",\"contentUrl\":\"https:\\\/\\\/secure.gravatar.com\\\/avatar\\\/bc157e994689bd6da9645c00aa3bc4d55b727915b6652642660db0aef086585f?s=96&d=mm&r=g\",\"caption\":\"Administrador Web\"}}]}<\/script>\n<!-- \/ Yoast SEO plugin. -->","yoast_head_json":{"title":"Comenz\u00f3 la novena a Mar\u00eda Auxiliadora - Colegio Salesiano Alcal\u00e1","robots":{"index":"index","follow":"follow","max-snippet":"max-snippet:-1","max-image-preview":"max-image-preview:large","max-video-preview":"max-video-preview:-1"},"canonical":"https:\/\/alcala.salesianos.edu\/colegio\/blog\/2018\/05\/16\/comenzo-la-novena-a-maria-auxiliadora\/","og_locale":"es_ES","og_type":"article","og_title":"Comenz\u00f3 la novena a Mar\u00eda Auxiliadora - Colegio Salesiano Alcal\u00e1","og_description":"En el d\u00eda de ayer, quince de mayo, comenz\u00f3 \u00a0la Novena en honor a Mar\u00eda Auxiliadora Coronada. Son ya m\u00e1s de cien a\u00f1os de devoci\u00f3n a la madre de los j\u00f3venes que Don Bosco nos present\u00f3 en el sue\u00f1o de los nueve a\u00f1os. &nbsp; Todos los grupos de la Casa animaran la novena y [&hellip;]","og_url":"https:\/\/alcala.salesianos.edu\/colegio\/blog\/2018\/05\/16\/comenzo-la-novena-a-maria-auxiliadora\/","og_site_name":"Colegio Salesiano Alcal\u00e1","article_published_time":"2018-05-16T06:13:07+00:00","article_modified_time":"2025-08-27T08:01:40+00:00","og_image":[{"url":"https:\/\/alcala.salesianos.edu\/colegio\/wp-content\/uploads\/sites\/2\/2018\/05\/IMG_0474.jpg","width":1,"height":1,"type":"image\/jpeg"}],"author":"Administrador Web","twitter_card":"summary_large_image","twitter_misc":{"Escrito por":"Administrador Web","Tiempo de lectura":"2 minutos"},"schema":{"@context":"https:\/\/schema.org","@graph":[{"@type":"Article","@id":"https:\/\/alcala.salesianos.edu\/colegio\/blog\/2018\/05\/16\/comenzo-la-novena-a-maria-auxiliadora\/#article","isPartOf":{"@id":"https:\/\/alcala.salesianos.edu\/colegio\/blog\/2018\/05\/16\/comenzo-la-novena-a-maria-auxiliadora\/"},"author":{"name":"Administrador Web","@id":"https:\/\/alcala.salesianos.edu\/colegio\/#\/schema\/person\/afcc24f776dc91fc2bf9afb0998fca77"},"headline":"Comenz\u00f3 la novena a Mar\u00eda Auxiliadora","datePublished":"2018-05-16T06:13:07+00:00","dateModified":"2025-08-27T08:01:40+00:00","mainEntityOfPage":{"@id":"https:\/\/alcala.salesianos.edu\/colegio\/blog\/2018\/05\/16\/comenzo-la-novena-a-maria-auxiliadora\/"},"wordCount":356,"image":{"@id":"https:\/\/alcala.salesianos.edu\/colegio\/blog\/2018\/05\/16\/comenzo-la-novena-a-maria-auxiliadora\/#primaryimage"},"thumbnailUrl":"https:\/\/alcala.salesianos.edu\/colegio\/wp-content\/uploads\/sites\/2\/2018\/05\/IMG_0474.jpg","articleSection":["Colegio","Escuela abierta","FASA","Infantil","Pastoral","Portada","Primaria","Secundaria","Uncategorized"],"inLanguage":"es"},{"@type":"WebPage","@id":"https:\/\/alcala.salesianos.edu\/colegio\/blog\/2018\/05\/16\/comenzo-la-novena-a-maria-auxiliadora\/","url":"https:\/\/alcala.salesianos.edu\/colegio\/blog\/2018\/05\/16\/comenzo-la-novena-a-maria-auxiliadora\/","name":"Comenz\u00f3 la novena a Mar\u00eda Auxiliadora - Colegio Salesiano Alcal\u00e1","isPartOf":{"@id":"https:\/\/alcala.salesianos.edu\/colegio\/#website"},"primaryImageOfPage":{"@id":"https:\/\/alcala.salesianos.edu\/colegio\/blog\/2018\/05\/16\/comenzo-la-novena-a-maria-auxiliadora\/#primaryimage"},"image":{"@id":"https:\/\/alcala.salesianos.edu\/colegio\/blog\/2018\/05\/16\/comenzo-la-novena-a-maria-auxiliadora\/#primaryimage"},"thumbnailUrl":"https:\/\/alcala.salesianos.edu\/colegio\/wp-content\/uploads\/sites\/2\/2018\/05\/IMG_0474.jpg","datePublished":"2018-05-16T06:13:07+00:00","dateModified":"2025-08-27T08:01:40+00:00","author":{"@id":"https:\/\/alcala.salesianos.edu\/colegio\/#\/schema\/person\/afcc24f776dc91fc2bf9afb0998fca77"},"breadcrumb":{"@id":"https:\/\/alcala.salesianos.edu\/colegio\/blog\/2018\/05\/16\/comenzo-la-novena-a-maria-auxiliadora\/#breadcrumb"},"inLanguage":"es","potentialAction":[{"@type":"ReadAction","target":["https:\/\/alcala.salesianos.edu\/colegio\/blog\/2018\/05\/16\/comenzo-la-novena-a-maria-auxiliadora\/"]}]},{"@type":"ImageObject","inLanguage":"es","@id":"https:\/\/alcala.salesianos.edu\/colegio\/blog\/2018\/05\/16\/comenzo-la-novena-a-maria-auxiliadora\/#primaryimage","url":"https:\/\/alcala.salesianos.edu\/colegio\/wp-content\/uploads\/sites\/2\/2018\/05\/IMG_0474.jpg","contentUrl":"https:\/\/alcala.salesianos.edu\/colegio\/wp-content\/uploads\/sites\/2\/2018\/05\/IMG_0474.jpg"},{"@type":"BreadcrumbList","@id":"https:\/\/alcala.salesianos.edu\/colegio\/blog\/2018\/05\/16\/comenzo-la-novena-a-maria-auxiliadora\/#breadcrumb","itemListElement":[{"@type":"ListItem","position":1,"name":"Portada","item":"https:\/\/alcala.salesianos.edu\/colegio\/"},{"@type":"ListItem","position":2,"name":"Comenz\u00f3 la novena a Mar\u00eda Auxiliadora"}]},{"@type":"WebSite","@id":"https:\/\/alcala.salesianos.edu\/colegio\/#website","url":"https:\/\/alcala.salesianos.edu\/colegio\/","name":"Colegio Salesiano Alcal\u00e1","description":"P\u00e1gina oficial de Salesianos Alcal\u00e1 de Guadaira","potentialAction":[{"@type":"SearchAction","target":{"@type":"EntryPoint","urlTemplate":"https:\/\/alcala.salesianos.edu\/colegio\/?s={search_term_string}"},"query-input":{"@type":"PropertyValueSpecification","valueRequired":true,"valueName":"search_term_string"}}],"inLanguage":"es"},{"@type":"Person","@id":"https:\/\/alcala.salesianos.edu\/colegio\/#\/schema\/person\/afcc24f776dc91fc2bf9afb0998fca77","name":"Administrador Web","image":{"@type":"ImageObject","inLanguage":"es","@id":"https:\/\/secure.gravatar.com\/avatar\/bc157e994689bd6da9645c00aa3bc4d55b727915b6652642660db0aef086585f?s=96&d=mm&r=g","url":"https:\/\/secure.gravatar.com\/avatar\/bc157e994689bd6da9645c00aa3bc4d55b727915b6652642660db0aef086585f?s=96&d=mm&r=g","contentUrl":"https:\/\/secure.gravatar.com\/avatar\/bc157e994689bd6da9645c00aa3bc4d55b727915b6652642660db0aef086585f?s=96&d=mm&r=g","caption":"Administrador Web"}}]}},"_links":{"self":[{"href":"https:\/\/alcala.salesianos.edu\/colegio\/wp-json\/wp\/v2\/posts\/9984","targetHints":{"allow":["GET"]}}],"collection":[{"href":"https:\/\/alcala.salesianos.edu\/colegio\/wp-json\/wp\/v2\/posts"}],"about":[{"href":"https:\/\/alcala.salesianos.edu\/colegio\/wp-json\/wp\/v2\/types\/post"}],"author":[{"embeddable":true,"href":"https:\/\/alcala.salesianos.edu\/colegio\/wp-json\/wp\/v2\/users\/2"}],"replies":[{"embeddable":true,"href":"https:\/\/alcala.salesianos.edu\/colegio\/wp-json\/wp\/v2\/comments?post=9984"}],"version-history":[{"count":5,"href":"https:\/\/alcala.salesianos.edu\/colegio\/wp-json\/wp\/v2\/posts\/9984\/revisions"}],"predecessor-version":[{"id":16517,"href":"https:\/\/alcala.salesianos.edu\/colegio\/wp-json\/wp\/v2\/posts\/9984\/revisions\/16517"}],"wp:featuredmedia":[{"embeddable":true,"href":"https:\/\/alcala.salesianos.edu\/colegio\/wp-json\/wp\/v2\/media\/9985"}],"wp:attachment":[{"href":"https:\/\/alcala.salesianos.edu\/colegio\/wp-json\/wp\/v2\/media?parent=9984"}],"wp:term":[{"taxonomy":"category","embeddable":true,"href":"https:\/\/alcala.salesianos.edu\/colegio\/wp-json\/wp\/v2\/categories?post=9984"},{"taxonomy":"post_tag","embeddable":true,"href":"https:\/\/alcala.salesianos.edu\/colegio\/wp-json\/wp\/v2\/tags?post=9984"}],"curies":[{"name":"wp","href":"https:\/\/api.w.org\/{rel}","templated":true}]}}