{"id":9921,"date":"2018-05-11T10:32:43","date_gmt":"2018-05-11T09:32:43","guid":{"rendered":"https:\/\/alcala.salesianos.edu\/colegio\/blog\/2018\/05\/11\/confirmaciones-en-nuestra-casa\/"},"modified":"2025-08-27T09:01:40","modified_gmt":"2025-08-27T08:01:40","slug":"confirmaciones-en-nuestra-casa","status":"publish","type":"post","link":"https:\/\/alcala.salesianos.edu\/colegio\/blog\/2018\/05\/11\/confirmaciones-en-nuestra-casa\/","title":{"rendered":"Confirmaciones en nuestra Casa"},"content":{"rendered":"<div id=\"fb-root\"><\/div>\n<p>[et_pb_section bb_built=\u00bb1&#8243;][et_pb_row][et_pb_column type=\u00bb4_4&#8243;][et_pb_text _builder_version=\u00bb3.0.105&#8243; background_layout=\u00bblight\u00bb]<\/p>\n<p><img loading=\"lazy\" decoding=\"async\" class=\"size-medium wp-image-5307 alignleft\" src=\"https:\/\/alcala.salesianos.edu\/wp-content\/uploads\/2018\/05\/Confirmacio\u0301n-300x300.png\" alt=\"\" width=\"300\" height=\"300\" \/>En el d\u00eda de ayer, nuestra Casa Salesiana celebr\u00f3 sus confirmaciones en la capilla de Nuestra Se\u00f1ora del Carmen. A trav\u00e9s de las mismas, un total de 56 j\u00f3venes aceptaron libremente las promesas del Bautismo.<\/p>\n<p>La celebraci\u00f3n fue oficiada por Don Diego P\u00e9rez, actual Vicario Episcopal de la zona Este. Concelebraron nuestro director Titular D. Juan Francisco Rubio sdb, Don Jos\u00e9 Luis Cardenete sdb y Don Adrian Sanabria, p\u00e1rroco de Nuestra Se\u00f1ora de los \u00c1ngeles y Santa \u00c1ngela de la Cruz.<\/p>\n<p>Los j\u00f3venes de nuestra Casa pudieron disfrutar de una celebraci\u00f3n \u00edntima en el que nuestros confirmandos se vieron fortalecidos gracias al Esp\u00edritu Santo pues ya se sienten m\u00e1s ligados a Dios y su v\u00ednculo con la Iglesia ha crecido al igual que su compromiso como cristianos.<\/p>\n<p>Deseamos a todos nuestros j\u00f3venes que este sacramento de iniciaci\u00f3n sea un verdadero paso firme en su fe y en su compromiso como cristianos.<\/p>\n<p>[\/et_pb_text][\/et_pb_column][\/et_pb_row][\/et_pb_section]<\/p>\n","protected":false},"excerpt":{"rendered":"<p><div class=\"et_pb_row et_pb_row_0 et_pb_row_empty\">\n\t\t\t\t\n\t\t\t\t\n\t\t\t\t\n\t\t\t\t\n\t\t\t\t\n\t\t\t<\/div> En el d\u00eda de ayer, nuestra Casa Salesiana celebr\u00f3 sus confirmaciones en la capilla de Nuestra Se\u00f1ora del Carmen. A trav\u00e9s de las mismas, un total de 56 j\u00f3venes aceptaron libremente las promesas del Bautismo. La celebraci\u00f3n fue oficiada por Don Diego P\u00e9rez, actual Vicario Episcopal de la zona Este. Concelebraron nuestro director Titular [&hellip;]<\/p>\n","protected":false},"author":2,"featured_media":0,"comment_status":"closed","ping_status":"open","sticky":false,"template":"","format":"standard","meta":{"_et_pb_use_builder":"on","_et_pb_old_content":"","_et_gb_content_width":"","footnotes":""},"categories":[12,19,13,17,14,15,18,16,1],"tags":[],"class_list":["post-9921","post","type-post","status-publish","format-standard","hentry","category-colegio","category-escuela-abierta","category-fasa","category-infantil","category-pastoral","category-portada","category-primaria","category-secundaria","category-uncategorized"],"yoast_head":"<!-- This site is optimized with the Yoast SEO plugin v28.4 - https:\/\/yoast.com\/product\/yoast-seo-wordpress\/ -->\n<title>Confirmaciones en nuestra Casa - Colegio Salesiano Alcal\u00e1<\/title>\n<meta name=\"robots\" content=\"index, follow, max-snippet:-1, max-image-preview:large, max-video-preview:-1\" \/>\n<link rel=\"canonical\" href=\"https:\/\/alcala.salesianos.edu\/colegio\/blog\/2018\/05\/11\/confirmaciones-en-nuestra-casa\/\" \/>\n<meta property=\"og:locale\" content=\"es_ES\" \/>\n<meta property=\"og:type\" content=\"article\" \/>\n<meta property=\"og:title\" content=\"Confirmaciones en nuestra Casa - Colegio Salesiano Alcal\u00e1\" \/>\n<meta property=\"og:description\" content=\"En el d\u00eda de ayer, nuestra Casa Salesiana celebr\u00f3 sus confirmaciones en la capilla de Nuestra Se\u00f1ora del Carmen. A trav\u00e9s de las mismas, un total de 56 j\u00f3venes aceptaron libremente las promesas del Bautismo. La celebraci\u00f3n fue oficiada por Don Diego P\u00e9rez, actual Vicario Episcopal de la zona Este. Concelebraron nuestro director Titular [&hellip;]\" \/>\n<meta property=\"og:url\" content=\"https:\/\/alcala.salesianos.edu\/colegio\/blog\/2018\/05\/11\/confirmaciones-en-nuestra-casa\/\" \/>\n<meta property=\"og:site_name\" content=\"Colegio Salesiano Alcal\u00e1\" \/>\n<meta property=\"article:published_time\" content=\"2018-05-11T09:32:43+00:00\" \/>\n<meta property=\"article:modified_time\" content=\"2025-08-27T08:01:40+00:00\" \/>\n<meta name=\"author\" content=\"Administrador Web\" \/>\n<meta name=\"twitter:card\" content=\"summary_large_image\" \/>\n<meta name=\"twitter:label1\" content=\"Escrito por\" \/>\n\t<meta name=\"twitter:data1\" content=\"Administrador Web\" \/>\n\t<meta name=\"twitter:label2\" content=\"Tiempo de lectura\" \/>\n\t<meta name=\"twitter:data2\" content=\"1 minuto\" \/>\n<script type=\"application\/ld+json\" class=\"yoast-schema-graph\">{\"@context\":\"https:\\\/\\\/schema.org\",\"@graph\":[{\"@type\":\"Article\",\"@id\":\"https:\\\/\\\/alcala.salesianos.edu\\\/colegio\\\/blog\\\/2018\\\/05\\\/11\\\/confirmaciones-en-nuestra-casa\\\/#article\",\"isPartOf\":{\"@id\":\"https:\\\/\\\/alcala.salesianos.edu\\\/colegio\\\/blog\\\/2018\\\/05\\\/11\\\/confirmaciones-en-nuestra-casa\\\/\"},\"author\":{\"name\":\"Administrador Web\",\"@id\":\"https:\\\/\\\/alcala.salesianos.edu\\\/colegio\\\/#\\\/schema\\\/person\\\/afcc24f776dc91fc2bf9afb0998fca77\"},\"headline\":\"Confirmaciones en nuestra Casa\",\"datePublished\":\"2018-05-11T09:32:43+00:00\",\"dateModified\":\"2025-08-27T08:01:40+00:00\",\"mainEntityOfPage\":{\"@id\":\"https:\\\/\\\/alcala.salesianos.edu\\\/colegio\\\/blog\\\/2018\\\/05\\\/11\\\/confirmaciones-en-nuestra-casa\\\/\"},\"wordCount\":201,\"articleSection\":[\"Colegio\",\"Escuela abierta\",\"FASA\",\"Infantil\",\"Pastoral\",\"Portada\",\"Primaria\",\"Secundaria\",\"Uncategorized\"],\"inLanguage\":\"es\"},{\"@type\":\"WebPage\",\"@id\":\"https:\\\/\\\/alcala.salesianos.edu\\\/colegio\\\/blog\\\/2018\\\/05\\\/11\\\/confirmaciones-en-nuestra-casa\\\/\",\"url\":\"https:\\\/\\\/alcala.salesianos.edu\\\/colegio\\\/blog\\\/2018\\\/05\\\/11\\\/confirmaciones-en-nuestra-casa\\\/\",\"name\":\"Confirmaciones en nuestra Casa - Colegio Salesiano Alcal\u00e1\",\"isPartOf\":{\"@id\":\"https:\\\/\\\/alcala.salesianos.edu\\\/colegio\\\/#website\"},\"datePublished\":\"2018-05-11T09:32:43+00:00\",\"dateModified\":\"2025-08-27T08:01:40+00:00\",\"author\":{\"@id\":\"https:\\\/\\\/alcala.salesianos.edu\\\/colegio\\\/#\\\/schema\\\/person\\\/afcc24f776dc91fc2bf9afb0998fca77\"},\"breadcrumb\":{\"@id\":\"https:\\\/\\\/alcala.salesianos.edu\\\/colegio\\\/blog\\\/2018\\\/05\\\/11\\\/confirmaciones-en-nuestra-casa\\\/#breadcrumb\"},\"inLanguage\":\"es\",\"potentialAction\":[{\"@type\":\"ReadAction\",\"target\":[\"https:\\\/\\\/alcala.salesianos.edu\\\/colegio\\\/blog\\\/2018\\\/05\\\/11\\\/confirmaciones-en-nuestra-casa\\\/\"]}]},{\"@type\":\"BreadcrumbList\",\"@id\":\"https:\\\/\\\/alcala.salesianos.edu\\\/colegio\\\/blog\\\/2018\\\/05\\\/11\\\/confirmaciones-en-nuestra-casa\\\/#breadcrumb\",\"itemListElement\":[{\"@type\":\"ListItem\",\"position\":1,\"name\":\"Portada\",\"item\":\"https:\\\/\\\/alcala.salesianos.edu\\\/colegio\\\/\"},{\"@type\":\"ListItem\",\"position\":2,\"name\":\"Confirmaciones en nuestra Casa\"}]},{\"@type\":\"WebSite\",\"@id\":\"https:\\\/\\\/alcala.salesianos.edu\\\/colegio\\\/#website\",\"url\":\"https:\\\/\\\/alcala.salesianos.edu\\\/colegio\\\/\",\"name\":\"Colegio Salesiano Alcal\u00e1\",\"description\":\"P\u00e1gina oficial de Salesianos Alcal\u00e1 de Guadaira\",\"potentialAction\":[{\"@type\":\"SearchAction\",\"target\":{\"@type\":\"EntryPoint\",\"urlTemplate\":\"https:\\\/\\\/alcala.salesianos.edu\\\/colegio\\\/?s={search_term_string}\"},\"query-input\":{\"@type\":\"PropertyValueSpecification\",\"valueRequired\":true,\"valueName\":\"search_term_string\"}}],\"inLanguage\":\"es\"},{\"@type\":\"Person\",\"@id\":\"https:\\\/\\\/alcala.salesianos.edu\\\/colegio\\\/#\\\/schema\\\/person\\\/afcc24f776dc91fc2bf9afb0998fca77\",\"name\":\"Administrador Web\",\"image\":{\"@type\":\"ImageObject\",\"inLanguage\":\"es\",\"@id\":\"https:\\\/\\\/secure.gravatar.com\\\/avatar\\\/bc157e994689bd6da9645c00aa3bc4d55b727915b6652642660db0aef086585f?s=96&d=mm&r=g\",\"url\":\"https:\\\/\\\/secure.gravatar.com\\\/avatar\\\/bc157e994689bd6da9645c00aa3bc4d55b727915b6652642660db0aef086585f?s=96&d=mm&r=g\",\"contentUrl\":\"https:\\\/\\\/secure.gravatar.com\\\/avatar\\\/bc157e994689bd6da9645c00aa3bc4d55b727915b6652642660db0aef086585f?s=96&d=mm&r=g\",\"caption\":\"Administrador Web\"}}]}<\/script>\n<!-- \/ Yoast SEO plugin. -->","yoast_head_json":{"title":"Confirmaciones en nuestra Casa - Colegio Salesiano Alcal\u00e1","robots":{"index":"index","follow":"follow","max-snippet":"max-snippet:-1","max-image-preview":"max-image-preview:large","max-video-preview":"max-video-preview:-1"},"canonical":"https:\/\/alcala.salesianos.edu\/colegio\/blog\/2018\/05\/11\/confirmaciones-en-nuestra-casa\/","og_locale":"es_ES","og_type":"article","og_title":"Confirmaciones en nuestra Casa - Colegio Salesiano Alcal\u00e1","og_description":"En el d\u00eda de ayer, nuestra Casa Salesiana celebr\u00f3 sus confirmaciones en la capilla de Nuestra Se\u00f1ora del Carmen. A trav\u00e9s de las mismas, un total de 56 j\u00f3venes aceptaron libremente las promesas del Bautismo. La celebraci\u00f3n fue oficiada por Don Diego P\u00e9rez, actual Vicario Episcopal de la zona Este. Concelebraron nuestro director Titular [&hellip;]","og_url":"https:\/\/alcala.salesianos.edu\/colegio\/blog\/2018\/05\/11\/confirmaciones-en-nuestra-casa\/","og_site_name":"Colegio Salesiano Alcal\u00e1","article_published_time":"2018-05-11T09:32:43+00:00","article_modified_time":"2025-08-27T08:01:40+00:00","author":"Administrador Web","twitter_card":"summary_large_image","twitter_misc":{"Escrito por":"Administrador Web","Tiempo de lectura":"1 minuto"},"schema":{"@context":"https:\/\/schema.org","@graph":[{"@type":"Article","@id":"https:\/\/alcala.salesianos.edu\/colegio\/blog\/2018\/05\/11\/confirmaciones-en-nuestra-casa\/#article","isPartOf":{"@id":"https:\/\/alcala.salesianos.edu\/colegio\/blog\/2018\/05\/11\/confirmaciones-en-nuestra-casa\/"},"author":{"name":"Administrador Web","@id":"https:\/\/alcala.salesianos.edu\/colegio\/#\/schema\/person\/afcc24f776dc91fc2bf9afb0998fca77"},"headline":"Confirmaciones en nuestra Casa","datePublished":"2018-05-11T09:32:43+00:00","dateModified":"2025-08-27T08:01:40+00:00","mainEntityOfPage":{"@id":"https:\/\/alcala.salesianos.edu\/colegio\/blog\/2018\/05\/11\/confirmaciones-en-nuestra-casa\/"},"wordCount":201,"articleSection":["Colegio","Escuela abierta","FASA","Infantil","Pastoral","Portada","Primaria","Secundaria","Uncategorized"],"inLanguage":"es"},{"@type":"WebPage","@id":"https:\/\/alcala.salesianos.edu\/colegio\/blog\/2018\/05\/11\/confirmaciones-en-nuestra-casa\/","url":"https:\/\/alcala.salesianos.edu\/colegio\/blog\/2018\/05\/11\/confirmaciones-en-nuestra-casa\/","name":"Confirmaciones en nuestra Casa - Colegio Salesiano Alcal\u00e1","isPartOf":{"@id":"https:\/\/alcala.salesianos.edu\/colegio\/#website"},"datePublished":"2018-05-11T09:32:43+00:00","dateModified":"2025-08-27T08:01:40+00:00","author":{"@id":"https:\/\/alcala.salesianos.edu\/colegio\/#\/schema\/person\/afcc24f776dc91fc2bf9afb0998fca77"},"breadcrumb":{"@id":"https:\/\/alcala.salesianos.edu\/colegio\/blog\/2018\/05\/11\/confirmaciones-en-nuestra-casa\/#breadcrumb"},"inLanguage":"es","potentialAction":[{"@type":"ReadAction","target":["https:\/\/alcala.salesianos.edu\/colegio\/blog\/2018\/05\/11\/confirmaciones-en-nuestra-casa\/"]}]},{"@type":"BreadcrumbList","@id":"https:\/\/alcala.salesianos.edu\/colegio\/blog\/2018\/05\/11\/confirmaciones-en-nuestra-casa\/#breadcrumb","itemListElement":[{"@type":"ListItem","position":1,"name":"Portada","item":"https:\/\/alcala.salesianos.edu\/colegio\/"},{"@type":"ListItem","position":2,"name":"Confirmaciones en nuestra Casa"}]},{"@type":"WebSite","@id":"https:\/\/alcala.salesianos.edu\/colegio\/#website","url":"https:\/\/alcala.salesianos.edu\/colegio\/","name":"Colegio Salesiano Alcal\u00e1","description":"P\u00e1gina oficial de Salesianos Alcal\u00e1 de Guadaira","potentialAction":[{"@type":"SearchAction","target":{"@type":"EntryPoint","urlTemplate":"https:\/\/alcala.salesianos.edu\/colegio\/?s={search_term_string}"},"query-input":{"@type":"PropertyValueSpecification","valueRequired":true,"valueName":"search_term_string"}}],"inLanguage":"es"},{"@type":"Person","@id":"https:\/\/alcala.salesianos.edu\/colegio\/#\/schema\/person\/afcc24f776dc91fc2bf9afb0998fca77","name":"Administrador Web","image":{"@type":"ImageObject","inLanguage":"es","@id":"https:\/\/secure.gravatar.com\/avatar\/bc157e994689bd6da9645c00aa3bc4d55b727915b6652642660db0aef086585f?s=96&d=mm&r=g","url":"https:\/\/secure.gravatar.com\/avatar\/bc157e994689bd6da9645c00aa3bc4d55b727915b6652642660db0aef086585f?s=96&d=mm&r=g","contentUrl":"https:\/\/secure.gravatar.com\/avatar\/bc157e994689bd6da9645c00aa3bc4d55b727915b6652642660db0aef086585f?s=96&d=mm&r=g","caption":"Administrador Web"}}]}},"_links":{"self":[{"href":"https:\/\/alcala.salesianos.edu\/colegio\/wp-json\/wp\/v2\/posts\/9921","targetHints":{"allow":["GET"]}}],"collection":[{"href":"https:\/\/alcala.salesianos.edu\/colegio\/wp-json\/wp\/v2\/posts"}],"about":[{"href":"https:\/\/alcala.salesianos.edu\/colegio\/wp-json\/wp\/v2\/types\/post"}],"author":[{"embeddable":true,"href":"https:\/\/alcala.salesianos.edu\/colegio\/wp-json\/wp\/v2\/users\/2"}],"replies":[{"embeddable":true,"href":"https:\/\/alcala.salesianos.edu\/colegio\/wp-json\/wp\/v2\/comments?post=9921"}],"version-history":[{"count":4,"href":"https:\/\/alcala.salesianos.edu\/colegio\/wp-json\/wp\/v2\/posts\/9921\/revisions"}],"predecessor-version":[{"id":16518,"href":"https:\/\/alcala.salesianos.edu\/colegio\/wp-json\/wp\/v2\/posts\/9921\/revisions\/16518"}],"wp:attachment":[{"href":"https:\/\/alcala.salesianos.edu\/colegio\/wp-json\/wp\/v2\/media?parent=9921"}],"wp:term":[{"taxonomy":"category","embeddable":true,"href":"https:\/\/alcala.salesianos.edu\/colegio\/wp-json\/wp\/v2\/categories?post=9921"},{"taxonomy":"post_tag","embeddable":true,"href":"https:\/\/alcala.salesianos.edu\/colegio\/wp-json\/wp\/v2\/tags?post=9921"}],"curies":[{"name":"wp","href":"https:\/\/api.w.org\/{rel}","templated":true}]}}