{"id":9910,"date":"2018-05-08T14:05:11","date_gmt":"2018-05-08T13:05:11","guid":{"rendered":"https:\/\/alcala.salesianos.edu\/colegio\/blog\/2018\/05\/08\/iii-semana-de-la-ciencia\/"},"modified":"2025-08-27T09:01:41","modified_gmt":"2025-08-27T08:01:41","slug":"iii-semana-de-la-ciencia","status":"publish","type":"post","link":"https:\/\/alcala.salesianos.edu\/colegio\/blog\/2018\/05\/08\/iii-semana-de-la-ciencia\/","title":{"rendered":"III Semana de la Ciencia"},"content":{"rendered":"<div id=\"fb-root\"><\/div>\n<p>[et_pb_section bb_built=\u00bb1&#8243;][et_pb_row][et_pb_column type=\u00bb4_4&#8243;][et_pb_text _builder_version=\u00bb3.0.105&#8243; background_layout=\u00bblight\u00bb]<\/p>\n<p><img loading=\"lazy\" decoding=\"async\" class=\"size-medium wp-image-5309 alignleft\" src=\"https:\/\/alcala.salesianos.edu\/wp-content\/uploads\/2018\/05\/WhatsApp-Image-2018-05-12-at-19.51.26-212x300.jpeg\" alt=\"\" width=\"212\" height=\"300\" \/><\/p>\n<p>Durante las dos primeras semanas del mes de mayo, nuestro colegio celebrar\u00e1 distintas actividades enmarcadas en la III Semana de la Ciencia.<\/p>\n<p>&nbsp;<\/p>\n<p>El pistoletazo de salida lo ha dado la participaci\u00f3n en la 16\u00aa Feria de la Ciencia de Sevilla, con el proyecto titulado \u201cLa 6\u00aa extinci\u00f3n\u201d. Han sido varios miles de personas las que han pasado por el stand y han aprendido con nuestros alumnos de infantil y 4\u00baESO diversos aspectos relacionados con la conservaci\u00f3n de la biodiversidad.<\/p>\n<p>&nbsp;<\/p>\n<p>Posteriormente, durante los d\u00edas 9 y 10 de mayo se celebrar\u00e1n en el Teatro Guti\u00e9rrez de Alba, las Jornadas de divulgaci\u00f3n cient\u00edfica \u201cEduCIENCIA\u201d, que pretenden fomentar la cultura cient\u00edfica, abord\u00e1ndola de una forma amena y divertida. Organizadas por nuestro colegio en colaboraci\u00f3n con el Ayuntamiento, y abiertas a todos los institutos de Secundaria de la ciudad, contar\u00e1n en esta primera edici\u00f3n con dos ponentes de reconocido prestigio en el \u00e1mbito de la educaci\u00f3n, comunicaci\u00f3n y divulgaci\u00f3n cient\u00edfica: Carlos Lobato, Bi\u00f3logo y profesor de Instituto, adem\u00e1s de creador del blog \u00abLa ciencia de la vida\u00bb y Alberto Aparici, doctor en F\u00edsica y divulgador cient\u00edfico, colabora con el programa La br\u00fajula, de Onda Cero. Tambi\u00e9n se mostrar\u00e1n experiencias exitosas de divulgaci\u00f3n y cient\u00edfica como las de <em>Science with Tom<\/em>, canal de Youtube en el que aprender Ciencia a trav\u00e9s del rap.<\/p>\n<p>&nbsp;<\/p>\n<p>Entre los d\u00edas 14 y 18 de mayo, celebraremos la III Semana de la Ciencia con numerosas actividades para nuestros alumnos: talleres sobre gen\u00e9tica, energ\u00edas renovables, matem\u00e1ticas,\u2026; experimentos con los m\u00e1s peque\u00f1os de la casa; la actividad Experimenta2, con alumnos y familias aprendiendo Ciencia codo con codo,\u2026 Tienen cabida tambi\u00e9n las experiencias de aprendizaje-servicio, en las que grupos de alumnos de mayor edad explican diversos temas (rob\u00f3tica, qu\u00edmica,\u2026) a sus compa\u00f1eros de cursos inferiores.<\/p>\n<p><img loading=\"lazy\" decoding=\"async\" class=\"size-medium wp-image-5298 alignright\" src=\"https:\/\/alcala.salesianos.edu\/wp-content\/uploads\/2018\/05\/cartel-an\u0303o-2018-300x214.jpg\" alt=\"\" width=\"300\" height=\"214\" \/><\/p>\n<p>Este a\u00f1o contaremos con una actividad estrella: la gymkana \u201cEncuentra un cient\u00edfico\u201d, en la que durante la semana grupos de alumnos tendr\u00e1n que buscar hasta 50 carteles de cient\u00edficos de renombre, ocultos por todo el centro, utilizando para ello las herramientas digitales m\u00e1s actuales.<\/p>\n<p>&nbsp;<\/p>\n<p>Por \u00faltimo, tambi\u00e9n se ha conseguido traer a Alcal\u00e1 la exposici\u00f3n \u201cLos enlaces de la vida\u201d, gracias a la colaboraci\u00f3n de la Fundaci\u00f3n Descubre y la Casa de la Cultura de la ciudad. Esta muestra llama a explorar uno de los m\u00e1s apasionantes temas de la ciencia moderna: las m\u00faltiples conexiones, dependencias y colaboraciones entre los millones de organismos que pueblan el planeta, desde microsc\u00f3picas bacterias hasta los m\u00e1s grandes mam\u00edferos, y que juntos ponen en marcha el gran engranaje que hace posible la vida en la Tierra. Una oportunidad \u00fanica para conocer de cerca el valor incalculable de los seres vivos que pueblan la Tierra.\u00a0Ser\u00e1 del 15 al 27 de mayo, en la Sala 1 de la Casa de la Cultura.<\/p>\n<p>&nbsp;<\/p>\n<p>En definitiva, un completo cartel de actividades para demostrar que la Ciencia y la Tecnolog\u00eda son entretenidas, divertidas e importantes para el futuro de nuestros alumnos.<\/p>\n<p>Queremos agradecer desde aqu\u00ed la colaboraci\u00f3n de todos los grupos del Colegio, especialmente del AMPA, as\u00ed como del Ayuntamiento de Alcal\u00e1 de Guada\u00edra. Tambi\u00e9n ha contribuido la Asociaci\u00f3n Ornitol\u00f3gica Alg\u00fcira, la Fundaci\u00f3n Descubre y la empresa de energ\u00eda Arenales Solar PS. A todos ellos muchas gracias.<\/p>\n<p>[\/et_pb_text][\/et_pb_column][\/et_pb_row][et_pb_row][et_pb_column type=\u00bb1_3&#8243;][et_pb_image _builder_version=\u00bb3.0.105&#8243; src=\u00bbhttps:\/\/alcala.salesianos.edu\/wp-content\/uploads\/2018\/05\/ciencia-2.jpg\u00bb show_in_lightbox=\u00bboff\u00bb url_new_window=\u00bboff\u00bb use_overlay=\u00bboff\u00bb always_center_on_mobile=\u00bbon\u00bb force_fullwidth=\u00bboff\u00bb show_bottom_space=\u00bbon\u00bb \/][\/et_pb_column][et_pb_column type=\u00bb1_3&#8243;][et_pb_image _builder_version=\u00bb3.0.105&#8243; src=\u00bbhttps:\/\/alcala.salesianos.edu\/wp-content\/uploads\/2018\/05\/ciencia.jpg\u00bb show_in_lightbox=\u00bboff\u00bb url_new_window=\u00bboff\u00bb use_overlay=\u00bboff\u00bb always_center_on_mobile=\u00bbon\u00bb force_fullwidth=\u00bboff\u00bb show_bottom_space=\u00bbon\u00bb \/][\/et_pb_column][et_pb_column type=\u00bb1_3&#8243;][et_pb_image _builder_version=\u00bb3.0.105&#8243; src=\u00bbhttps:\/\/alcala.salesianos.edu\/wp-content\/uploads\/2018\/05\/ciencia-3.jpg\u00bb show_in_lightbox=\u00bboff\u00bb url_new_window=\u00bboff\u00bb use_overlay=\u00bboff\u00bb always_center_on_mobile=\u00bbon\u00bb force_fullwidth=\u00bboff\u00bb show_bottom_space=\u00bbon\u00bb \/][\/et_pb_column][\/et_pb_row][\/et_pb_section]<\/p>\n","protected":false},"excerpt":{"rendered":"<p><div class=\"et_pb_row et_pb_row_0 et_pb_row_empty\">\n\t\t\t\t\n\t\t\t\t\n\t\t\t\t\n\t\t\t\t\n\t\t\t\t\n\t\t\t<\/div> Durante las dos primeras semanas del mes de mayo, nuestro colegio celebrar\u00e1 distintas actividades enmarcadas en la III Semana de la Ciencia. &nbsp; El pistoletazo de salida lo ha dado la participaci\u00f3n en la 16\u00aa Feria de la Ciencia de Sevilla, con el proyecto titulado \u201cLa 6\u00aa extinci\u00f3n\u201d. Han sido varios miles de personas [&hellip;]<\/p>\n","protected":false},"author":2,"featured_media":0,"comment_status":"closed","ping_status":"open","sticky":false,"template":"","format":"standard","meta":{"_et_pb_use_builder":"on","_et_pb_old_content":"","_et_gb_content_width":"","footnotes":""},"categories":[12,19,13,17,14,15,18,16,1],"tags":[],"class_list":["post-9910","post","type-post","status-publish","format-standard","hentry","category-colegio","category-escuela-abierta","category-fasa","category-infantil","category-pastoral","category-portada","category-primaria","category-secundaria","category-uncategorized"],"yoast_head":"<!-- This site is optimized with the Yoast SEO plugin v28.4 - https:\/\/yoast.com\/product\/yoast-seo-wordpress\/ -->\n<title>III Semana de la Ciencia - Colegio Salesiano Alcal\u00e1<\/title>\n<meta name=\"robots\" content=\"index, follow, max-snippet:-1, max-image-preview:large, max-video-preview:-1\" \/>\n<link rel=\"canonical\" href=\"https:\/\/alcala.salesianos.edu\/colegio\/blog\/2018\/05\/08\/iii-semana-de-la-ciencia\/\" \/>\n<meta property=\"og:locale\" content=\"es_ES\" \/>\n<meta property=\"og:type\" content=\"article\" \/>\n<meta property=\"og:title\" content=\"III Semana de la Ciencia - Colegio Salesiano Alcal\u00e1\" \/>\n<meta property=\"og:description\" content=\"Durante las dos primeras semanas del mes de mayo, nuestro colegio celebrar\u00e1 distintas actividades enmarcadas en la III Semana de la Ciencia. &nbsp; El pistoletazo de salida lo ha dado la participaci\u00f3n en la 16\u00aa Feria de la Ciencia de Sevilla, con el proyecto titulado \u201cLa 6\u00aa extinci\u00f3n\u201d. Han sido varios miles de personas [&hellip;]\" \/>\n<meta property=\"og:url\" content=\"https:\/\/alcala.salesianos.edu\/colegio\/blog\/2018\/05\/08\/iii-semana-de-la-ciencia\/\" \/>\n<meta property=\"og:site_name\" content=\"Colegio Salesiano Alcal\u00e1\" \/>\n<meta property=\"article:published_time\" content=\"2018-05-08T13:05:11+00:00\" \/>\n<meta property=\"article:modified_time\" content=\"2025-08-27T08:01:41+00:00\" \/>\n<meta name=\"author\" content=\"Administrador Web\" \/>\n<meta name=\"twitter:card\" content=\"summary_large_image\" \/>\n<meta name=\"twitter:label1\" content=\"Escrito por\" \/>\n\t<meta name=\"twitter:data1\" content=\"Administrador Web\" \/>\n\t<meta name=\"twitter:label2\" content=\"Tiempo de lectura\" \/>\n\t<meta name=\"twitter:data2\" content=\"4 minutos\" \/>\n<script type=\"application\/ld+json\" class=\"yoast-schema-graph\">{\"@context\":\"https:\\\/\\\/schema.org\",\"@graph\":[{\"@type\":\"Article\",\"@id\":\"https:\\\/\\\/alcala.salesianos.edu\\\/colegio\\\/blog\\\/2018\\\/05\\\/08\\\/iii-semana-de-la-ciencia\\\/#article\",\"isPartOf\":{\"@id\":\"https:\\\/\\\/alcala.salesianos.edu\\\/colegio\\\/blog\\\/2018\\\/05\\\/08\\\/iii-semana-de-la-ciencia\\\/\"},\"author\":{\"name\":\"Administrador Web\",\"@id\":\"https:\\\/\\\/alcala.salesianos.edu\\\/colegio\\\/#\\\/schema\\\/person\\\/afcc24f776dc91fc2bf9afb0998fca77\"},\"headline\":\"III Semana de la Ciencia\",\"datePublished\":\"2018-05-08T13:05:11+00:00\",\"dateModified\":\"2025-08-27T08:01:41+00:00\",\"mainEntityOfPage\":{\"@id\":\"https:\\\/\\\/alcala.salesianos.edu\\\/colegio\\\/blog\\\/2018\\\/05\\\/08\\\/iii-semana-de-la-ciencia\\\/\"},\"wordCount\":761,\"image\":{\"@id\":\"https:\\\/\\\/alcala.salesianos.edu\\\/colegio\\\/blog\\\/2018\\\/05\\\/08\\\/iii-semana-de-la-ciencia\\\/#primaryimage\"},\"thumbnailUrl\":\"https:\\\/\\\/alcala.salesianos.edu\\\/wp-content\\\/uploads\\\/2018\\\/05\\\/WhatsApp-Image-2018-05-12-at-19.51.26-212x300.jpeg\",\"articleSection\":[\"Colegio\",\"Escuela abierta\",\"FASA\",\"Infantil\",\"Pastoral\",\"Portada\",\"Primaria\",\"Secundaria\",\"Uncategorized\"],\"inLanguage\":\"es\"},{\"@type\":\"WebPage\",\"@id\":\"https:\\\/\\\/alcala.salesianos.edu\\\/colegio\\\/blog\\\/2018\\\/05\\\/08\\\/iii-semana-de-la-ciencia\\\/\",\"url\":\"https:\\\/\\\/alcala.salesianos.edu\\\/colegio\\\/blog\\\/2018\\\/05\\\/08\\\/iii-semana-de-la-ciencia\\\/\",\"name\":\"III Semana de la Ciencia - Colegio Salesiano Alcal\u00e1\",\"isPartOf\":{\"@id\":\"https:\\\/\\\/alcala.salesianos.edu\\\/colegio\\\/#website\"},\"primaryImageOfPage\":{\"@id\":\"https:\\\/\\\/alcala.salesianos.edu\\\/colegio\\\/blog\\\/2018\\\/05\\\/08\\\/iii-semana-de-la-ciencia\\\/#primaryimage\"},\"image\":{\"@id\":\"https:\\\/\\\/alcala.salesianos.edu\\\/colegio\\\/blog\\\/2018\\\/05\\\/08\\\/iii-semana-de-la-ciencia\\\/#primaryimage\"},\"thumbnailUrl\":\"https:\\\/\\\/alcala.salesianos.edu\\\/wp-content\\\/uploads\\\/2018\\\/05\\\/WhatsApp-Image-2018-05-12-at-19.51.26-212x300.jpeg\",\"datePublished\":\"2018-05-08T13:05:11+00:00\",\"dateModified\":\"2025-08-27T08:01:41+00:00\",\"author\":{\"@id\":\"https:\\\/\\\/alcala.salesianos.edu\\\/colegio\\\/#\\\/schema\\\/person\\\/afcc24f776dc91fc2bf9afb0998fca77\"},\"breadcrumb\":{\"@id\":\"https:\\\/\\\/alcala.salesianos.edu\\\/colegio\\\/blog\\\/2018\\\/05\\\/08\\\/iii-semana-de-la-ciencia\\\/#breadcrumb\"},\"inLanguage\":\"es\",\"potentialAction\":[{\"@type\":\"ReadAction\",\"target\":[\"https:\\\/\\\/alcala.salesianos.edu\\\/colegio\\\/blog\\\/2018\\\/05\\\/08\\\/iii-semana-de-la-ciencia\\\/\"]}]},{\"@type\":\"ImageObject\",\"inLanguage\":\"es\",\"@id\":\"https:\\\/\\\/alcala.salesianos.edu\\\/colegio\\\/blog\\\/2018\\\/05\\\/08\\\/iii-semana-de-la-ciencia\\\/#primaryimage\",\"url\":\"https:\\\/\\\/alcala.salesianos.edu\\\/wp-content\\\/uploads\\\/2018\\\/05\\\/WhatsApp-Image-2018-05-12-at-19.51.26-212x300.jpeg\",\"contentUrl\":\"https:\\\/\\\/alcala.salesianos.edu\\\/wp-content\\\/uploads\\\/2018\\\/05\\\/WhatsApp-Image-2018-05-12-at-19.51.26-212x300.jpeg\"},{\"@type\":\"BreadcrumbList\",\"@id\":\"https:\\\/\\\/alcala.salesianos.edu\\\/colegio\\\/blog\\\/2018\\\/05\\\/08\\\/iii-semana-de-la-ciencia\\\/#breadcrumb\",\"itemListElement\":[{\"@type\":\"ListItem\",\"position\":1,\"name\":\"Portada\",\"item\":\"https:\\\/\\\/alcala.salesianos.edu\\\/colegio\\\/\"},{\"@type\":\"ListItem\",\"position\":2,\"name\":\"III Semana de la Ciencia\"}]},{\"@type\":\"WebSite\",\"@id\":\"https:\\\/\\\/alcala.salesianos.edu\\\/colegio\\\/#website\",\"url\":\"https:\\\/\\\/alcala.salesianos.edu\\\/colegio\\\/\",\"name\":\"Colegio Salesiano Alcal\u00e1\",\"description\":\"P\u00e1gina oficial de Salesianos Alcal\u00e1 de Guadaira\",\"potentialAction\":[{\"@type\":\"SearchAction\",\"target\":{\"@type\":\"EntryPoint\",\"urlTemplate\":\"https:\\\/\\\/alcala.salesianos.edu\\\/colegio\\\/?s={search_term_string}\"},\"query-input\":{\"@type\":\"PropertyValueSpecification\",\"valueRequired\":true,\"valueName\":\"search_term_string\"}}],\"inLanguage\":\"es\"},{\"@type\":\"Person\",\"@id\":\"https:\\\/\\\/alcala.salesianos.edu\\\/colegio\\\/#\\\/schema\\\/person\\\/afcc24f776dc91fc2bf9afb0998fca77\",\"name\":\"Administrador Web\",\"image\":{\"@type\":\"ImageObject\",\"inLanguage\":\"es\",\"@id\":\"https:\\\/\\\/secure.gravatar.com\\\/avatar\\\/bc157e994689bd6da9645c00aa3bc4d55b727915b6652642660db0aef086585f?s=96&d=mm&r=g\",\"url\":\"https:\\\/\\\/secure.gravatar.com\\\/avatar\\\/bc157e994689bd6da9645c00aa3bc4d55b727915b6652642660db0aef086585f?s=96&d=mm&r=g\",\"contentUrl\":\"https:\\\/\\\/secure.gravatar.com\\\/avatar\\\/bc157e994689bd6da9645c00aa3bc4d55b727915b6652642660db0aef086585f?s=96&d=mm&r=g\",\"caption\":\"Administrador Web\"}}]}<\/script>\n<!-- \/ Yoast SEO plugin. -->","yoast_head_json":{"title":"III Semana de la Ciencia - Colegio Salesiano Alcal\u00e1","robots":{"index":"index","follow":"follow","max-snippet":"max-snippet:-1","max-image-preview":"max-image-preview:large","max-video-preview":"max-video-preview:-1"},"canonical":"https:\/\/alcala.salesianos.edu\/colegio\/blog\/2018\/05\/08\/iii-semana-de-la-ciencia\/","og_locale":"es_ES","og_type":"article","og_title":"III Semana de la Ciencia - Colegio Salesiano Alcal\u00e1","og_description":"Durante las dos primeras semanas del mes de mayo, nuestro colegio celebrar\u00e1 distintas actividades enmarcadas en la III Semana de la Ciencia. &nbsp; El pistoletazo de salida lo ha dado la participaci\u00f3n en la 16\u00aa Feria de la Ciencia de Sevilla, con el proyecto titulado \u201cLa 6\u00aa extinci\u00f3n\u201d. Han sido varios miles de personas [&hellip;]","og_url":"https:\/\/alcala.salesianos.edu\/colegio\/blog\/2018\/05\/08\/iii-semana-de-la-ciencia\/","og_site_name":"Colegio Salesiano Alcal\u00e1","article_published_time":"2018-05-08T13:05:11+00:00","article_modified_time":"2025-08-27T08:01:41+00:00","author":"Administrador Web","twitter_card":"summary_large_image","twitter_misc":{"Escrito por":"Administrador Web","Tiempo de lectura":"4 minutos"},"schema":{"@context":"https:\/\/schema.org","@graph":[{"@type":"Article","@id":"https:\/\/alcala.salesianos.edu\/colegio\/blog\/2018\/05\/08\/iii-semana-de-la-ciencia\/#article","isPartOf":{"@id":"https:\/\/alcala.salesianos.edu\/colegio\/blog\/2018\/05\/08\/iii-semana-de-la-ciencia\/"},"author":{"name":"Administrador Web","@id":"https:\/\/alcala.salesianos.edu\/colegio\/#\/schema\/person\/afcc24f776dc91fc2bf9afb0998fca77"},"headline":"III Semana de la Ciencia","datePublished":"2018-05-08T13:05:11+00:00","dateModified":"2025-08-27T08:01:41+00:00","mainEntityOfPage":{"@id":"https:\/\/alcala.salesianos.edu\/colegio\/blog\/2018\/05\/08\/iii-semana-de-la-ciencia\/"},"wordCount":761,"image":{"@id":"https:\/\/alcala.salesianos.edu\/colegio\/blog\/2018\/05\/08\/iii-semana-de-la-ciencia\/#primaryimage"},"thumbnailUrl":"https:\/\/alcala.salesianos.edu\/wp-content\/uploads\/2018\/05\/WhatsApp-Image-2018-05-12-at-19.51.26-212x300.jpeg","articleSection":["Colegio","Escuela abierta","FASA","Infantil","Pastoral","Portada","Primaria","Secundaria","Uncategorized"],"inLanguage":"es"},{"@type":"WebPage","@id":"https:\/\/alcala.salesianos.edu\/colegio\/blog\/2018\/05\/08\/iii-semana-de-la-ciencia\/","url":"https:\/\/alcala.salesianos.edu\/colegio\/blog\/2018\/05\/08\/iii-semana-de-la-ciencia\/","name":"III Semana de la Ciencia - Colegio Salesiano Alcal\u00e1","isPartOf":{"@id":"https:\/\/alcala.salesianos.edu\/colegio\/#website"},"primaryImageOfPage":{"@id":"https:\/\/alcala.salesianos.edu\/colegio\/blog\/2018\/05\/08\/iii-semana-de-la-ciencia\/#primaryimage"},"image":{"@id":"https:\/\/alcala.salesianos.edu\/colegio\/blog\/2018\/05\/08\/iii-semana-de-la-ciencia\/#primaryimage"},"thumbnailUrl":"https:\/\/alcala.salesianos.edu\/wp-content\/uploads\/2018\/05\/WhatsApp-Image-2018-05-12-at-19.51.26-212x300.jpeg","datePublished":"2018-05-08T13:05:11+00:00","dateModified":"2025-08-27T08:01:41+00:00","author":{"@id":"https:\/\/alcala.salesianos.edu\/colegio\/#\/schema\/person\/afcc24f776dc91fc2bf9afb0998fca77"},"breadcrumb":{"@id":"https:\/\/alcala.salesianos.edu\/colegio\/blog\/2018\/05\/08\/iii-semana-de-la-ciencia\/#breadcrumb"},"inLanguage":"es","potentialAction":[{"@type":"ReadAction","target":["https:\/\/alcala.salesianos.edu\/colegio\/blog\/2018\/05\/08\/iii-semana-de-la-ciencia\/"]}]},{"@type":"ImageObject","inLanguage":"es","@id":"https:\/\/alcala.salesianos.edu\/colegio\/blog\/2018\/05\/08\/iii-semana-de-la-ciencia\/#primaryimage","url":"https:\/\/alcala.salesianos.edu\/wp-content\/uploads\/2018\/05\/WhatsApp-Image-2018-05-12-at-19.51.26-212x300.jpeg","contentUrl":"https:\/\/alcala.salesianos.edu\/wp-content\/uploads\/2018\/05\/WhatsApp-Image-2018-05-12-at-19.51.26-212x300.jpeg"},{"@type":"BreadcrumbList","@id":"https:\/\/alcala.salesianos.edu\/colegio\/blog\/2018\/05\/08\/iii-semana-de-la-ciencia\/#breadcrumb","itemListElement":[{"@type":"ListItem","position":1,"name":"Portada","item":"https:\/\/alcala.salesianos.edu\/colegio\/"},{"@type":"ListItem","position":2,"name":"III Semana de la Ciencia"}]},{"@type":"WebSite","@id":"https:\/\/alcala.salesianos.edu\/colegio\/#website","url":"https:\/\/alcala.salesianos.edu\/colegio\/","name":"Colegio Salesiano Alcal\u00e1","description":"P\u00e1gina oficial de Salesianos Alcal\u00e1 de Guadaira","potentialAction":[{"@type":"SearchAction","target":{"@type":"EntryPoint","urlTemplate":"https:\/\/alcala.salesianos.edu\/colegio\/?s={search_term_string}"},"query-input":{"@type":"PropertyValueSpecification","valueRequired":true,"valueName":"search_term_string"}}],"inLanguage":"es"},{"@type":"Person","@id":"https:\/\/alcala.salesianos.edu\/colegio\/#\/schema\/person\/afcc24f776dc91fc2bf9afb0998fca77","name":"Administrador Web","image":{"@type":"ImageObject","inLanguage":"es","@id":"https:\/\/secure.gravatar.com\/avatar\/bc157e994689bd6da9645c00aa3bc4d55b727915b6652642660db0aef086585f?s=96&d=mm&r=g","url":"https:\/\/secure.gravatar.com\/avatar\/bc157e994689bd6da9645c00aa3bc4d55b727915b6652642660db0aef086585f?s=96&d=mm&r=g","contentUrl":"https:\/\/secure.gravatar.com\/avatar\/bc157e994689bd6da9645c00aa3bc4d55b727915b6652642660db0aef086585f?s=96&d=mm&r=g","caption":"Administrador Web"}}]}},"_links":{"self":[{"href":"https:\/\/alcala.salesianos.edu\/colegio\/wp-json\/wp\/v2\/posts\/9910","targetHints":{"allow":["GET"]}}],"collection":[{"href":"https:\/\/alcala.salesianos.edu\/colegio\/wp-json\/wp\/v2\/posts"}],"about":[{"href":"https:\/\/alcala.salesianos.edu\/colegio\/wp-json\/wp\/v2\/types\/post"}],"author":[{"embeddable":true,"href":"https:\/\/alcala.salesianos.edu\/colegio\/wp-json\/wp\/v2\/users\/2"}],"replies":[{"embeddable":true,"href":"https:\/\/alcala.salesianos.edu\/colegio\/wp-json\/wp\/v2\/comments?post=9910"}],"version-history":[{"count":14,"href":"https:\/\/alcala.salesianos.edu\/colegio\/wp-json\/wp\/v2\/posts\/9910\/revisions"}],"predecessor-version":[{"id":16519,"href":"https:\/\/alcala.salesianos.edu\/colegio\/wp-json\/wp\/v2\/posts\/9910\/revisions\/16519"}],"wp:attachment":[{"href":"https:\/\/alcala.salesianos.edu\/colegio\/wp-json\/wp\/v2\/media?parent=9910"}],"wp:term":[{"taxonomy":"category","embeddable":true,"href":"https:\/\/alcala.salesianos.edu\/colegio\/wp-json\/wp\/v2\/categories?post=9910"},{"taxonomy":"post_tag","embeddable":true,"href":"https:\/\/alcala.salesianos.edu\/colegio\/wp-json\/wp\/v2\/tags?post=9910"}],"curies":[{"name":"wp","href":"https:\/\/api.w.org\/{rel}","templated":true}]}}