{"id":9905,"date":"2018-05-04T15:25:38","date_gmt":"2018-05-04T14:25:38","guid":{"rendered":"https:\/\/alcala.salesianos.edu\/colegio\/blog\/2018\/05\/04\/los-alumnos-de-4o-de-educacion-secundaria-cierran-su-programa-de-intercambio-cultural\/"},"modified":"2025-08-27T09:01:41","modified_gmt":"2025-08-27T08:01:41","slug":"los-alumnos-de-4o-de-educacion-secundaria-cierran-su-programa-de-intercambio-cultural","status":"publish","type":"post","link":"https:\/\/alcala.salesianos.edu\/colegio\/blog\/2018\/05\/04\/los-alumnos-de-4o-de-educacion-secundaria-cierran-su-programa-de-intercambio-cultural\/","title":{"rendered":"Los alumnos de 4\u00ba de Educaci\u00f3n Secundaria cierran su programa de intercambio cultural."},"content":{"rendered":"<div id=\"fb-root\"><\/div>\n<p>[et_pb_section bb_built=\u00bb1&#8243;][et_pb_row][et_pb_column type=\u00bb4_4&#8243;][et_pb_text _builder_version=\u00bb3.0.105&#8243; background_layout=\u00bblight\u00bb]<\/p>\n<p><img loading=\"lazy\" decoding=\"async\" class=\" wp-image-5282 alignleft\" src=\"https:\/\/alcala.salesianos.edu\/wp-content\/uploads\/2018\/05\/20180503_134109-300x225.jpg\" alt=\"\" width=\"319\" height=\"239\" \/><\/p>\n<p>Tras un intenso y v\u00edvido intercambio con el Lyc\u00e9e Antoine de Saint-Exup\u00e9ry, en la localidad parisina de Mantes la Jolie, nuestros chicos de 4\u00b0 de la ESO concluyen su experiencia con sus diarios de viaje.<\/p>\n<div dir=\"auto\">Han hecho verdaderas joyas en las que han recogido vivencias, analizado los monumentos culturales que han conocido, aumentado su conocimiento del franc\u00e9s en convivencia con fanilias francesas, entablado relaciones de amistad con chicos franceses de su edad y fortalecido las que ya ten\u00edan entre los propios alumnos de su grupo.<\/div>\n<div dir=\"auto\">De esta manera, adem\u00e1s de una nota en la materia de franc\u00e9s, tendr\u00e1n un recuerdo para siempre.<\/div>\n<p>[\/et_pb_text][\/et_pb_column][\/et_pb_row][\/et_pb_section]<\/p>\n","protected":false},"excerpt":{"rendered":"<p><div class=\"et_pb_row et_pb_row_0 et_pb_row_empty\">\n\t\t\t\t\n\t\t\t\t\n\t\t\t\t\n\t\t\t\t\n\t\t\t\t\n\t\t\t<\/div> Tras un intenso y v\u00edvido intercambio con el Lyc\u00e9e Antoine de Saint-Exup\u00e9ry, en la localidad parisina de Mantes la Jolie, nuestros chicos de 4\u00b0 de la ESO concluyen su experiencia con sus diarios de viaje. Han hecho verdaderas joyas en las que han recogido vivencias, analizado los monumentos culturales que han conocido, aumentado su [&hellip;]<\/p>\n","protected":false},"author":2,"featured_media":0,"comment_status":"closed","ping_status":"open","sticky":false,"template":"","format":"standard","meta":{"_et_pb_use_builder":"on","_et_pb_old_content":"","_et_gb_content_width":"","footnotes":""},"categories":[19,13,17,14,15,18,16,1],"tags":[],"class_list":["post-9905","post","type-post","status-publish","format-standard","hentry","category-escuela-abierta","category-fasa","category-infantil","category-pastoral","category-portada","category-primaria","category-secundaria","category-uncategorized"],"yoast_head":"<!-- This site is optimized with the Yoast SEO plugin v28.4 - https:\/\/yoast.com\/product\/yoast-seo-wordpress\/ -->\n<title>Los alumnos de 4\u00ba de Educaci\u00f3n Secundaria cierran su programa de intercambio cultural. - Colegio Salesiano Alcal\u00e1<\/title>\n<meta name=\"robots\" content=\"index, follow, max-snippet:-1, max-image-preview:large, max-video-preview:-1\" \/>\n<link rel=\"canonical\" href=\"https:\/\/alcala.salesianos.edu\/colegio\/blog\/2018\/05\/04\/los-alumnos-de-4o-de-educacion-secundaria-cierran-su-programa-de-intercambio-cultural\/\" \/>\n<meta property=\"og:locale\" content=\"es_ES\" \/>\n<meta property=\"og:type\" content=\"article\" \/>\n<meta property=\"og:title\" content=\"Los alumnos de 4\u00ba de Educaci\u00f3n Secundaria cierran su programa de intercambio cultural. - Colegio Salesiano Alcal\u00e1\" \/>\n<meta property=\"og:description\" content=\"Tras un intenso y v\u00edvido intercambio con el Lyc\u00e9e Antoine de Saint-Exup\u00e9ry, en la localidad parisina de Mantes la Jolie, nuestros chicos de 4\u00b0 de la ESO concluyen su experiencia con sus diarios de viaje. Han hecho verdaderas joyas en las que han recogido vivencias, analizado los monumentos culturales que han conocido, aumentado su [&hellip;]\" \/>\n<meta property=\"og:url\" content=\"https:\/\/alcala.salesianos.edu\/colegio\/blog\/2018\/05\/04\/los-alumnos-de-4o-de-educacion-secundaria-cierran-su-programa-de-intercambio-cultural\/\" \/>\n<meta property=\"og:site_name\" content=\"Colegio Salesiano Alcal\u00e1\" \/>\n<meta property=\"article:published_time\" content=\"2018-05-04T14:25:38+00:00\" \/>\n<meta property=\"article:modified_time\" content=\"2025-08-27T08:01:41+00:00\" \/>\n<meta name=\"author\" content=\"Administrador Web\" \/>\n<meta name=\"twitter:card\" content=\"summary_large_image\" \/>\n<meta name=\"twitter:label1\" content=\"Escrito por\" \/>\n\t<meta name=\"twitter:data1\" content=\"Administrador Web\" \/>\n\t<meta name=\"twitter:label2\" content=\"Tiempo de lectura\" \/>\n\t<meta name=\"twitter:data2\" content=\"1 minuto\" \/>\n<script type=\"application\/ld+json\" class=\"yoast-schema-graph\">{\"@context\":\"https:\\\/\\\/schema.org\",\"@graph\":[{\"@type\":\"Article\",\"@id\":\"https:\\\/\\\/alcala.salesianos.edu\\\/colegio\\\/blog\\\/2018\\\/05\\\/04\\\/los-alumnos-de-4o-de-educacion-secundaria-cierran-su-programa-de-intercambio-cultural\\\/#article\",\"isPartOf\":{\"@id\":\"https:\\\/\\\/alcala.salesianos.edu\\\/colegio\\\/blog\\\/2018\\\/05\\\/04\\\/los-alumnos-de-4o-de-educacion-secundaria-cierran-su-programa-de-intercambio-cultural\\\/\"},\"author\":{\"name\":\"Administrador Web\",\"@id\":\"https:\\\/\\\/alcala.salesianos.edu\\\/colegio\\\/#\\\/schema\\\/person\\\/afcc24f776dc91fc2bf9afb0998fca77\"},\"headline\":\"Los alumnos de 4\u00ba de Educaci\u00f3n Secundaria cierran su programa de intercambio cultural.\",\"datePublished\":\"2018-05-04T14:25:38+00:00\",\"dateModified\":\"2025-08-27T08:01:41+00:00\",\"mainEntityOfPage\":{\"@id\":\"https:\\\/\\\/alcala.salesianos.edu\\\/colegio\\\/blog\\\/2018\\\/05\\\/04\\\/los-alumnos-de-4o-de-educacion-secundaria-cierran-su-programa-de-intercambio-cultural\\\/\"},\"wordCount\":154,\"image\":{\"@id\":\"https:\\\/\\\/alcala.salesianos.edu\\\/colegio\\\/blog\\\/2018\\\/05\\\/04\\\/los-alumnos-de-4o-de-educacion-secundaria-cierran-su-programa-de-intercambio-cultural\\\/#primaryimage\"},\"thumbnailUrl\":\"https:\\\/\\\/alcala.salesianos.edu\\\/wp-content\\\/uploads\\\/2018\\\/05\\\/20180503_134109-300x225.jpg\",\"articleSection\":[\"Escuela abierta\",\"FASA\",\"Infantil\",\"Pastoral\",\"Portada\",\"Primaria\",\"Secundaria\",\"Uncategorized\"],\"inLanguage\":\"es\"},{\"@type\":\"WebPage\",\"@id\":\"https:\\\/\\\/alcala.salesianos.edu\\\/colegio\\\/blog\\\/2018\\\/05\\\/04\\\/los-alumnos-de-4o-de-educacion-secundaria-cierran-su-programa-de-intercambio-cultural\\\/\",\"url\":\"https:\\\/\\\/alcala.salesianos.edu\\\/colegio\\\/blog\\\/2018\\\/05\\\/04\\\/los-alumnos-de-4o-de-educacion-secundaria-cierran-su-programa-de-intercambio-cultural\\\/\",\"name\":\"Los alumnos de 4\u00ba de Educaci\u00f3n Secundaria cierran su programa de intercambio cultural. - Colegio Salesiano Alcal\u00e1\",\"isPartOf\":{\"@id\":\"https:\\\/\\\/alcala.salesianos.edu\\\/colegio\\\/#website\"},\"primaryImageOfPage\":{\"@id\":\"https:\\\/\\\/alcala.salesianos.edu\\\/colegio\\\/blog\\\/2018\\\/05\\\/04\\\/los-alumnos-de-4o-de-educacion-secundaria-cierran-su-programa-de-intercambio-cultural\\\/#primaryimage\"},\"image\":{\"@id\":\"https:\\\/\\\/alcala.salesianos.edu\\\/colegio\\\/blog\\\/2018\\\/05\\\/04\\\/los-alumnos-de-4o-de-educacion-secundaria-cierran-su-programa-de-intercambio-cultural\\\/#primaryimage\"},\"thumbnailUrl\":\"https:\\\/\\\/alcala.salesianos.edu\\\/wp-content\\\/uploads\\\/2018\\\/05\\\/20180503_134109-300x225.jpg\",\"datePublished\":\"2018-05-04T14:25:38+00:00\",\"dateModified\":\"2025-08-27T08:01:41+00:00\",\"author\":{\"@id\":\"https:\\\/\\\/alcala.salesianos.edu\\\/colegio\\\/#\\\/schema\\\/person\\\/afcc24f776dc91fc2bf9afb0998fca77\"},\"breadcrumb\":{\"@id\":\"https:\\\/\\\/alcala.salesianos.edu\\\/colegio\\\/blog\\\/2018\\\/05\\\/04\\\/los-alumnos-de-4o-de-educacion-secundaria-cierran-su-programa-de-intercambio-cultural\\\/#breadcrumb\"},\"inLanguage\":\"es\",\"potentialAction\":[{\"@type\":\"ReadAction\",\"target\":[\"https:\\\/\\\/alcala.salesianos.edu\\\/colegio\\\/blog\\\/2018\\\/05\\\/04\\\/los-alumnos-de-4o-de-educacion-secundaria-cierran-su-programa-de-intercambio-cultural\\\/\"]}]},{\"@type\":\"ImageObject\",\"inLanguage\":\"es\",\"@id\":\"https:\\\/\\\/alcala.salesianos.edu\\\/colegio\\\/blog\\\/2018\\\/05\\\/04\\\/los-alumnos-de-4o-de-educacion-secundaria-cierran-su-programa-de-intercambio-cultural\\\/#primaryimage\",\"url\":\"https:\\\/\\\/alcala.salesianos.edu\\\/wp-content\\\/uploads\\\/2018\\\/05\\\/20180503_134109-300x225.jpg\",\"contentUrl\":\"https:\\\/\\\/alcala.salesianos.edu\\\/wp-content\\\/uploads\\\/2018\\\/05\\\/20180503_134109-300x225.jpg\"},{\"@type\":\"BreadcrumbList\",\"@id\":\"https:\\\/\\\/alcala.salesianos.edu\\\/colegio\\\/blog\\\/2018\\\/05\\\/04\\\/los-alumnos-de-4o-de-educacion-secundaria-cierran-su-programa-de-intercambio-cultural\\\/#breadcrumb\",\"itemListElement\":[{\"@type\":\"ListItem\",\"position\":1,\"name\":\"Portada\",\"item\":\"https:\\\/\\\/alcala.salesianos.edu\\\/colegio\\\/\"},{\"@type\":\"ListItem\",\"position\":2,\"name\":\"Los alumnos de 4\u00ba de Educaci\u00f3n Secundaria cierran su programa de intercambio cultural.\"}]},{\"@type\":\"WebSite\",\"@id\":\"https:\\\/\\\/alcala.salesianos.edu\\\/colegio\\\/#website\",\"url\":\"https:\\\/\\\/alcala.salesianos.edu\\\/colegio\\\/\",\"name\":\"Colegio Salesiano Alcal\u00e1\",\"description\":\"P\u00e1gina oficial de Salesianos Alcal\u00e1 de Guadaira\",\"potentialAction\":[{\"@type\":\"SearchAction\",\"target\":{\"@type\":\"EntryPoint\",\"urlTemplate\":\"https:\\\/\\\/alcala.salesianos.edu\\\/colegio\\\/?s={search_term_string}\"},\"query-input\":{\"@type\":\"PropertyValueSpecification\",\"valueRequired\":true,\"valueName\":\"search_term_string\"}}],\"inLanguage\":\"es\"},{\"@type\":\"Person\",\"@id\":\"https:\\\/\\\/alcala.salesianos.edu\\\/colegio\\\/#\\\/schema\\\/person\\\/afcc24f776dc91fc2bf9afb0998fca77\",\"name\":\"Administrador Web\",\"image\":{\"@type\":\"ImageObject\",\"inLanguage\":\"es\",\"@id\":\"https:\\\/\\\/secure.gravatar.com\\\/avatar\\\/bc157e994689bd6da9645c00aa3bc4d55b727915b6652642660db0aef086585f?s=96&d=mm&r=g\",\"url\":\"https:\\\/\\\/secure.gravatar.com\\\/avatar\\\/bc157e994689bd6da9645c00aa3bc4d55b727915b6652642660db0aef086585f?s=96&d=mm&r=g\",\"contentUrl\":\"https:\\\/\\\/secure.gravatar.com\\\/avatar\\\/bc157e994689bd6da9645c00aa3bc4d55b727915b6652642660db0aef086585f?s=96&d=mm&r=g\",\"caption\":\"Administrador Web\"}}]}<\/script>\n<!-- \/ Yoast SEO plugin. -->","yoast_head_json":{"title":"Los alumnos de 4\u00ba de Educaci\u00f3n Secundaria cierran su programa de intercambio cultural. - Colegio Salesiano Alcal\u00e1","robots":{"index":"index","follow":"follow","max-snippet":"max-snippet:-1","max-image-preview":"max-image-preview:large","max-video-preview":"max-video-preview:-1"},"canonical":"https:\/\/alcala.salesianos.edu\/colegio\/blog\/2018\/05\/04\/los-alumnos-de-4o-de-educacion-secundaria-cierran-su-programa-de-intercambio-cultural\/","og_locale":"es_ES","og_type":"article","og_title":"Los alumnos de 4\u00ba de Educaci\u00f3n Secundaria cierran su programa de intercambio cultural. - Colegio Salesiano Alcal\u00e1","og_description":"Tras un intenso y v\u00edvido intercambio con el Lyc\u00e9e Antoine de Saint-Exup\u00e9ry, en la localidad parisina de Mantes la Jolie, nuestros chicos de 4\u00b0 de la ESO concluyen su experiencia con sus diarios de viaje. Han hecho verdaderas joyas en las que han recogido vivencias, analizado los monumentos culturales que han conocido, aumentado su [&hellip;]","og_url":"https:\/\/alcala.salesianos.edu\/colegio\/blog\/2018\/05\/04\/los-alumnos-de-4o-de-educacion-secundaria-cierran-su-programa-de-intercambio-cultural\/","og_site_name":"Colegio Salesiano Alcal\u00e1","article_published_time":"2018-05-04T14:25:38+00:00","article_modified_time":"2025-08-27T08:01:41+00:00","author":"Administrador Web","twitter_card":"summary_large_image","twitter_misc":{"Escrito por":"Administrador Web","Tiempo de lectura":"1 minuto"},"schema":{"@context":"https:\/\/schema.org","@graph":[{"@type":"Article","@id":"https:\/\/alcala.salesianos.edu\/colegio\/blog\/2018\/05\/04\/los-alumnos-de-4o-de-educacion-secundaria-cierran-su-programa-de-intercambio-cultural\/#article","isPartOf":{"@id":"https:\/\/alcala.salesianos.edu\/colegio\/blog\/2018\/05\/04\/los-alumnos-de-4o-de-educacion-secundaria-cierran-su-programa-de-intercambio-cultural\/"},"author":{"name":"Administrador Web","@id":"https:\/\/alcala.salesianos.edu\/colegio\/#\/schema\/person\/afcc24f776dc91fc2bf9afb0998fca77"},"headline":"Los alumnos de 4\u00ba de Educaci\u00f3n Secundaria cierran su programa de intercambio cultural.","datePublished":"2018-05-04T14:25:38+00:00","dateModified":"2025-08-27T08:01:41+00:00","mainEntityOfPage":{"@id":"https:\/\/alcala.salesianos.edu\/colegio\/blog\/2018\/05\/04\/los-alumnos-de-4o-de-educacion-secundaria-cierran-su-programa-de-intercambio-cultural\/"},"wordCount":154,"image":{"@id":"https:\/\/alcala.salesianos.edu\/colegio\/blog\/2018\/05\/04\/los-alumnos-de-4o-de-educacion-secundaria-cierran-su-programa-de-intercambio-cultural\/#primaryimage"},"thumbnailUrl":"https:\/\/alcala.salesianos.edu\/wp-content\/uploads\/2018\/05\/20180503_134109-300x225.jpg","articleSection":["Escuela abierta","FASA","Infantil","Pastoral","Portada","Primaria","Secundaria","Uncategorized"],"inLanguage":"es"},{"@type":"WebPage","@id":"https:\/\/alcala.salesianos.edu\/colegio\/blog\/2018\/05\/04\/los-alumnos-de-4o-de-educacion-secundaria-cierran-su-programa-de-intercambio-cultural\/","url":"https:\/\/alcala.salesianos.edu\/colegio\/blog\/2018\/05\/04\/los-alumnos-de-4o-de-educacion-secundaria-cierran-su-programa-de-intercambio-cultural\/","name":"Los alumnos de 4\u00ba de Educaci\u00f3n Secundaria cierran su programa de intercambio cultural. - Colegio Salesiano Alcal\u00e1","isPartOf":{"@id":"https:\/\/alcala.salesianos.edu\/colegio\/#website"},"primaryImageOfPage":{"@id":"https:\/\/alcala.salesianos.edu\/colegio\/blog\/2018\/05\/04\/los-alumnos-de-4o-de-educacion-secundaria-cierran-su-programa-de-intercambio-cultural\/#primaryimage"},"image":{"@id":"https:\/\/alcala.salesianos.edu\/colegio\/blog\/2018\/05\/04\/los-alumnos-de-4o-de-educacion-secundaria-cierran-su-programa-de-intercambio-cultural\/#primaryimage"},"thumbnailUrl":"https:\/\/alcala.salesianos.edu\/wp-content\/uploads\/2018\/05\/20180503_134109-300x225.jpg","datePublished":"2018-05-04T14:25:38+00:00","dateModified":"2025-08-27T08:01:41+00:00","author":{"@id":"https:\/\/alcala.salesianos.edu\/colegio\/#\/schema\/person\/afcc24f776dc91fc2bf9afb0998fca77"},"breadcrumb":{"@id":"https:\/\/alcala.salesianos.edu\/colegio\/blog\/2018\/05\/04\/los-alumnos-de-4o-de-educacion-secundaria-cierran-su-programa-de-intercambio-cultural\/#breadcrumb"},"inLanguage":"es","potentialAction":[{"@type":"ReadAction","target":["https:\/\/alcala.salesianos.edu\/colegio\/blog\/2018\/05\/04\/los-alumnos-de-4o-de-educacion-secundaria-cierran-su-programa-de-intercambio-cultural\/"]}]},{"@type":"ImageObject","inLanguage":"es","@id":"https:\/\/alcala.salesianos.edu\/colegio\/blog\/2018\/05\/04\/los-alumnos-de-4o-de-educacion-secundaria-cierran-su-programa-de-intercambio-cultural\/#primaryimage","url":"https:\/\/alcala.salesianos.edu\/wp-content\/uploads\/2018\/05\/20180503_134109-300x225.jpg","contentUrl":"https:\/\/alcala.salesianos.edu\/wp-content\/uploads\/2018\/05\/20180503_134109-300x225.jpg"},{"@type":"BreadcrumbList","@id":"https:\/\/alcala.salesianos.edu\/colegio\/blog\/2018\/05\/04\/los-alumnos-de-4o-de-educacion-secundaria-cierran-su-programa-de-intercambio-cultural\/#breadcrumb","itemListElement":[{"@type":"ListItem","position":1,"name":"Portada","item":"https:\/\/alcala.salesianos.edu\/colegio\/"},{"@type":"ListItem","position":2,"name":"Los alumnos de 4\u00ba de Educaci\u00f3n Secundaria cierran su programa de intercambio cultural."}]},{"@type":"WebSite","@id":"https:\/\/alcala.salesianos.edu\/colegio\/#website","url":"https:\/\/alcala.salesianos.edu\/colegio\/","name":"Colegio Salesiano Alcal\u00e1","description":"P\u00e1gina oficial de Salesianos Alcal\u00e1 de Guadaira","potentialAction":[{"@type":"SearchAction","target":{"@type":"EntryPoint","urlTemplate":"https:\/\/alcala.salesianos.edu\/colegio\/?s={search_term_string}"},"query-input":{"@type":"PropertyValueSpecification","valueRequired":true,"valueName":"search_term_string"}}],"inLanguage":"es"},{"@type":"Person","@id":"https:\/\/alcala.salesianos.edu\/colegio\/#\/schema\/person\/afcc24f776dc91fc2bf9afb0998fca77","name":"Administrador Web","image":{"@type":"ImageObject","inLanguage":"es","@id":"https:\/\/secure.gravatar.com\/avatar\/bc157e994689bd6da9645c00aa3bc4d55b727915b6652642660db0aef086585f?s=96&d=mm&r=g","url":"https:\/\/secure.gravatar.com\/avatar\/bc157e994689bd6da9645c00aa3bc4d55b727915b6652642660db0aef086585f?s=96&d=mm&r=g","contentUrl":"https:\/\/secure.gravatar.com\/avatar\/bc157e994689bd6da9645c00aa3bc4d55b727915b6652642660db0aef086585f?s=96&d=mm&r=g","caption":"Administrador Web"}}]}},"_links":{"self":[{"href":"https:\/\/alcala.salesianos.edu\/colegio\/wp-json\/wp\/v2\/posts\/9905","targetHints":{"allow":["GET"]}}],"collection":[{"href":"https:\/\/alcala.salesianos.edu\/colegio\/wp-json\/wp\/v2\/posts"}],"about":[{"href":"https:\/\/alcala.salesianos.edu\/colegio\/wp-json\/wp\/v2\/types\/post"}],"author":[{"embeddable":true,"href":"https:\/\/alcala.salesianos.edu\/colegio\/wp-json\/wp\/v2\/users\/2"}],"replies":[{"embeddable":true,"href":"https:\/\/alcala.salesianos.edu\/colegio\/wp-json\/wp\/v2\/comments?post=9905"}],"version-history":[{"count":4,"href":"https:\/\/alcala.salesianos.edu\/colegio\/wp-json\/wp\/v2\/posts\/9905\/revisions"}],"predecessor-version":[{"id":16520,"href":"https:\/\/alcala.salesianos.edu\/colegio\/wp-json\/wp\/v2\/posts\/9905\/revisions\/16520"}],"wp:attachment":[{"href":"https:\/\/alcala.salesianos.edu\/colegio\/wp-json\/wp\/v2\/media?parent=9905"}],"wp:term":[{"taxonomy":"category","embeddable":true,"href":"https:\/\/alcala.salesianos.edu\/colegio\/wp-json\/wp\/v2\/categories?post=9905"},{"taxonomy":"post_tag","embeddable":true,"href":"https:\/\/alcala.salesianos.edu\/colegio\/wp-json\/wp\/v2\/tags?post=9905"}],"curies":[{"name":"wp","href":"https:\/\/api.w.org\/{rel}","templated":true}]}}