{"id":9857,"date":"2018-04-24T16:24:00","date_gmt":"2018-04-24T15:24:00","guid":{"rendered":"https:\/\/alcala.salesianos.edu\/colegio\/blog\/2018\/04\/24\/el-claustro-comienza-a-formarse-con-erasmus\/"},"modified":"2025-08-27T09:01:42","modified_gmt":"2025-08-27T08:01:42","slug":"el-claustro-comienza-a-formarse-con-erasmus","status":"publish","type":"post","link":"https:\/\/alcala.salesianos.edu\/colegio\/blog\/2018\/04\/24\/el-claustro-comienza-a-formarse-con-erasmus\/","title":{"rendered":"El claustro comienza a formarse con Erasmus+"},"content":{"rendered":"<div id=\"fb-root\"><\/div>\n<p>[et_pb_section bb_built=\u00bb1&#8243;][et_pb_row][et_pb_column type=\u00bb4_4&#8243;][et_pb_text _builder_version=\u00bb3.0.105&#8243; background_layout=\u00bblight\u00bb]<\/p>\n<p>Durante el presente curso 2017-2018, nuestra Casa ha comenzado un proyecto de Erasmus+, que ese un programa de la Uni\u00f3n Europea en materia de educaci\u00f3n, formaci\u00f3n, juventud y deporte. Dentro del mismo, algunos de nuestros profesores tendr\u00e1n movilidades para formaciones en otros pa\u00edses. La primera de ellas ha sido la estancia de Agust\u00edn Pi\u00f1a en la ciudad de York en Inglaterra durante la semana del 26 al 30 de marzo, asistiendo al curso <em>Making use of technology tools<\/em>.<\/p>\n<p><img loading=\"lazy\" decoding=\"async\" class=\"size-medium wp-image-5212 alignleft\" src=\"https:\/\/alcala.salesianos.edu\/wp-content\/uploads\/2018\/04\/imagen-1-300x170.png\" alt=\"\" width=\"300\" height=\"170\" \/><\/p>\n<p>Los objetivos de dicho curso han sido:<\/p>\n<p>&#8211; Utilizar de forma pr\u00e1ctica diversos tipos de software para desarrollar ideas y actividades.<\/p>\n<p>&#8211; Asesorar en el papel de la tecnolog\u00eda dentro y fuera de la clase.<\/p>\n<p>&#8211; Alcanzar conclusiones respecto a la validez del uso de ciertas tecnolog\u00edas en relaci\u00f3n a los tipos de tarea a realizar.<\/p>\n<p>&#8211; Aprender de la experiencia y conocimiento de otro profesores.<\/p>\n<p>Los asistentes al curso pertenecen a pa\u00edses de la Uni\u00f3n Europea, en este caso Alemania e Italia, y participan dentro del mismo programa.<\/p>\n<p>&nbsp;<\/p>\n<p>[\/et_pb_text][\/et_pb_column][\/et_pb_row][\/et_pb_section]<\/p>\n","protected":false},"excerpt":{"rendered":"<p><div class=\"et_pb_row et_pb_row_0 et_pb_row_empty\">\n\t\t\t\t\n\t\t\t\t\n\t\t\t\t\n\t\t\t\t\n\t\t\t\t\n\t\t\t<\/div> Durante el presente curso 2017-2018, nuestra Casa ha comenzado un proyecto de Erasmus+, que ese un programa de la Uni\u00f3n Europea en materia de educaci\u00f3n, formaci\u00f3n, juventud y deporte. Dentro del mismo, algunos de nuestros profesores tendr\u00e1n movilidades para formaciones en otros pa\u00edses. La primera de ellas ha sido la estancia de Agust\u00edn Pi\u00f1a [&hellip;]<\/p>\n","protected":false},"author":2,"featured_media":0,"comment_status":"closed","ping_status":"open","sticky":false,"template":"","format":"standard","meta":{"_et_pb_use_builder":"on","_et_pb_old_content":"","_et_gb_content_width":"","footnotes":""},"categories":[12,19,13,17,14,15,18,16,1],"tags":[],"class_list":["post-9857","post","type-post","status-publish","format-standard","hentry","category-colegio","category-escuela-abierta","category-fasa","category-infantil","category-pastoral","category-portada","category-primaria","category-secundaria","category-uncategorized"],"yoast_head":"<!-- This site is optimized with the Yoast SEO plugin v28.4 - https:\/\/yoast.com\/product\/yoast-seo-wordpress\/ -->\n<title>El claustro comienza a formarse con Erasmus+ - Colegio Salesiano Alcal\u00e1<\/title>\n<meta name=\"robots\" content=\"index, follow, max-snippet:-1, max-image-preview:large, max-video-preview:-1\" \/>\n<link rel=\"canonical\" href=\"https:\/\/alcala.salesianos.edu\/colegio\/blog\/2018\/04\/24\/el-claustro-comienza-a-formarse-con-erasmus\/\" \/>\n<meta property=\"og:locale\" content=\"es_ES\" \/>\n<meta property=\"og:type\" content=\"article\" \/>\n<meta property=\"og:title\" content=\"El claustro comienza a formarse con Erasmus+ - Colegio Salesiano Alcal\u00e1\" \/>\n<meta property=\"og:description\" content=\"Durante el presente curso 2017-2018, nuestra Casa ha comenzado un proyecto de Erasmus+, que ese un programa de la Uni\u00f3n Europea en materia de educaci\u00f3n, formaci\u00f3n, juventud y deporte. Dentro del mismo, algunos de nuestros profesores tendr\u00e1n movilidades para formaciones en otros pa\u00edses. La primera de ellas ha sido la estancia de Agust\u00edn Pi\u00f1a [&hellip;]\" \/>\n<meta property=\"og:url\" content=\"https:\/\/alcala.salesianos.edu\/colegio\/blog\/2018\/04\/24\/el-claustro-comienza-a-formarse-con-erasmus\/\" \/>\n<meta property=\"og:site_name\" content=\"Colegio Salesiano Alcal\u00e1\" \/>\n<meta property=\"article:published_time\" content=\"2018-04-24T15:24:00+00:00\" \/>\n<meta property=\"article:modified_time\" content=\"2025-08-27T08:01:42+00:00\" \/>\n<meta name=\"author\" content=\"Administrador Web\" \/>\n<meta name=\"twitter:card\" content=\"summary_large_image\" \/>\n<meta name=\"twitter:label1\" content=\"Escrito por\" \/>\n\t<meta name=\"twitter:data1\" content=\"Administrador Web\" \/>\n\t<meta name=\"twitter:label2\" content=\"Tiempo de lectura\" \/>\n\t<meta name=\"twitter:data2\" content=\"1 minuto\" \/>\n<script type=\"application\/ld+json\" class=\"yoast-schema-graph\">{\"@context\":\"https:\\\/\\\/schema.org\",\"@graph\":[{\"@type\":\"Article\",\"@id\":\"https:\\\/\\\/alcala.salesianos.edu\\\/colegio\\\/blog\\\/2018\\\/04\\\/24\\\/el-claustro-comienza-a-formarse-con-erasmus\\\/#article\",\"isPartOf\":{\"@id\":\"https:\\\/\\\/alcala.salesianos.edu\\\/colegio\\\/blog\\\/2018\\\/04\\\/24\\\/el-claustro-comienza-a-formarse-con-erasmus\\\/\"},\"author\":{\"name\":\"Administrador Web\",\"@id\":\"https:\\\/\\\/alcala.salesianos.edu\\\/colegio\\\/#\\\/schema\\\/person\\\/afcc24f776dc91fc2bf9afb0998fca77\"},\"headline\":\"El claustro comienza a formarse con Erasmus+\",\"datePublished\":\"2018-04-24T15:24:00+00:00\",\"dateModified\":\"2025-08-27T08:01:42+00:00\",\"mainEntityOfPage\":{\"@id\":\"https:\\\/\\\/alcala.salesianos.edu\\\/colegio\\\/blog\\\/2018\\\/04\\\/24\\\/el-claustro-comienza-a-formarse-con-erasmus\\\/\"},\"wordCount\":218,\"image\":{\"@id\":\"https:\\\/\\\/alcala.salesianos.edu\\\/colegio\\\/blog\\\/2018\\\/04\\\/24\\\/el-claustro-comienza-a-formarse-con-erasmus\\\/#primaryimage\"},\"thumbnailUrl\":\"https:\\\/\\\/alcala.salesianos.edu\\\/wp-content\\\/uploads\\\/2018\\\/04\\\/imagen-1-300x170.png\",\"articleSection\":[\"Colegio\",\"Escuela abierta\",\"FASA\",\"Infantil\",\"Pastoral\",\"Portada\",\"Primaria\",\"Secundaria\",\"Uncategorized\"],\"inLanguage\":\"es\"},{\"@type\":\"WebPage\",\"@id\":\"https:\\\/\\\/alcala.salesianos.edu\\\/colegio\\\/blog\\\/2018\\\/04\\\/24\\\/el-claustro-comienza-a-formarse-con-erasmus\\\/\",\"url\":\"https:\\\/\\\/alcala.salesianos.edu\\\/colegio\\\/blog\\\/2018\\\/04\\\/24\\\/el-claustro-comienza-a-formarse-con-erasmus\\\/\",\"name\":\"El claustro comienza a formarse con Erasmus+ - Colegio Salesiano Alcal\u00e1\",\"isPartOf\":{\"@id\":\"https:\\\/\\\/alcala.salesianos.edu\\\/colegio\\\/#website\"},\"primaryImageOfPage\":{\"@id\":\"https:\\\/\\\/alcala.salesianos.edu\\\/colegio\\\/blog\\\/2018\\\/04\\\/24\\\/el-claustro-comienza-a-formarse-con-erasmus\\\/#primaryimage\"},\"image\":{\"@id\":\"https:\\\/\\\/alcala.salesianos.edu\\\/colegio\\\/blog\\\/2018\\\/04\\\/24\\\/el-claustro-comienza-a-formarse-con-erasmus\\\/#primaryimage\"},\"thumbnailUrl\":\"https:\\\/\\\/alcala.salesianos.edu\\\/wp-content\\\/uploads\\\/2018\\\/04\\\/imagen-1-300x170.png\",\"datePublished\":\"2018-04-24T15:24:00+00:00\",\"dateModified\":\"2025-08-27T08:01:42+00:00\",\"author\":{\"@id\":\"https:\\\/\\\/alcala.salesianos.edu\\\/colegio\\\/#\\\/schema\\\/person\\\/afcc24f776dc91fc2bf9afb0998fca77\"},\"breadcrumb\":{\"@id\":\"https:\\\/\\\/alcala.salesianos.edu\\\/colegio\\\/blog\\\/2018\\\/04\\\/24\\\/el-claustro-comienza-a-formarse-con-erasmus\\\/#breadcrumb\"},\"inLanguage\":\"es\",\"potentialAction\":[{\"@type\":\"ReadAction\",\"target\":[\"https:\\\/\\\/alcala.salesianos.edu\\\/colegio\\\/blog\\\/2018\\\/04\\\/24\\\/el-claustro-comienza-a-formarse-con-erasmus\\\/\"]}]},{\"@type\":\"ImageObject\",\"inLanguage\":\"es\",\"@id\":\"https:\\\/\\\/alcala.salesianos.edu\\\/colegio\\\/blog\\\/2018\\\/04\\\/24\\\/el-claustro-comienza-a-formarse-con-erasmus\\\/#primaryimage\",\"url\":\"https:\\\/\\\/alcala.salesianos.edu\\\/wp-content\\\/uploads\\\/2018\\\/04\\\/imagen-1-300x170.png\",\"contentUrl\":\"https:\\\/\\\/alcala.salesianos.edu\\\/wp-content\\\/uploads\\\/2018\\\/04\\\/imagen-1-300x170.png\"},{\"@type\":\"BreadcrumbList\",\"@id\":\"https:\\\/\\\/alcala.salesianos.edu\\\/colegio\\\/blog\\\/2018\\\/04\\\/24\\\/el-claustro-comienza-a-formarse-con-erasmus\\\/#breadcrumb\",\"itemListElement\":[{\"@type\":\"ListItem\",\"position\":1,\"name\":\"Portada\",\"item\":\"https:\\\/\\\/alcala.salesianos.edu\\\/colegio\\\/\"},{\"@type\":\"ListItem\",\"position\":2,\"name\":\"El claustro comienza a formarse con Erasmus+\"}]},{\"@type\":\"WebSite\",\"@id\":\"https:\\\/\\\/alcala.salesianos.edu\\\/colegio\\\/#website\",\"url\":\"https:\\\/\\\/alcala.salesianos.edu\\\/colegio\\\/\",\"name\":\"Colegio Salesiano Alcal\u00e1\",\"description\":\"P\u00e1gina oficial de Salesianos Alcal\u00e1 de Guadaira\",\"potentialAction\":[{\"@type\":\"SearchAction\",\"target\":{\"@type\":\"EntryPoint\",\"urlTemplate\":\"https:\\\/\\\/alcala.salesianos.edu\\\/colegio\\\/?s={search_term_string}\"},\"query-input\":{\"@type\":\"PropertyValueSpecification\",\"valueRequired\":true,\"valueName\":\"search_term_string\"}}],\"inLanguage\":\"es\"},{\"@type\":\"Person\",\"@id\":\"https:\\\/\\\/alcala.salesianos.edu\\\/colegio\\\/#\\\/schema\\\/person\\\/afcc24f776dc91fc2bf9afb0998fca77\",\"name\":\"Administrador Web\",\"image\":{\"@type\":\"ImageObject\",\"inLanguage\":\"es\",\"@id\":\"https:\\\/\\\/secure.gravatar.com\\\/avatar\\\/bc157e994689bd6da9645c00aa3bc4d55b727915b6652642660db0aef086585f?s=96&d=mm&r=g\",\"url\":\"https:\\\/\\\/secure.gravatar.com\\\/avatar\\\/bc157e994689bd6da9645c00aa3bc4d55b727915b6652642660db0aef086585f?s=96&d=mm&r=g\",\"contentUrl\":\"https:\\\/\\\/secure.gravatar.com\\\/avatar\\\/bc157e994689bd6da9645c00aa3bc4d55b727915b6652642660db0aef086585f?s=96&d=mm&r=g\",\"caption\":\"Administrador Web\"}}]}<\/script>\n<!-- \/ Yoast SEO plugin. -->","yoast_head_json":{"title":"El claustro comienza a formarse con Erasmus+ - Colegio Salesiano Alcal\u00e1","robots":{"index":"index","follow":"follow","max-snippet":"max-snippet:-1","max-image-preview":"max-image-preview:large","max-video-preview":"max-video-preview:-1"},"canonical":"https:\/\/alcala.salesianos.edu\/colegio\/blog\/2018\/04\/24\/el-claustro-comienza-a-formarse-con-erasmus\/","og_locale":"es_ES","og_type":"article","og_title":"El claustro comienza a formarse con Erasmus+ - Colegio Salesiano Alcal\u00e1","og_description":"Durante el presente curso 2017-2018, nuestra Casa ha comenzado un proyecto de Erasmus+, que ese un programa de la Uni\u00f3n Europea en materia de educaci\u00f3n, formaci\u00f3n, juventud y deporte. Dentro del mismo, algunos de nuestros profesores tendr\u00e1n movilidades para formaciones en otros pa\u00edses. La primera de ellas ha sido la estancia de Agust\u00edn Pi\u00f1a [&hellip;]","og_url":"https:\/\/alcala.salesianos.edu\/colegio\/blog\/2018\/04\/24\/el-claustro-comienza-a-formarse-con-erasmus\/","og_site_name":"Colegio Salesiano Alcal\u00e1","article_published_time":"2018-04-24T15:24:00+00:00","article_modified_time":"2025-08-27T08:01:42+00:00","author":"Administrador Web","twitter_card":"summary_large_image","twitter_misc":{"Escrito por":"Administrador Web","Tiempo de lectura":"1 minuto"},"schema":{"@context":"https:\/\/schema.org","@graph":[{"@type":"Article","@id":"https:\/\/alcala.salesianos.edu\/colegio\/blog\/2018\/04\/24\/el-claustro-comienza-a-formarse-con-erasmus\/#article","isPartOf":{"@id":"https:\/\/alcala.salesianos.edu\/colegio\/blog\/2018\/04\/24\/el-claustro-comienza-a-formarse-con-erasmus\/"},"author":{"name":"Administrador Web","@id":"https:\/\/alcala.salesianos.edu\/colegio\/#\/schema\/person\/afcc24f776dc91fc2bf9afb0998fca77"},"headline":"El claustro comienza a formarse con Erasmus+","datePublished":"2018-04-24T15:24:00+00:00","dateModified":"2025-08-27T08:01:42+00:00","mainEntityOfPage":{"@id":"https:\/\/alcala.salesianos.edu\/colegio\/blog\/2018\/04\/24\/el-claustro-comienza-a-formarse-con-erasmus\/"},"wordCount":218,"image":{"@id":"https:\/\/alcala.salesianos.edu\/colegio\/blog\/2018\/04\/24\/el-claustro-comienza-a-formarse-con-erasmus\/#primaryimage"},"thumbnailUrl":"https:\/\/alcala.salesianos.edu\/wp-content\/uploads\/2018\/04\/imagen-1-300x170.png","articleSection":["Colegio","Escuela abierta","FASA","Infantil","Pastoral","Portada","Primaria","Secundaria","Uncategorized"],"inLanguage":"es"},{"@type":"WebPage","@id":"https:\/\/alcala.salesianos.edu\/colegio\/blog\/2018\/04\/24\/el-claustro-comienza-a-formarse-con-erasmus\/","url":"https:\/\/alcala.salesianos.edu\/colegio\/blog\/2018\/04\/24\/el-claustro-comienza-a-formarse-con-erasmus\/","name":"El claustro comienza a formarse con Erasmus+ - Colegio Salesiano Alcal\u00e1","isPartOf":{"@id":"https:\/\/alcala.salesianos.edu\/colegio\/#website"},"primaryImageOfPage":{"@id":"https:\/\/alcala.salesianos.edu\/colegio\/blog\/2018\/04\/24\/el-claustro-comienza-a-formarse-con-erasmus\/#primaryimage"},"image":{"@id":"https:\/\/alcala.salesianos.edu\/colegio\/blog\/2018\/04\/24\/el-claustro-comienza-a-formarse-con-erasmus\/#primaryimage"},"thumbnailUrl":"https:\/\/alcala.salesianos.edu\/wp-content\/uploads\/2018\/04\/imagen-1-300x170.png","datePublished":"2018-04-24T15:24:00+00:00","dateModified":"2025-08-27T08:01:42+00:00","author":{"@id":"https:\/\/alcala.salesianos.edu\/colegio\/#\/schema\/person\/afcc24f776dc91fc2bf9afb0998fca77"},"breadcrumb":{"@id":"https:\/\/alcala.salesianos.edu\/colegio\/blog\/2018\/04\/24\/el-claustro-comienza-a-formarse-con-erasmus\/#breadcrumb"},"inLanguage":"es","potentialAction":[{"@type":"ReadAction","target":["https:\/\/alcala.salesianos.edu\/colegio\/blog\/2018\/04\/24\/el-claustro-comienza-a-formarse-con-erasmus\/"]}]},{"@type":"ImageObject","inLanguage":"es","@id":"https:\/\/alcala.salesianos.edu\/colegio\/blog\/2018\/04\/24\/el-claustro-comienza-a-formarse-con-erasmus\/#primaryimage","url":"https:\/\/alcala.salesianos.edu\/wp-content\/uploads\/2018\/04\/imagen-1-300x170.png","contentUrl":"https:\/\/alcala.salesianos.edu\/wp-content\/uploads\/2018\/04\/imagen-1-300x170.png"},{"@type":"BreadcrumbList","@id":"https:\/\/alcala.salesianos.edu\/colegio\/blog\/2018\/04\/24\/el-claustro-comienza-a-formarse-con-erasmus\/#breadcrumb","itemListElement":[{"@type":"ListItem","position":1,"name":"Portada","item":"https:\/\/alcala.salesianos.edu\/colegio\/"},{"@type":"ListItem","position":2,"name":"El claustro comienza a formarse con Erasmus+"}]},{"@type":"WebSite","@id":"https:\/\/alcala.salesianos.edu\/colegio\/#website","url":"https:\/\/alcala.salesianos.edu\/colegio\/","name":"Colegio Salesiano Alcal\u00e1","description":"P\u00e1gina oficial de Salesianos Alcal\u00e1 de Guadaira","potentialAction":[{"@type":"SearchAction","target":{"@type":"EntryPoint","urlTemplate":"https:\/\/alcala.salesianos.edu\/colegio\/?s={search_term_string}"},"query-input":{"@type":"PropertyValueSpecification","valueRequired":true,"valueName":"search_term_string"}}],"inLanguage":"es"},{"@type":"Person","@id":"https:\/\/alcala.salesianos.edu\/colegio\/#\/schema\/person\/afcc24f776dc91fc2bf9afb0998fca77","name":"Administrador Web","image":{"@type":"ImageObject","inLanguage":"es","@id":"https:\/\/secure.gravatar.com\/avatar\/bc157e994689bd6da9645c00aa3bc4d55b727915b6652642660db0aef086585f?s=96&d=mm&r=g","url":"https:\/\/secure.gravatar.com\/avatar\/bc157e994689bd6da9645c00aa3bc4d55b727915b6652642660db0aef086585f?s=96&d=mm&r=g","contentUrl":"https:\/\/secure.gravatar.com\/avatar\/bc157e994689bd6da9645c00aa3bc4d55b727915b6652642660db0aef086585f?s=96&d=mm&r=g","caption":"Administrador Web"}}]}},"_links":{"self":[{"href":"https:\/\/alcala.salesianos.edu\/colegio\/wp-json\/wp\/v2\/posts\/9857","targetHints":{"allow":["GET"]}}],"collection":[{"href":"https:\/\/alcala.salesianos.edu\/colegio\/wp-json\/wp\/v2\/posts"}],"about":[{"href":"https:\/\/alcala.salesianos.edu\/colegio\/wp-json\/wp\/v2\/types\/post"}],"author":[{"embeddable":true,"href":"https:\/\/alcala.salesianos.edu\/colegio\/wp-json\/wp\/v2\/users\/2"}],"replies":[{"embeddable":true,"href":"https:\/\/alcala.salesianos.edu\/colegio\/wp-json\/wp\/v2\/comments?post=9857"}],"version-history":[{"count":4,"href":"https:\/\/alcala.salesianos.edu\/colegio\/wp-json\/wp\/v2\/posts\/9857\/revisions"}],"predecessor-version":[{"id":16533,"href":"https:\/\/alcala.salesianos.edu\/colegio\/wp-json\/wp\/v2\/posts\/9857\/revisions\/16533"}],"wp:attachment":[{"href":"https:\/\/alcala.salesianos.edu\/colegio\/wp-json\/wp\/v2\/media?parent=9857"}],"wp:term":[{"taxonomy":"category","embeddable":true,"href":"https:\/\/alcala.salesianos.edu\/colegio\/wp-json\/wp\/v2\/categories?post=9857"},{"taxonomy":"post_tag","embeddable":true,"href":"https:\/\/alcala.salesianos.edu\/colegio\/wp-json\/wp\/v2\/tags?post=9857"}],"curies":[{"name":"wp","href":"https:\/\/api.w.org\/{rel}","templated":true}]}}