{"id":9843,"date":"2018-04-20T11:10:03","date_gmt":"2018-04-20T10:10:03","guid":{"rendered":"https:\/\/alcala.salesianos.edu\/colegio\/blog\/2018\/04\/20\/visitamos-las-bibliotecas-de-alcala\/"},"modified":"2025-08-27T09:01:42","modified_gmt":"2025-08-27T08:01:42","slug":"visitamos-las-bibliotecas-de-alcala","status":"publish","type":"post","link":"https:\/\/alcala.salesianos.edu\/colegio\/blog\/2018\/04\/20\/visitamos-las-bibliotecas-de-alcala\/","title":{"rendered":"Visitamos las bibliotecas de Alcal\u00e1"},"content":{"rendered":"<div id=\"fb-root\"><\/div>\n<p>[et_pb_section bb_built=\u00bb1&#8243;][et_pb_row][et_pb_column type=\u00bb4_4&#8243;][et_pb_text _builder_version=\u00bb3.0.105&#8243; background_layout=\u00bblight\u00bb]<\/p>\n<p>Los dos primeros Ciclos de la etapa de primaria durante estas dos semanas pasadas hemos tenido la oportunidad de poder visitar las dos bibliotecas de nuestra localidad. Los alumnos del primer ciclo han visitado la biblioteca \u201cJos\u00e9 Manuel Lara\u201d y el segundo ciclo visito la biblioteca que esta inserta en la Casa de la Cultura de nuestra localidad.<\/p>\n<p><img loading=\"lazy\" decoding=\"async\" class=\"size-medium wp-image-5200 alignleft\" src=\"https:\/\/alcala.salesianos.edu\/wp-content\/uploads\/2018\/04\/bibli-1-300x282.jpeg\" alt=\"\" width=\"300\" height=\"282\" \/><\/p>\n<p>En estas visitas los alumnos conocen todos los servicios que prestan y aprenden a utilizar todos sus recursos. De esta forma los alumnos conocen de primera mano un servicio que est\u00e1 abierto a todos pero que por lo general se desconocen todo su potencial. De esta forma buscamos formar a los futuros lectores en la utilizaci\u00f3n de los diferentes servicios y animamos a los alumnos a que la lectura se realice de una forma m\u00e1s did\u00e1ctica y l\u00fadica.<\/p>\n<p>Gran parte de nuestros alumnos ya eran usuarios habituales de las bibliotecas pero les recordaron la gran cantidad de materiales que pueden ser retirados para su pr\u00e9stamo, la duraci\u00f3n\u2026 pero no solo esto, si no que tambi\u00e9n nos contaron la gran cantidad de actividades de cuentacuentos, exposiciones\u2026 que se realizan semanalmente.<\/p>\n<p>Tenemos gran suerte todos los alcalare\u00f1os de poder disfrutar de estos servicios que est\u00e1n de efem\u00e9ride pues cumplen 50 a\u00f1os. Muchas felicidades y gracias por habernos atendido.<\/p>\n<p>[\/et_pb_text][\/et_pb_column][\/et_pb_row][et_pb_row][et_pb_column type=\u00bb1_2&#8243;][et_pb_image _builder_version=\u00bb3.0.105&#8243; src=\u00bbhttps:\/\/alcala.salesianos.edu\/wp-content\/uploads\/2018\/04\/bibli3.jpeg\u00bb show_in_lightbox=\u00bboff\u00bb url_new_window=\u00bboff\u00bb use_overlay=\u00bboff\u00bb always_center_on_mobile=\u00bbon\u00bb force_fullwidth=\u00bboff\u00bb show_bottom_space=\u00bbon\u00bb \/][\/et_pb_column][et_pb_column type=\u00bb1_2&#8243;][et_pb_image _builder_version=\u00bb3.0.105&#8243; src=\u00bbhttps:\/\/alcala.salesianos.edu\/wp-content\/uploads\/2018\/04\/bibli2.jpeg\u00bb show_in_lightbox=\u00bboff\u00bb url_new_window=\u00bboff\u00bb use_overlay=\u00bboff\u00bb always_center_on_mobile=\u00bbon\u00bb force_fullwidth=\u00bboff\u00bb show_bottom_space=\u00bbon\u00bb \/][\/et_pb_column][\/et_pb_row][\/et_pb_section]<\/p>\n","protected":false},"excerpt":{"rendered":"<p><div class=\"et_pb_row et_pb_row_0 et_pb_row_empty\">\n\t\t\t\t\n\t\t\t\t\n\t\t\t\t\n\t\t\t\t\n\t\t\t\t\n\t\t\t<\/div> Los dos primeros Ciclos de la etapa de primaria durante estas dos semanas pasadas hemos tenido la oportunidad de poder visitar las dos bibliotecas de nuestra localidad. Los alumnos del primer ciclo han visitado la biblioteca \u201cJos\u00e9 Manuel Lara\u201d y el segundo ciclo visito la biblioteca que esta inserta en la Casa de la [&hellip;]<\/p>\n","protected":false},"author":2,"featured_media":0,"comment_status":"closed","ping_status":"open","sticky":false,"template":"","format":"standard","meta":{"_et_pb_use_builder":"on","_et_pb_old_content":"","_et_gb_content_width":"","footnotes":""},"categories":[12,19,13,17,14,15,18,16,1],"tags":[],"class_list":["post-9843","post","type-post","status-publish","format-standard","hentry","category-colegio","category-escuela-abierta","category-fasa","category-infantil","category-pastoral","category-portada","category-primaria","category-secundaria","category-uncategorized"],"yoast_head":"<!-- This site is optimized with the Yoast SEO plugin v28.4 - https:\/\/yoast.com\/product\/yoast-seo-wordpress\/ -->\n<title>Visitamos las bibliotecas de Alcal\u00e1 - Colegio Salesiano Alcal\u00e1<\/title>\n<meta name=\"robots\" content=\"index, follow, max-snippet:-1, max-image-preview:large, max-video-preview:-1\" \/>\n<link rel=\"canonical\" href=\"https:\/\/alcala.salesianos.edu\/colegio\/blog\/2018\/04\/20\/visitamos-las-bibliotecas-de-alcala\/\" \/>\n<meta property=\"og:locale\" content=\"es_ES\" \/>\n<meta property=\"og:type\" content=\"article\" \/>\n<meta property=\"og:title\" content=\"Visitamos las bibliotecas de Alcal\u00e1 - Colegio Salesiano Alcal\u00e1\" \/>\n<meta property=\"og:description\" content=\"Los dos primeros Ciclos de la etapa de primaria durante estas dos semanas pasadas hemos tenido la oportunidad de poder visitar las dos bibliotecas de nuestra localidad. Los alumnos del primer ciclo han visitado la biblioteca \u201cJos\u00e9 Manuel Lara\u201d y el segundo ciclo visito la biblioteca que esta inserta en la Casa de la [&hellip;]\" \/>\n<meta property=\"og:url\" content=\"https:\/\/alcala.salesianos.edu\/colegio\/blog\/2018\/04\/20\/visitamos-las-bibliotecas-de-alcala\/\" \/>\n<meta property=\"og:site_name\" content=\"Colegio Salesiano Alcal\u00e1\" \/>\n<meta property=\"article:published_time\" content=\"2018-04-20T10:10:03+00:00\" \/>\n<meta property=\"article:modified_time\" content=\"2025-08-27T08:01:42+00:00\" \/>\n<meta name=\"author\" content=\"Administrador Web\" \/>\n<meta name=\"twitter:card\" content=\"summary_large_image\" \/>\n<meta name=\"twitter:label1\" content=\"Escrito por\" \/>\n\t<meta name=\"twitter:data1\" content=\"Administrador Web\" \/>\n\t<meta name=\"twitter:label2\" content=\"Tiempo de lectura\" \/>\n\t<meta name=\"twitter:data2\" content=\"2 minutos\" \/>\n<script type=\"application\/ld+json\" class=\"yoast-schema-graph\">{\"@context\":\"https:\\\/\\\/schema.org\",\"@graph\":[{\"@type\":\"Article\",\"@id\":\"https:\\\/\\\/alcala.salesianos.edu\\\/colegio\\\/blog\\\/2018\\\/04\\\/20\\\/visitamos-las-bibliotecas-de-alcala\\\/#article\",\"isPartOf\":{\"@id\":\"https:\\\/\\\/alcala.salesianos.edu\\\/colegio\\\/blog\\\/2018\\\/04\\\/20\\\/visitamos-las-bibliotecas-de-alcala\\\/\"},\"author\":{\"name\":\"Administrador Web\",\"@id\":\"https:\\\/\\\/alcala.salesianos.edu\\\/colegio\\\/#\\\/schema\\\/person\\\/afcc24f776dc91fc2bf9afb0998fca77\"},\"headline\":\"Visitamos las bibliotecas de Alcal\u00e1\",\"datePublished\":\"2018-04-20T10:10:03+00:00\",\"dateModified\":\"2025-08-27T08:01:42+00:00\",\"mainEntityOfPage\":{\"@id\":\"https:\\\/\\\/alcala.salesianos.edu\\\/colegio\\\/blog\\\/2018\\\/04\\\/20\\\/visitamos-las-bibliotecas-de-alcala\\\/\"},\"wordCount\":355,\"image\":{\"@id\":\"https:\\\/\\\/alcala.salesianos.edu\\\/colegio\\\/blog\\\/2018\\\/04\\\/20\\\/visitamos-las-bibliotecas-de-alcala\\\/#primaryimage\"},\"thumbnailUrl\":\"https:\\\/\\\/alcala.salesianos.edu\\\/wp-content\\\/uploads\\\/2018\\\/04\\\/bibli-1-300x282.jpeg\",\"articleSection\":[\"Colegio\",\"Escuela abierta\",\"FASA\",\"Infantil\",\"Pastoral\",\"Portada\",\"Primaria\",\"Secundaria\",\"Uncategorized\"],\"inLanguage\":\"es\"},{\"@type\":\"WebPage\",\"@id\":\"https:\\\/\\\/alcala.salesianos.edu\\\/colegio\\\/blog\\\/2018\\\/04\\\/20\\\/visitamos-las-bibliotecas-de-alcala\\\/\",\"url\":\"https:\\\/\\\/alcala.salesianos.edu\\\/colegio\\\/blog\\\/2018\\\/04\\\/20\\\/visitamos-las-bibliotecas-de-alcala\\\/\",\"name\":\"Visitamos las bibliotecas de Alcal\u00e1 - Colegio Salesiano Alcal\u00e1\",\"isPartOf\":{\"@id\":\"https:\\\/\\\/alcala.salesianos.edu\\\/colegio\\\/#website\"},\"primaryImageOfPage\":{\"@id\":\"https:\\\/\\\/alcala.salesianos.edu\\\/colegio\\\/blog\\\/2018\\\/04\\\/20\\\/visitamos-las-bibliotecas-de-alcala\\\/#primaryimage\"},\"image\":{\"@id\":\"https:\\\/\\\/alcala.salesianos.edu\\\/colegio\\\/blog\\\/2018\\\/04\\\/20\\\/visitamos-las-bibliotecas-de-alcala\\\/#primaryimage\"},\"thumbnailUrl\":\"https:\\\/\\\/alcala.salesianos.edu\\\/wp-content\\\/uploads\\\/2018\\\/04\\\/bibli-1-300x282.jpeg\",\"datePublished\":\"2018-04-20T10:10:03+00:00\",\"dateModified\":\"2025-08-27T08:01:42+00:00\",\"author\":{\"@id\":\"https:\\\/\\\/alcala.salesianos.edu\\\/colegio\\\/#\\\/schema\\\/person\\\/afcc24f776dc91fc2bf9afb0998fca77\"},\"breadcrumb\":{\"@id\":\"https:\\\/\\\/alcala.salesianos.edu\\\/colegio\\\/blog\\\/2018\\\/04\\\/20\\\/visitamos-las-bibliotecas-de-alcala\\\/#breadcrumb\"},\"inLanguage\":\"es\",\"potentialAction\":[{\"@type\":\"ReadAction\",\"target\":[\"https:\\\/\\\/alcala.salesianos.edu\\\/colegio\\\/blog\\\/2018\\\/04\\\/20\\\/visitamos-las-bibliotecas-de-alcala\\\/\"]}]},{\"@type\":\"ImageObject\",\"inLanguage\":\"es\",\"@id\":\"https:\\\/\\\/alcala.salesianos.edu\\\/colegio\\\/blog\\\/2018\\\/04\\\/20\\\/visitamos-las-bibliotecas-de-alcala\\\/#primaryimage\",\"url\":\"https:\\\/\\\/alcala.salesianos.edu\\\/wp-content\\\/uploads\\\/2018\\\/04\\\/bibli-1-300x282.jpeg\",\"contentUrl\":\"https:\\\/\\\/alcala.salesianos.edu\\\/wp-content\\\/uploads\\\/2018\\\/04\\\/bibli-1-300x282.jpeg\"},{\"@type\":\"BreadcrumbList\",\"@id\":\"https:\\\/\\\/alcala.salesianos.edu\\\/colegio\\\/blog\\\/2018\\\/04\\\/20\\\/visitamos-las-bibliotecas-de-alcala\\\/#breadcrumb\",\"itemListElement\":[{\"@type\":\"ListItem\",\"position\":1,\"name\":\"Portada\",\"item\":\"https:\\\/\\\/alcala.salesianos.edu\\\/colegio\\\/\"},{\"@type\":\"ListItem\",\"position\":2,\"name\":\"Visitamos las bibliotecas de Alcal\u00e1\"}]},{\"@type\":\"WebSite\",\"@id\":\"https:\\\/\\\/alcala.salesianos.edu\\\/colegio\\\/#website\",\"url\":\"https:\\\/\\\/alcala.salesianos.edu\\\/colegio\\\/\",\"name\":\"Colegio Salesiano Alcal\u00e1\",\"description\":\"P\u00e1gina oficial de Salesianos Alcal\u00e1 de Guadaira\",\"potentialAction\":[{\"@type\":\"SearchAction\",\"target\":{\"@type\":\"EntryPoint\",\"urlTemplate\":\"https:\\\/\\\/alcala.salesianos.edu\\\/colegio\\\/?s={search_term_string}\"},\"query-input\":{\"@type\":\"PropertyValueSpecification\",\"valueRequired\":true,\"valueName\":\"search_term_string\"}}],\"inLanguage\":\"es\"},{\"@type\":\"Person\",\"@id\":\"https:\\\/\\\/alcala.salesianos.edu\\\/colegio\\\/#\\\/schema\\\/person\\\/afcc24f776dc91fc2bf9afb0998fca77\",\"name\":\"Administrador Web\",\"image\":{\"@type\":\"ImageObject\",\"inLanguage\":\"es\",\"@id\":\"https:\\\/\\\/secure.gravatar.com\\\/avatar\\\/bc157e994689bd6da9645c00aa3bc4d55b727915b6652642660db0aef086585f?s=96&d=mm&r=g\",\"url\":\"https:\\\/\\\/secure.gravatar.com\\\/avatar\\\/bc157e994689bd6da9645c00aa3bc4d55b727915b6652642660db0aef086585f?s=96&d=mm&r=g\",\"contentUrl\":\"https:\\\/\\\/secure.gravatar.com\\\/avatar\\\/bc157e994689bd6da9645c00aa3bc4d55b727915b6652642660db0aef086585f?s=96&d=mm&r=g\",\"caption\":\"Administrador Web\"}}]}<\/script>\n<!-- \/ Yoast SEO plugin. -->","yoast_head_json":{"title":"Visitamos las bibliotecas de Alcal\u00e1 - Colegio Salesiano Alcal\u00e1","robots":{"index":"index","follow":"follow","max-snippet":"max-snippet:-1","max-image-preview":"max-image-preview:large","max-video-preview":"max-video-preview:-1"},"canonical":"https:\/\/alcala.salesianos.edu\/colegio\/blog\/2018\/04\/20\/visitamos-las-bibliotecas-de-alcala\/","og_locale":"es_ES","og_type":"article","og_title":"Visitamos las bibliotecas de Alcal\u00e1 - Colegio Salesiano Alcal\u00e1","og_description":"Los dos primeros Ciclos de la etapa de primaria durante estas dos semanas pasadas hemos tenido la oportunidad de poder visitar las dos bibliotecas de nuestra localidad. Los alumnos del primer ciclo han visitado la biblioteca \u201cJos\u00e9 Manuel Lara\u201d y el segundo ciclo visito la biblioteca que esta inserta en la Casa de la [&hellip;]","og_url":"https:\/\/alcala.salesianos.edu\/colegio\/blog\/2018\/04\/20\/visitamos-las-bibliotecas-de-alcala\/","og_site_name":"Colegio Salesiano Alcal\u00e1","article_published_time":"2018-04-20T10:10:03+00:00","article_modified_time":"2025-08-27T08:01:42+00:00","author":"Administrador Web","twitter_card":"summary_large_image","twitter_misc":{"Escrito por":"Administrador Web","Tiempo de lectura":"2 minutos"},"schema":{"@context":"https:\/\/schema.org","@graph":[{"@type":"Article","@id":"https:\/\/alcala.salesianos.edu\/colegio\/blog\/2018\/04\/20\/visitamos-las-bibliotecas-de-alcala\/#article","isPartOf":{"@id":"https:\/\/alcala.salesianos.edu\/colegio\/blog\/2018\/04\/20\/visitamos-las-bibliotecas-de-alcala\/"},"author":{"name":"Administrador Web","@id":"https:\/\/alcala.salesianos.edu\/colegio\/#\/schema\/person\/afcc24f776dc91fc2bf9afb0998fca77"},"headline":"Visitamos las bibliotecas de Alcal\u00e1","datePublished":"2018-04-20T10:10:03+00:00","dateModified":"2025-08-27T08:01:42+00:00","mainEntityOfPage":{"@id":"https:\/\/alcala.salesianos.edu\/colegio\/blog\/2018\/04\/20\/visitamos-las-bibliotecas-de-alcala\/"},"wordCount":355,"image":{"@id":"https:\/\/alcala.salesianos.edu\/colegio\/blog\/2018\/04\/20\/visitamos-las-bibliotecas-de-alcala\/#primaryimage"},"thumbnailUrl":"https:\/\/alcala.salesianos.edu\/wp-content\/uploads\/2018\/04\/bibli-1-300x282.jpeg","articleSection":["Colegio","Escuela abierta","FASA","Infantil","Pastoral","Portada","Primaria","Secundaria","Uncategorized"],"inLanguage":"es"},{"@type":"WebPage","@id":"https:\/\/alcala.salesianos.edu\/colegio\/blog\/2018\/04\/20\/visitamos-las-bibliotecas-de-alcala\/","url":"https:\/\/alcala.salesianos.edu\/colegio\/blog\/2018\/04\/20\/visitamos-las-bibliotecas-de-alcala\/","name":"Visitamos las bibliotecas de Alcal\u00e1 - Colegio Salesiano Alcal\u00e1","isPartOf":{"@id":"https:\/\/alcala.salesianos.edu\/colegio\/#website"},"primaryImageOfPage":{"@id":"https:\/\/alcala.salesianos.edu\/colegio\/blog\/2018\/04\/20\/visitamos-las-bibliotecas-de-alcala\/#primaryimage"},"image":{"@id":"https:\/\/alcala.salesianos.edu\/colegio\/blog\/2018\/04\/20\/visitamos-las-bibliotecas-de-alcala\/#primaryimage"},"thumbnailUrl":"https:\/\/alcala.salesianos.edu\/wp-content\/uploads\/2018\/04\/bibli-1-300x282.jpeg","datePublished":"2018-04-20T10:10:03+00:00","dateModified":"2025-08-27T08:01:42+00:00","author":{"@id":"https:\/\/alcala.salesianos.edu\/colegio\/#\/schema\/person\/afcc24f776dc91fc2bf9afb0998fca77"},"breadcrumb":{"@id":"https:\/\/alcala.salesianos.edu\/colegio\/blog\/2018\/04\/20\/visitamos-las-bibliotecas-de-alcala\/#breadcrumb"},"inLanguage":"es","potentialAction":[{"@type":"ReadAction","target":["https:\/\/alcala.salesianos.edu\/colegio\/blog\/2018\/04\/20\/visitamos-las-bibliotecas-de-alcala\/"]}]},{"@type":"ImageObject","inLanguage":"es","@id":"https:\/\/alcala.salesianos.edu\/colegio\/blog\/2018\/04\/20\/visitamos-las-bibliotecas-de-alcala\/#primaryimage","url":"https:\/\/alcala.salesianos.edu\/wp-content\/uploads\/2018\/04\/bibli-1-300x282.jpeg","contentUrl":"https:\/\/alcala.salesianos.edu\/wp-content\/uploads\/2018\/04\/bibli-1-300x282.jpeg"},{"@type":"BreadcrumbList","@id":"https:\/\/alcala.salesianos.edu\/colegio\/blog\/2018\/04\/20\/visitamos-las-bibliotecas-de-alcala\/#breadcrumb","itemListElement":[{"@type":"ListItem","position":1,"name":"Portada","item":"https:\/\/alcala.salesianos.edu\/colegio\/"},{"@type":"ListItem","position":2,"name":"Visitamos las bibliotecas de Alcal\u00e1"}]},{"@type":"WebSite","@id":"https:\/\/alcala.salesianos.edu\/colegio\/#website","url":"https:\/\/alcala.salesianos.edu\/colegio\/","name":"Colegio Salesiano Alcal\u00e1","description":"P\u00e1gina oficial de Salesianos Alcal\u00e1 de Guadaira","potentialAction":[{"@type":"SearchAction","target":{"@type":"EntryPoint","urlTemplate":"https:\/\/alcala.salesianos.edu\/colegio\/?s={search_term_string}"},"query-input":{"@type":"PropertyValueSpecification","valueRequired":true,"valueName":"search_term_string"}}],"inLanguage":"es"},{"@type":"Person","@id":"https:\/\/alcala.salesianos.edu\/colegio\/#\/schema\/person\/afcc24f776dc91fc2bf9afb0998fca77","name":"Administrador Web","image":{"@type":"ImageObject","inLanguage":"es","@id":"https:\/\/secure.gravatar.com\/avatar\/bc157e994689bd6da9645c00aa3bc4d55b727915b6652642660db0aef086585f?s=96&d=mm&r=g","url":"https:\/\/secure.gravatar.com\/avatar\/bc157e994689bd6da9645c00aa3bc4d55b727915b6652642660db0aef086585f?s=96&d=mm&r=g","contentUrl":"https:\/\/secure.gravatar.com\/avatar\/bc157e994689bd6da9645c00aa3bc4d55b727915b6652642660db0aef086585f?s=96&d=mm&r=g","caption":"Administrador Web"}}]}},"_links":{"self":[{"href":"https:\/\/alcala.salesianos.edu\/colegio\/wp-json\/wp\/v2\/posts\/9843","targetHints":{"allow":["GET"]}}],"collection":[{"href":"https:\/\/alcala.salesianos.edu\/colegio\/wp-json\/wp\/v2\/posts"}],"about":[{"href":"https:\/\/alcala.salesianos.edu\/colegio\/wp-json\/wp\/v2\/types\/post"}],"author":[{"embeddable":true,"href":"https:\/\/alcala.salesianos.edu\/colegio\/wp-json\/wp\/v2\/users\/2"}],"replies":[{"embeddable":true,"href":"https:\/\/alcala.salesianos.edu\/colegio\/wp-json\/wp\/v2\/comments?post=9843"}],"version-history":[{"count":10,"href":"https:\/\/alcala.salesianos.edu\/colegio\/wp-json\/wp\/v2\/posts\/9843\/revisions"}],"predecessor-version":[{"id":16534,"href":"https:\/\/alcala.salesianos.edu\/colegio\/wp-json\/wp\/v2\/posts\/9843\/revisions\/16534"}],"wp:attachment":[{"href":"https:\/\/alcala.salesianos.edu\/colegio\/wp-json\/wp\/v2\/media?parent=9843"}],"wp:term":[{"taxonomy":"category","embeddable":true,"href":"https:\/\/alcala.salesianos.edu\/colegio\/wp-json\/wp\/v2\/categories?post=9843"},{"taxonomy":"post_tag","embeddable":true,"href":"https:\/\/alcala.salesianos.edu\/colegio\/wp-json\/wp\/v2\/tags?post=9843"}],"curies":[{"name":"wp","href":"https:\/\/api.w.org\/{rel}","templated":true}]}}