{"id":9572,"date":"2018-04-09T15:32:29","date_gmt":"2018-04-09T14:32:29","guid":{"rendered":"https:\/\/alcala.salesianos.edu\/colegio\/blog\/2018\/04\/09\/un-grupo-de-70-jovenes-participan-en-los-distintos-encuentros-pascuales\/"},"modified":"2025-08-27T09:01:43","modified_gmt":"2025-08-27T08:01:43","slug":"un-grupo-de-70-jovenes-participan-en-los-distintos-encuentros-pascuales","status":"publish","type":"post","link":"https:\/\/alcala.salesianos.edu\/colegio\/blog\/2018\/04\/09\/un-grupo-de-70-jovenes-participan-en-los-distintos-encuentros-pascuales\/","title":{"rendered":"Un grupo de 70 j\u00f3venes participan en los distintos encuentros pascuales."},"content":{"rendered":"<div id=\"fb-root\"><\/div>\n<p>[et_pb_section bb_built=\u00bb1&#8243;][et_pb_row][et_pb_column type=\u00bb4_4&#8243;][et_pb_text _builder_version=\u00bb3.0.105&#8243; background_layout=\u00bblight\u00bb]<\/p>\n<p><img loading=\"lazy\" decoding=\"async\" class=\"size-full wp-image-9573 alignleft\" src=\"https:\/\/alcala.salesianos.edu\/colegio\/wp-content\/uploads\/sites\/2\/2018\/04\/cartel.jpeg\" alt=\"\" width=\"211\" height=\"239\" \/>Un numeroso grupo de j\u00f3venes de Vida y Sal Terrae (mayores de 18 a\u00f1os) participaron en el Encuentro Pascual celebrado en la Casa Salesiana de Sanlucar La Mayor el pasado Viernes santo, S\u00e1bado Santo y Domingo de Resurrecci\u00f3n. Adem\u00e1s, 50 j\u00f3venes de ADS III-IV (3\u00ba y 4\u00ba ESO) participaron en otra convivencia pascual el pasado fin de semana.<\/p>\n<p>&nbsp;<\/p>\n<p>Todos ellos han mostrado una alegr\u00eda inmensa por dicha participaci\u00f3n siendo esta activa e intensa. Grupos de formaci\u00f3n, celebraci\u00f3n del sacramento de la reconciliaci\u00f3n y de la eucarist\u00eda, reflexi\u00f3n, convivencia, oraci\u00f3n\u2026 han sido momentos destacados de estos encuentros que prepara y organiza la Delegaci\u00f3n Inspectorial de Pastoral Juvenil.<\/p>\n<p>&nbsp;<\/p>\n<p>Todos estos j\u00f3venes, conscientes de su formaci\u00f3n humana y catequ\u00e9tica, optaron por participar en esta iniciativa enriquecedora y que les ha permitido dar un paso m\u00e1s en su itinerario.<\/p>\n<p>&nbsp;<\/p>\n<p>Agradecemos la labor motivadora y evangelizadora de sus animadores que tanto trabajan por y para ellos, los j\u00f3venes de Don Bosco.<\/p>\n<p>[\/et_pb_text][et_pb_gallery _builder_version=\u00bb3.0.105&#8243; posts_number=\u00bb5&#8243; show_title_and_caption=\u00bboff\u00bb show_pagination=\u00bbon\u00bb gallery_ids=\u00bb9573,9576,9577,9578,9579,9580&#8243; fullwidth=\u00bboff\u00bb orientation=\u00bblandscape\u00bb zoom_icon_color=\u00bb#dc001b\u00bb hover_overlay_color=\u00bbrgba(255,255,255,0.9)\u00bb background_layout=\u00bblight\u00bb pagination_font_size_tablet=\u00bb51&#8243; pagination_line_height_tablet=\u00bb2&#8243; \/][\/et_pb_column][\/et_pb_row][\/et_pb_section]<\/p>\n","protected":false},"excerpt":{"rendered":"<p>Los chicos de ADS III,IV, Vida y Sal Terrae celebran la Pascua del Se\u00f1or.<\/p>\n","protected":false},"author":2,"featured_media":0,"comment_status":"closed","ping_status":"open","sticky":false,"template":"","format":"standard","meta":{"_et_pb_use_builder":"on","_et_pb_old_content":"","_et_gb_content_width":"","footnotes":""},"categories":[12,19,13,17,14,15,18,16,1],"tags":[],"class_list":["post-9572","post","type-post","status-publish","format-standard","hentry","category-colegio","category-escuela-abierta","category-fasa","category-infantil","category-pastoral","category-portada","category-primaria","category-secundaria","category-uncategorized"],"yoast_head":"<!-- This site is optimized with the Yoast SEO plugin v28.4 - https:\/\/yoast.com\/product\/yoast-seo-wordpress\/ -->\n<title>Un grupo de 70 j\u00f3venes participan en los distintos encuentros pascuales. - Colegio Salesiano Alcal\u00e1<\/title>\n<meta name=\"robots\" content=\"index, follow, max-snippet:-1, max-image-preview:large, max-video-preview:-1\" \/>\n<link rel=\"canonical\" href=\"https:\/\/alcala.salesianos.edu\/colegio\/blog\/2018\/04\/09\/un-grupo-de-70-jovenes-participan-en-los-distintos-encuentros-pascuales\/\" \/>\n<meta property=\"og:locale\" content=\"es_ES\" \/>\n<meta property=\"og:type\" content=\"article\" \/>\n<meta property=\"og:title\" content=\"Un grupo de 70 j\u00f3venes participan en los distintos encuentros pascuales. - Colegio Salesiano Alcal\u00e1\" \/>\n<meta property=\"og:description\" content=\"Los chicos de ADS III,IV, Vida y Sal Terrae celebran la Pascua del Se\u00f1or.\" \/>\n<meta property=\"og:url\" content=\"https:\/\/alcala.salesianos.edu\/colegio\/blog\/2018\/04\/09\/un-grupo-de-70-jovenes-participan-en-los-distintos-encuentros-pascuales\/\" \/>\n<meta property=\"og:site_name\" content=\"Colegio Salesiano Alcal\u00e1\" \/>\n<meta property=\"article:published_time\" content=\"2018-04-09T14:32:29+00:00\" \/>\n<meta property=\"article:modified_time\" content=\"2025-08-27T08:01:43+00:00\" \/>\n<meta property=\"og:image\" content=\"https:\/\/alcala.salesianos.edu\/colegio\/wp-content\/uploads\/sites\/2\/2018\/04\/cartel.jpeg\" \/>\n\t<meta property=\"og:image:width\" content=\"211\" \/>\n\t<meta property=\"og:image:height\" content=\"239\" \/>\n\t<meta property=\"og:image:type\" content=\"image\/jpeg\" \/>\n<meta name=\"author\" content=\"Administrador Web\" \/>\n<meta name=\"twitter:card\" content=\"summary_large_image\" \/>\n<meta name=\"twitter:label1\" content=\"Escrito por\" \/>\n\t<meta name=\"twitter:data1\" content=\"Administrador Web\" \/>\n\t<meta name=\"twitter:label2\" content=\"Tiempo de lectura\" \/>\n\t<meta name=\"twitter:data2\" content=\"1 minuto\" \/>\n<script type=\"application\/ld+json\" class=\"yoast-schema-graph\">{\"@context\":\"https:\\\/\\\/schema.org\",\"@graph\":[{\"@type\":\"Article\",\"@id\":\"https:\\\/\\\/alcala.salesianos.edu\\\/colegio\\\/blog\\\/2018\\\/04\\\/09\\\/un-grupo-de-70-jovenes-participan-en-los-distintos-encuentros-pascuales\\\/#article\",\"isPartOf\":{\"@id\":\"https:\\\/\\\/alcala.salesianos.edu\\\/colegio\\\/blog\\\/2018\\\/04\\\/09\\\/un-grupo-de-70-jovenes-participan-en-los-distintos-encuentros-pascuales\\\/\"},\"author\":{\"name\":\"Administrador Web\",\"@id\":\"https:\\\/\\\/alcala.salesianos.edu\\\/colegio\\\/#\\\/schema\\\/person\\\/afcc24f776dc91fc2bf9afb0998fca77\"},\"headline\":\"Un grupo de 70 j\u00f3venes participan en los distintos encuentros pascuales.\",\"datePublished\":\"2018-04-09T14:32:29+00:00\",\"dateModified\":\"2025-08-27T08:01:43+00:00\",\"mainEntityOfPage\":{\"@id\":\"https:\\\/\\\/alcala.salesianos.edu\\\/colegio\\\/blog\\\/2018\\\/04\\\/09\\\/un-grupo-de-70-jovenes-participan-en-los-distintos-encuentros-pascuales\\\/\"},\"wordCount\":259,\"image\":{\"@id\":\"https:\\\/\\\/alcala.salesianos.edu\\\/colegio\\\/blog\\\/2018\\\/04\\\/09\\\/un-grupo-de-70-jovenes-participan-en-los-distintos-encuentros-pascuales\\\/#primaryimage\"},\"thumbnailUrl\":\"https:\\\/\\\/alcala.salesianos.edu\\\/colegio\\\/wp-content\\\/uploads\\\/sites\\\/2\\\/2018\\\/04\\\/cartel.jpeg\",\"articleSection\":[\"Colegio\",\"Escuela abierta\",\"FASA\",\"Infantil\",\"Pastoral\",\"Portada\",\"Primaria\",\"Secundaria\",\"Uncategorized\"],\"inLanguage\":\"es\"},{\"@type\":\"WebPage\",\"@id\":\"https:\\\/\\\/alcala.salesianos.edu\\\/colegio\\\/blog\\\/2018\\\/04\\\/09\\\/un-grupo-de-70-jovenes-participan-en-los-distintos-encuentros-pascuales\\\/\",\"url\":\"https:\\\/\\\/alcala.salesianos.edu\\\/colegio\\\/blog\\\/2018\\\/04\\\/09\\\/un-grupo-de-70-jovenes-participan-en-los-distintos-encuentros-pascuales\\\/\",\"name\":\"Un grupo de 70 j\u00f3venes participan en los distintos encuentros pascuales. - Colegio Salesiano Alcal\u00e1\",\"isPartOf\":{\"@id\":\"https:\\\/\\\/alcala.salesianos.edu\\\/colegio\\\/#website\"},\"primaryImageOfPage\":{\"@id\":\"https:\\\/\\\/alcala.salesianos.edu\\\/colegio\\\/blog\\\/2018\\\/04\\\/09\\\/un-grupo-de-70-jovenes-participan-en-los-distintos-encuentros-pascuales\\\/#primaryimage\"},\"image\":{\"@id\":\"https:\\\/\\\/alcala.salesianos.edu\\\/colegio\\\/blog\\\/2018\\\/04\\\/09\\\/un-grupo-de-70-jovenes-participan-en-los-distintos-encuentros-pascuales\\\/#primaryimage\"},\"thumbnailUrl\":\"https:\\\/\\\/alcala.salesianos.edu\\\/colegio\\\/wp-content\\\/uploads\\\/sites\\\/2\\\/2018\\\/04\\\/cartel.jpeg\",\"datePublished\":\"2018-04-09T14:32:29+00:00\",\"dateModified\":\"2025-08-27T08:01:43+00:00\",\"author\":{\"@id\":\"https:\\\/\\\/alcala.salesianos.edu\\\/colegio\\\/#\\\/schema\\\/person\\\/afcc24f776dc91fc2bf9afb0998fca77\"},\"breadcrumb\":{\"@id\":\"https:\\\/\\\/alcala.salesianos.edu\\\/colegio\\\/blog\\\/2018\\\/04\\\/09\\\/un-grupo-de-70-jovenes-participan-en-los-distintos-encuentros-pascuales\\\/#breadcrumb\"},\"inLanguage\":\"es\",\"potentialAction\":[{\"@type\":\"ReadAction\",\"target\":[\"https:\\\/\\\/alcala.salesianos.edu\\\/colegio\\\/blog\\\/2018\\\/04\\\/09\\\/un-grupo-de-70-jovenes-participan-en-los-distintos-encuentros-pascuales\\\/\"]}]},{\"@type\":\"ImageObject\",\"inLanguage\":\"es\",\"@id\":\"https:\\\/\\\/alcala.salesianos.edu\\\/colegio\\\/blog\\\/2018\\\/04\\\/09\\\/un-grupo-de-70-jovenes-participan-en-los-distintos-encuentros-pascuales\\\/#primaryimage\",\"url\":\"https:\\\/\\\/alcala.salesianos.edu\\\/colegio\\\/wp-content\\\/uploads\\\/sites\\\/2\\\/2018\\\/04\\\/cartel.jpeg\",\"contentUrl\":\"https:\\\/\\\/alcala.salesianos.edu\\\/colegio\\\/wp-content\\\/uploads\\\/sites\\\/2\\\/2018\\\/04\\\/cartel.jpeg\",\"width\":211,\"height\":239},{\"@type\":\"BreadcrumbList\",\"@id\":\"https:\\\/\\\/alcala.salesianos.edu\\\/colegio\\\/blog\\\/2018\\\/04\\\/09\\\/un-grupo-de-70-jovenes-participan-en-los-distintos-encuentros-pascuales\\\/#breadcrumb\",\"itemListElement\":[{\"@type\":\"ListItem\",\"position\":1,\"name\":\"Portada\",\"item\":\"https:\\\/\\\/alcala.salesianos.edu\\\/colegio\\\/\"},{\"@type\":\"ListItem\",\"position\":2,\"name\":\"Un grupo de 70 j\u00f3venes participan en los distintos encuentros pascuales.\"}]},{\"@type\":\"WebSite\",\"@id\":\"https:\\\/\\\/alcala.salesianos.edu\\\/colegio\\\/#website\",\"url\":\"https:\\\/\\\/alcala.salesianos.edu\\\/colegio\\\/\",\"name\":\"Colegio Salesiano Alcal\u00e1\",\"description\":\"P\u00e1gina oficial de Salesianos Alcal\u00e1 de Guadaira\",\"potentialAction\":[{\"@type\":\"SearchAction\",\"target\":{\"@type\":\"EntryPoint\",\"urlTemplate\":\"https:\\\/\\\/alcala.salesianos.edu\\\/colegio\\\/?s={search_term_string}\"},\"query-input\":{\"@type\":\"PropertyValueSpecification\",\"valueRequired\":true,\"valueName\":\"search_term_string\"}}],\"inLanguage\":\"es\"},{\"@type\":\"Person\",\"@id\":\"https:\\\/\\\/alcala.salesianos.edu\\\/colegio\\\/#\\\/schema\\\/person\\\/afcc24f776dc91fc2bf9afb0998fca77\",\"name\":\"Administrador Web\",\"image\":{\"@type\":\"ImageObject\",\"inLanguage\":\"es\",\"@id\":\"https:\\\/\\\/secure.gravatar.com\\\/avatar\\\/bc157e994689bd6da9645c00aa3bc4d55b727915b6652642660db0aef086585f?s=96&d=mm&r=g\",\"url\":\"https:\\\/\\\/secure.gravatar.com\\\/avatar\\\/bc157e994689bd6da9645c00aa3bc4d55b727915b6652642660db0aef086585f?s=96&d=mm&r=g\",\"contentUrl\":\"https:\\\/\\\/secure.gravatar.com\\\/avatar\\\/bc157e994689bd6da9645c00aa3bc4d55b727915b6652642660db0aef086585f?s=96&d=mm&r=g\",\"caption\":\"Administrador Web\"}}]}<\/script>\n<!-- \/ Yoast SEO plugin. -->","yoast_head_json":{"title":"Un grupo de 70 j\u00f3venes participan en los distintos encuentros pascuales. - Colegio Salesiano Alcal\u00e1","robots":{"index":"index","follow":"follow","max-snippet":"max-snippet:-1","max-image-preview":"max-image-preview:large","max-video-preview":"max-video-preview:-1"},"canonical":"https:\/\/alcala.salesianos.edu\/colegio\/blog\/2018\/04\/09\/un-grupo-de-70-jovenes-participan-en-los-distintos-encuentros-pascuales\/","og_locale":"es_ES","og_type":"article","og_title":"Un grupo de 70 j\u00f3venes participan en los distintos encuentros pascuales. - Colegio Salesiano Alcal\u00e1","og_description":"Los chicos de ADS III,IV, Vida y Sal Terrae celebran la Pascua del Se\u00f1or.","og_url":"https:\/\/alcala.salesianos.edu\/colegio\/blog\/2018\/04\/09\/un-grupo-de-70-jovenes-participan-en-los-distintos-encuentros-pascuales\/","og_site_name":"Colegio Salesiano Alcal\u00e1","article_published_time":"2018-04-09T14:32:29+00:00","article_modified_time":"2025-08-27T08:01:43+00:00","og_image":[{"width":211,"height":239,"url":"https:\/\/alcala.salesianos.edu\/colegio\/wp-content\/uploads\/sites\/2\/2018\/04\/cartel.jpeg","type":"image\/jpeg"}],"author":"Administrador Web","twitter_card":"summary_large_image","twitter_misc":{"Escrito por":"Administrador Web","Tiempo de lectura":"1 minuto"},"schema":{"@context":"https:\/\/schema.org","@graph":[{"@type":"Article","@id":"https:\/\/alcala.salesianos.edu\/colegio\/blog\/2018\/04\/09\/un-grupo-de-70-jovenes-participan-en-los-distintos-encuentros-pascuales\/#article","isPartOf":{"@id":"https:\/\/alcala.salesianos.edu\/colegio\/blog\/2018\/04\/09\/un-grupo-de-70-jovenes-participan-en-los-distintos-encuentros-pascuales\/"},"author":{"name":"Administrador Web","@id":"https:\/\/alcala.salesianos.edu\/colegio\/#\/schema\/person\/afcc24f776dc91fc2bf9afb0998fca77"},"headline":"Un grupo de 70 j\u00f3venes participan en los distintos encuentros pascuales.","datePublished":"2018-04-09T14:32:29+00:00","dateModified":"2025-08-27T08:01:43+00:00","mainEntityOfPage":{"@id":"https:\/\/alcala.salesianos.edu\/colegio\/blog\/2018\/04\/09\/un-grupo-de-70-jovenes-participan-en-los-distintos-encuentros-pascuales\/"},"wordCount":259,"image":{"@id":"https:\/\/alcala.salesianos.edu\/colegio\/blog\/2018\/04\/09\/un-grupo-de-70-jovenes-participan-en-los-distintos-encuentros-pascuales\/#primaryimage"},"thumbnailUrl":"https:\/\/alcala.salesianos.edu\/colegio\/wp-content\/uploads\/sites\/2\/2018\/04\/cartel.jpeg","articleSection":["Colegio","Escuela abierta","FASA","Infantil","Pastoral","Portada","Primaria","Secundaria","Uncategorized"],"inLanguage":"es"},{"@type":"WebPage","@id":"https:\/\/alcala.salesianos.edu\/colegio\/blog\/2018\/04\/09\/un-grupo-de-70-jovenes-participan-en-los-distintos-encuentros-pascuales\/","url":"https:\/\/alcala.salesianos.edu\/colegio\/blog\/2018\/04\/09\/un-grupo-de-70-jovenes-participan-en-los-distintos-encuentros-pascuales\/","name":"Un grupo de 70 j\u00f3venes participan en los distintos encuentros pascuales. - Colegio Salesiano Alcal\u00e1","isPartOf":{"@id":"https:\/\/alcala.salesianos.edu\/colegio\/#website"},"primaryImageOfPage":{"@id":"https:\/\/alcala.salesianos.edu\/colegio\/blog\/2018\/04\/09\/un-grupo-de-70-jovenes-participan-en-los-distintos-encuentros-pascuales\/#primaryimage"},"image":{"@id":"https:\/\/alcala.salesianos.edu\/colegio\/blog\/2018\/04\/09\/un-grupo-de-70-jovenes-participan-en-los-distintos-encuentros-pascuales\/#primaryimage"},"thumbnailUrl":"https:\/\/alcala.salesianos.edu\/colegio\/wp-content\/uploads\/sites\/2\/2018\/04\/cartel.jpeg","datePublished":"2018-04-09T14:32:29+00:00","dateModified":"2025-08-27T08:01:43+00:00","author":{"@id":"https:\/\/alcala.salesianos.edu\/colegio\/#\/schema\/person\/afcc24f776dc91fc2bf9afb0998fca77"},"breadcrumb":{"@id":"https:\/\/alcala.salesianos.edu\/colegio\/blog\/2018\/04\/09\/un-grupo-de-70-jovenes-participan-en-los-distintos-encuentros-pascuales\/#breadcrumb"},"inLanguage":"es","potentialAction":[{"@type":"ReadAction","target":["https:\/\/alcala.salesianos.edu\/colegio\/blog\/2018\/04\/09\/un-grupo-de-70-jovenes-participan-en-los-distintos-encuentros-pascuales\/"]}]},{"@type":"ImageObject","inLanguage":"es","@id":"https:\/\/alcala.salesianos.edu\/colegio\/blog\/2018\/04\/09\/un-grupo-de-70-jovenes-participan-en-los-distintos-encuentros-pascuales\/#primaryimage","url":"https:\/\/alcala.salesianos.edu\/colegio\/wp-content\/uploads\/sites\/2\/2018\/04\/cartel.jpeg","contentUrl":"https:\/\/alcala.salesianos.edu\/colegio\/wp-content\/uploads\/sites\/2\/2018\/04\/cartel.jpeg","width":211,"height":239},{"@type":"BreadcrumbList","@id":"https:\/\/alcala.salesianos.edu\/colegio\/blog\/2018\/04\/09\/un-grupo-de-70-jovenes-participan-en-los-distintos-encuentros-pascuales\/#breadcrumb","itemListElement":[{"@type":"ListItem","position":1,"name":"Portada","item":"https:\/\/alcala.salesianos.edu\/colegio\/"},{"@type":"ListItem","position":2,"name":"Un grupo de 70 j\u00f3venes participan en los distintos encuentros pascuales."}]},{"@type":"WebSite","@id":"https:\/\/alcala.salesianos.edu\/colegio\/#website","url":"https:\/\/alcala.salesianos.edu\/colegio\/","name":"Colegio Salesiano Alcal\u00e1","description":"P\u00e1gina oficial de Salesianos Alcal\u00e1 de Guadaira","potentialAction":[{"@type":"SearchAction","target":{"@type":"EntryPoint","urlTemplate":"https:\/\/alcala.salesianos.edu\/colegio\/?s={search_term_string}"},"query-input":{"@type":"PropertyValueSpecification","valueRequired":true,"valueName":"search_term_string"}}],"inLanguage":"es"},{"@type":"Person","@id":"https:\/\/alcala.salesianos.edu\/colegio\/#\/schema\/person\/afcc24f776dc91fc2bf9afb0998fca77","name":"Administrador Web","image":{"@type":"ImageObject","inLanguage":"es","@id":"https:\/\/secure.gravatar.com\/avatar\/bc157e994689bd6da9645c00aa3bc4d55b727915b6652642660db0aef086585f?s=96&d=mm&r=g","url":"https:\/\/secure.gravatar.com\/avatar\/bc157e994689bd6da9645c00aa3bc4d55b727915b6652642660db0aef086585f?s=96&d=mm&r=g","contentUrl":"https:\/\/secure.gravatar.com\/avatar\/bc157e994689bd6da9645c00aa3bc4d55b727915b6652642660db0aef086585f?s=96&d=mm&r=g","caption":"Administrador Web"}}]}},"_links":{"self":[{"href":"https:\/\/alcala.salesianos.edu\/colegio\/wp-json\/wp\/v2\/posts\/9572","targetHints":{"allow":["GET"]}}],"collection":[{"href":"https:\/\/alcala.salesianos.edu\/colegio\/wp-json\/wp\/v2\/posts"}],"about":[{"href":"https:\/\/alcala.salesianos.edu\/colegio\/wp-json\/wp\/v2\/types\/post"}],"author":[{"embeddable":true,"href":"https:\/\/alcala.salesianos.edu\/colegio\/wp-json\/wp\/v2\/users\/2"}],"replies":[{"embeddable":true,"href":"https:\/\/alcala.salesianos.edu\/colegio\/wp-json\/wp\/v2\/comments?post=9572"}],"version-history":[{"count":3,"href":"https:\/\/alcala.salesianos.edu\/colegio\/wp-json\/wp\/v2\/posts\/9572\/revisions"}],"predecessor-version":[{"id":9581,"href":"https:\/\/alcala.salesianos.edu\/colegio\/wp-json\/wp\/v2\/posts\/9572\/revisions\/9581"}],"wp:attachment":[{"href":"https:\/\/alcala.salesianos.edu\/colegio\/wp-json\/wp\/v2\/media?parent=9572"}],"wp:term":[{"taxonomy":"category","embeddable":true,"href":"https:\/\/alcala.salesianos.edu\/colegio\/wp-json\/wp\/v2\/categories?post=9572"},{"taxonomy":"post_tag","embeddable":true,"href":"https:\/\/alcala.salesianos.edu\/colegio\/wp-json\/wp\/v2\/tags?post=9572"}],"curies":[{"name":"wp","href":"https:\/\/api.w.org\/{rel}","templated":true}]}}