{"id":9489,"date":"2018-04-06T10:56:35","date_gmt":"2018-04-06T09:56:35","guid":{"rendered":"https:\/\/alcala.salesianos.edu\/colegio\/blog\/2018\/04\/06\/aceptado-el-reto-del-planeta-en-el-colegio-nuestra-senora-del-aguila\/"},"modified":"2025-08-27T09:01:44","modified_gmt":"2025-08-27T08:01:44","slug":"aceptado-el-reto-del-planeta-en-el-colegio-nuestra-senora-del-aguila","status":"publish","type":"post","link":"https:\/\/alcala.salesianos.edu\/colegio\/blog\/2018\/04\/06\/aceptado-el-reto-del-planeta-en-el-colegio-nuestra-senora-del-aguila\/","title":{"rendered":"Aceptado el reto del planeta en el Colegio Nuestra Se\u00f1ora del \u00c1guila"},"content":{"rendered":"<div id=\"fb-root\"><\/div>\n<p>[et_pb_section bb_built=\u00bb1&#8243;][et_pb_row][et_pb_column type=\u00bb4_4&#8243;][et_pb_text _builder_version=\u00bb3.0.105&#8243; background_layout=\u00bblight\u00bb]<\/p>\n<p><img loading=\"lazy\" decoding=\"async\" class=\"size-medium wp-image-5160 alignleft\" src=\"https:\/\/alcala.salesianos.edu\/wp-content\/uploads\/2018\/04\/29571088_1935314559873957_7508867130046021632_n-1-300x225.jpg\" alt=\"\" width=\"300\" height=\"225\" \/>Los alumnos de 3\u00ba E.P del\u00a0Colegio Salesiano de Alcal\u00e1 de Guada\u00edra han realizado una actividad de reforestaci\u00f3n de especies aut\u00f3ctonas para la conservaci\u00f3n y el cuidado del medio ambiente. Concretamente 25 fresnos y 26 almeces en la Ribera del Guada\u00edra, r\u00edo que da apellido a nuestra localidad en plena comarca de los Alcores.<\/p>\n<p>Tanto para los alumnos como para los maestros fue una experiencia enriquecedora.\u00a0\u00a0Bajo un sol que permiti\u00f3 disfrutar del momento que los alumnos estaban viviendo con sus caritas que, mediante amplias sonrisas dejaban entrever el orgullo y satisfacci\u00f3n al plantar y \u201cbautizar\u201d al que ser\u00e1 su \u00e1rbol para siempre. Una ilusi\u00f3n que solo ellos pueden desprender con tanta energ\u00eda y amor.<\/p>\n<p>Dicha actividad fue desarrollada con motivo de la participaci\u00f3n de los alumnos en el\u00a0VIII concurso escolar <a href=\"http:\/\/www.concursomedioambiente.com\/\"><u>\u201cCuidamos el Medio Ambiente\u201d<\/u><\/a>\u00a0cuya iniciativa es apoyar la educaci\u00f3n medioambiental impartida en los colegios de toda Espa\u00f1a. Adem\u00e1s, toda esta maravillosa experiencia fue posible gracias al apoyo, colaboraci\u00f3n e implicaci\u00f3n de la <a href=\"http:\/\/www.ciudadalcala.org\/noticias\/Noticia\/4512\/el-ayuntamiento-apoya-la-participacion-del-colegio-salesiano-nuestra-senora-del-aguila--en-el-concurso-cuidamos-el-medio-ambiente#.WsdDURPFJQJ\">Concejal\u00eda de Medio Ambiente<\/a> de la localidad que aprob\u00f3 el proyecto y dispuso del espacio para su realizaci\u00f3n y, gracias tambi\u00e9n a la colaboraci\u00f3n por el suministro de las especies por parte de Viveros Sierra Norte.<\/p>\n<p>Hoy sus peque\u00f1os \u00e1rboles lucen con orgullo sus nombres y seguir\u00e1n creciendo tan alto como se propongan. Con esta siembra hecha con amor nosotros ya hemos cosechado felicidad.<\/p>\n<p>[\/et_pb_text][et_pb_gallery _builder_version=\u00bb3.0.105&#8243; show_title_and_caption=\u00bboff\u00bb show_pagination=\u00bbon\u00bb gallery_ids=\u00bb5157,5159,5158,5155&#8243; fullwidth=\u00bboff\u00bb orientation=\u00bblandscape\u00bb zoom_icon_color=\u00bb#dc001b\u00bb hover_overlay_color=\u00bbrgba(255,255,255,0.9)\u00bb background_layout=\u00bblight\u00bb pagination_font_size_tablet=\u00bb51&#8243; pagination_line_height_tablet=\u00bb2&#8243; \/][\/et_pb_column][\/et_pb_row][\/et_pb_section]<\/p>\n","protected":false},"excerpt":{"rendered":"<p>Los alumnos de nuestro centro participaron en el VIII concurso escolar \u00abCuidamos el Medio Ambiente\u00bb con la reforestaci\u00f3n de fresnos y almeces  en la Ribera del Guada\u00edra.<\/p>\n","protected":false},"author":2,"featured_media":0,"comment_status":"closed","ping_status":"open","sticky":false,"template":"","format":"standard","meta":{"_et_pb_use_builder":"on","_et_pb_old_content":"","_et_gb_content_width":"","footnotes":""},"categories":[12,19,13,17,14,15,18,16,1],"tags":[],"class_list":["post-9489","post","type-post","status-publish","format-standard","hentry","category-colegio","category-escuela-abierta","category-fasa","category-infantil","category-pastoral","category-portada","category-primaria","category-secundaria","category-uncategorized"],"yoast_head":"<!-- This site is optimized with the Yoast SEO plugin v28.4 - https:\/\/yoast.com\/product\/yoast-seo-wordpress\/ -->\n<title>Aceptado el reto del planeta en el Colegio Nuestra Se\u00f1ora del \u00c1guila - Colegio Salesiano Alcal\u00e1<\/title>\n<meta name=\"robots\" content=\"index, follow, max-snippet:-1, max-image-preview:large, max-video-preview:-1\" \/>\n<link rel=\"canonical\" href=\"https:\/\/alcala.salesianos.edu\/colegio\/blog\/2018\/04\/06\/aceptado-el-reto-del-planeta-en-el-colegio-nuestra-senora-del-aguila\/\" \/>\n<meta property=\"og:locale\" content=\"es_ES\" \/>\n<meta property=\"og:type\" content=\"article\" \/>\n<meta property=\"og:title\" content=\"Aceptado el reto del planeta en el Colegio Nuestra Se\u00f1ora del \u00c1guila - Colegio Salesiano Alcal\u00e1\" \/>\n<meta property=\"og:description\" content=\"Los alumnos de nuestro centro participaron en el VIII concurso escolar &quot;Cuidamos el Medio Ambiente&quot; con la reforestaci\u00f3n de fresnos y almeces en la Ribera del Guada\u00edra.\" \/>\n<meta property=\"og:url\" content=\"https:\/\/alcala.salesianos.edu\/colegio\/blog\/2018\/04\/06\/aceptado-el-reto-del-planeta-en-el-colegio-nuestra-senora-del-aguila\/\" \/>\n<meta property=\"og:site_name\" content=\"Colegio Salesiano Alcal\u00e1\" \/>\n<meta property=\"article:published_time\" content=\"2018-04-06T09:56:35+00:00\" \/>\n<meta property=\"article:modified_time\" content=\"2025-08-27T08:01:44+00:00\" \/>\n<meta name=\"author\" content=\"Administrador Web\" \/>\n<meta name=\"twitter:card\" content=\"summary_large_image\" \/>\n<meta name=\"twitter:label1\" content=\"Escrito por\" \/>\n\t<meta name=\"twitter:data1\" content=\"Administrador Web\" \/>\n\t<meta name=\"twitter:label2\" content=\"Tiempo de lectura\" \/>\n\t<meta name=\"twitter:data2\" content=\"2 minutos\" \/>\n<script type=\"application\/ld+json\" class=\"yoast-schema-graph\">{\"@context\":\"https:\\\/\\\/schema.org\",\"@graph\":[{\"@type\":\"Article\",\"@id\":\"https:\\\/\\\/alcala.salesianos.edu\\\/colegio\\\/blog\\\/2018\\\/04\\\/06\\\/aceptado-el-reto-del-planeta-en-el-colegio-nuestra-senora-del-aguila\\\/#article\",\"isPartOf\":{\"@id\":\"https:\\\/\\\/alcala.salesianos.edu\\\/colegio\\\/blog\\\/2018\\\/04\\\/06\\\/aceptado-el-reto-del-planeta-en-el-colegio-nuestra-senora-del-aguila\\\/\"},\"author\":{\"name\":\"Administrador Web\",\"@id\":\"https:\\\/\\\/alcala.salesianos.edu\\\/colegio\\\/#\\\/schema\\\/person\\\/afcc24f776dc91fc2bf9afb0998fca77\"},\"headline\":\"Aceptado el reto del planeta en el Colegio Nuestra Se\u00f1ora del \u00c1guila\",\"datePublished\":\"2018-04-06T09:56:35+00:00\",\"dateModified\":\"2025-08-27T08:01:44+00:00\",\"mainEntityOfPage\":{\"@id\":\"https:\\\/\\\/alcala.salesianos.edu\\\/colegio\\\/blog\\\/2018\\\/04\\\/06\\\/aceptado-el-reto-del-planeta-en-el-colegio-nuestra-senora-del-aguila\\\/\"},\"wordCount\":332,\"image\":{\"@id\":\"https:\\\/\\\/alcala.salesianos.edu\\\/colegio\\\/blog\\\/2018\\\/04\\\/06\\\/aceptado-el-reto-del-planeta-en-el-colegio-nuestra-senora-del-aguila\\\/#primaryimage\"},\"thumbnailUrl\":\"https:\\\/\\\/alcala.salesianos.edu\\\/wp-content\\\/uploads\\\/2018\\\/04\\\/29571088_1935314559873957_7508867130046021632_n-1-300x225.jpg\",\"articleSection\":[\"Colegio\",\"Escuela abierta\",\"FASA\",\"Infantil\",\"Pastoral\",\"Portada\",\"Primaria\",\"Secundaria\",\"Uncategorized\"],\"inLanguage\":\"es\"},{\"@type\":\"WebPage\",\"@id\":\"https:\\\/\\\/alcala.salesianos.edu\\\/colegio\\\/blog\\\/2018\\\/04\\\/06\\\/aceptado-el-reto-del-planeta-en-el-colegio-nuestra-senora-del-aguila\\\/\",\"url\":\"https:\\\/\\\/alcala.salesianos.edu\\\/colegio\\\/blog\\\/2018\\\/04\\\/06\\\/aceptado-el-reto-del-planeta-en-el-colegio-nuestra-senora-del-aguila\\\/\",\"name\":\"Aceptado el reto del planeta en el Colegio Nuestra Se\u00f1ora del \u00c1guila - Colegio Salesiano Alcal\u00e1\",\"isPartOf\":{\"@id\":\"https:\\\/\\\/alcala.salesianos.edu\\\/colegio\\\/#website\"},\"primaryImageOfPage\":{\"@id\":\"https:\\\/\\\/alcala.salesianos.edu\\\/colegio\\\/blog\\\/2018\\\/04\\\/06\\\/aceptado-el-reto-del-planeta-en-el-colegio-nuestra-senora-del-aguila\\\/#primaryimage\"},\"image\":{\"@id\":\"https:\\\/\\\/alcala.salesianos.edu\\\/colegio\\\/blog\\\/2018\\\/04\\\/06\\\/aceptado-el-reto-del-planeta-en-el-colegio-nuestra-senora-del-aguila\\\/#primaryimage\"},\"thumbnailUrl\":\"https:\\\/\\\/alcala.salesianos.edu\\\/wp-content\\\/uploads\\\/2018\\\/04\\\/29571088_1935314559873957_7508867130046021632_n-1-300x225.jpg\",\"datePublished\":\"2018-04-06T09:56:35+00:00\",\"dateModified\":\"2025-08-27T08:01:44+00:00\",\"author\":{\"@id\":\"https:\\\/\\\/alcala.salesianos.edu\\\/colegio\\\/#\\\/schema\\\/person\\\/afcc24f776dc91fc2bf9afb0998fca77\"},\"breadcrumb\":{\"@id\":\"https:\\\/\\\/alcala.salesianos.edu\\\/colegio\\\/blog\\\/2018\\\/04\\\/06\\\/aceptado-el-reto-del-planeta-en-el-colegio-nuestra-senora-del-aguila\\\/#breadcrumb\"},\"inLanguage\":\"es\",\"potentialAction\":[{\"@type\":\"ReadAction\",\"target\":[\"https:\\\/\\\/alcala.salesianos.edu\\\/colegio\\\/blog\\\/2018\\\/04\\\/06\\\/aceptado-el-reto-del-planeta-en-el-colegio-nuestra-senora-del-aguila\\\/\"]}]},{\"@type\":\"ImageObject\",\"inLanguage\":\"es\",\"@id\":\"https:\\\/\\\/alcala.salesianos.edu\\\/colegio\\\/blog\\\/2018\\\/04\\\/06\\\/aceptado-el-reto-del-planeta-en-el-colegio-nuestra-senora-del-aguila\\\/#primaryimage\",\"url\":\"https:\\\/\\\/alcala.salesianos.edu\\\/wp-content\\\/uploads\\\/2018\\\/04\\\/29571088_1935314559873957_7508867130046021632_n-1-300x225.jpg\",\"contentUrl\":\"https:\\\/\\\/alcala.salesianos.edu\\\/wp-content\\\/uploads\\\/2018\\\/04\\\/29571088_1935314559873957_7508867130046021632_n-1-300x225.jpg\"},{\"@type\":\"BreadcrumbList\",\"@id\":\"https:\\\/\\\/alcala.salesianos.edu\\\/colegio\\\/blog\\\/2018\\\/04\\\/06\\\/aceptado-el-reto-del-planeta-en-el-colegio-nuestra-senora-del-aguila\\\/#breadcrumb\",\"itemListElement\":[{\"@type\":\"ListItem\",\"position\":1,\"name\":\"Portada\",\"item\":\"https:\\\/\\\/alcala.salesianos.edu\\\/colegio\\\/\"},{\"@type\":\"ListItem\",\"position\":2,\"name\":\"Aceptado el reto del planeta en el Colegio Nuestra Se\u00f1ora del \u00c1guila\"}]},{\"@type\":\"WebSite\",\"@id\":\"https:\\\/\\\/alcala.salesianos.edu\\\/colegio\\\/#website\",\"url\":\"https:\\\/\\\/alcala.salesianos.edu\\\/colegio\\\/\",\"name\":\"Colegio Salesiano Alcal\u00e1\",\"description\":\"P\u00e1gina oficial de Salesianos Alcal\u00e1 de Guadaira\",\"potentialAction\":[{\"@type\":\"SearchAction\",\"target\":{\"@type\":\"EntryPoint\",\"urlTemplate\":\"https:\\\/\\\/alcala.salesianos.edu\\\/colegio\\\/?s={search_term_string}\"},\"query-input\":{\"@type\":\"PropertyValueSpecification\",\"valueRequired\":true,\"valueName\":\"search_term_string\"}}],\"inLanguage\":\"es\"},{\"@type\":\"Person\",\"@id\":\"https:\\\/\\\/alcala.salesianos.edu\\\/colegio\\\/#\\\/schema\\\/person\\\/afcc24f776dc91fc2bf9afb0998fca77\",\"name\":\"Administrador Web\",\"image\":{\"@type\":\"ImageObject\",\"inLanguage\":\"es\",\"@id\":\"https:\\\/\\\/secure.gravatar.com\\\/avatar\\\/bc157e994689bd6da9645c00aa3bc4d55b727915b6652642660db0aef086585f?s=96&d=mm&r=g\",\"url\":\"https:\\\/\\\/secure.gravatar.com\\\/avatar\\\/bc157e994689bd6da9645c00aa3bc4d55b727915b6652642660db0aef086585f?s=96&d=mm&r=g\",\"contentUrl\":\"https:\\\/\\\/secure.gravatar.com\\\/avatar\\\/bc157e994689bd6da9645c00aa3bc4d55b727915b6652642660db0aef086585f?s=96&d=mm&r=g\",\"caption\":\"Administrador Web\"}}]}<\/script>\n<!-- \/ Yoast SEO plugin. -->","yoast_head_json":{"title":"Aceptado el reto del planeta en el Colegio Nuestra Se\u00f1ora del \u00c1guila - Colegio Salesiano Alcal\u00e1","robots":{"index":"index","follow":"follow","max-snippet":"max-snippet:-1","max-image-preview":"max-image-preview:large","max-video-preview":"max-video-preview:-1"},"canonical":"https:\/\/alcala.salesianos.edu\/colegio\/blog\/2018\/04\/06\/aceptado-el-reto-del-planeta-en-el-colegio-nuestra-senora-del-aguila\/","og_locale":"es_ES","og_type":"article","og_title":"Aceptado el reto del planeta en el Colegio Nuestra Se\u00f1ora del \u00c1guila - Colegio Salesiano Alcal\u00e1","og_description":"Los alumnos de nuestro centro participaron en el VIII concurso escolar \"Cuidamos el Medio Ambiente\" con la reforestaci\u00f3n de fresnos y almeces en la Ribera del Guada\u00edra.","og_url":"https:\/\/alcala.salesianos.edu\/colegio\/blog\/2018\/04\/06\/aceptado-el-reto-del-planeta-en-el-colegio-nuestra-senora-del-aguila\/","og_site_name":"Colegio Salesiano Alcal\u00e1","article_published_time":"2018-04-06T09:56:35+00:00","article_modified_time":"2025-08-27T08:01:44+00:00","author":"Administrador Web","twitter_card":"summary_large_image","twitter_misc":{"Escrito por":"Administrador Web","Tiempo de lectura":"2 minutos"},"schema":{"@context":"https:\/\/schema.org","@graph":[{"@type":"Article","@id":"https:\/\/alcala.salesianos.edu\/colegio\/blog\/2018\/04\/06\/aceptado-el-reto-del-planeta-en-el-colegio-nuestra-senora-del-aguila\/#article","isPartOf":{"@id":"https:\/\/alcala.salesianos.edu\/colegio\/blog\/2018\/04\/06\/aceptado-el-reto-del-planeta-en-el-colegio-nuestra-senora-del-aguila\/"},"author":{"name":"Administrador Web","@id":"https:\/\/alcala.salesianos.edu\/colegio\/#\/schema\/person\/afcc24f776dc91fc2bf9afb0998fca77"},"headline":"Aceptado el reto del planeta en el Colegio Nuestra Se\u00f1ora del \u00c1guila","datePublished":"2018-04-06T09:56:35+00:00","dateModified":"2025-08-27T08:01:44+00:00","mainEntityOfPage":{"@id":"https:\/\/alcala.salesianos.edu\/colegio\/blog\/2018\/04\/06\/aceptado-el-reto-del-planeta-en-el-colegio-nuestra-senora-del-aguila\/"},"wordCount":332,"image":{"@id":"https:\/\/alcala.salesianos.edu\/colegio\/blog\/2018\/04\/06\/aceptado-el-reto-del-planeta-en-el-colegio-nuestra-senora-del-aguila\/#primaryimage"},"thumbnailUrl":"https:\/\/alcala.salesianos.edu\/wp-content\/uploads\/2018\/04\/29571088_1935314559873957_7508867130046021632_n-1-300x225.jpg","articleSection":["Colegio","Escuela abierta","FASA","Infantil","Pastoral","Portada","Primaria","Secundaria","Uncategorized"],"inLanguage":"es"},{"@type":"WebPage","@id":"https:\/\/alcala.salesianos.edu\/colegio\/blog\/2018\/04\/06\/aceptado-el-reto-del-planeta-en-el-colegio-nuestra-senora-del-aguila\/","url":"https:\/\/alcala.salesianos.edu\/colegio\/blog\/2018\/04\/06\/aceptado-el-reto-del-planeta-en-el-colegio-nuestra-senora-del-aguila\/","name":"Aceptado el reto del planeta en el Colegio Nuestra Se\u00f1ora del \u00c1guila - Colegio Salesiano Alcal\u00e1","isPartOf":{"@id":"https:\/\/alcala.salesianos.edu\/colegio\/#website"},"primaryImageOfPage":{"@id":"https:\/\/alcala.salesianos.edu\/colegio\/blog\/2018\/04\/06\/aceptado-el-reto-del-planeta-en-el-colegio-nuestra-senora-del-aguila\/#primaryimage"},"image":{"@id":"https:\/\/alcala.salesianos.edu\/colegio\/blog\/2018\/04\/06\/aceptado-el-reto-del-planeta-en-el-colegio-nuestra-senora-del-aguila\/#primaryimage"},"thumbnailUrl":"https:\/\/alcala.salesianos.edu\/wp-content\/uploads\/2018\/04\/29571088_1935314559873957_7508867130046021632_n-1-300x225.jpg","datePublished":"2018-04-06T09:56:35+00:00","dateModified":"2025-08-27T08:01:44+00:00","author":{"@id":"https:\/\/alcala.salesianos.edu\/colegio\/#\/schema\/person\/afcc24f776dc91fc2bf9afb0998fca77"},"breadcrumb":{"@id":"https:\/\/alcala.salesianos.edu\/colegio\/blog\/2018\/04\/06\/aceptado-el-reto-del-planeta-en-el-colegio-nuestra-senora-del-aguila\/#breadcrumb"},"inLanguage":"es","potentialAction":[{"@type":"ReadAction","target":["https:\/\/alcala.salesianos.edu\/colegio\/blog\/2018\/04\/06\/aceptado-el-reto-del-planeta-en-el-colegio-nuestra-senora-del-aguila\/"]}]},{"@type":"ImageObject","inLanguage":"es","@id":"https:\/\/alcala.salesianos.edu\/colegio\/blog\/2018\/04\/06\/aceptado-el-reto-del-planeta-en-el-colegio-nuestra-senora-del-aguila\/#primaryimage","url":"https:\/\/alcala.salesianos.edu\/wp-content\/uploads\/2018\/04\/29571088_1935314559873957_7508867130046021632_n-1-300x225.jpg","contentUrl":"https:\/\/alcala.salesianos.edu\/wp-content\/uploads\/2018\/04\/29571088_1935314559873957_7508867130046021632_n-1-300x225.jpg"},{"@type":"BreadcrumbList","@id":"https:\/\/alcala.salesianos.edu\/colegio\/blog\/2018\/04\/06\/aceptado-el-reto-del-planeta-en-el-colegio-nuestra-senora-del-aguila\/#breadcrumb","itemListElement":[{"@type":"ListItem","position":1,"name":"Portada","item":"https:\/\/alcala.salesianos.edu\/colegio\/"},{"@type":"ListItem","position":2,"name":"Aceptado el reto del planeta en el Colegio Nuestra Se\u00f1ora del \u00c1guila"}]},{"@type":"WebSite","@id":"https:\/\/alcala.salesianos.edu\/colegio\/#website","url":"https:\/\/alcala.salesianos.edu\/colegio\/","name":"Colegio Salesiano Alcal\u00e1","description":"P\u00e1gina oficial de Salesianos Alcal\u00e1 de Guadaira","potentialAction":[{"@type":"SearchAction","target":{"@type":"EntryPoint","urlTemplate":"https:\/\/alcala.salesianos.edu\/colegio\/?s={search_term_string}"},"query-input":{"@type":"PropertyValueSpecification","valueRequired":true,"valueName":"search_term_string"}}],"inLanguage":"es"},{"@type":"Person","@id":"https:\/\/alcala.salesianos.edu\/colegio\/#\/schema\/person\/afcc24f776dc91fc2bf9afb0998fca77","name":"Administrador Web","image":{"@type":"ImageObject","inLanguage":"es","@id":"https:\/\/secure.gravatar.com\/avatar\/bc157e994689bd6da9645c00aa3bc4d55b727915b6652642660db0aef086585f?s=96&d=mm&r=g","url":"https:\/\/secure.gravatar.com\/avatar\/bc157e994689bd6da9645c00aa3bc4d55b727915b6652642660db0aef086585f?s=96&d=mm&r=g","contentUrl":"https:\/\/secure.gravatar.com\/avatar\/bc157e994689bd6da9645c00aa3bc4d55b727915b6652642660db0aef086585f?s=96&d=mm&r=g","caption":"Administrador Web"}}]}},"_links":{"self":[{"href":"https:\/\/alcala.salesianos.edu\/colegio\/wp-json\/wp\/v2\/posts\/9489","targetHints":{"allow":["GET"]}}],"collection":[{"href":"https:\/\/alcala.salesianos.edu\/colegio\/wp-json\/wp\/v2\/posts"}],"about":[{"href":"https:\/\/alcala.salesianos.edu\/colegio\/wp-json\/wp\/v2\/types\/post"}],"author":[{"embeddable":true,"href":"https:\/\/alcala.salesianos.edu\/colegio\/wp-json\/wp\/v2\/users\/2"}],"replies":[{"embeddable":true,"href":"https:\/\/alcala.salesianos.edu\/colegio\/wp-json\/wp\/v2\/comments?post=9489"}],"version-history":[{"count":9,"href":"https:\/\/alcala.salesianos.edu\/colegio\/wp-json\/wp\/v2\/posts\/9489\/revisions"}],"predecessor-version":[{"id":16537,"href":"https:\/\/alcala.salesianos.edu\/colegio\/wp-json\/wp\/v2\/posts\/9489\/revisions\/16537"}],"wp:attachment":[{"href":"https:\/\/alcala.salesianos.edu\/colegio\/wp-json\/wp\/v2\/media?parent=9489"}],"wp:term":[{"taxonomy":"category","embeddable":true,"href":"https:\/\/alcala.salesianos.edu\/colegio\/wp-json\/wp\/v2\/categories?post=9489"},{"taxonomy":"post_tag","embeddable":true,"href":"https:\/\/alcala.salesianos.edu\/colegio\/wp-json\/wp\/v2\/tags?post=9489"}],"curies":[{"name":"wp","href":"https:\/\/api.w.org\/{rel}","templated":true}]}}