{"id":9399,"date":"2018-04-02T15:48:24","date_gmt":"2018-04-02T14:48:24","guid":{"rendered":"https:\/\/alcala.salesianos.edu\/colegio\/blog\/2018\/04\/02\/dia-mundial-de-la-concienciacion-sobre-el-autismo\/"},"modified":"2025-08-27T09:01:44","modified_gmt":"2025-08-27T08:01:44","slug":"dia-mundial-de-la-concienciacion-sobre-el-autismo","status":"publish","type":"post","link":"https:\/\/alcala.salesianos.edu\/colegio\/blog\/2018\/04\/02\/dia-mundial-de-la-concienciacion-sobre-el-autismo\/","title":{"rendered":"D\u00eda Mundial de la Concienciaci\u00f3n sobre el Autismo"},"content":{"rendered":"<div id=\"fb-root\"><\/div>\n<p>[et_pb_section bb_built=\u00bb1&#8243;][et_pb_row][et_pb_column type=\u00bb4_4&#8243;][et_pb_text _builder_version=\u00bb3.0.105&#8243; background_layout=\u00bblight\u00bb]<\/p>\n<p><img loading=\"lazy\" decoding=\"async\" class=\" wp-image-5117 alignleft\" src=\"https:\/\/alcala.salesianos.edu\/wp-content\/uploads\/2018\/04\/unnamed-260x300.jpg\" alt=\"\" width=\"223\" height=\"257\" \/>La Asamblea General de Naciones Unidas instaur\u00f3 el 2 de abril como\u00a0<strong>D\u00eda Mundial de la Concienciaci\u00f3n sobre el Autismo.<\/strong><\/p>\n<p><strong><em>\u201cRompamos juntos barreras por el autismo. Hagamos una sociedad accesible\u201d<\/em><\/strong>\u00a0es el lema elegido en 2017 y 2018 para celebrar el D\u00eda Mundial de Concienciaci\u00f3n sobre el Autismo.<\/p>\n<p>Las personas con autismo se enfrentan a numerosas barreras, que var\u00edan en funci\u00f3n de cada individuo y de sus necesidades espec\u00edficas, a la hora de disfrutar de sus derechos fundamentales y de formar parte plenamente de la comunidad.<\/p>\n<p>&nbsp;<\/p>\n<p>&nbsp;<\/p>\n<div><\/div>\n<p>[\/et_pb_text][et_pb_video _builder_version=\u00bb3.0.105&#8243; src=\u00bbhttps:\/\/www.youtube.com\/watch?v=upPysHkZY4k#action=share\u00bb image_src=\u00bbhttps:\/\/alcala.salesianos.edu\/wp-content\/uploads\/2018\/04\/29595017_1816196291744271_5004033260061310735_n.jpg\u00bb \/][et_pb_text _builder_version=\u00bb3.0.105&#8243; background_layout=\u00bblight\u00bb]<\/p>\n<div><\/div>\n<p style=\"padding-bottom: 0px;\"><img loading=\"lazy\" decoding=\"async\" class=\"size-medium wp-image-5118 alignright\" src=\"https:\/\/alcala.salesianos.edu\/wp-content\/uploads\/2018\/04\/Concurso-Dibujo-Autismo-Sevilla-1-294x300.jpg\" alt=\"\" width=\"294\" height=\"300\" \/><\/p>\n<p>&nbsp;<\/p>\n<p>&nbsp;<\/p>\n<div>Para conmemorar este d\u00eda, hemos participado en el concurso\u00a0\u00a0<i><b>\u201cLos alumnos con Autismo y ASPER<\/b><\/i><i><b>GER, uno m\u00e1s en nuestro cole<\/b><\/i>\u201d, para reflejar nuestra alegr\u00eda y continuo aprendizaje.<\/div>\n<p>&nbsp;<\/p>\n<p>&nbsp;<\/p>\n<div><\/div>\n<p>[\/et_pb_text][\/et_pb_column][\/et_pb_row][et_pb_row][et_pb_column type=\u00bb1_4&#8243;][et_pb_image _builder_version=\u00bb3.0.105&#8243; src=\u00bbhttps:\/\/alcala.salesianos.edu\/wp-content\/uploads\/2018\/04\/IMG-20180323-WA0006-1.jpg\u00bb show_in_lightbox=\u00bboff\u00bb url_new_window=\u00bboff\u00bb use_overlay=\u00bboff\u00bb always_center_on_mobile=\u00bbon\u00bb force_fullwidth=\u00bboff\u00bb show_bottom_space=\u00bbon\u00bb \/][\/et_pb_column][et_pb_column type=\u00bb1_2&#8243;][et_pb_image _builder_version=\u00bb3.0.105&#8243; src=\u00bbhttps:\/\/alcala.salesianos.edu\/wp-content\/uploads\/2018\/04\/IMG-20180323-WA0007-1.jpg\u00bb show_in_lightbox=\u00bboff\u00bb url_new_window=\u00bboff\u00bb use_overlay=\u00bboff\u00bb always_center_on_mobile=\u00bbon\u00bb force_fullwidth=\u00bboff\u00bb show_bottom_space=\u00bbon\u00bb \/][\/et_pb_column][et_pb_column type=\u00bb1_4&#8243;][et_pb_image _builder_version=\u00bb3.0.105&#8243; src=\u00bbhttps:\/\/alcala.salesianos.edu\/wp-content\/uploads\/2018\/04\/IMG-20180323-WA0002-1-1.jpg\u00bb show_in_lightbox=\u00bboff\u00bb url_new_window=\u00bboff\u00bb use_overlay=\u00bboff\u00bb always_center_on_mobile=\u00bbon\u00bb force_fullwidth=\u00bboff\u00bb show_bottom_space=\u00bbon\u00bb \/][\/et_pb_column][\/et_pb_row][et_pb_row][et_pb_column type=\u00bb1_3&#8243;][et_pb_image _builder_version=\u00bb3.0.105&#8243; src=\u00bbhttps:\/\/alcala.salesianos.edu\/wp-content\/uploads\/2018\/04\/29791517_1950857068319706_4445772569625797306_n.jpg\u00bb show_in_lightbox=\u00bboff\u00bb url_new_window=\u00bboff\u00bb use_overlay=\u00bboff\u00bb always_center_on_mobile=\u00bbon\u00bb force_fullwidth=\u00bboff\u00bb show_bottom_space=\u00bbon\u00bb \/][\/et_pb_column][et_pb_column type=\u00bb1_3&#8243;][et_pb_image _builder_version=\u00bb3.0.105&#8243; src=\u00bbhttps:\/\/alcala.salesianos.edu\/wp-content\/uploads\/2018\/04\/IMG-20180402-WA0007.jpg\u00bb show_in_lightbox=\u00bboff\u00bb url_new_window=\u00bboff\u00bb use_overlay=\u00bboff\u00bb always_center_on_mobile=\u00bbon\u00bb force_fullwidth=\u00bboff\u00bb show_bottom_space=\u00bbon\u00bb \/][\/et_pb_column][et_pb_column type=\u00bb1_3&#8243;][et_pb_image _builder_version=\u00bb3.0.105&#8243; src=\u00bbhttps:\/\/alcala.salesianos.edu\/wp-content\/uploads\/2018\/04\/29597772_1950857064986373_8512289610075135129_n.jpg\u00bb show_in_lightbox=\u00bboff\u00bb url_new_window=\u00bboff\u00bb use_overlay=\u00bboff\u00bb always_center_on_mobile=\u00bbon\u00bb force_fullwidth=\u00bboff\u00bb show_bottom_space=\u00bbon\u00bb \/][\/et_pb_column][\/et_pb_row][\/et_pb_section]<\/p>\n","protected":false},"excerpt":{"rendered":"<p><div class=\"et_pb_row et_pb_row_0 et_pb_row_empty\">\n\t\t\t\t\n\t\t\t\t\n\t\t\t\t\n\t\t\t\t\n\t\t\t\t\n\t\t\t<\/div> La Asamblea General de Naciones Unidas instaur\u00f3 el 2 de abril como\u00a0D\u00eda Mundial de la Concienciaci\u00f3n sobre el Autismo. \u201cRompamos juntos barreras por el autismo. Hagamos una sociedad accesible\u201d\u00a0es el lema elegido en 2017 y 2018 para celebrar el D\u00eda Mundial de Concienciaci\u00f3n sobre el Autismo. Las personas con autismo se enfrentan a numerosas [&hellip;]<\/p>\n","protected":false},"author":2,"featured_media":0,"comment_status":"closed","ping_status":"open","sticky":false,"template":"","format":"standard","meta":{"_et_pb_use_builder":"on","_et_pb_old_content":"","_et_gb_content_width":"","footnotes":""},"categories":[12,19,13,17,14,15,18,16,1],"tags":[],"class_list":["post-9399","post","type-post","status-publish","format-standard","hentry","category-colegio","category-escuela-abierta","category-fasa","category-infantil","category-pastoral","category-portada","category-primaria","category-secundaria","category-uncategorized"],"yoast_head":"<!-- This site is optimized with the Yoast SEO plugin v28.4 - https:\/\/yoast.com\/product\/yoast-seo-wordpress\/ -->\n<title>D\u00eda Mundial de la Concienciaci\u00f3n sobre el Autismo - Colegio Salesiano Alcal\u00e1<\/title>\n<meta name=\"robots\" content=\"index, follow, max-snippet:-1, max-image-preview:large, max-video-preview:-1\" \/>\n<link rel=\"canonical\" href=\"https:\/\/alcala.salesianos.edu\/colegio\/blog\/2018\/04\/02\/dia-mundial-de-la-concienciacion-sobre-el-autismo\/\" \/>\n<meta property=\"og:locale\" content=\"es_ES\" \/>\n<meta property=\"og:type\" content=\"article\" \/>\n<meta property=\"og:title\" content=\"D\u00eda Mundial de la Concienciaci\u00f3n sobre el Autismo - Colegio Salesiano Alcal\u00e1\" \/>\n<meta property=\"og:description\" content=\"La Asamblea General de Naciones Unidas instaur\u00f3 el 2 de abril como\u00a0D\u00eda Mundial de la Concienciaci\u00f3n sobre el Autismo. \u201cRompamos juntos barreras por el autismo. Hagamos una sociedad accesible\u201d\u00a0es el lema elegido en 2017 y 2018 para celebrar el D\u00eda Mundial de Concienciaci\u00f3n sobre el Autismo. Las personas con autismo se enfrentan a numerosas [&hellip;]\" \/>\n<meta property=\"og:url\" content=\"https:\/\/alcala.salesianos.edu\/colegio\/blog\/2018\/04\/02\/dia-mundial-de-la-concienciacion-sobre-el-autismo\/\" \/>\n<meta property=\"og:site_name\" content=\"Colegio Salesiano Alcal\u00e1\" \/>\n<meta property=\"article:published_time\" content=\"2018-04-02T14:48:24+00:00\" \/>\n<meta property=\"article:modified_time\" content=\"2025-08-27T08:01:44+00:00\" \/>\n<meta name=\"author\" content=\"Administrador Web\" \/>\n<meta name=\"twitter:card\" content=\"summary_large_image\" \/>\n<meta name=\"twitter:label1\" content=\"Escrito por\" \/>\n\t<meta name=\"twitter:data1\" content=\"Administrador Web\" \/>\n\t<meta name=\"twitter:label2\" content=\"Tiempo de lectura\" \/>\n\t<meta name=\"twitter:data2\" content=\"2 minutos\" \/>\n<script type=\"application\/ld+json\" class=\"yoast-schema-graph\">{\"@context\":\"https:\\\/\\\/schema.org\",\"@graph\":[{\"@type\":\"Article\",\"@id\":\"https:\\\/\\\/alcala.salesianos.edu\\\/colegio\\\/blog\\\/2018\\\/04\\\/02\\\/dia-mundial-de-la-concienciacion-sobre-el-autismo\\\/#article\",\"isPartOf\":{\"@id\":\"https:\\\/\\\/alcala.salesianos.edu\\\/colegio\\\/blog\\\/2018\\\/04\\\/02\\\/dia-mundial-de-la-concienciacion-sobre-el-autismo\\\/\"},\"author\":{\"name\":\"Administrador Web\",\"@id\":\"https:\\\/\\\/alcala.salesianos.edu\\\/colegio\\\/#\\\/schema\\\/person\\\/afcc24f776dc91fc2bf9afb0998fca77\"},\"headline\":\"D\u00eda Mundial de la Concienciaci\u00f3n sobre el Autismo\",\"datePublished\":\"2018-04-02T14:48:24+00:00\",\"dateModified\":\"2025-08-27T08:01:44+00:00\",\"mainEntityOfPage\":{\"@id\":\"https:\\\/\\\/alcala.salesianos.edu\\\/colegio\\\/blog\\\/2018\\\/04\\\/02\\\/dia-mundial-de-la-concienciacion-sobre-el-autismo\\\/\"},\"wordCount\":490,\"image\":{\"@id\":\"https:\\\/\\\/alcala.salesianos.edu\\\/colegio\\\/blog\\\/2018\\\/04\\\/02\\\/dia-mundial-de-la-concienciacion-sobre-el-autismo\\\/#primaryimage\"},\"thumbnailUrl\":\"https:\\\/\\\/alcala.salesianos.edu\\\/wp-content\\\/uploads\\\/2018\\\/04\\\/unnamed-260x300.jpg\",\"articleSection\":[\"Colegio\",\"Escuela abierta\",\"FASA\",\"Infantil\",\"Pastoral\",\"Portada\",\"Primaria\",\"Secundaria\",\"Uncategorized\"],\"inLanguage\":\"es\"},{\"@type\":\"WebPage\",\"@id\":\"https:\\\/\\\/alcala.salesianos.edu\\\/colegio\\\/blog\\\/2018\\\/04\\\/02\\\/dia-mundial-de-la-concienciacion-sobre-el-autismo\\\/\",\"url\":\"https:\\\/\\\/alcala.salesianos.edu\\\/colegio\\\/blog\\\/2018\\\/04\\\/02\\\/dia-mundial-de-la-concienciacion-sobre-el-autismo\\\/\",\"name\":\"D\u00eda Mundial de la Concienciaci\u00f3n sobre el Autismo - Colegio Salesiano Alcal\u00e1\",\"isPartOf\":{\"@id\":\"https:\\\/\\\/alcala.salesianos.edu\\\/colegio\\\/#website\"},\"primaryImageOfPage\":{\"@id\":\"https:\\\/\\\/alcala.salesianos.edu\\\/colegio\\\/blog\\\/2018\\\/04\\\/02\\\/dia-mundial-de-la-concienciacion-sobre-el-autismo\\\/#primaryimage\"},\"image\":{\"@id\":\"https:\\\/\\\/alcala.salesianos.edu\\\/colegio\\\/blog\\\/2018\\\/04\\\/02\\\/dia-mundial-de-la-concienciacion-sobre-el-autismo\\\/#primaryimage\"},\"thumbnailUrl\":\"https:\\\/\\\/alcala.salesianos.edu\\\/wp-content\\\/uploads\\\/2018\\\/04\\\/unnamed-260x300.jpg\",\"datePublished\":\"2018-04-02T14:48:24+00:00\",\"dateModified\":\"2025-08-27T08:01:44+00:00\",\"author\":{\"@id\":\"https:\\\/\\\/alcala.salesianos.edu\\\/colegio\\\/#\\\/schema\\\/person\\\/afcc24f776dc91fc2bf9afb0998fca77\"},\"breadcrumb\":{\"@id\":\"https:\\\/\\\/alcala.salesianos.edu\\\/colegio\\\/blog\\\/2018\\\/04\\\/02\\\/dia-mundial-de-la-concienciacion-sobre-el-autismo\\\/#breadcrumb\"},\"inLanguage\":\"es\",\"potentialAction\":[{\"@type\":\"ReadAction\",\"target\":[\"https:\\\/\\\/alcala.salesianos.edu\\\/colegio\\\/blog\\\/2018\\\/04\\\/02\\\/dia-mundial-de-la-concienciacion-sobre-el-autismo\\\/\"]}]},{\"@type\":\"ImageObject\",\"inLanguage\":\"es\",\"@id\":\"https:\\\/\\\/alcala.salesianos.edu\\\/colegio\\\/blog\\\/2018\\\/04\\\/02\\\/dia-mundial-de-la-concienciacion-sobre-el-autismo\\\/#primaryimage\",\"url\":\"https:\\\/\\\/alcala.salesianos.edu\\\/wp-content\\\/uploads\\\/2018\\\/04\\\/unnamed-260x300.jpg\",\"contentUrl\":\"https:\\\/\\\/alcala.salesianos.edu\\\/wp-content\\\/uploads\\\/2018\\\/04\\\/unnamed-260x300.jpg\"},{\"@type\":\"BreadcrumbList\",\"@id\":\"https:\\\/\\\/alcala.salesianos.edu\\\/colegio\\\/blog\\\/2018\\\/04\\\/02\\\/dia-mundial-de-la-concienciacion-sobre-el-autismo\\\/#breadcrumb\",\"itemListElement\":[{\"@type\":\"ListItem\",\"position\":1,\"name\":\"Portada\",\"item\":\"https:\\\/\\\/alcala.salesianos.edu\\\/colegio\\\/\"},{\"@type\":\"ListItem\",\"position\":2,\"name\":\"D\u00eda Mundial de la Concienciaci\u00f3n sobre el Autismo\"}]},{\"@type\":\"WebSite\",\"@id\":\"https:\\\/\\\/alcala.salesianos.edu\\\/colegio\\\/#website\",\"url\":\"https:\\\/\\\/alcala.salesianos.edu\\\/colegio\\\/\",\"name\":\"Colegio Salesiano Alcal\u00e1\",\"description\":\"P\u00e1gina oficial de Salesianos Alcal\u00e1 de Guadaira\",\"potentialAction\":[{\"@type\":\"SearchAction\",\"target\":{\"@type\":\"EntryPoint\",\"urlTemplate\":\"https:\\\/\\\/alcala.salesianos.edu\\\/colegio\\\/?s={search_term_string}\"},\"query-input\":{\"@type\":\"PropertyValueSpecification\",\"valueRequired\":true,\"valueName\":\"search_term_string\"}}],\"inLanguage\":\"es\"},{\"@type\":\"Person\",\"@id\":\"https:\\\/\\\/alcala.salesianos.edu\\\/colegio\\\/#\\\/schema\\\/person\\\/afcc24f776dc91fc2bf9afb0998fca77\",\"name\":\"Administrador Web\",\"image\":{\"@type\":\"ImageObject\",\"inLanguage\":\"es\",\"@id\":\"https:\\\/\\\/secure.gravatar.com\\\/avatar\\\/bc157e994689bd6da9645c00aa3bc4d55b727915b6652642660db0aef086585f?s=96&d=mm&r=g\",\"url\":\"https:\\\/\\\/secure.gravatar.com\\\/avatar\\\/bc157e994689bd6da9645c00aa3bc4d55b727915b6652642660db0aef086585f?s=96&d=mm&r=g\",\"contentUrl\":\"https:\\\/\\\/secure.gravatar.com\\\/avatar\\\/bc157e994689bd6da9645c00aa3bc4d55b727915b6652642660db0aef086585f?s=96&d=mm&r=g\",\"caption\":\"Administrador Web\"}}]}<\/script>\n<!-- \/ Yoast SEO plugin. -->","yoast_head_json":{"title":"D\u00eda Mundial de la Concienciaci\u00f3n sobre el Autismo - Colegio Salesiano Alcal\u00e1","robots":{"index":"index","follow":"follow","max-snippet":"max-snippet:-1","max-image-preview":"max-image-preview:large","max-video-preview":"max-video-preview:-1"},"canonical":"https:\/\/alcala.salesianos.edu\/colegio\/blog\/2018\/04\/02\/dia-mundial-de-la-concienciacion-sobre-el-autismo\/","og_locale":"es_ES","og_type":"article","og_title":"D\u00eda Mundial de la Concienciaci\u00f3n sobre el Autismo - Colegio Salesiano Alcal\u00e1","og_description":"La Asamblea General de Naciones Unidas instaur\u00f3 el 2 de abril como\u00a0D\u00eda Mundial de la Concienciaci\u00f3n sobre el Autismo. \u201cRompamos juntos barreras por el autismo. Hagamos una sociedad accesible\u201d\u00a0es el lema elegido en 2017 y 2018 para celebrar el D\u00eda Mundial de Concienciaci\u00f3n sobre el Autismo. Las personas con autismo se enfrentan a numerosas [&hellip;]","og_url":"https:\/\/alcala.salesianos.edu\/colegio\/blog\/2018\/04\/02\/dia-mundial-de-la-concienciacion-sobre-el-autismo\/","og_site_name":"Colegio Salesiano Alcal\u00e1","article_published_time":"2018-04-02T14:48:24+00:00","article_modified_time":"2025-08-27T08:01:44+00:00","author":"Administrador Web","twitter_card":"summary_large_image","twitter_misc":{"Escrito por":"Administrador Web","Tiempo de lectura":"2 minutos"},"schema":{"@context":"https:\/\/schema.org","@graph":[{"@type":"Article","@id":"https:\/\/alcala.salesianos.edu\/colegio\/blog\/2018\/04\/02\/dia-mundial-de-la-concienciacion-sobre-el-autismo\/#article","isPartOf":{"@id":"https:\/\/alcala.salesianos.edu\/colegio\/blog\/2018\/04\/02\/dia-mundial-de-la-concienciacion-sobre-el-autismo\/"},"author":{"name":"Administrador Web","@id":"https:\/\/alcala.salesianos.edu\/colegio\/#\/schema\/person\/afcc24f776dc91fc2bf9afb0998fca77"},"headline":"D\u00eda Mundial de la Concienciaci\u00f3n sobre el Autismo","datePublished":"2018-04-02T14:48:24+00:00","dateModified":"2025-08-27T08:01:44+00:00","mainEntityOfPage":{"@id":"https:\/\/alcala.salesianos.edu\/colegio\/blog\/2018\/04\/02\/dia-mundial-de-la-concienciacion-sobre-el-autismo\/"},"wordCount":490,"image":{"@id":"https:\/\/alcala.salesianos.edu\/colegio\/blog\/2018\/04\/02\/dia-mundial-de-la-concienciacion-sobre-el-autismo\/#primaryimage"},"thumbnailUrl":"https:\/\/alcala.salesianos.edu\/wp-content\/uploads\/2018\/04\/unnamed-260x300.jpg","articleSection":["Colegio","Escuela abierta","FASA","Infantil","Pastoral","Portada","Primaria","Secundaria","Uncategorized"],"inLanguage":"es"},{"@type":"WebPage","@id":"https:\/\/alcala.salesianos.edu\/colegio\/blog\/2018\/04\/02\/dia-mundial-de-la-concienciacion-sobre-el-autismo\/","url":"https:\/\/alcala.salesianos.edu\/colegio\/blog\/2018\/04\/02\/dia-mundial-de-la-concienciacion-sobre-el-autismo\/","name":"D\u00eda Mundial de la Concienciaci\u00f3n sobre el Autismo - Colegio Salesiano Alcal\u00e1","isPartOf":{"@id":"https:\/\/alcala.salesianos.edu\/colegio\/#website"},"primaryImageOfPage":{"@id":"https:\/\/alcala.salesianos.edu\/colegio\/blog\/2018\/04\/02\/dia-mundial-de-la-concienciacion-sobre-el-autismo\/#primaryimage"},"image":{"@id":"https:\/\/alcala.salesianos.edu\/colegio\/blog\/2018\/04\/02\/dia-mundial-de-la-concienciacion-sobre-el-autismo\/#primaryimage"},"thumbnailUrl":"https:\/\/alcala.salesianos.edu\/wp-content\/uploads\/2018\/04\/unnamed-260x300.jpg","datePublished":"2018-04-02T14:48:24+00:00","dateModified":"2025-08-27T08:01:44+00:00","author":{"@id":"https:\/\/alcala.salesianos.edu\/colegio\/#\/schema\/person\/afcc24f776dc91fc2bf9afb0998fca77"},"breadcrumb":{"@id":"https:\/\/alcala.salesianos.edu\/colegio\/blog\/2018\/04\/02\/dia-mundial-de-la-concienciacion-sobre-el-autismo\/#breadcrumb"},"inLanguage":"es","potentialAction":[{"@type":"ReadAction","target":["https:\/\/alcala.salesianos.edu\/colegio\/blog\/2018\/04\/02\/dia-mundial-de-la-concienciacion-sobre-el-autismo\/"]}]},{"@type":"ImageObject","inLanguage":"es","@id":"https:\/\/alcala.salesianos.edu\/colegio\/blog\/2018\/04\/02\/dia-mundial-de-la-concienciacion-sobre-el-autismo\/#primaryimage","url":"https:\/\/alcala.salesianos.edu\/wp-content\/uploads\/2018\/04\/unnamed-260x300.jpg","contentUrl":"https:\/\/alcala.salesianos.edu\/wp-content\/uploads\/2018\/04\/unnamed-260x300.jpg"},{"@type":"BreadcrumbList","@id":"https:\/\/alcala.salesianos.edu\/colegio\/blog\/2018\/04\/02\/dia-mundial-de-la-concienciacion-sobre-el-autismo\/#breadcrumb","itemListElement":[{"@type":"ListItem","position":1,"name":"Portada","item":"https:\/\/alcala.salesianos.edu\/colegio\/"},{"@type":"ListItem","position":2,"name":"D\u00eda Mundial de la Concienciaci\u00f3n sobre el Autismo"}]},{"@type":"WebSite","@id":"https:\/\/alcala.salesianos.edu\/colegio\/#website","url":"https:\/\/alcala.salesianos.edu\/colegio\/","name":"Colegio Salesiano Alcal\u00e1","description":"P\u00e1gina oficial de Salesianos Alcal\u00e1 de Guadaira","potentialAction":[{"@type":"SearchAction","target":{"@type":"EntryPoint","urlTemplate":"https:\/\/alcala.salesianos.edu\/colegio\/?s={search_term_string}"},"query-input":{"@type":"PropertyValueSpecification","valueRequired":true,"valueName":"search_term_string"}}],"inLanguage":"es"},{"@type":"Person","@id":"https:\/\/alcala.salesianos.edu\/colegio\/#\/schema\/person\/afcc24f776dc91fc2bf9afb0998fca77","name":"Administrador Web","image":{"@type":"ImageObject","inLanguage":"es","@id":"https:\/\/secure.gravatar.com\/avatar\/bc157e994689bd6da9645c00aa3bc4d55b727915b6652642660db0aef086585f?s=96&d=mm&r=g","url":"https:\/\/secure.gravatar.com\/avatar\/bc157e994689bd6da9645c00aa3bc4d55b727915b6652642660db0aef086585f?s=96&d=mm&r=g","contentUrl":"https:\/\/secure.gravatar.com\/avatar\/bc157e994689bd6da9645c00aa3bc4d55b727915b6652642660db0aef086585f?s=96&d=mm&r=g","caption":"Administrador Web"}}]}},"_links":{"self":[{"href":"https:\/\/alcala.salesianos.edu\/colegio\/wp-json\/wp\/v2\/posts\/9399","targetHints":{"allow":["GET"]}}],"collection":[{"href":"https:\/\/alcala.salesianos.edu\/colegio\/wp-json\/wp\/v2\/posts"}],"about":[{"href":"https:\/\/alcala.salesianos.edu\/colegio\/wp-json\/wp\/v2\/types\/post"}],"author":[{"embeddable":true,"href":"https:\/\/alcala.salesianos.edu\/colegio\/wp-json\/wp\/v2\/users\/2"}],"replies":[{"embeddable":true,"href":"https:\/\/alcala.salesianos.edu\/colegio\/wp-json\/wp\/v2\/comments?post=9399"}],"version-history":[{"count":7,"href":"https:\/\/alcala.salesianos.edu\/colegio\/wp-json\/wp\/v2\/posts\/9399\/revisions"}],"predecessor-version":[{"id":16538,"href":"https:\/\/alcala.salesianos.edu\/colegio\/wp-json\/wp\/v2\/posts\/9399\/revisions\/16538"}],"wp:attachment":[{"href":"https:\/\/alcala.salesianos.edu\/colegio\/wp-json\/wp\/v2\/media?parent=9399"}],"wp:term":[{"taxonomy":"category","embeddable":true,"href":"https:\/\/alcala.salesianos.edu\/colegio\/wp-json\/wp\/v2\/categories?post=9399"},{"taxonomy":"post_tag","embeddable":true,"href":"https:\/\/alcala.salesianos.edu\/colegio\/wp-json\/wp\/v2\/tags?post=9399"}],"curies":[{"name":"wp","href":"https:\/\/api.w.org\/{rel}","templated":true}]}}