{"id":9343,"date":"2018-03-22T09:07:59","date_gmt":"2018-03-22T08:07:59","guid":{"rendered":"https:\/\/alcala.salesianos.edu\/colegio\/blog\/2018\/03\/22\/nuestro-huerto-de-la-alegria\/"},"modified":"2025-08-27T09:01:45","modified_gmt":"2025-08-27T08:01:45","slug":"nuestro-huerto-de-la-alegria","status":"publish","type":"post","link":"https:\/\/alcala.salesianos.edu\/colegio\/blog\/2018\/03\/22\/nuestro-huerto-de-la-alegria\/","title":{"rendered":"Nuestro Huerto de la Alegr\u00eda"},"content":{"rendered":"<div id=\"fb-root\"><\/div>\n<p>[et_pb_section bb_built=\u00bb1&#8243; fullwidth=\u00bbon\u00bb specialty=\u00bboff\u00bb next_background_color=\u00bb#000000&#8243;][et_pb_fullwidth_image _builder_version=\u00bb3.0.105&#8243; src=\u00bbhttps:\/\/alcala.salesianos.edu\/wp-content\/uploads\/2018\/03\/WhatsApp-Image-2018-03-20-at-21.32.51.jpeg\u00bb show_in_lightbox=\u00bboff\u00bb url_new_window=\u00bboff\u00bb use_overlay=\u00bboff\u00bb \/][\/et_pb_section][et_pb_section bb_built=\u00bb1&#8243; prev_background_color=\u00bb#000000&#8243;][et_pb_row][et_pb_column type=\u00bb4_4&#8243;][et_pb_text _builder_version=\u00bb3.0.105&#8243; background_layout=\u00bblight\u00bb]<\/p>\n<p>\u00a1Estamos de estreno! El pasado mi\u00e9rcoles 21 de marzo inauguramos un nuevo espacio en nuestro Centro: el Huerto de la alegr\u00eda.<\/p>\n<p>Contemplado en el Plan estrat\u00e9gico de mejora de la Ciencia y la Tecnolog\u00eda y enmarcado en la campa\u00f1a \u201cMi colegio 2020\u201d, con este proyecto se pretende dotar al colegio de un nuevo espacio educativo. Un espacio verde donde poner en pr\u00e1ctica un aprendizaje activo, respetuoso y comprometido con el medio ambiente, pero sobre todo un lugar en el que abunde la alegr\u00eda, ese rasgo tan salesiano, que se hace presente en la figura de Santo Domingo Savio que preside el huerto.<\/p>\n<p>El bonito acto de inauguraci\u00f3n fue presentado y conducido por nuestro Director de Centro, D. Fernando Carrasco y tuvo como momento principal la bendici\u00f3n a cargo del Director titular de la casa, D. Juan Fco. Rubio que acertadamente nos record\u00f3 las palabras del santo salesiano: \u201csobre todo estar\u00e9 siempre muy alegre\u201d. Con este motivo, una de nuestras alumnas de 2\u00baESO ameniz\u00f3 el momento tocando al viol\u00edn el conocido himno de la alegr\u00eda. Tras esto, unas palabras del Coordinador del Plan estrat\u00e9gico, D. V\u00edctor Garz\u00f3n que remarc\u00f3 que este proyecto esconde la met\u00e1fora perfecta de la vida de un estudiante en un colegio salesiano, \u201cgerminar, crecer fuerte, alto y finalmente florecer y dar fruto\u201d. Finalmente, antes de la bendici\u00f3n, dos alumnos de 1\u00ba y 2\u00ba de Primaria leyeron unas redacciones referidas al huerto escolar.<\/p>\n<p>En el Huerto de la alegr\u00eda, nuestros alumnos, de todas las edades, aprender\u00e1n diferentes aspectos relacionados con la biodiversidad, los ecosistemas, la integraci\u00f3n con el medio ambiente o las bases de una alimentaci\u00f3n sana, en un entorno de aprendizaje significativo, que fomentar\u00e1 el desarrollo de todas las competencias b\u00e1sicas. Es pues, un lugar de aprendizaje multidisciplinar y el sustrato perfecto para implementar las nuevas metodolog\u00edas docentes que nuestro centro quiere incorporar: Aprendizaje Cooperativo, Aprendizaje por Proyectos y Aprendizaje-Servicio. De todo ello dar\u00e1 buena cuenta el Coordinador de este nuevo espacio, D. David Rivera.<\/p>\n<p>Muchas gracias a todas las personas que de una u otra forma han colaborado en que este bonito proyecto se hiciera realidad. Es tambi\u00e9n una muestra del valor y la importancia que la ciudad de Alcal\u00e1, y m\u00e1s concretamente los miembros de la familia salesiana, dan a nuestra casa. Estamos seguros de que pronto veremos los frutos.<\/p>\n<p>[\/et_pb_text][et_pb_code _builder_version=\u00bb3.0.105&#8243;]&lt;iframe src=\u00bbhttps:\/\/www.facebook.com\/plugins\/video.php?href=https%3A%2F%2Fwww.facebook.com%2FsalesianosADG%2Fvideos%2F1933644496707630%2F&amp;show_text=0&amp;width=560&#8243; width=\u00bb560&#8243; height=\u00bb315&#8243; style=\u00bbborder:none;overflow:hidden\u00bb scrolling=\u00bbno\u00bb frameborder=\u00bb0&#8243; allowTransparency=\u00bbtrue\u00bb allowFullScreen=\u00bbtrue\u00bb&gt;&lt;\/iframe&gt;[\/et_pb_code][\/et_pb_column][\/et_pb_row][\/et_pb_section]<\/p>\n","protected":false},"excerpt":{"rendered":"<p><div class=\"et_pb_row et_pb_row_0 et_pb_row_empty\">\n\t\t\t\t\n\t\t\t\t\n\t\t\t\t\n\t\t\t\t\n\t\t\t\t\n\t\t\t<\/div> \u00a1Estamos de estreno! El pasado mi\u00e9rcoles 21 de marzo inauguramos un nuevo espacio en nuestro Centro: el Huerto de la alegr\u00eda. Contemplado en el Plan estrat\u00e9gico de mejora de la Ciencia y la Tecnolog\u00eda y enmarcado en la campa\u00f1a \u201cMi colegio 2020\u201d, con este proyecto se pretende dotar al colegio de un nuevo espacio [&hellip;]<\/p>\n","protected":false},"author":2,"featured_media":0,"comment_status":"closed","ping_status":"open","sticky":false,"template":"","format":"standard","meta":{"_et_pb_use_builder":"on","_et_pb_old_content":"","_et_gb_content_width":"","footnotes":""},"categories":[12,19,13,17,14,15,18,16,1],"tags":[],"class_list":["post-9343","post","type-post","status-publish","format-standard","hentry","category-colegio","category-escuela-abierta","category-fasa","category-infantil","category-pastoral","category-portada","category-primaria","category-secundaria","category-uncategorized"],"yoast_head":"<!-- This site is optimized with the Yoast SEO plugin v28.4 - https:\/\/yoast.com\/product\/yoast-seo-wordpress\/ -->\n<title>Nuestro Huerto de la Alegr\u00eda - Colegio Salesiano Alcal\u00e1<\/title>\n<meta name=\"robots\" content=\"index, follow, max-snippet:-1, max-image-preview:large, max-video-preview:-1\" \/>\n<link rel=\"canonical\" href=\"https:\/\/alcala.salesianos.edu\/colegio\/blog\/2018\/03\/22\/nuestro-huerto-de-la-alegria\/\" \/>\n<meta property=\"og:locale\" content=\"es_ES\" \/>\n<meta property=\"og:type\" content=\"article\" \/>\n<meta property=\"og:title\" content=\"Nuestro Huerto de la Alegr\u00eda - Colegio Salesiano Alcal\u00e1\" \/>\n<meta property=\"og:description\" content=\"\u00a1Estamos de estreno! El pasado mi\u00e9rcoles 21 de marzo inauguramos un nuevo espacio en nuestro Centro: el Huerto de la alegr\u00eda. Contemplado en el Plan estrat\u00e9gico de mejora de la Ciencia y la Tecnolog\u00eda y enmarcado en la campa\u00f1a \u201cMi colegio 2020\u201d, con este proyecto se pretende dotar al colegio de un nuevo espacio [&hellip;]\" \/>\n<meta property=\"og:url\" content=\"https:\/\/alcala.salesianos.edu\/colegio\/blog\/2018\/03\/22\/nuestro-huerto-de-la-alegria\/\" \/>\n<meta property=\"og:site_name\" content=\"Colegio Salesiano Alcal\u00e1\" \/>\n<meta property=\"article:published_time\" content=\"2018-03-22T08:07:59+00:00\" \/>\n<meta property=\"article:modified_time\" content=\"2025-08-27T08:01:45+00:00\" \/>\n<meta name=\"author\" content=\"Administrador Web\" \/>\n<meta name=\"twitter:card\" content=\"summary_large_image\" \/>\n<meta name=\"twitter:label1\" content=\"Escrito por\" \/>\n\t<meta name=\"twitter:data1\" content=\"Administrador Web\" \/>\n\t<meta name=\"twitter:label2\" content=\"Tiempo de lectura\" \/>\n\t<meta name=\"twitter:data2\" content=\"3 minutos\" \/>\n<script type=\"application\/ld+json\" class=\"yoast-schema-graph\">{\"@context\":\"https:\\\/\\\/schema.org\",\"@graph\":[{\"@type\":\"Article\",\"@id\":\"https:\\\/\\\/alcala.salesianos.edu\\\/colegio\\\/blog\\\/2018\\\/03\\\/22\\\/nuestro-huerto-de-la-alegria\\\/#article\",\"isPartOf\":{\"@id\":\"https:\\\/\\\/alcala.salesianos.edu\\\/colegio\\\/blog\\\/2018\\\/03\\\/22\\\/nuestro-huerto-de-la-alegria\\\/\"},\"author\":{\"name\":\"Administrador Web\",\"@id\":\"https:\\\/\\\/alcala.salesianos.edu\\\/colegio\\\/#\\\/schema\\\/person\\\/afcc24f776dc91fc2bf9afb0998fca77\"},\"headline\":\"Nuestro Huerto de la Alegr\u00eda\",\"datePublished\":\"2018-03-22T08:07:59+00:00\",\"dateModified\":\"2025-08-27T08:01:45+00:00\",\"mainEntityOfPage\":{\"@id\":\"https:\\\/\\\/alcala.salesianos.edu\\\/colegio\\\/blog\\\/2018\\\/03\\\/22\\\/nuestro-huerto-de-la-alegria\\\/\"},\"wordCount\":542,\"articleSection\":[\"Colegio\",\"Escuela abierta\",\"FASA\",\"Infantil\",\"Pastoral\",\"Portada\",\"Primaria\",\"Secundaria\",\"Uncategorized\"],\"inLanguage\":\"es\"},{\"@type\":\"WebPage\",\"@id\":\"https:\\\/\\\/alcala.salesianos.edu\\\/colegio\\\/blog\\\/2018\\\/03\\\/22\\\/nuestro-huerto-de-la-alegria\\\/\",\"url\":\"https:\\\/\\\/alcala.salesianos.edu\\\/colegio\\\/blog\\\/2018\\\/03\\\/22\\\/nuestro-huerto-de-la-alegria\\\/\",\"name\":\"Nuestro Huerto de la Alegr\u00eda - Colegio Salesiano Alcal\u00e1\",\"isPartOf\":{\"@id\":\"https:\\\/\\\/alcala.salesianos.edu\\\/colegio\\\/#website\"},\"datePublished\":\"2018-03-22T08:07:59+00:00\",\"dateModified\":\"2025-08-27T08:01:45+00:00\",\"author\":{\"@id\":\"https:\\\/\\\/alcala.salesianos.edu\\\/colegio\\\/#\\\/schema\\\/person\\\/afcc24f776dc91fc2bf9afb0998fca77\"},\"breadcrumb\":{\"@id\":\"https:\\\/\\\/alcala.salesianos.edu\\\/colegio\\\/blog\\\/2018\\\/03\\\/22\\\/nuestro-huerto-de-la-alegria\\\/#breadcrumb\"},\"inLanguage\":\"es\",\"potentialAction\":[{\"@type\":\"ReadAction\",\"target\":[\"https:\\\/\\\/alcala.salesianos.edu\\\/colegio\\\/blog\\\/2018\\\/03\\\/22\\\/nuestro-huerto-de-la-alegria\\\/\"]}]},{\"@type\":\"BreadcrumbList\",\"@id\":\"https:\\\/\\\/alcala.salesianos.edu\\\/colegio\\\/blog\\\/2018\\\/03\\\/22\\\/nuestro-huerto-de-la-alegria\\\/#breadcrumb\",\"itemListElement\":[{\"@type\":\"ListItem\",\"position\":1,\"name\":\"Portada\",\"item\":\"https:\\\/\\\/alcala.salesianos.edu\\\/colegio\\\/\"},{\"@type\":\"ListItem\",\"position\":2,\"name\":\"Nuestro Huerto de la Alegr\u00eda\"}]},{\"@type\":\"WebSite\",\"@id\":\"https:\\\/\\\/alcala.salesianos.edu\\\/colegio\\\/#website\",\"url\":\"https:\\\/\\\/alcala.salesianos.edu\\\/colegio\\\/\",\"name\":\"Colegio Salesiano Alcal\u00e1\",\"description\":\"P\u00e1gina oficial de Salesianos Alcal\u00e1 de Guadaira\",\"potentialAction\":[{\"@type\":\"SearchAction\",\"target\":{\"@type\":\"EntryPoint\",\"urlTemplate\":\"https:\\\/\\\/alcala.salesianos.edu\\\/colegio\\\/?s={search_term_string}\"},\"query-input\":{\"@type\":\"PropertyValueSpecification\",\"valueRequired\":true,\"valueName\":\"search_term_string\"}}],\"inLanguage\":\"es\"},{\"@type\":\"Person\",\"@id\":\"https:\\\/\\\/alcala.salesianos.edu\\\/colegio\\\/#\\\/schema\\\/person\\\/afcc24f776dc91fc2bf9afb0998fca77\",\"name\":\"Administrador Web\",\"image\":{\"@type\":\"ImageObject\",\"inLanguage\":\"es\",\"@id\":\"https:\\\/\\\/secure.gravatar.com\\\/avatar\\\/bc157e994689bd6da9645c00aa3bc4d55b727915b6652642660db0aef086585f?s=96&d=mm&r=g\",\"url\":\"https:\\\/\\\/secure.gravatar.com\\\/avatar\\\/bc157e994689bd6da9645c00aa3bc4d55b727915b6652642660db0aef086585f?s=96&d=mm&r=g\",\"contentUrl\":\"https:\\\/\\\/secure.gravatar.com\\\/avatar\\\/bc157e994689bd6da9645c00aa3bc4d55b727915b6652642660db0aef086585f?s=96&d=mm&r=g\",\"caption\":\"Administrador Web\"}}]}<\/script>\n<!-- \/ Yoast SEO plugin. -->","yoast_head_json":{"title":"Nuestro Huerto de la Alegr\u00eda - Colegio Salesiano Alcal\u00e1","robots":{"index":"index","follow":"follow","max-snippet":"max-snippet:-1","max-image-preview":"max-image-preview:large","max-video-preview":"max-video-preview:-1"},"canonical":"https:\/\/alcala.salesianos.edu\/colegio\/blog\/2018\/03\/22\/nuestro-huerto-de-la-alegria\/","og_locale":"es_ES","og_type":"article","og_title":"Nuestro Huerto de la Alegr\u00eda - Colegio Salesiano Alcal\u00e1","og_description":"\u00a1Estamos de estreno! El pasado mi\u00e9rcoles 21 de marzo inauguramos un nuevo espacio en nuestro Centro: el Huerto de la alegr\u00eda. Contemplado en el Plan estrat\u00e9gico de mejora de la Ciencia y la Tecnolog\u00eda y enmarcado en la campa\u00f1a \u201cMi colegio 2020\u201d, con este proyecto se pretende dotar al colegio de un nuevo espacio [&hellip;]","og_url":"https:\/\/alcala.salesianos.edu\/colegio\/blog\/2018\/03\/22\/nuestro-huerto-de-la-alegria\/","og_site_name":"Colegio Salesiano Alcal\u00e1","article_published_time":"2018-03-22T08:07:59+00:00","article_modified_time":"2025-08-27T08:01:45+00:00","author":"Administrador Web","twitter_card":"summary_large_image","twitter_misc":{"Escrito por":"Administrador Web","Tiempo de lectura":"3 minutos"},"schema":{"@context":"https:\/\/schema.org","@graph":[{"@type":"Article","@id":"https:\/\/alcala.salesianos.edu\/colegio\/blog\/2018\/03\/22\/nuestro-huerto-de-la-alegria\/#article","isPartOf":{"@id":"https:\/\/alcala.salesianos.edu\/colegio\/blog\/2018\/03\/22\/nuestro-huerto-de-la-alegria\/"},"author":{"name":"Administrador Web","@id":"https:\/\/alcala.salesianos.edu\/colegio\/#\/schema\/person\/afcc24f776dc91fc2bf9afb0998fca77"},"headline":"Nuestro Huerto de la Alegr\u00eda","datePublished":"2018-03-22T08:07:59+00:00","dateModified":"2025-08-27T08:01:45+00:00","mainEntityOfPage":{"@id":"https:\/\/alcala.salesianos.edu\/colegio\/blog\/2018\/03\/22\/nuestro-huerto-de-la-alegria\/"},"wordCount":542,"articleSection":["Colegio","Escuela abierta","FASA","Infantil","Pastoral","Portada","Primaria","Secundaria","Uncategorized"],"inLanguage":"es"},{"@type":"WebPage","@id":"https:\/\/alcala.salesianos.edu\/colegio\/blog\/2018\/03\/22\/nuestro-huerto-de-la-alegria\/","url":"https:\/\/alcala.salesianos.edu\/colegio\/blog\/2018\/03\/22\/nuestro-huerto-de-la-alegria\/","name":"Nuestro Huerto de la Alegr\u00eda - Colegio Salesiano Alcal\u00e1","isPartOf":{"@id":"https:\/\/alcala.salesianos.edu\/colegio\/#website"},"datePublished":"2018-03-22T08:07:59+00:00","dateModified":"2025-08-27T08:01:45+00:00","author":{"@id":"https:\/\/alcala.salesianos.edu\/colegio\/#\/schema\/person\/afcc24f776dc91fc2bf9afb0998fca77"},"breadcrumb":{"@id":"https:\/\/alcala.salesianos.edu\/colegio\/blog\/2018\/03\/22\/nuestro-huerto-de-la-alegria\/#breadcrumb"},"inLanguage":"es","potentialAction":[{"@type":"ReadAction","target":["https:\/\/alcala.salesianos.edu\/colegio\/blog\/2018\/03\/22\/nuestro-huerto-de-la-alegria\/"]}]},{"@type":"BreadcrumbList","@id":"https:\/\/alcala.salesianos.edu\/colegio\/blog\/2018\/03\/22\/nuestro-huerto-de-la-alegria\/#breadcrumb","itemListElement":[{"@type":"ListItem","position":1,"name":"Portada","item":"https:\/\/alcala.salesianos.edu\/colegio\/"},{"@type":"ListItem","position":2,"name":"Nuestro Huerto de la Alegr\u00eda"}]},{"@type":"WebSite","@id":"https:\/\/alcala.salesianos.edu\/colegio\/#website","url":"https:\/\/alcala.salesianos.edu\/colegio\/","name":"Colegio Salesiano Alcal\u00e1","description":"P\u00e1gina oficial de Salesianos Alcal\u00e1 de Guadaira","potentialAction":[{"@type":"SearchAction","target":{"@type":"EntryPoint","urlTemplate":"https:\/\/alcala.salesianos.edu\/colegio\/?s={search_term_string}"},"query-input":{"@type":"PropertyValueSpecification","valueRequired":true,"valueName":"search_term_string"}}],"inLanguage":"es"},{"@type":"Person","@id":"https:\/\/alcala.salesianos.edu\/colegio\/#\/schema\/person\/afcc24f776dc91fc2bf9afb0998fca77","name":"Administrador Web","image":{"@type":"ImageObject","inLanguage":"es","@id":"https:\/\/secure.gravatar.com\/avatar\/bc157e994689bd6da9645c00aa3bc4d55b727915b6652642660db0aef086585f?s=96&d=mm&r=g","url":"https:\/\/secure.gravatar.com\/avatar\/bc157e994689bd6da9645c00aa3bc4d55b727915b6652642660db0aef086585f?s=96&d=mm&r=g","contentUrl":"https:\/\/secure.gravatar.com\/avatar\/bc157e994689bd6da9645c00aa3bc4d55b727915b6652642660db0aef086585f?s=96&d=mm&r=g","caption":"Administrador Web"}}]}},"_links":{"self":[{"href":"https:\/\/alcala.salesianos.edu\/colegio\/wp-json\/wp\/v2\/posts\/9343","targetHints":{"allow":["GET"]}}],"collection":[{"href":"https:\/\/alcala.salesianos.edu\/colegio\/wp-json\/wp\/v2\/posts"}],"about":[{"href":"https:\/\/alcala.salesianos.edu\/colegio\/wp-json\/wp\/v2\/types\/post"}],"author":[{"embeddable":true,"href":"https:\/\/alcala.salesianos.edu\/colegio\/wp-json\/wp\/v2\/users\/2"}],"replies":[{"embeddable":true,"href":"https:\/\/alcala.salesianos.edu\/colegio\/wp-json\/wp\/v2\/comments?post=9343"}],"version-history":[{"count":3,"href":"https:\/\/alcala.salesianos.edu\/colegio\/wp-json\/wp\/v2\/posts\/9343\/revisions"}],"predecessor-version":[{"id":9348,"href":"https:\/\/alcala.salesianos.edu\/colegio\/wp-json\/wp\/v2\/posts\/9343\/revisions\/9348"}],"wp:attachment":[{"href":"https:\/\/alcala.salesianos.edu\/colegio\/wp-json\/wp\/v2\/media?parent=9343"}],"wp:term":[{"taxonomy":"category","embeddable":true,"href":"https:\/\/alcala.salesianos.edu\/colegio\/wp-json\/wp\/v2\/categories?post=9343"},{"taxonomy":"post_tag","embeddable":true,"href":"https:\/\/alcala.salesianos.edu\/colegio\/wp-json\/wp\/v2\/tags?post=9343"}],"curies":[{"name":"wp","href":"https:\/\/api.w.org\/{rel}","templated":true}]}}