{"id":5597,"date":"2018-02-12T19:54:15","date_gmt":"2018-02-12T18:54:15","guid":{"rendered":"https:\/\/alcala.salesianos.edu\/colegio\/blog\/2018\/02\/12\/iv-jornadas-de-orientacion\/"},"modified":"2025-08-27T09:01:47","modified_gmt":"2025-08-27T08:01:47","slug":"iv-jornadas-de-orientacion","status":"publish","type":"post","link":"https:\/\/alcala.salesianos.edu\/colegio\/blog\/2018\/02\/12\/iv-jornadas-de-orientacion\/","title":{"rendered":"IV Jornadas de Orientaci\u00f3n"},"content":{"rendered":"<div id=\"fb-root\"><\/div>\n<p>[et_pb_section bb_built=\u00bb1&#8243;][et_pb_row][et_pb_column type=\u00bb2_3&#8243;][et_pb_text _builder_version=\u00bb3.0.105&#8243; background_layout=\u00bblight\u00bb]<\/p>\n<p>Nuestro Centro pone siempre en el medio a sus alumnos e intenta entregarles las mejores herramientas existentes para que puedan enfrentarse al futuro de la mejor manera posible.<\/p>\n<p>Uno de los pilares fundamentales de nuestro proyecto educativo es la orientaci\u00f3n y en nosotros est\u00e1 la responsabilidad de ense\u00f1arles las opciones existentes y ofrecerles ejemplos de personas y profesionales que cuenten historias de esfuerzo y superaci\u00f3n.<\/p>\n<p>Durante la ma\u00f1ana de hoy, nuestros alumnos han conocido la primera historia de \u00e9xito. Han visitado las instalaciones de Altecfr\u00edo, empresa sevillana dedicada al fr\u00edo industrial. Esta empresa consigui\u00f3 hace unos a\u00f1os desarrollar un generador de agua capaz de abastecer de agua potable a pueblos donde abunda la sequ\u00eda.<\/p>\n<p>Durante esta visita a las instalaciones, su gerente, Luis Fern\u00e1ndez, ha hecho hincapi\u00e9 en la importancia de trabajar en equipo para alcanzar metas propuestas siempre en un clima de esfuerzo y corresponsabilidad<\/p>\n<p>En segundo lugar, hemos tenido la suerte de contar con el Chef Rafael Zafra, famoso cocinero con dos estrellas Michel\u00edn. Zafra es antiguo alumno de nuestro Centro y ha sido jefe de cocina de El Bulli. Adem\u00e1s, ha participado en otros proyectos con Ferr\u00e1n Adri\u00e0 como Heart Ibiza. Actualmente, se encuentra inmerso en su proyecto m\u00e1s personal, Estimar, restaurante centrado en la cocina mediterr\u00e1nea.<\/p>\n<p>Rafael ha contado su experiencia de profesional y ha animado a los alumnos a luchar por sus sue\u00f1os, perseguirlos a trav\u00e9s del esfuerzo y el trabajo diario. Tambi\u00e9n ha se\u00f1alado la importancia de realizar un trabajo siempre en equipo como medio para poder conseguir objetivos mejores.<\/p>\n<p>Por \u00faltimo, nuestro chef ha hecho una demostraci\u00f3n culinaria a los alumnos, ense\u00f1\u00e1ndole t\u00e9cnicas innovadoras de alta cocina para todos los gustos.<\/p>\n<p>Con esto, dividimos nuestras Jornadas de Orientaci\u00f3n en dos partes, una primera donde contamos experiencias de \u00e9xito y una segunda parte donde presentamos todas las posibilidades y ramas educativas existentes.<\/p>\n<p>[\/et_pb_text][\/et_pb_column][et_pb_column type=\u00bb1_3&#8243;][et_pb_image _builder_version=\u00bb3.0.92&#8243; src=\u00bbhttps:\/\/alcala.salesianos.edu\/wp-content\/uploads\/2018\/02\/jo.jpg\u00bb show_in_lightbox=\u00bboff\u00bb url_new_window=\u00bboff\u00bb use_overlay=\u00bboff\u00bb always_center_on_mobile=\u00bbon\u00bb force_fullwidth=\u00bboff\u00bb show_bottom_space=\u00bbon\u00bb \/][\/et_pb_column][\/et_pb_row][et_pb_row][et_pb_column type=\u00bb1_2&#8243;][et_pb_image _builder_version=\u00bb3.0.92&#8243; src=\u00bbhttps:\/\/alcala.salesianos.edu\/wp-content\/uploads\/2018\/02\/zaf.jpg\u00bb show_in_lightbox=\u00bboff\u00bb url_new_window=\u00bboff\u00bb use_overlay=\u00bboff\u00bb always_center_on_mobile=\u00bbon\u00bb force_fullwidth=\u00bboff\u00bb show_bottom_space=\u00bbon\u00bb \/][\/et_pb_column][et_pb_column type=\u00bb1_2&#8243;][et_pb_image _builder_version=\u00bb3.0.92&#8243; src=\u00bbhttps:\/\/alcala.salesianos.edu\/wp-content\/uploads\/2018\/02\/al.jpg\u00bb show_in_lightbox=\u00bboff\u00bb url_new_window=\u00bboff\u00bb use_overlay=\u00bboff\u00bb always_center_on_mobile=\u00bbon\u00bb force_fullwidth=\u00bboff\u00bb show_bottom_space=\u00bbon\u00bb \/][\/et_pb_column][\/et_pb_row][\/et_pb_section]<\/p>\n","protected":false},"excerpt":{"rendered":"<p><div class=\"et_pb_row et_pb_row_0 et_pb_row_empty\">\n\t\t\t\t\n\t\t\t\t\n\t\t\t\t\n\t\t\t\t\n\t\t\t\t\n\t\t\t<\/div> Nuestro Centro pone siempre en el medio a sus alumnos e intenta entregarles las mejores herramientas existentes para que puedan enfrentarse al futuro de la mejor manera posible. Uno de los pilares fundamentales de nuestro proyecto educativo es la orientaci\u00f3n y en nosotros est\u00e1 la responsabilidad de ense\u00f1arles las opciones existentes y ofrecerles ejemplos [&hellip;]<\/p>\n","protected":false},"author":2,"featured_media":0,"comment_status":"closed","ping_status":"open","sticky":false,"template":"","format":"standard","meta":{"_et_pb_use_builder":"on","_et_pb_old_content":"<p><img class=\"alignnone size-medium wp-image-4956\" src=\"https:\/\/alcala.salesianos.edu\/wp-content\/uploads\/2018\/02\/jo-300x274.jpg\" alt=\"\" width=\"300\" height=\"274\" \/>Nuestro Centro pone siempre en el medio a sus alumnos e intenta entregarles las mejores herramientas existentes para que puedan enfrentarse al futuro de la mejor manera posible.<\/p><p>Uno de los pilares fundamentales de nuestro proyecto educativo es la orientaci\u00f3n y en nosotros est\u00e1 la responsabilidad de ense\u00f1arles las opciones existentes y ofrecerles ejemplos de personas y profesionales que cuenten historias de esfuerzo y superaci\u00f3n.<\/p><p>Durante la ma\u00f1ana de hoy, nuestros alumnos han conocido la primera historia de \u00e9xito. Han visitado las instalaciones de Altecfr\u00edo, empresa sevillana dedicada al fr\u00edo industrial. Esta empresa consigui\u00f3 hace unos a\u00f1os desarrollar un generador de agua capaz de abastecer de agua potable a pueblos donde abunda la sequ\u00eda.<\/p><p>Durante esta visita a las instalaciones, su gerente, Luis Fern\u00e1ndez, ha hecho hincapi\u00e9 en la importancia de trabajar en equipo para alcanzar metas propuestas siempre en un clima de esfuerzo y corresponsabilidad<\/p><p>En segundo lugar, hemos tenido la suerte de contar con el Chef Rafael Zafra, famoso cocinero con dos estrellas Michel\u00edn. Zafra es antiguo alumno de nuestro Centro y ha sido jefe de cocina de El Bulli. Adem\u00e1s, ha participado en otros proyectos con Ferr\u00e1n Adri\u00e0 como Heart Ibiza. Actualmente, se encuentra inmerso en su proyecto m\u00e1s personal, Estimar, restaurante centrado en la cocina mediterr\u00e1nea.<\/p><p>Rafael ha contado su experiencia de profesional y ha animado a los alumnos a luchar por sus sue\u00f1os, perseguirlos a trav\u00e9s del esfuerzo y el trabajo diario. Tambi\u00e9n ha se\u00f1alado la importancia de realizar un trabajo siempre en equipo como medio para poder conseguir objetivos mejores.<\/p><p>Por \u00faltimo, nuestro chef ha hecho una demostraci\u00f3n culinaria a los alumnos, ense\u00f1\u00e1ndole t\u00e9cnicas innovadoras de alta cocina para todos los gustos.<\/p><p>Con esto, dividimos nuestras Jornadas de Orientaci\u00f3n en dos partes, una primera donde contamos experiencias de \u00e9xito y una segunda parte donde presentamos todas las posibilidades y ramas educativas existentes.<\/p>","_et_gb_content_width":"","footnotes":""},"categories":[12,19,13,17,14,15,18,16,1],"tags":[],"class_list":["post-5597","post","type-post","status-publish","format-standard","hentry","category-colegio","category-escuela-abierta","category-fasa","category-infantil","category-pastoral","category-portada","category-primaria","category-secundaria","category-uncategorized"],"yoast_head":"<!-- This site is optimized with the Yoast SEO plugin v28.4 - https:\/\/yoast.com\/product\/yoast-seo-wordpress\/ -->\n<title>IV Jornadas de Orientaci\u00f3n - Colegio Salesiano Alcal\u00e1<\/title>\n<meta name=\"robots\" content=\"index, follow, max-snippet:-1, max-image-preview:large, max-video-preview:-1\" \/>\n<link rel=\"canonical\" href=\"https:\/\/alcala.salesianos.edu\/colegio\/blog\/2018\/02\/12\/iv-jornadas-de-orientacion\/\" \/>\n<meta property=\"og:locale\" content=\"es_ES\" \/>\n<meta property=\"og:type\" content=\"article\" \/>\n<meta property=\"og:title\" content=\"IV Jornadas de Orientaci\u00f3n - Colegio Salesiano Alcal\u00e1\" \/>\n<meta property=\"og:description\" content=\"Nuestro Centro pone siempre en el medio a sus alumnos e intenta entregarles las mejores herramientas existentes para que puedan enfrentarse al futuro de la mejor manera posible. Uno de los pilares fundamentales de nuestro proyecto educativo es la orientaci\u00f3n y en nosotros est\u00e1 la responsabilidad de ense\u00f1arles las opciones existentes y ofrecerles ejemplos [&hellip;]\" \/>\n<meta property=\"og:url\" content=\"https:\/\/alcala.salesianos.edu\/colegio\/blog\/2018\/02\/12\/iv-jornadas-de-orientacion\/\" \/>\n<meta property=\"og:site_name\" content=\"Colegio Salesiano Alcal\u00e1\" \/>\n<meta property=\"article:published_time\" content=\"2018-02-12T18:54:15+00:00\" \/>\n<meta property=\"article:modified_time\" content=\"2025-08-27T08:01:47+00:00\" \/>\n<meta name=\"author\" content=\"Administrador Web\" \/>\n<meta name=\"twitter:card\" content=\"summary_large_image\" \/>\n<meta name=\"twitter:label1\" content=\"Escrito por\" \/>\n\t<meta name=\"twitter:data1\" content=\"Administrador Web\" \/>\n\t<meta name=\"twitter:label2\" content=\"Tiempo de lectura\" \/>\n\t<meta name=\"twitter:data2\" content=\"3 minutos\" \/>\n<script type=\"application\/ld+json\" class=\"yoast-schema-graph\">{\"@context\":\"https:\\\/\\\/schema.org\",\"@graph\":[{\"@type\":\"Article\",\"@id\":\"https:\\\/\\\/alcala.salesianos.edu\\\/colegio\\\/blog\\\/2018\\\/02\\\/12\\\/iv-jornadas-de-orientacion\\\/#article\",\"isPartOf\":{\"@id\":\"https:\\\/\\\/alcala.salesianos.edu\\\/colegio\\\/blog\\\/2018\\\/02\\\/12\\\/iv-jornadas-de-orientacion\\\/\"},\"author\":{\"name\":\"Administrador Web\",\"@id\":\"https:\\\/\\\/alcala.salesianos.edu\\\/colegio\\\/#\\\/schema\\\/person\\\/afcc24f776dc91fc2bf9afb0998fca77\"},\"headline\":\"IV Jornadas de Orientaci\u00f3n\",\"datePublished\":\"2018-02-12T18:54:15+00:00\",\"dateModified\":\"2025-08-27T08:01:47+00:00\",\"mainEntityOfPage\":{\"@id\":\"https:\\\/\\\/alcala.salesianos.edu\\\/colegio\\\/blog\\\/2018\\\/02\\\/12\\\/iv-jornadas-de-orientacion\\\/\"},\"wordCount\":505,\"articleSection\":[\"Colegio\",\"Escuela abierta\",\"FASA\",\"Infantil\",\"Pastoral\",\"Portada\",\"Primaria\",\"Secundaria\",\"Uncategorized\"],\"inLanguage\":\"es\"},{\"@type\":\"WebPage\",\"@id\":\"https:\\\/\\\/alcala.salesianos.edu\\\/colegio\\\/blog\\\/2018\\\/02\\\/12\\\/iv-jornadas-de-orientacion\\\/\",\"url\":\"https:\\\/\\\/alcala.salesianos.edu\\\/colegio\\\/blog\\\/2018\\\/02\\\/12\\\/iv-jornadas-de-orientacion\\\/\",\"name\":\"IV Jornadas de Orientaci\u00f3n - Colegio Salesiano Alcal\u00e1\",\"isPartOf\":{\"@id\":\"https:\\\/\\\/alcala.salesianos.edu\\\/colegio\\\/#website\"},\"datePublished\":\"2018-02-12T18:54:15+00:00\",\"dateModified\":\"2025-08-27T08:01:47+00:00\",\"author\":{\"@id\":\"https:\\\/\\\/alcala.salesianos.edu\\\/colegio\\\/#\\\/schema\\\/person\\\/afcc24f776dc91fc2bf9afb0998fca77\"},\"breadcrumb\":{\"@id\":\"https:\\\/\\\/alcala.salesianos.edu\\\/colegio\\\/blog\\\/2018\\\/02\\\/12\\\/iv-jornadas-de-orientacion\\\/#breadcrumb\"},\"inLanguage\":\"es\",\"potentialAction\":[{\"@type\":\"ReadAction\",\"target\":[\"https:\\\/\\\/alcala.salesianos.edu\\\/colegio\\\/blog\\\/2018\\\/02\\\/12\\\/iv-jornadas-de-orientacion\\\/\"]}]},{\"@type\":\"BreadcrumbList\",\"@id\":\"https:\\\/\\\/alcala.salesianos.edu\\\/colegio\\\/blog\\\/2018\\\/02\\\/12\\\/iv-jornadas-de-orientacion\\\/#breadcrumb\",\"itemListElement\":[{\"@type\":\"ListItem\",\"position\":1,\"name\":\"Portada\",\"item\":\"https:\\\/\\\/alcala.salesianos.edu\\\/colegio\\\/\"},{\"@type\":\"ListItem\",\"position\":2,\"name\":\"IV Jornadas de Orientaci\u00f3n\"}]},{\"@type\":\"WebSite\",\"@id\":\"https:\\\/\\\/alcala.salesianos.edu\\\/colegio\\\/#website\",\"url\":\"https:\\\/\\\/alcala.salesianos.edu\\\/colegio\\\/\",\"name\":\"Colegio Salesiano Alcal\u00e1\",\"description\":\"P\u00e1gina oficial de Salesianos Alcal\u00e1 de Guadaira\",\"potentialAction\":[{\"@type\":\"SearchAction\",\"target\":{\"@type\":\"EntryPoint\",\"urlTemplate\":\"https:\\\/\\\/alcala.salesianos.edu\\\/colegio\\\/?s={search_term_string}\"},\"query-input\":{\"@type\":\"PropertyValueSpecification\",\"valueRequired\":true,\"valueName\":\"search_term_string\"}}],\"inLanguage\":\"es\"},{\"@type\":\"Person\",\"@id\":\"https:\\\/\\\/alcala.salesianos.edu\\\/colegio\\\/#\\\/schema\\\/person\\\/afcc24f776dc91fc2bf9afb0998fca77\",\"name\":\"Administrador Web\",\"image\":{\"@type\":\"ImageObject\",\"inLanguage\":\"es\",\"@id\":\"https:\\\/\\\/secure.gravatar.com\\\/avatar\\\/bc157e994689bd6da9645c00aa3bc4d55b727915b6652642660db0aef086585f?s=96&d=mm&r=g\",\"url\":\"https:\\\/\\\/secure.gravatar.com\\\/avatar\\\/bc157e994689bd6da9645c00aa3bc4d55b727915b6652642660db0aef086585f?s=96&d=mm&r=g\",\"contentUrl\":\"https:\\\/\\\/secure.gravatar.com\\\/avatar\\\/bc157e994689bd6da9645c00aa3bc4d55b727915b6652642660db0aef086585f?s=96&d=mm&r=g\",\"caption\":\"Administrador Web\"}}]}<\/script>\n<!-- \/ Yoast SEO plugin. -->","yoast_head_json":{"title":"IV Jornadas de Orientaci\u00f3n - Colegio Salesiano Alcal\u00e1","robots":{"index":"index","follow":"follow","max-snippet":"max-snippet:-1","max-image-preview":"max-image-preview:large","max-video-preview":"max-video-preview:-1"},"canonical":"https:\/\/alcala.salesianos.edu\/colegio\/blog\/2018\/02\/12\/iv-jornadas-de-orientacion\/","og_locale":"es_ES","og_type":"article","og_title":"IV Jornadas de Orientaci\u00f3n - Colegio Salesiano Alcal\u00e1","og_description":"Nuestro Centro pone siempre en el medio a sus alumnos e intenta entregarles las mejores herramientas existentes para que puedan enfrentarse al futuro de la mejor manera posible. Uno de los pilares fundamentales de nuestro proyecto educativo es la orientaci\u00f3n y en nosotros est\u00e1 la responsabilidad de ense\u00f1arles las opciones existentes y ofrecerles ejemplos [&hellip;]","og_url":"https:\/\/alcala.salesianos.edu\/colegio\/blog\/2018\/02\/12\/iv-jornadas-de-orientacion\/","og_site_name":"Colegio Salesiano Alcal\u00e1","article_published_time":"2018-02-12T18:54:15+00:00","article_modified_time":"2025-08-27T08:01:47+00:00","author":"Administrador Web","twitter_card":"summary_large_image","twitter_misc":{"Escrito por":"Administrador Web","Tiempo de lectura":"3 minutos"},"schema":{"@context":"https:\/\/schema.org","@graph":[{"@type":"Article","@id":"https:\/\/alcala.salesianos.edu\/colegio\/blog\/2018\/02\/12\/iv-jornadas-de-orientacion\/#article","isPartOf":{"@id":"https:\/\/alcala.salesianos.edu\/colegio\/blog\/2018\/02\/12\/iv-jornadas-de-orientacion\/"},"author":{"name":"Administrador Web","@id":"https:\/\/alcala.salesianos.edu\/colegio\/#\/schema\/person\/afcc24f776dc91fc2bf9afb0998fca77"},"headline":"IV Jornadas de Orientaci\u00f3n","datePublished":"2018-02-12T18:54:15+00:00","dateModified":"2025-08-27T08:01:47+00:00","mainEntityOfPage":{"@id":"https:\/\/alcala.salesianos.edu\/colegio\/blog\/2018\/02\/12\/iv-jornadas-de-orientacion\/"},"wordCount":505,"articleSection":["Colegio","Escuela abierta","FASA","Infantil","Pastoral","Portada","Primaria","Secundaria","Uncategorized"],"inLanguage":"es"},{"@type":"WebPage","@id":"https:\/\/alcala.salesianos.edu\/colegio\/blog\/2018\/02\/12\/iv-jornadas-de-orientacion\/","url":"https:\/\/alcala.salesianos.edu\/colegio\/blog\/2018\/02\/12\/iv-jornadas-de-orientacion\/","name":"IV Jornadas de Orientaci\u00f3n - Colegio Salesiano Alcal\u00e1","isPartOf":{"@id":"https:\/\/alcala.salesianos.edu\/colegio\/#website"},"datePublished":"2018-02-12T18:54:15+00:00","dateModified":"2025-08-27T08:01:47+00:00","author":{"@id":"https:\/\/alcala.salesianos.edu\/colegio\/#\/schema\/person\/afcc24f776dc91fc2bf9afb0998fca77"},"breadcrumb":{"@id":"https:\/\/alcala.salesianos.edu\/colegio\/blog\/2018\/02\/12\/iv-jornadas-de-orientacion\/#breadcrumb"},"inLanguage":"es","potentialAction":[{"@type":"ReadAction","target":["https:\/\/alcala.salesianos.edu\/colegio\/blog\/2018\/02\/12\/iv-jornadas-de-orientacion\/"]}]},{"@type":"BreadcrumbList","@id":"https:\/\/alcala.salesianos.edu\/colegio\/blog\/2018\/02\/12\/iv-jornadas-de-orientacion\/#breadcrumb","itemListElement":[{"@type":"ListItem","position":1,"name":"Portada","item":"https:\/\/alcala.salesianos.edu\/colegio\/"},{"@type":"ListItem","position":2,"name":"IV Jornadas de Orientaci\u00f3n"}]},{"@type":"WebSite","@id":"https:\/\/alcala.salesianos.edu\/colegio\/#website","url":"https:\/\/alcala.salesianos.edu\/colegio\/","name":"Colegio Salesiano Alcal\u00e1","description":"P\u00e1gina oficial de Salesianos Alcal\u00e1 de Guadaira","potentialAction":[{"@type":"SearchAction","target":{"@type":"EntryPoint","urlTemplate":"https:\/\/alcala.salesianos.edu\/colegio\/?s={search_term_string}"},"query-input":{"@type":"PropertyValueSpecification","valueRequired":true,"valueName":"search_term_string"}}],"inLanguage":"es"},{"@type":"Person","@id":"https:\/\/alcala.salesianos.edu\/colegio\/#\/schema\/person\/afcc24f776dc91fc2bf9afb0998fca77","name":"Administrador Web","image":{"@type":"ImageObject","inLanguage":"es","@id":"https:\/\/secure.gravatar.com\/avatar\/bc157e994689bd6da9645c00aa3bc4d55b727915b6652642660db0aef086585f?s=96&d=mm&r=g","url":"https:\/\/secure.gravatar.com\/avatar\/bc157e994689bd6da9645c00aa3bc4d55b727915b6652642660db0aef086585f?s=96&d=mm&r=g","contentUrl":"https:\/\/secure.gravatar.com\/avatar\/bc157e994689bd6da9645c00aa3bc4d55b727915b6652642660db0aef086585f?s=96&d=mm&r=g","caption":"Administrador Web"}}]}},"_links":{"self":[{"href":"https:\/\/alcala.salesianos.edu\/colegio\/wp-json\/wp\/v2\/posts\/5597","targetHints":{"allow":["GET"]}}],"collection":[{"href":"https:\/\/alcala.salesianos.edu\/colegio\/wp-json\/wp\/v2\/posts"}],"about":[{"href":"https:\/\/alcala.salesianos.edu\/colegio\/wp-json\/wp\/v2\/types\/post"}],"author":[{"embeddable":true,"href":"https:\/\/alcala.salesianos.edu\/colegio\/wp-json\/wp\/v2\/users\/2"}],"replies":[{"embeddable":true,"href":"https:\/\/alcala.salesianos.edu\/colegio\/wp-json\/wp\/v2\/comments?post=5597"}],"version-history":[{"count":2,"href":"https:\/\/alcala.salesianos.edu\/colegio\/wp-json\/wp\/v2\/posts\/5597\/revisions"}],"predecessor-version":[{"id":10853,"href":"https:\/\/alcala.salesianos.edu\/colegio\/wp-json\/wp\/v2\/posts\/5597\/revisions\/10853"}],"wp:attachment":[{"href":"https:\/\/alcala.salesianos.edu\/colegio\/wp-json\/wp\/v2\/media?parent=5597"}],"wp:term":[{"taxonomy":"category","embeddable":true,"href":"https:\/\/alcala.salesianos.edu\/colegio\/wp-json\/wp\/v2\/categories?post=5597"},{"taxonomy":"post_tag","embeddable":true,"href":"https:\/\/alcala.salesianos.edu\/colegio\/wp-json\/wp\/v2\/tags?post=5597"}],"curies":[{"name":"wp","href":"https:\/\/api.w.org\/{rel}","templated":true}]}}