{"id":5573,"date":"2018-02-01T20:18:37","date_gmt":"2018-02-01T19:18:37","guid":{"rendered":"https:\/\/alcala.salesianos.edu\/colegio\/blog\/2018\/02\/01\/tu-puedes-ser-como-el\/"},"modified":"2025-08-27T09:01:48","modified_gmt":"2025-08-27T08:01:48","slug":"tu-puedes-ser-como-el","status":"publish","type":"post","link":"https:\/\/alcala.salesianos.edu\/colegio\/blog\/2018\/02\/01\/tu-puedes-ser-como-el\/","title":{"rendered":"T\u00fa puedes ser como \u00c9l"},"content":{"rendered":"<div id=\"fb-root\"><\/div>\n<p>[et_pb_section bb_built=\u00bb1&#8243;][et_pb_row][et_pb_column type=\u00bb4_4&#8243;][et_pb_text _builder_version=\u00bb3.0.92&#8243; background_layout=\u00bblight\u00bb]<\/p>\n<p>Todav\u00eda resuenan los latidos del coraz\u00f3n de Don Bosco que nos han impulsado a amar como \u00e9l nos am\u00f3. El mes de enero ha sido una aut\u00e9ntica fiesta en la que los alumnos de nuestro colegio la han vivido con una energ\u00eda suprema.<\/p>\n<p>&nbsp;<\/p>\n<p>Comenzamos el mes de enero con la tradicional bendici\u00f3n de animales dom\u00e9sticos por San Ant\u00f3n. Profesores, alumnos y familias se dieron lugar en el patio para celebrar dicho acto dando testimonio de amor y respeto hacia los animales.<\/p>\n<p>&nbsp;<\/p>\n<p>El triduo escolar ha servido de antesala al d\u00eda grande. Durante los d\u00edas previos al 31, los chicos y chicas de las tres etapas de nuestro centro se reun\u00edan en la capilla para prepararse en cuerpo y alma ante la llegada del d\u00eda de Don Bosco. Las distintas celebraciones del triduo, presididas todas por los Salesianos de la Comunidad, han hecho un recorrido por la vida de San Juan Bosco recordando a un \u201cJuan\u00edn\u201d ni\u00f1o y adolescente; a un Don Bosco sacerdote; y a un verdadero Santo de la Iglesia.<\/p>\n<p>&nbsp;<\/p>\n<p>Y lleg\u00f3 el gran d\u00eda. El mi\u00e9rcoles, 31 de enero de 2018, es el m\u00e1s grande en cualquier Casa Salesiana. La ma\u00f1ana comenz\u00f3 de la mejor y din\u00e1mica forma posible. Los alumnos de Infantil, Primaria y Secundaria se congregaron en el patio de abajo para vivir unos \u201cbuenos d\u00edas\u201d especiales. La alegr\u00eda desbordante ya se notaba en las palabras de los directores, en las vestimentas de la \u00e9poca, en los cantos y en los bailes. Este a\u00f1o, la din\u00e1mica ofrecida ha sido la de plasmar en una gymkana la presencia salesiana por el mundo. Juegos de cada pa\u00eds, danzas tradicionales y banderas han dado ejemplo de ello. Tras el desayuno de pan con chocolate ofrecido por el AMPA, por las circunstancias, tuvimos que separar celebraciones y lugares. Los chicos de Infantil y primeros cursos de EP se quedaron en la capilla del colegio para vivir junto a Don Bosco una celebraci\u00f3n de la Palabra muy especial y atractiva para todos. Los chicos de 4\u00ba EP en adelante fueron a la Parroquia de San Sebasti\u00e1n a celebrar la Eucarist\u00eda solemne.<\/p>\n<p>&nbsp;<\/p>\n<p>No olvidamos los campeonatos deportivos durante los recreos de todo el mes, las sesiones tutoriales, las unidades did\u00e1cticas de cada asignatura dedicada a Don Bosco, las carteler\u00edas, decoraciones varias\u2026<\/p>\n<p>&nbsp;<\/p>\n<p>Sin duda, celebrar Don Bosco as\u00ed es fuente de motivaci\u00f3n par todos, especialmente para los j\u00f3venes. Es camino de conduce a Jes\u00fas y a Mar\u00eda, camino que nos lleva a la santidad.<\/p>\n<p>&nbsp;<\/p>\n<p>[\/et_pb_text][et_pb_image _builder_version=\u00bb3.0.92&#8243; src=\u00bbhttps:\/\/alcala.salesianos.edu\/wp-content\/uploads\/2018\/02\/imagen-.jpeg\u00bb show_in_lightbox=\u00bboff\u00bb url_new_window=\u00bboff\u00bb use_overlay=\u00bboff\u00bb always_center_on_mobile=\u00bbon\u00bb force_fullwidth=\u00bboff\u00bb show_bottom_space=\u00bbon\u00bb \/][\/et_pb_column][\/et_pb_row][\/et_pb_section]<\/p>\n","protected":false},"excerpt":{"rendered":"<p>As\u00ed vivieron los j\u00f3venes de Don Bosco la fiesta de su Padre, Maestro y Amigo.<\/p>\n","protected":false},"author":2,"featured_media":0,"comment_status":"closed","ping_status":"open","sticky":false,"template":"","format":"standard","meta":{"_et_pb_use_builder":"on","_et_pb_old_content":"","_et_gb_content_width":"","footnotes":""},"categories":[12,19,13,17,14,15,18,16,1],"tags":[],"class_list":["post-5573","post","type-post","status-publish","format-standard","hentry","category-colegio","category-escuela-abierta","category-fasa","category-infantil","category-pastoral","category-portada","category-primaria","category-secundaria","category-uncategorized"],"yoast_head":"<!-- This site is optimized with the Yoast SEO plugin v28.4 - https:\/\/yoast.com\/product\/yoast-seo-wordpress\/ -->\n<title>T\u00fa puedes ser como \u00c9l - Colegio Salesiano Alcal\u00e1<\/title>\n<meta name=\"robots\" content=\"index, follow, max-snippet:-1, max-image-preview:large, max-video-preview:-1\" \/>\n<link rel=\"canonical\" href=\"https:\/\/alcala.salesianos.edu\/colegio\/blog\/2018\/02\/01\/tu-puedes-ser-como-el\/\" \/>\n<meta property=\"og:locale\" content=\"es_ES\" \/>\n<meta property=\"og:type\" content=\"article\" \/>\n<meta property=\"og:title\" content=\"T\u00fa puedes ser como \u00c9l - Colegio Salesiano Alcal\u00e1\" \/>\n<meta property=\"og:description\" content=\"As\u00ed vivieron los j\u00f3venes de Don Bosco la fiesta de su Padre, Maestro y Amigo.\" \/>\n<meta property=\"og:url\" content=\"https:\/\/alcala.salesianos.edu\/colegio\/blog\/2018\/02\/01\/tu-puedes-ser-como-el\/\" \/>\n<meta property=\"og:site_name\" content=\"Colegio Salesiano Alcal\u00e1\" \/>\n<meta property=\"article:published_time\" content=\"2018-02-01T19:18:37+00:00\" \/>\n<meta property=\"article:modified_time\" content=\"2025-08-27T08:01:48+00:00\" \/>\n<meta name=\"author\" content=\"Administrador Web\" \/>\n<meta name=\"twitter:card\" content=\"summary_large_image\" \/>\n<meta name=\"twitter:label1\" content=\"Escrito por\" \/>\n\t<meta name=\"twitter:data1\" content=\"Administrador Web\" \/>\n\t<meta name=\"twitter:label2\" content=\"Tiempo de lectura\" \/>\n\t<meta name=\"twitter:data2\" content=\"3 minutos\" \/>\n<script type=\"application\/ld+json\" class=\"yoast-schema-graph\">{\"@context\":\"https:\\\/\\\/schema.org\",\"@graph\":[{\"@type\":\"Article\",\"@id\":\"https:\\\/\\\/alcala.salesianos.edu\\\/colegio\\\/blog\\\/2018\\\/02\\\/01\\\/tu-puedes-ser-como-el\\\/#article\",\"isPartOf\":{\"@id\":\"https:\\\/\\\/alcala.salesianos.edu\\\/colegio\\\/blog\\\/2018\\\/02\\\/01\\\/tu-puedes-ser-como-el\\\/\"},\"author\":{\"name\":\"Administrador Web\",\"@id\":\"https:\\\/\\\/alcala.salesianos.edu\\\/colegio\\\/#\\\/schema\\\/person\\\/afcc24f776dc91fc2bf9afb0998fca77\"},\"headline\":\"T\u00fa puedes ser como \u00c9l\",\"datePublished\":\"2018-02-01T19:18:37+00:00\",\"dateModified\":\"2025-08-27T08:01:48+00:00\",\"mainEntityOfPage\":{\"@id\":\"https:\\\/\\\/alcala.salesianos.edu\\\/colegio\\\/blog\\\/2018\\\/02\\\/01\\\/tu-puedes-ser-como-el\\\/\"},\"wordCount\":519,\"articleSection\":[\"Colegio\",\"Escuela abierta\",\"FASA\",\"Infantil\",\"Pastoral\",\"Portada\",\"Primaria\",\"Secundaria\",\"Uncategorized\"],\"inLanguage\":\"es\"},{\"@type\":\"WebPage\",\"@id\":\"https:\\\/\\\/alcala.salesianos.edu\\\/colegio\\\/blog\\\/2018\\\/02\\\/01\\\/tu-puedes-ser-como-el\\\/\",\"url\":\"https:\\\/\\\/alcala.salesianos.edu\\\/colegio\\\/blog\\\/2018\\\/02\\\/01\\\/tu-puedes-ser-como-el\\\/\",\"name\":\"T\u00fa puedes ser como \u00c9l - Colegio Salesiano Alcal\u00e1\",\"isPartOf\":{\"@id\":\"https:\\\/\\\/alcala.salesianos.edu\\\/colegio\\\/#website\"},\"datePublished\":\"2018-02-01T19:18:37+00:00\",\"dateModified\":\"2025-08-27T08:01:48+00:00\",\"author\":{\"@id\":\"https:\\\/\\\/alcala.salesianos.edu\\\/colegio\\\/#\\\/schema\\\/person\\\/afcc24f776dc91fc2bf9afb0998fca77\"},\"breadcrumb\":{\"@id\":\"https:\\\/\\\/alcala.salesianos.edu\\\/colegio\\\/blog\\\/2018\\\/02\\\/01\\\/tu-puedes-ser-como-el\\\/#breadcrumb\"},\"inLanguage\":\"es\",\"potentialAction\":[{\"@type\":\"ReadAction\",\"target\":[\"https:\\\/\\\/alcala.salesianos.edu\\\/colegio\\\/blog\\\/2018\\\/02\\\/01\\\/tu-puedes-ser-como-el\\\/\"]}]},{\"@type\":\"BreadcrumbList\",\"@id\":\"https:\\\/\\\/alcala.salesianos.edu\\\/colegio\\\/blog\\\/2018\\\/02\\\/01\\\/tu-puedes-ser-como-el\\\/#breadcrumb\",\"itemListElement\":[{\"@type\":\"ListItem\",\"position\":1,\"name\":\"Portada\",\"item\":\"https:\\\/\\\/alcala.salesianos.edu\\\/colegio\\\/\"},{\"@type\":\"ListItem\",\"position\":2,\"name\":\"T\u00fa puedes ser como \u00c9l\"}]},{\"@type\":\"WebSite\",\"@id\":\"https:\\\/\\\/alcala.salesianos.edu\\\/colegio\\\/#website\",\"url\":\"https:\\\/\\\/alcala.salesianos.edu\\\/colegio\\\/\",\"name\":\"Colegio Salesiano Alcal\u00e1\",\"description\":\"P\u00e1gina oficial de Salesianos Alcal\u00e1 de Guadaira\",\"potentialAction\":[{\"@type\":\"SearchAction\",\"target\":{\"@type\":\"EntryPoint\",\"urlTemplate\":\"https:\\\/\\\/alcala.salesianos.edu\\\/colegio\\\/?s={search_term_string}\"},\"query-input\":{\"@type\":\"PropertyValueSpecification\",\"valueRequired\":true,\"valueName\":\"search_term_string\"}}],\"inLanguage\":\"es\"},{\"@type\":\"Person\",\"@id\":\"https:\\\/\\\/alcala.salesianos.edu\\\/colegio\\\/#\\\/schema\\\/person\\\/afcc24f776dc91fc2bf9afb0998fca77\",\"name\":\"Administrador Web\",\"image\":{\"@type\":\"ImageObject\",\"inLanguage\":\"es\",\"@id\":\"https:\\\/\\\/secure.gravatar.com\\\/avatar\\\/bc157e994689bd6da9645c00aa3bc4d55b727915b6652642660db0aef086585f?s=96&d=mm&r=g\",\"url\":\"https:\\\/\\\/secure.gravatar.com\\\/avatar\\\/bc157e994689bd6da9645c00aa3bc4d55b727915b6652642660db0aef086585f?s=96&d=mm&r=g\",\"contentUrl\":\"https:\\\/\\\/secure.gravatar.com\\\/avatar\\\/bc157e994689bd6da9645c00aa3bc4d55b727915b6652642660db0aef086585f?s=96&d=mm&r=g\",\"caption\":\"Administrador Web\"}}]}<\/script>\n<!-- \/ Yoast SEO plugin. -->","yoast_head_json":{"title":"T\u00fa puedes ser como \u00c9l - Colegio Salesiano Alcal\u00e1","robots":{"index":"index","follow":"follow","max-snippet":"max-snippet:-1","max-image-preview":"max-image-preview:large","max-video-preview":"max-video-preview:-1"},"canonical":"https:\/\/alcala.salesianos.edu\/colegio\/blog\/2018\/02\/01\/tu-puedes-ser-como-el\/","og_locale":"es_ES","og_type":"article","og_title":"T\u00fa puedes ser como \u00c9l - Colegio Salesiano Alcal\u00e1","og_description":"As\u00ed vivieron los j\u00f3venes de Don Bosco la fiesta de su Padre, Maestro y Amigo.","og_url":"https:\/\/alcala.salesianos.edu\/colegio\/blog\/2018\/02\/01\/tu-puedes-ser-como-el\/","og_site_name":"Colegio Salesiano Alcal\u00e1","article_published_time":"2018-02-01T19:18:37+00:00","article_modified_time":"2025-08-27T08:01:48+00:00","author":"Administrador Web","twitter_card":"summary_large_image","twitter_misc":{"Escrito por":"Administrador Web","Tiempo de lectura":"3 minutos"},"schema":{"@context":"https:\/\/schema.org","@graph":[{"@type":"Article","@id":"https:\/\/alcala.salesianos.edu\/colegio\/blog\/2018\/02\/01\/tu-puedes-ser-como-el\/#article","isPartOf":{"@id":"https:\/\/alcala.salesianos.edu\/colegio\/blog\/2018\/02\/01\/tu-puedes-ser-como-el\/"},"author":{"name":"Administrador Web","@id":"https:\/\/alcala.salesianos.edu\/colegio\/#\/schema\/person\/afcc24f776dc91fc2bf9afb0998fca77"},"headline":"T\u00fa puedes ser como \u00c9l","datePublished":"2018-02-01T19:18:37+00:00","dateModified":"2025-08-27T08:01:48+00:00","mainEntityOfPage":{"@id":"https:\/\/alcala.salesianos.edu\/colegio\/blog\/2018\/02\/01\/tu-puedes-ser-como-el\/"},"wordCount":519,"articleSection":["Colegio","Escuela abierta","FASA","Infantil","Pastoral","Portada","Primaria","Secundaria","Uncategorized"],"inLanguage":"es"},{"@type":"WebPage","@id":"https:\/\/alcala.salesianos.edu\/colegio\/blog\/2018\/02\/01\/tu-puedes-ser-como-el\/","url":"https:\/\/alcala.salesianos.edu\/colegio\/blog\/2018\/02\/01\/tu-puedes-ser-como-el\/","name":"T\u00fa puedes ser como \u00c9l - Colegio Salesiano Alcal\u00e1","isPartOf":{"@id":"https:\/\/alcala.salesianos.edu\/colegio\/#website"},"datePublished":"2018-02-01T19:18:37+00:00","dateModified":"2025-08-27T08:01:48+00:00","author":{"@id":"https:\/\/alcala.salesianos.edu\/colegio\/#\/schema\/person\/afcc24f776dc91fc2bf9afb0998fca77"},"breadcrumb":{"@id":"https:\/\/alcala.salesianos.edu\/colegio\/blog\/2018\/02\/01\/tu-puedes-ser-como-el\/#breadcrumb"},"inLanguage":"es","potentialAction":[{"@type":"ReadAction","target":["https:\/\/alcala.salesianos.edu\/colegio\/blog\/2018\/02\/01\/tu-puedes-ser-como-el\/"]}]},{"@type":"BreadcrumbList","@id":"https:\/\/alcala.salesianos.edu\/colegio\/blog\/2018\/02\/01\/tu-puedes-ser-como-el\/#breadcrumb","itemListElement":[{"@type":"ListItem","position":1,"name":"Portada","item":"https:\/\/alcala.salesianos.edu\/colegio\/"},{"@type":"ListItem","position":2,"name":"T\u00fa puedes ser como \u00c9l"}]},{"@type":"WebSite","@id":"https:\/\/alcala.salesianos.edu\/colegio\/#website","url":"https:\/\/alcala.salesianos.edu\/colegio\/","name":"Colegio Salesiano Alcal\u00e1","description":"P\u00e1gina oficial de Salesianos Alcal\u00e1 de Guadaira","potentialAction":[{"@type":"SearchAction","target":{"@type":"EntryPoint","urlTemplate":"https:\/\/alcala.salesianos.edu\/colegio\/?s={search_term_string}"},"query-input":{"@type":"PropertyValueSpecification","valueRequired":true,"valueName":"search_term_string"}}],"inLanguage":"es"},{"@type":"Person","@id":"https:\/\/alcala.salesianos.edu\/colegio\/#\/schema\/person\/afcc24f776dc91fc2bf9afb0998fca77","name":"Administrador Web","image":{"@type":"ImageObject","inLanguage":"es","@id":"https:\/\/secure.gravatar.com\/avatar\/bc157e994689bd6da9645c00aa3bc4d55b727915b6652642660db0aef086585f?s=96&d=mm&r=g","url":"https:\/\/secure.gravatar.com\/avatar\/bc157e994689bd6da9645c00aa3bc4d55b727915b6652642660db0aef086585f?s=96&d=mm&r=g","contentUrl":"https:\/\/secure.gravatar.com\/avatar\/bc157e994689bd6da9645c00aa3bc4d55b727915b6652642660db0aef086585f?s=96&d=mm&r=g","caption":"Administrador Web"}}]}},"_links":{"self":[{"href":"https:\/\/alcala.salesianos.edu\/colegio\/wp-json\/wp\/v2\/posts\/5573","targetHints":{"allow":["GET"]}}],"collection":[{"href":"https:\/\/alcala.salesianos.edu\/colegio\/wp-json\/wp\/v2\/posts"}],"about":[{"href":"https:\/\/alcala.salesianos.edu\/colegio\/wp-json\/wp\/v2\/types\/post"}],"author":[{"embeddable":true,"href":"https:\/\/alcala.salesianos.edu\/colegio\/wp-json\/wp\/v2\/users\/2"}],"replies":[{"embeddable":true,"href":"https:\/\/alcala.salesianos.edu\/colegio\/wp-json\/wp\/v2\/comments?post=5573"}],"version-history":[{"count":1,"href":"https:\/\/alcala.salesianos.edu\/colegio\/wp-json\/wp\/v2\/posts\/5573\/revisions"}],"predecessor-version":[{"id":5574,"href":"https:\/\/alcala.salesianos.edu\/colegio\/wp-json\/wp\/v2\/posts\/5573\/revisions\/5574"}],"wp:attachment":[{"href":"https:\/\/alcala.salesianos.edu\/colegio\/wp-json\/wp\/v2\/media?parent=5573"}],"wp:term":[{"taxonomy":"category","embeddable":true,"href":"https:\/\/alcala.salesianos.edu\/colegio\/wp-json\/wp\/v2\/categories?post=5573"},{"taxonomy":"post_tag","embeddable":true,"href":"https:\/\/alcala.salesianos.edu\/colegio\/wp-json\/wp\/v2\/tags?post=5573"}],"curies":[{"name":"wp","href":"https:\/\/api.w.org\/{rel}","templated":true}]}}