{"id":5434,"date":"2018-01-24T12:51:57","date_gmt":"2018-01-24T11:51:57","guid":{"rendered":"https:\/\/alcala.salesianos.edu\/colegio\/blog\/2018\/01\/24\/don-bosco-de-cine\/"},"modified":"2025-08-27T09:01:48","modified_gmt":"2025-08-27T08:01:48","slug":"don-bosco-de-cine","status":"publish","type":"post","link":"https:\/\/alcala.salesianos.edu\/colegio\/blog\/2018\/01\/24\/don-bosco-de-cine\/","title":{"rendered":"Don Bosco de cine"},"content":{"rendered":"<div id=\"fb-root\"><\/div>\n<p>[et_pb_section fb_built=\u00bb1&#8243; _builder_version=\u00bb3.0.47&#8243;][et_pb_row _builder_version=\u00bb3.0.47&#8243; background_size=\u00bbinitial\u00bb background_position=\u00bbtop_left\u00bb background_repeat=\u00bbrepeat\u00bb][et_pb_column type=\u00bb1_4&#8243; _builder_version=\u00bb3.0.47&#8243; parallax=\u00bboff\u00bb parallax_method=\u00bbon\u00bb][et_pb_image src=\u00bbhttps:\/\/alcala.salesianos.edu\/wp-content\/uploads\/2018\/01\/cinedonbosco.jpg\u00bb _builder_version=\u00bb3.0.92&#8243;][\/et_pb_image][\/et_pb_column][et_pb_column type=\u00bb3_4&#8243; _builder_version=\u00bb3.0.47&#8243; parallax=\u00bboff\u00bb parallax_method=\u00bbon\u00bb][et_pb_text _builder_version=\u00bb3.0.92&#8243;]<\/p>\n<div style=\"text-align: justify;\"><span style=\"font-size: large;\"><a href=\"https:\/\/elpais.com\/diario\/1994\/09\/09\/cultura\/779061610_850215.html\">\u00abEl Vaticano busca un santo como patr\u00f3n del cine\u00bb. Bajo ese titular se anunciaba en la prensa en septiembre de 1994<\/a>\u00a0la b\u00fasqueda por parte de la Iglesia de un protector del s\u00e9ptimo arte dentro de las celebraciones del centenario cinematogr\u00e1fico. San Francisco de As\u00eds, san Maximiliano Kolbe y san Juan Bosco eran los tres candidatos, siendo el santo salesiano el designado finalmente por la comisi\u00f3n pontificia.<\/span><\/div>\n<div style=\"text-align: justify;\"><\/div>\n<div style=\"text-align: justify;\"><span style=\"font-size: large;\">Una de las curiosidades que muchas personas desconocen sobre este patronazgo es el motivo de la\u00a0<a href=\"https:\/\/www.premiosgoya.com\/los-goya\/la-historia-de-los-premios-goya\/\">cercan\u00eda de la gala de los Goya con el d\u00eda 31 de enero, festividad de la solemnidad de San Juan Bosco<\/a>. Esta relaci\u00f3n con el s\u00e9ptimo arte viene originada por el amor que el santo de los j\u00f3venes ten\u00eda hacia las artes esc\u00e9nicas en un contexto hist\u00f3rico que cobr\u00f3 su mayor esplendor con los hermanos Lumi\u00e8re y su primera pel\u00edcula en 1895, siete a\u00f1os m\u00e1s tarde de la muerte de Don Bosco.<\/span><\/div>\n<div style=\"text-align: justify;\"><\/div>\n<div style=\"text-align: justify;\"><span style=\"font-size: large;\">Por este motivo son numerosas las iniciativas relacionadas con el cine desarrollas en las presencias salesianas de todo el mundo. Por ejemplo, los alumnos de Educaci\u00f3n Primaria y de Educaci\u00f3n Secundaria de Salesianos Alcal\u00e1 de Guada\u00edra participar\u00e1n en una proyecci\u00f3n, mientras que los alumnos de Educaci\u00f3n Infantil tendr\u00e1n la oportunidad el pr\u00f3ximo 30 de enero de disfrutar de un gran espect\u00e1culo de teatro al mismo tiempo en el centro dentro del proyecto \u201cMi Colegio 2020\u201d. Tambi\u00e9n casas como Triana, Huelva, Ibi, Elche, Zaragoza o La Almunia proyectan pel\u00edculas de diferentes g\u00e9neros o recuerdan la vida de Don Bosco gracias al filme de Lodovico Gasparini y Flavio Insinna.<\/span><\/div>\n<div style=\"text-align: justify;\"><\/div>\n<div style=\"text-align: justify;\"><span style=\"font-size: large;\">Otro ejemplo de la vigencia de esta relaci\u00f3n puede verse en el lanzamiento por parte de la Delegaci\u00f3n de Pastoral Juvenil de la Inspector\u00eda Salesiana Mar\u00eda Auxiliadora, en colaboraci\u00f3n con la Delegaci\u00f3n de Comunicaci\u00f3n Social y la comisi\u00f3n de Animaci\u00f3n Vocacional, del\u00a0<a href=\"http:\/\/www.salesianos.edu\/Articulos\/10018\/1\/1\/Presentado-el-I-Concurso-de-v-deo-vocacional-Ven-y-ver-s\">\u00abI Concurso de v\u00eddeo vocacional Ven y ver\u00e1s\u00bb<\/a>\u00a0con el fin de promover el cine como veh\u00edculo de comunicaci\u00f3n y expresi\u00f3n art\u00edstica entre los preadolescentes, adolescentes y j\u00f3venes de los ambientes salesianos en una iniciativa est\u00e1 enmarcada dentro de la campa\u00f1a inspectorial para el curso 17\/18.<\/span><\/div>\n<div style=\"text-align: justify;\"><\/div>\n<div style=\"text-align: justify;\"><span style=\"font-size: large;\">M\u00e1s de dos siglos despu\u00e9s de su nacimiento Don Bosco sigue demostrando que su modelo sigue vigente m\u00e1s all\u00e1 de las pantallas de los cines.<\/span><\/div>\n<div><\/div>\n<p>[\/et_pb_text][\/et_pb_column][\/et_pb_row][\/et_pb_section]<\/p>\n","protected":false},"excerpt":{"rendered":"<p>La celebraci\u00f3n de la solemnidad de San Juan Bosco est\u00e1 llena de actividades que recuerdan su relaci\u00f3n como patr\u00f3n del s\u00e9ptimo arte.<\/p>\n","protected":false},"author":2,"featured_media":0,"comment_status":"closed","ping_status":"open","sticky":false,"template":"","format":"standard","meta":{"_et_pb_use_builder":"on","_et_pb_old_content":"","_et_gb_content_width":"","footnotes":""},"categories":[12,19,13,17,14,15,18,16,1],"tags":[],"class_list":["post-5434","post","type-post","status-publish","format-standard","hentry","category-colegio","category-escuela-abierta","category-fasa","category-infantil","category-pastoral","category-portada","category-primaria","category-secundaria","category-uncategorized"],"yoast_head":"<!-- This site is optimized with the Yoast SEO plugin v28.4 - https:\/\/yoast.com\/product\/yoast-seo-wordpress\/ -->\n<title>Don Bosco de cine - Colegio Salesiano Alcal\u00e1<\/title>\n<meta name=\"robots\" content=\"index, follow, max-snippet:-1, max-image-preview:large, max-video-preview:-1\" \/>\n<link rel=\"canonical\" href=\"https:\/\/alcala.salesianos.edu\/colegio\/blog\/2018\/01\/24\/don-bosco-de-cine\/\" \/>\n<meta property=\"og:locale\" content=\"es_ES\" \/>\n<meta property=\"og:type\" content=\"article\" \/>\n<meta property=\"og:title\" content=\"Don Bosco de cine - Colegio Salesiano Alcal\u00e1\" \/>\n<meta property=\"og:description\" content=\"La celebraci\u00f3n de la solemnidad de San Juan Bosco est\u00e1 llena de actividades que recuerdan su relaci\u00f3n como patr\u00f3n del s\u00e9ptimo arte.\" \/>\n<meta property=\"og:url\" content=\"https:\/\/alcala.salesianos.edu\/colegio\/blog\/2018\/01\/24\/don-bosco-de-cine\/\" \/>\n<meta property=\"og:site_name\" content=\"Colegio Salesiano Alcal\u00e1\" \/>\n<meta property=\"article:published_time\" content=\"2018-01-24T11:51:57+00:00\" \/>\n<meta property=\"article:modified_time\" content=\"2025-08-27T08:01:48+00:00\" \/>\n<meta name=\"author\" content=\"Administrador Web\" \/>\n<meta name=\"twitter:card\" content=\"summary_large_image\" \/>\n<meta name=\"twitter:label1\" content=\"Escrito por\" \/>\n\t<meta name=\"twitter:data1\" content=\"Administrador Web\" \/>\n\t<meta name=\"twitter:label2\" content=\"Tiempo de lectura\" \/>\n\t<meta name=\"twitter:data2\" content=\"3 minutos\" \/>\n<script type=\"application\/ld+json\" class=\"yoast-schema-graph\">{\"@context\":\"https:\\\/\\\/schema.org\",\"@graph\":[{\"@type\":\"Article\",\"@id\":\"https:\\\/\\\/alcala.salesianos.edu\\\/colegio\\\/blog\\\/2018\\\/01\\\/24\\\/don-bosco-de-cine\\\/#article\",\"isPartOf\":{\"@id\":\"https:\\\/\\\/alcala.salesianos.edu\\\/colegio\\\/blog\\\/2018\\\/01\\\/24\\\/don-bosco-de-cine\\\/\"},\"author\":{\"name\":\"Administrador Web\",\"@id\":\"https:\\\/\\\/alcala.salesianos.edu\\\/colegio\\\/#\\\/schema\\\/person\\\/afcc24f776dc91fc2bf9afb0998fca77\"},\"headline\":\"Don Bosco de cine\",\"datePublished\":\"2018-01-24T11:51:57+00:00\",\"dateModified\":\"2025-08-27T08:01:48+00:00\",\"mainEntityOfPage\":{\"@id\":\"https:\\\/\\\/alcala.salesianos.edu\\\/colegio\\\/blog\\\/2018\\\/01\\\/24\\\/don-bosco-de-cine\\\/\"},\"wordCount\":504,\"articleSection\":[\"Colegio\",\"Escuela abierta\",\"FASA\",\"Infantil\",\"Pastoral\",\"Portada\",\"Primaria\",\"Secundaria\",\"Uncategorized\"],\"inLanguage\":\"es\"},{\"@type\":\"WebPage\",\"@id\":\"https:\\\/\\\/alcala.salesianos.edu\\\/colegio\\\/blog\\\/2018\\\/01\\\/24\\\/don-bosco-de-cine\\\/\",\"url\":\"https:\\\/\\\/alcala.salesianos.edu\\\/colegio\\\/blog\\\/2018\\\/01\\\/24\\\/don-bosco-de-cine\\\/\",\"name\":\"Don Bosco de cine - Colegio Salesiano Alcal\u00e1\",\"isPartOf\":{\"@id\":\"https:\\\/\\\/alcala.salesianos.edu\\\/colegio\\\/#website\"},\"datePublished\":\"2018-01-24T11:51:57+00:00\",\"dateModified\":\"2025-08-27T08:01:48+00:00\",\"author\":{\"@id\":\"https:\\\/\\\/alcala.salesianos.edu\\\/colegio\\\/#\\\/schema\\\/person\\\/afcc24f776dc91fc2bf9afb0998fca77\"},\"breadcrumb\":{\"@id\":\"https:\\\/\\\/alcala.salesianos.edu\\\/colegio\\\/blog\\\/2018\\\/01\\\/24\\\/don-bosco-de-cine\\\/#breadcrumb\"},\"inLanguage\":\"es\",\"potentialAction\":[{\"@type\":\"ReadAction\",\"target\":[\"https:\\\/\\\/alcala.salesianos.edu\\\/colegio\\\/blog\\\/2018\\\/01\\\/24\\\/don-bosco-de-cine\\\/\"]}]},{\"@type\":\"BreadcrumbList\",\"@id\":\"https:\\\/\\\/alcala.salesianos.edu\\\/colegio\\\/blog\\\/2018\\\/01\\\/24\\\/don-bosco-de-cine\\\/#breadcrumb\",\"itemListElement\":[{\"@type\":\"ListItem\",\"position\":1,\"name\":\"Portada\",\"item\":\"https:\\\/\\\/alcala.salesianos.edu\\\/colegio\\\/\"},{\"@type\":\"ListItem\",\"position\":2,\"name\":\"Don Bosco de cine\"}]},{\"@type\":\"WebSite\",\"@id\":\"https:\\\/\\\/alcala.salesianos.edu\\\/colegio\\\/#website\",\"url\":\"https:\\\/\\\/alcala.salesianos.edu\\\/colegio\\\/\",\"name\":\"Colegio Salesiano Alcal\u00e1\",\"description\":\"P\u00e1gina oficial de Salesianos Alcal\u00e1 de Guadaira\",\"potentialAction\":[{\"@type\":\"SearchAction\",\"target\":{\"@type\":\"EntryPoint\",\"urlTemplate\":\"https:\\\/\\\/alcala.salesianos.edu\\\/colegio\\\/?s={search_term_string}\"},\"query-input\":{\"@type\":\"PropertyValueSpecification\",\"valueRequired\":true,\"valueName\":\"search_term_string\"}}],\"inLanguage\":\"es\"},{\"@type\":\"Person\",\"@id\":\"https:\\\/\\\/alcala.salesianos.edu\\\/colegio\\\/#\\\/schema\\\/person\\\/afcc24f776dc91fc2bf9afb0998fca77\",\"name\":\"Administrador Web\",\"image\":{\"@type\":\"ImageObject\",\"inLanguage\":\"es\",\"@id\":\"https:\\\/\\\/secure.gravatar.com\\\/avatar\\\/bc157e994689bd6da9645c00aa3bc4d55b727915b6652642660db0aef086585f?s=96&d=mm&r=g\",\"url\":\"https:\\\/\\\/secure.gravatar.com\\\/avatar\\\/bc157e994689bd6da9645c00aa3bc4d55b727915b6652642660db0aef086585f?s=96&d=mm&r=g\",\"contentUrl\":\"https:\\\/\\\/secure.gravatar.com\\\/avatar\\\/bc157e994689bd6da9645c00aa3bc4d55b727915b6652642660db0aef086585f?s=96&d=mm&r=g\",\"caption\":\"Administrador Web\"}}]}<\/script>\n<!-- \/ Yoast SEO plugin. -->","yoast_head_json":{"title":"Don Bosco de cine - Colegio Salesiano Alcal\u00e1","robots":{"index":"index","follow":"follow","max-snippet":"max-snippet:-1","max-image-preview":"max-image-preview:large","max-video-preview":"max-video-preview:-1"},"canonical":"https:\/\/alcala.salesianos.edu\/colegio\/blog\/2018\/01\/24\/don-bosco-de-cine\/","og_locale":"es_ES","og_type":"article","og_title":"Don Bosco de cine - Colegio Salesiano Alcal\u00e1","og_description":"La celebraci\u00f3n de la solemnidad de San Juan Bosco est\u00e1 llena de actividades que recuerdan su relaci\u00f3n como patr\u00f3n del s\u00e9ptimo arte.","og_url":"https:\/\/alcala.salesianos.edu\/colegio\/blog\/2018\/01\/24\/don-bosco-de-cine\/","og_site_name":"Colegio Salesiano Alcal\u00e1","article_published_time":"2018-01-24T11:51:57+00:00","article_modified_time":"2025-08-27T08:01:48+00:00","author":"Administrador Web","twitter_card":"summary_large_image","twitter_misc":{"Escrito por":"Administrador Web","Tiempo de lectura":"3 minutos"},"schema":{"@context":"https:\/\/schema.org","@graph":[{"@type":"Article","@id":"https:\/\/alcala.salesianos.edu\/colegio\/blog\/2018\/01\/24\/don-bosco-de-cine\/#article","isPartOf":{"@id":"https:\/\/alcala.salesianos.edu\/colegio\/blog\/2018\/01\/24\/don-bosco-de-cine\/"},"author":{"name":"Administrador Web","@id":"https:\/\/alcala.salesianos.edu\/colegio\/#\/schema\/person\/afcc24f776dc91fc2bf9afb0998fca77"},"headline":"Don Bosco de cine","datePublished":"2018-01-24T11:51:57+00:00","dateModified":"2025-08-27T08:01:48+00:00","mainEntityOfPage":{"@id":"https:\/\/alcala.salesianos.edu\/colegio\/blog\/2018\/01\/24\/don-bosco-de-cine\/"},"wordCount":504,"articleSection":["Colegio","Escuela abierta","FASA","Infantil","Pastoral","Portada","Primaria","Secundaria","Uncategorized"],"inLanguage":"es"},{"@type":"WebPage","@id":"https:\/\/alcala.salesianos.edu\/colegio\/blog\/2018\/01\/24\/don-bosco-de-cine\/","url":"https:\/\/alcala.salesianos.edu\/colegio\/blog\/2018\/01\/24\/don-bosco-de-cine\/","name":"Don Bosco de cine - Colegio Salesiano Alcal\u00e1","isPartOf":{"@id":"https:\/\/alcala.salesianos.edu\/colegio\/#website"},"datePublished":"2018-01-24T11:51:57+00:00","dateModified":"2025-08-27T08:01:48+00:00","author":{"@id":"https:\/\/alcala.salesianos.edu\/colegio\/#\/schema\/person\/afcc24f776dc91fc2bf9afb0998fca77"},"breadcrumb":{"@id":"https:\/\/alcala.salesianos.edu\/colegio\/blog\/2018\/01\/24\/don-bosco-de-cine\/#breadcrumb"},"inLanguage":"es","potentialAction":[{"@type":"ReadAction","target":["https:\/\/alcala.salesianos.edu\/colegio\/blog\/2018\/01\/24\/don-bosco-de-cine\/"]}]},{"@type":"BreadcrumbList","@id":"https:\/\/alcala.salesianos.edu\/colegio\/blog\/2018\/01\/24\/don-bosco-de-cine\/#breadcrumb","itemListElement":[{"@type":"ListItem","position":1,"name":"Portada","item":"https:\/\/alcala.salesianos.edu\/colegio\/"},{"@type":"ListItem","position":2,"name":"Don Bosco de cine"}]},{"@type":"WebSite","@id":"https:\/\/alcala.salesianos.edu\/colegio\/#website","url":"https:\/\/alcala.salesianos.edu\/colegio\/","name":"Colegio Salesiano Alcal\u00e1","description":"P\u00e1gina oficial de Salesianos Alcal\u00e1 de Guadaira","potentialAction":[{"@type":"SearchAction","target":{"@type":"EntryPoint","urlTemplate":"https:\/\/alcala.salesianos.edu\/colegio\/?s={search_term_string}"},"query-input":{"@type":"PropertyValueSpecification","valueRequired":true,"valueName":"search_term_string"}}],"inLanguage":"es"},{"@type":"Person","@id":"https:\/\/alcala.salesianos.edu\/colegio\/#\/schema\/person\/afcc24f776dc91fc2bf9afb0998fca77","name":"Administrador Web","image":{"@type":"ImageObject","inLanguage":"es","@id":"https:\/\/secure.gravatar.com\/avatar\/bc157e994689bd6da9645c00aa3bc4d55b727915b6652642660db0aef086585f?s=96&d=mm&r=g","url":"https:\/\/secure.gravatar.com\/avatar\/bc157e994689bd6da9645c00aa3bc4d55b727915b6652642660db0aef086585f?s=96&d=mm&r=g","contentUrl":"https:\/\/secure.gravatar.com\/avatar\/bc157e994689bd6da9645c00aa3bc4d55b727915b6652642660db0aef086585f?s=96&d=mm&r=g","caption":"Administrador Web"}}]}},"_links":{"self":[{"href":"https:\/\/alcala.salesianos.edu\/colegio\/wp-json\/wp\/v2\/posts\/5434","targetHints":{"allow":["GET"]}}],"collection":[{"href":"https:\/\/alcala.salesianos.edu\/colegio\/wp-json\/wp\/v2\/posts"}],"about":[{"href":"https:\/\/alcala.salesianos.edu\/colegio\/wp-json\/wp\/v2\/types\/post"}],"author":[{"embeddable":true,"href":"https:\/\/alcala.salesianos.edu\/colegio\/wp-json\/wp\/v2\/users\/2"}],"replies":[{"embeddable":true,"href":"https:\/\/alcala.salesianos.edu\/colegio\/wp-json\/wp\/v2\/comments?post=5434"}],"version-history":[{"count":3,"href":"https:\/\/alcala.salesianos.edu\/colegio\/wp-json\/wp\/v2\/posts\/5434\/revisions"}],"predecessor-version":[{"id":5440,"href":"https:\/\/alcala.salesianos.edu\/colegio\/wp-json\/wp\/v2\/posts\/5434\/revisions\/5440"}],"wp:attachment":[{"href":"https:\/\/alcala.salesianos.edu\/colegio\/wp-json\/wp\/v2\/media?parent=5434"}],"wp:term":[{"taxonomy":"category","embeddable":true,"href":"https:\/\/alcala.salesianos.edu\/colegio\/wp-json\/wp\/v2\/categories?post=5434"},{"taxonomy":"post_tag","embeddable":true,"href":"https:\/\/alcala.salesianos.edu\/colegio\/wp-json\/wp\/v2\/tags?post=5434"}],"curies":[{"name":"wp","href":"https:\/\/api.w.org\/{rel}","templated":true}]}}