{"id":5297,"date":"2018-01-16T20:19:13","date_gmt":"2018-01-16T19:19:13","guid":{"rendered":"https:\/\/alcala.salesianos.edu\/colegio\/blog\/2018\/01\/16\/mes-de-enero-mes-de-don-bosco\/"},"modified":"2025-08-27T09:01:49","modified_gmt":"2025-08-27T08:01:49","slug":"mes-de-enero-mes-de-don-bosco","status":"publish","type":"post","link":"https:\/\/alcala.salesianos.edu\/colegio\/blog\/2018\/01\/16\/mes-de-enero-mes-de-don-bosco\/","title":{"rendered":"Mes de enero, mes de Don Bosco"},"content":{"rendered":"<div id=\"fb-root\"><\/div>\n<p>[et_pb_section bb_built=\u00bb1&#8243;][et_pb_row][et_pb_column type=\u00bb1_4&#8243;][et_pb_image _builder_version=\u00bb3.0.92&#8243; src=\u00bbhttps:\/\/alcala.salesianos.edu\/wp-content\/uploads\/2018\/01\/DB-Historico-13.jpg\u00bb show_in_lightbox=\u00bboff\u00bb url_new_window=\u00bboff\u00bb use_overlay=\u00bboff\u00bb always_center_on_mobile=\u00bbon\u00bb force_fullwidth=\u00bboff\u00bb show_bottom_space=\u00bbon\u00bb \/][et_pb_button _builder_version=\u00bb3.0.92&#8243; button_text=\u00bbDescarga el programa: Don Bosco 2018&#8243; url_new_window=\u00bboff\u00bb background_layout=\u00bblight\u00bb custom_button=\u00bbon\u00bb button_icon_placement=\u00bbright\u00bb button_url=\u00bbhttps:\/\/alcala.salesianos.edu\/wp-content\/uploads\/2018\/01\/Programa-Don-Bosco-2018.pdf\u00bb button_bg_color=\u00bb#dc001b\u00bb button_text_color=\u00bb#000000&#8243; \/][\/et_pb_column][et_pb_column type=\u00bb3_4&#8243;][et_pb_text _builder_version=\u00bb3.0.92&#8243; background_layout=\u00bblight\u00bb]<\/p>\n<p class=\"p1\"><span class=\"s1\">Un a\u00f1o m\u00e1s nos acercamos a la festividad de nuestro santo patr\u00f3n San Juan Bosco.<span class=\"Apple-converted-space\">\u00a0 <\/span>La Familia Salesiana de Alcal\u00e1 de Guada\u00edra se prepara con ilusi\u00f3n para festejar la vida de un joven, hijo de campesinos de Morialdo.<\/span><\/p>\n<p class=\"p1\"><span class=\"s1\">Este mes estar\u00e1 cargado de actividades con el foco puesto en el 31 de enero, d\u00eda que celebraremos con plenitud y nos acercaremos a\u00fan m\u00e1s a la figura de Don Bosco.<\/span><\/p>\n<p class=\"p1\"><span class=\"s1\">El jueves ,18 de enero, comenzaremos con el programa de actos con la Bendici\u00f3n de Animales en torno a la festividad de San Ant\u00f3n. El mi\u00e9rcoles 24, celebraremos la conmemoraci\u00f3n a Mar\u00eda Auxiliadora y la festividad de San Francisco de Sales, manantial en el que nuestro santo fundador bebi\u00f3 para crear su obra.<\/span><\/p>\n<p class=\"p1\"><span class=\"s1\">Para los alumnos de Educaci\u00f3n Secundar\u00eda se realizar\u00e1 este mismo d\u00eda una Mesa Redonda Vocacional. Los ponentes de esta actividad ser\u00e1n: un sacerdote salesiano, un hermano de San Juan de Dios, un miembro de la Familia salesiana y el arcipreste de nuestra localidad y p\u00e1rroco de San Sebasti\u00e1n Don Rafael Calder\u00f3n<\/span><\/p>\n<p class=\"p1\"><span class=\"s1\">Entre los d\u00edas 25 y 30 de enero las tres etapas educativas vivir\u00e1n con gran intensidad el triduo a San Juan Bosco, en el que se reflexionar\u00e1 sobre tres momentos de su vida: Don Bosco Ni\u00f1o-Joven, Don Bosco sacerdote y Don Bosco Santo.<\/span><\/p>\n<p class=\"p1\"><span class=\"s1\">El 30 de enero los alumnos de las etapas de Educaci\u00f3n Primaria y Educaci\u00f3n Secundaria podr\u00e1n participar de una actividad cultural en la que ellos podr\u00e1n disfrutar de una pel\u00edcula en el cine. Destacamos que el cine es una de las actividades de las que San Juan Bosco es patr\u00f3n. Nuestro santo era un amante de actividades culturales como el teatro o los conciertos.<\/span><\/p>\n<p class=\"p1\"><span class=\"s1\">Este mismo d\u00eda, la etapa de Educaci\u00f3n Infantil tambi\u00e9n disfrutara de una de las actividades que amaba Don Bosco: el teatro y tambi\u00e9n tendr\u00e1n una actividad en la que podr\u00e1n compartir sus propios juguetes con los dem\u00e1s.<\/span><\/p>\n<p class=\"p1\"><span class=\"s1\">El d\u00eda de la solemnidad de Don Bosco los alumnos disfrutar\u00e1n de la gran Gymkhana Oratoniana \u201cDon Bosco en el mundo\u201d y cerraremos la jornada lectiva con la eucarist\u00eda en la Parroquia de San Sebasti\u00e1n a las 12.45 h., en ella participar\u00e1n los alumnos de 4\u00ba de Educaci\u00f3n Primaria a 4\u00ba de Educaci\u00f3n Secundaria. Los alumnos de Educaci\u00f3n Infantil a 3\u00ba de Educaci\u00f3n Primaria tendr\u00e1n al mismo tiempo una Celebraci\u00f3n de la Palabra en la capilla de nuestra Casa.<\/span><\/p>\n<p class=\"p1\"><span class=\"s1\">Por la tarde, celebraremos la Eucarist\u00eda Solemne presidida por nuestro Director Titular en la que<span class=\"Apple-converted-space\">\u00a0 <\/span>asistir\u00e1 la Familia Salesiana y animar\u00e1 con el canto la Escolan\u00eda.<\/span><\/p>\n<p class=\"p1\"><span class=\"s1\">Nos predisponemos con gran ilusi\u00f3n a celebrar todas estas actividades en torno a nuestro Padre, Maestro y Amigo, aquel que nos ayuda encontrar nuestra motivo final: dar la vida por nuestros muchachos.<\/span><\/p>\n<p class=\"p1\"><span class=\"s1\">\u00a1Feliz mes de enero, mes de Don Bosco!<\/span><\/p>\n<p>[\/et_pb_text][\/et_pb_column][\/et_pb_row][\/et_pb_section][et_pb_section bb_built=\u00bb1&#8243; fullwidth=\u00bbon\u00bb specialty=\u00bboff\u00bb][et_pb_fullwidth_image _builder_version=\u00bb3.0.92&#8243; src=\u00bbhttps:\/\/alcala.salesianos.edu\/wp-content\/uploads\/2018\/01\/Mes-de-enro-mes-de-Don-Bosco-1.jpg\u00bb show_in_lightbox=\u00bboff\u00bb url_new_window=\u00bboff\u00bb use_overlay=\u00bboff\u00bb \/][\/et_pb_section]<\/p>\n","protected":false},"excerpt":{"rendered":"<p><div class=\"et_pb_row et_pb_row_0 et_pb_row_empty\">\n\t\t\t\t\n\t\t\t\t\n\t\t\t\t\n\t\t\t\t\n\t\t\t\t\n\t\t\t<\/div> Un a\u00f1o m\u00e1s nos acercamos a la festividad de nuestro santo patr\u00f3n San Juan Bosco.\u00a0 La Familia Salesiana de Alcal\u00e1 de Guada\u00edra se prepara con ilusi\u00f3n para festejar la vida de un joven, hijo de campesinos de Morialdo. Este mes estar\u00e1 cargado de actividades con el foco puesto en el 31 de enero, d\u00eda [&hellip;]<\/p>\n","protected":false},"author":2,"featured_media":0,"comment_status":"closed","ping_status":"open","sticky":false,"template":"","format":"standard","meta":{"_et_pb_use_builder":"on","_et_pb_old_content":"","_et_gb_content_width":"","footnotes":""},"categories":[12,19,13,17,14,15,18,16,1],"tags":[],"class_list":["post-5297","post","type-post","status-publish","format-standard","hentry","category-colegio","category-escuela-abierta","category-fasa","category-infantil","category-pastoral","category-portada","category-primaria","category-secundaria","category-uncategorized"],"yoast_head":"<!-- This site is optimized with the Yoast SEO plugin v28.4 - https:\/\/yoast.com\/product\/yoast-seo-wordpress\/ -->\n<title>Mes de enero, mes de Don Bosco - Colegio Salesiano Alcal\u00e1<\/title>\n<meta name=\"robots\" content=\"index, follow, max-snippet:-1, max-image-preview:large, max-video-preview:-1\" \/>\n<link rel=\"canonical\" href=\"https:\/\/alcala.salesianos.edu\/colegio\/blog\/2018\/01\/16\/mes-de-enero-mes-de-don-bosco\/\" \/>\n<meta property=\"og:locale\" content=\"es_ES\" \/>\n<meta property=\"og:type\" content=\"article\" \/>\n<meta property=\"og:title\" content=\"Mes de enero, mes de Don Bosco - Colegio Salesiano Alcal\u00e1\" \/>\n<meta property=\"og:description\" content=\"Un a\u00f1o m\u00e1s nos acercamos a la festividad de nuestro santo patr\u00f3n San Juan Bosco.\u00a0 La Familia Salesiana de Alcal\u00e1 de Guada\u00edra se prepara con ilusi\u00f3n para festejar la vida de un joven, hijo de campesinos de Morialdo. Este mes estar\u00e1 cargado de actividades con el foco puesto en el 31 de enero, d\u00eda [&hellip;]\" \/>\n<meta property=\"og:url\" content=\"https:\/\/alcala.salesianos.edu\/colegio\/blog\/2018\/01\/16\/mes-de-enero-mes-de-don-bosco\/\" \/>\n<meta property=\"og:site_name\" content=\"Colegio Salesiano Alcal\u00e1\" \/>\n<meta property=\"article:published_time\" content=\"2018-01-16T19:19:13+00:00\" \/>\n<meta property=\"article:modified_time\" content=\"2025-08-27T08:01:49+00:00\" \/>\n<meta name=\"author\" content=\"Administrador Web\" \/>\n<meta name=\"twitter:card\" content=\"summary_large_image\" \/>\n<meta name=\"twitter:label1\" content=\"Escrito por\" \/>\n\t<meta name=\"twitter:data1\" content=\"Administrador Web\" \/>\n\t<meta name=\"twitter:label2\" content=\"Tiempo de lectura\" \/>\n\t<meta name=\"twitter:data2\" content=\"3 minutos\" \/>\n<script type=\"application\/ld+json\" class=\"yoast-schema-graph\">{\"@context\":\"https:\\\/\\\/schema.org\",\"@graph\":[{\"@type\":\"Article\",\"@id\":\"https:\\\/\\\/alcala.salesianos.edu\\\/colegio\\\/blog\\\/2018\\\/01\\\/16\\\/mes-de-enero-mes-de-don-bosco\\\/#article\",\"isPartOf\":{\"@id\":\"https:\\\/\\\/alcala.salesianos.edu\\\/colegio\\\/blog\\\/2018\\\/01\\\/16\\\/mes-de-enero-mes-de-don-bosco\\\/\"},\"author\":{\"name\":\"Administrador Web\",\"@id\":\"https:\\\/\\\/alcala.salesianos.edu\\\/colegio\\\/#\\\/schema\\\/person\\\/afcc24f776dc91fc2bf9afb0998fca77\"},\"headline\":\"Mes de enero, mes de Don Bosco\",\"datePublished\":\"2018-01-16T19:19:13+00:00\",\"dateModified\":\"2025-08-27T08:01:49+00:00\",\"mainEntityOfPage\":{\"@id\":\"https:\\\/\\\/alcala.salesianos.edu\\\/colegio\\\/blog\\\/2018\\\/01\\\/16\\\/mes-de-enero-mes-de-don-bosco\\\/\"},\"wordCount\":667,\"articleSection\":[\"Colegio\",\"Escuela abierta\",\"FASA\",\"Infantil\",\"Pastoral\",\"Portada\",\"Primaria\",\"Secundaria\",\"Uncategorized\"],\"inLanguage\":\"es\"},{\"@type\":\"WebPage\",\"@id\":\"https:\\\/\\\/alcala.salesianos.edu\\\/colegio\\\/blog\\\/2018\\\/01\\\/16\\\/mes-de-enero-mes-de-don-bosco\\\/\",\"url\":\"https:\\\/\\\/alcala.salesianos.edu\\\/colegio\\\/blog\\\/2018\\\/01\\\/16\\\/mes-de-enero-mes-de-don-bosco\\\/\",\"name\":\"Mes de enero, mes de Don Bosco - Colegio Salesiano Alcal\u00e1\",\"isPartOf\":{\"@id\":\"https:\\\/\\\/alcala.salesianos.edu\\\/colegio\\\/#website\"},\"datePublished\":\"2018-01-16T19:19:13+00:00\",\"dateModified\":\"2025-08-27T08:01:49+00:00\",\"author\":{\"@id\":\"https:\\\/\\\/alcala.salesianos.edu\\\/colegio\\\/#\\\/schema\\\/person\\\/afcc24f776dc91fc2bf9afb0998fca77\"},\"breadcrumb\":{\"@id\":\"https:\\\/\\\/alcala.salesianos.edu\\\/colegio\\\/blog\\\/2018\\\/01\\\/16\\\/mes-de-enero-mes-de-don-bosco\\\/#breadcrumb\"},\"inLanguage\":\"es\",\"potentialAction\":[{\"@type\":\"ReadAction\",\"target\":[\"https:\\\/\\\/alcala.salesianos.edu\\\/colegio\\\/blog\\\/2018\\\/01\\\/16\\\/mes-de-enero-mes-de-don-bosco\\\/\"]}]},{\"@type\":\"BreadcrumbList\",\"@id\":\"https:\\\/\\\/alcala.salesianos.edu\\\/colegio\\\/blog\\\/2018\\\/01\\\/16\\\/mes-de-enero-mes-de-don-bosco\\\/#breadcrumb\",\"itemListElement\":[{\"@type\":\"ListItem\",\"position\":1,\"name\":\"Portada\",\"item\":\"https:\\\/\\\/alcala.salesianos.edu\\\/colegio\\\/\"},{\"@type\":\"ListItem\",\"position\":2,\"name\":\"Mes de enero, mes de Don Bosco\"}]},{\"@type\":\"WebSite\",\"@id\":\"https:\\\/\\\/alcala.salesianos.edu\\\/colegio\\\/#website\",\"url\":\"https:\\\/\\\/alcala.salesianos.edu\\\/colegio\\\/\",\"name\":\"Colegio Salesiano Alcal\u00e1\",\"description\":\"P\u00e1gina oficial de Salesianos Alcal\u00e1 de Guadaira\",\"potentialAction\":[{\"@type\":\"SearchAction\",\"target\":{\"@type\":\"EntryPoint\",\"urlTemplate\":\"https:\\\/\\\/alcala.salesianos.edu\\\/colegio\\\/?s={search_term_string}\"},\"query-input\":{\"@type\":\"PropertyValueSpecification\",\"valueRequired\":true,\"valueName\":\"search_term_string\"}}],\"inLanguage\":\"es\"},{\"@type\":\"Person\",\"@id\":\"https:\\\/\\\/alcala.salesianos.edu\\\/colegio\\\/#\\\/schema\\\/person\\\/afcc24f776dc91fc2bf9afb0998fca77\",\"name\":\"Administrador Web\",\"image\":{\"@type\":\"ImageObject\",\"inLanguage\":\"es\",\"@id\":\"https:\\\/\\\/secure.gravatar.com\\\/avatar\\\/bc157e994689bd6da9645c00aa3bc4d55b727915b6652642660db0aef086585f?s=96&d=mm&r=g\",\"url\":\"https:\\\/\\\/secure.gravatar.com\\\/avatar\\\/bc157e994689bd6da9645c00aa3bc4d55b727915b6652642660db0aef086585f?s=96&d=mm&r=g\",\"contentUrl\":\"https:\\\/\\\/secure.gravatar.com\\\/avatar\\\/bc157e994689bd6da9645c00aa3bc4d55b727915b6652642660db0aef086585f?s=96&d=mm&r=g\",\"caption\":\"Administrador Web\"}}]}<\/script>\n<!-- \/ Yoast SEO plugin. -->","yoast_head_json":{"title":"Mes de enero, mes de Don Bosco - Colegio Salesiano Alcal\u00e1","robots":{"index":"index","follow":"follow","max-snippet":"max-snippet:-1","max-image-preview":"max-image-preview:large","max-video-preview":"max-video-preview:-1"},"canonical":"https:\/\/alcala.salesianos.edu\/colegio\/blog\/2018\/01\/16\/mes-de-enero-mes-de-don-bosco\/","og_locale":"es_ES","og_type":"article","og_title":"Mes de enero, mes de Don Bosco - Colegio Salesiano Alcal\u00e1","og_description":"Un a\u00f1o m\u00e1s nos acercamos a la festividad de nuestro santo patr\u00f3n San Juan Bosco.\u00a0 La Familia Salesiana de Alcal\u00e1 de Guada\u00edra se prepara con ilusi\u00f3n para festejar la vida de un joven, hijo de campesinos de Morialdo. Este mes estar\u00e1 cargado de actividades con el foco puesto en el 31 de enero, d\u00eda [&hellip;]","og_url":"https:\/\/alcala.salesianos.edu\/colegio\/blog\/2018\/01\/16\/mes-de-enero-mes-de-don-bosco\/","og_site_name":"Colegio Salesiano Alcal\u00e1","article_published_time":"2018-01-16T19:19:13+00:00","article_modified_time":"2025-08-27T08:01:49+00:00","author":"Administrador Web","twitter_card":"summary_large_image","twitter_misc":{"Escrito por":"Administrador Web","Tiempo de lectura":"3 minutos"},"schema":{"@context":"https:\/\/schema.org","@graph":[{"@type":"Article","@id":"https:\/\/alcala.salesianos.edu\/colegio\/blog\/2018\/01\/16\/mes-de-enero-mes-de-don-bosco\/#article","isPartOf":{"@id":"https:\/\/alcala.salesianos.edu\/colegio\/blog\/2018\/01\/16\/mes-de-enero-mes-de-don-bosco\/"},"author":{"name":"Administrador Web","@id":"https:\/\/alcala.salesianos.edu\/colegio\/#\/schema\/person\/afcc24f776dc91fc2bf9afb0998fca77"},"headline":"Mes de enero, mes de Don Bosco","datePublished":"2018-01-16T19:19:13+00:00","dateModified":"2025-08-27T08:01:49+00:00","mainEntityOfPage":{"@id":"https:\/\/alcala.salesianos.edu\/colegio\/blog\/2018\/01\/16\/mes-de-enero-mes-de-don-bosco\/"},"wordCount":667,"articleSection":["Colegio","Escuela abierta","FASA","Infantil","Pastoral","Portada","Primaria","Secundaria","Uncategorized"],"inLanguage":"es"},{"@type":"WebPage","@id":"https:\/\/alcala.salesianos.edu\/colegio\/blog\/2018\/01\/16\/mes-de-enero-mes-de-don-bosco\/","url":"https:\/\/alcala.salesianos.edu\/colegio\/blog\/2018\/01\/16\/mes-de-enero-mes-de-don-bosco\/","name":"Mes de enero, mes de Don Bosco - Colegio Salesiano Alcal\u00e1","isPartOf":{"@id":"https:\/\/alcala.salesianos.edu\/colegio\/#website"},"datePublished":"2018-01-16T19:19:13+00:00","dateModified":"2025-08-27T08:01:49+00:00","author":{"@id":"https:\/\/alcala.salesianos.edu\/colegio\/#\/schema\/person\/afcc24f776dc91fc2bf9afb0998fca77"},"breadcrumb":{"@id":"https:\/\/alcala.salesianos.edu\/colegio\/blog\/2018\/01\/16\/mes-de-enero-mes-de-don-bosco\/#breadcrumb"},"inLanguage":"es","potentialAction":[{"@type":"ReadAction","target":["https:\/\/alcala.salesianos.edu\/colegio\/blog\/2018\/01\/16\/mes-de-enero-mes-de-don-bosco\/"]}]},{"@type":"BreadcrumbList","@id":"https:\/\/alcala.salesianos.edu\/colegio\/blog\/2018\/01\/16\/mes-de-enero-mes-de-don-bosco\/#breadcrumb","itemListElement":[{"@type":"ListItem","position":1,"name":"Portada","item":"https:\/\/alcala.salesianos.edu\/colegio\/"},{"@type":"ListItem","position":2,"name":"Mes de enero, mes de Don Bosco"}]},{"@type":"WebSite","@id":"https:\/\/alcala.salesianos.edu\/colegio\/#website","url":"https:\/\/alcala.salesianos.edu\/colegio\/","name":"Colegio Salesiano Alcal\u00e1","description":"P\u00e1gina oficial de Salesianos Alcal\u00e1 de Guadaira","potentialAction":[{"@type":"SearchAction","target":{"@type":"EntryPoint","urlTemplate":"https:\/\/alcala.salesianos.edu\/colegio\/?s={search_term_string}"},"query-input":{"@type":"PropertyValueSpecification","valueRequired":true,"valueName":"search_term_string"}}],"inLanguage":"es"},{"@type":"Person","@id":"https:\/\/alcala.salesianos.edu\/colegio\/#\/schema\/person\/afcc24f776dc91fc2bf9afb0998fca77","name":"Administrador Web","image":{"@type":"ImageObject","inLanguage":"es","@id":"https:\/\/secure.gravatar.com\/avatar\/bc157e994689bd6da9645c00aa3bc4d55b727915b6652642660db0aef086585f?s=96&d=mm&r=g","url":"https:\/\/secure.gravatar.com\/avatar\/bc157e994689bd6da9645c00aa3bc4d55b727915b6652642660db0aef086585f?s=96&d=mm&r=g","contentUrl":"https:\/\/secure.gravatar.com\/avatar\/bc157e994689bd6da9645c00aa3bc4d55b727915b6652642660db0aef086585f?s=96&d=mm&r=g","caption":"Administrador Web"}}]}},"_links":{"self":[{"href":"https:\/\/alcala.salesianos.edu\/colegio\/wp-json\/wp\/v2\/posts\/5297","targetHints":{"allow":["GET"]}}],"collection":[{"href":"https:\/\/alcala.salesianos.edu\/colegio\/wp-json\/wp\/v2\/posts"}],"about":[{"href":"https:\/\/alcala.salesianos.edu\/colegio\/wp-json\/wp\/v2\/types\/post"}],"author":[{"embeddable":true,"href":"https:\/\/alcala.salesianos.edu\/colegio\/wp-json\/wp\/v2\/users\/2"}],"replies":[{"embeddable":true,"href":"https:\/\/alcala.salesianos.edu\/colegio\/wp-json\/wp\/v2\/comments?post=5297"}],"version-history":[{"count":2,"href":"https:\/\/alcala.salesianos.edu\/colegio\/wp-json\/wp\/v2\/posts\/5297\/revisions"}],"predecessor-version":[{"id":5442,"href":"https:\/\/alcala.salesianos.edu\/colegio\/wp-json\/wp\/v2\/posts\/5297\/revisions\/5442"}],"wp:attachment":[{"href":"https:\/\/alcala.salesianos.edu\/colegio\/wp-json\/wp\/v2\/media?parent=5297"}],"wp:term":[{"taxonomy":"category","embeddable":true,"href":"https:\/\/alcala.salesianos.edu\/colegio\/wp-json\/wp\/v2\/categories?post=5297"},{"taxonomy":"post_tag","embeddable":true,"href":"https:\/\/alcala.salesianos.edu\/colegio\/wp-json\/wp\/v2\/tags?post=5297"}],"curies":[{"name":"wp","href":"https:\/\/api.w.org\/{rel}","templated":true}]}}