{"id":5254,"date":"2018-01-11T12:11:45","date_gmt":"2018-01-11T11:11:45","guid":{"rendered":"https:\/\/alcala.salesianos.edu\/colegio\/blog\/2018\/01\/11\/36-jornada-de-la-familia-salesiana-en-valdocco-todo-preparado\/"},"modified":"2025-08-27T09:01:50","modified_gmt":"2025-08-27T08:01:50","slug":"36-jornada-de-la-familia-salesiana-en-valdocco-todo-preparado","status":"publish","type":"post","link":"https:\/\/alcala.salesianos.edu\/colegio\/blog\/2018\/01\/11\/36-jornada-de-la-familia-salesiana-en-valdocco-todo-preparado\/","title":{"rendered":"36\u00b0 Jornada de la Familia Salesiana en Valdocco: todo preparado"},"content":{"rendered":"<div id=\"fb-root\"><\/div>\n<p>[et_pb_section bb_built=\u00bb1&#8243;][et_pb_row][et_pb_column type=\u00bb1_4&#8243;][et_pb_image _builder_version=\u00bb3.0.92&#8243; src=\u00bbhttps:\/\/alcala.salesianos.edu\/wp-content\/uploads\/2018\/01\/c9a664ed7e4a036aaf2b8563a5e3165c_XL.jpg\u00bb show_in_lightbox=\u00bboff\u00bb url_new_window=\u00bboff\u00bb use_overlay=\u00bboff\u00bb always_center_on_mobile=\u00bbon\u00bb force_fullwidth=\u00bboff\u00bb show_bottom_space=\u00bbon\u00bb \/][\/et_pb_column][et_pb_column type=\u00bb3_4&#8243;][et_pb_text _builder_version=\u00bb3.0.92&#8243; background_layout=\u00bblight\u00bb]<\/p>\n<p>Faltan pocos d\u00edas para dar inicio a la 36\u00b0 Jornada de la Familia Salesiana en la que participar\u00e1n representantes de la Inspector\u00eda Mar\u00eda Auxiliadora acompa\u00f1ados por el delegado inspectorial de Familia Salesiana, Alejandro Guevara. Entre los participantes se encuentran salesianos cooperadores, miembros de Hogares Don Bosco, de Asociaciones de Mar\u00eda Auxiliadora y salesianos consagrados.<\/p>\n<p>Eusebio Munoz, secretario del rector Mayor para la Familia Salesiana, y el responsable de la Jornada de la Familia Salesiana (GFS -2018) han iniciado los trabajos hace varios meses, han viajado varias veces a la casa madre de la Congregaci\u00f3n Salesiana en Valdocco para organizar cada detalle de este magno evento que congrega a cientos de personas de todo el mundo, donde el Rector Mayor, \u00c1ngel Fern\u00e1ndez Artime, presentar\u00e1 el Aguinaldo 2018 que este a\u00f1o tiene por t\u00edtulo: Cultivemos el arte de escuchar y acompa\u00f1ar, y se profundiza el texto b\u00edblico: \u201cSe\u00f1or, dame de esa agua\u201d (Jn 4,15).<\/p>\n<p>La 36\u00b0 Jornada de la Familia Salesiana inicia un nuevo cap\u00edtulo en Valdocco, lugar donde Don Bosco regal\u00f3 el primer mensaje a sus hijos los salesianos que lo llam\u00f3 \u201cAguinaldo\u201d. Luego de m\u00e1s de cien a\u00f1os este mensaje se hace realidad y el Rector Mayor profundiza, anima y orienta esta realidad \u201cun tema que toca de lleno lo m\u00e1s esencial de nuestro carisma\u201d.<\/p>\n<p>La jornada se celebrar\u00e1 en Tur\u00edn \u2013 Valdocco del 18 al 21 de enero. El jueves 18 de enero inaugurar\u00e1 el evento el Rector Mayor, con la presencia de participantes de los cinco continentes. La primera ponencia ser\u00e1 ofreciea por Paola Casalis, FMA, \u201cEscuchar a los j\u00f3venes\u201d. Al finalizar la ma\u00f1ana presidir\u00e1 la Santa Misa solemne Cesare Nosiglia, arzobispo de Tur\u00edn. Por la tarde del primer d\u00eda el salesiano Juan Crespo, presenta la conferencia que profundiza el tema del Aguinaldo: \u201cEl discernimiento y la decisi\u00f3n en el proceso de acompa\u00f1amiento\u201d.<\/p>\n<p>El segundo d\u00eda ser\u00e1 una jornada marcada por la pregunta: \u00bfC\u00f3mo se sienten escuchados y acompa\u00f1ados los j\u00f3venes de la Familia Salesiana? Para iniciar el d\u00eda el salesiano Michal Vojtas, presentar\u00e1 \u201cEl arte salesiano del encuentro, el acompa\u00f1amiento y el discernimiento\u201d y el d\u00eda concluir\u00e1 con una Velada l\u00edrico-musical en el inicio del 150 aniversario del Santuario de Mar\u00eda Auxiliadora.<\/p>\n<p>Esta 36\u00b0 JFS ser\u00e1 trasmitida en directo por streaming por la p\u00e1gina del Facebook del ANS\u00a0<a href=\"http:\/\/facebook.com\/agenziaans\">facebook.com\/agenziaans<\/a>\u00a0para todo el mundo salesiano.\u00a0Los representantes de la Inspector\u00eda Salesiana Mar\u00eda Auxiliadora tambi\u00e9n compartir\u00e1m con toda la Familia Salesiana esta experiencia en directo a trav\u00e9s de la\u00a0<a href=\"https:\/\/www.facebook.com\/familiasalesianasmx\/?fref=ts\">p\u00e1gina de Facebook Somos Familia Salesiana<\/a><\/p>\n<p>[\/et_pb_text][\/et_pb_column][\/et_pb_row][\/et_pb_section]<\/p>\n","protected":false},"excerpt":{"rendered":"<p><div class=\"et_pb_row et_pb_row_0 et_pb_row_empty\">\n\t\t\t\t\n\t\t\t\t\n\t\t\t\t\n\t\t\t\t\n\t\t\t\t\n\t\t\t<\/div> Faltan pocos d\u00edas para dar inicio a la 36\u00b0 Jornada de la Familia Salesiana en la que participar\u00e1n representantes de la Inspector\u00eda Mar\u00eda Auxiliadora acompa\u00f1ados por el delegado inspectorial de Familia Salesiana, Alejandro Guevara. Entre los participantes se encuentran salesianos cooperadores, miembros de Hogares Don Bosco, de Asociaciones de Mar\u00eda Auxiliadora y salesianos consagrados. [&hellip;]<\/p>\n","protected":false},"author":2,"featured_media":0,"comment_status":"closed","ping_status":"open","sticky":false,"template":"","format":"standard","meta":{"_et_pb_use_builder":"on","_et_pb_old_content":"","_et_gb_content_width":"","footnotes":""},"categories":[12,19,13,17,14,15,18,16,1],"tags":[],"class_list":["post-5254","post","type-post","status-publish","format-standard","hentry","category-colegio","category-escuela-abierta","category-fasa","category-infantil","category-pastoral","category-portada","category-primaria","category-secundaria","category-uncategorized"],"yoast_head":"<!-- This site is optimized with the Yoast SEO plugin v28.4 - https:\/\/yoast.com\/product\/yoast-seo-wordpress\/ -->\n<title>36\u00b0 Jornada de la Familia Salesiana en Valdocco: todo preparado - Colegio Salesiano Alcal\u00e1<\/title>\n<meta name=\"robots\" content=\"index, follow, max-snippet:-1, max-image-preview:large, max-video-preview:-1\" \/>\n<link rel=\"canonical\" href=\"https:\/\/alcala.salesianos.edu\/colegio\/blog\/2018\/01\/11\/36-jornada-de-la-familia-salesiana-en-valdocco-todo-preparado\/\" \/>\n<meta property=\"og:locale\" content=\"es_ES\" \/>\n<meta property=\"og:type\" content=\"article\" \/>\n<meta property=\"og:title\" content=\"36\u00b0 Jornada de la Familia Salesiana en Valdocco: todo preparado - Colegio Salesiano Alcal\u00e1\" \/>\n<meta property=\"og:description\" content=\"Faltan pocos d\u00edas para dar inicio a la 36\u00b0 Jornada de la Familia Salesiana en la que participar\u00e1n representantes de la Inspector\u00eda Mar\u00eda Auxiliadora acompa\u00f1ados por el delegado inspectorial de Familia Salesiana, Alejandro Guevara. Entre los participantes se encuentran salesianos cooperadores, miembros de Hogares Don Bosco, de Asociaciones de Mar\u00eda Auxiliadora y salesianos consagrados. [&hellip;]\" \/>\n<meta property=\"og:url\" content=\"https:\/\/alcala.salesianos.edu\/colegio\/blog\/2018\/01\/11\/36-jornada-de-la-familia-salesiana-en-valdocco-todo-preparado\/\" \/>\n<meta property=\"og:site_name\" content=\"Colegio Salesiano Alcal\u00e1\" \/>\n<meta property=\"article:published_time\" content=\"2018-01-11T11:11:45+00:00\" \/>\n<meta property=\"article:modified_time\" content=\"2025-08-27T08:01:50+00:00\" \/>\n<meta name=\"author\" content=\"Administrador Web\" \/>\n<meta name=\"twitter:card\" content=\"summary_large_image\" \/>\n<meta name=\"twitter:label1\" content=\"Escrito por\" \/>\n\t<meta name=\"twitter:data1\" content=\"Administrador Web\" \/>\n\t<meta name=\"twitter:label2\" content=\"Tiempo de lectura\" \/>\n\t<meta name=\"twitter:data2\" content=\"3 minutos\" \/>\n<script type=\"application\/ld+json\" class=\"yoast-schema-graph\">{\"@context\":\"https:\\\/\\\/schema.org\",\"@graph\":[{\"@type\":\"Article\",\"@id\":\"https:\\\/\\\/alcala.salesianos.edu\\\/colegio\\\/blog\\\/2018\\\/01\\\/11\\\/36-jornada-de-la-familia-salesiana-en-valdocco-todo-preparado\\\/#article\",\"isPartOf\":{\"@id\":\"https:\\\/\\\/alcala.salesianos.edu\\\/colegio\\\/blog\\\/2018\\\/01\\\/11\\\/36-jornada-de-la-familia-salesiana-en-valdocco-todo-preparado\\\/\"},\"author\":{\"name\":\"Administrador Web\",\"@id\":\"https:\\\/\\\/alcala.salesianos.edu\\\/colegio\\\/#\\\/schema\\\/person\\\/afcc24f776dc91fc2bf9afb0998fca77\"},\"headline\":\"36\u00b0 Jornada de la Familia Salesiana en Valdocco: todo preparado\",\"datePublished\":\"2018-01-11T11:11:45+00:00\",\"dateModified\":\"2025-08-27T08:01:50+00:00\",\"mainEntityOfPage\":{\"@id\":\"https:\\\/\\\/alcala.salesianos.edu\\\/colegio\\\/blog\\\/2018\\\/01\\\/11\\\/36-jornada-de-la-familia-salesiana-en-valdocco-todo-preparado\\\/\"},\"wordCount\":543,\"articleSection\":[\"Colegio\",\"Escuela abierta\",\"FASA\",\"Infantil\",\"Pastoral\",\"Portada\",\"Primaria\",\"Secundaria\",\"Uncategorized\"],\"inLanguage\":\"es\"},{\"@type\":\"WebPage\",\"@id\":\"https:\\\/\\\/alcala.salesianos.edu\\\/colegio\\\/blog\\\/2018\\\/01\\\/11\\\/36-jornada-de-la-familia-salesiana-en-valdocco-todo-preparado\\\/\",\"url\":\"https:\\\/\\\/alcala.salesianos.edu\\\/colegio\\\/blog\\\/2018\\\/01\\\/11\\\/36-jornada-de-la-familia-salesiana-en-valdocco-todo-preparado\\\/\",\"name\":\"36\u00b0 Jornada de la Familia Salesiana en Valdocco: todo preparado - Colegio Salesiano Alcal\u00e1\",\"isPartOf\":{\"@id\":\"https:\\\/\\\/alcala.salesianos.edu\\\/colegio\\\/#website\"},\"datePublished\":\"2018-01-11T11:11:45+00:00\",\"dateModified\":\"2025-08-27T08:01:50+00:00\",\"author\":{\"@id\":\"https:\\\/\\\/alcala.salesianos.edu\\\/colegio\\\/#\\\/schema\\\/person\\\/afcc24f776dc91fc2bf9afb0998fca77\"},\"breadcrumb\":{\"@id\":\"https:\\\/\\\/alcala.salesianos.edu\\\/colegio\\\/blog\\\/2018\\\/01\\\/11\\\/36-jornada-de-la-familia-salesiana-en-valdocco-todo-preparado\\\/#breadcrumb\"},\"inLanguage\":\"es\",\"potentialAction\":[{\"@type\":\"ReadAction\",\"target\":[\"https:\\\/\\\/alcala.salesianos.edu\\\/colegio\\\/blog\\\/2018\\\/01\\\/11\\\/36-jornada-de-la-familia-salesiana-en-valdocco-todo-preparado\\\/\"]}]},{\"@type\":\"BreadcrumbList\",\"@id\":\"https:\\\/\\\/alcala.salesianos.edu\\\/colegio\\\/blog\\\/2018\\\/01\\\/11\\\/36-jornada-de-la-familia-salesiana-en-valdocco-todo-preparado\\\/#breadcrumb\",\"itemListElement\":[{\"@type\":\"ListItem\",\"position\":1,\"name\":\"Portada\",\"item\":\"https:\\\/\\\/alcala.salesianos.edu\\\/colegio\\\/\"},{\"@type\":\"ListItem\",\"position\":2,\"name\":\"36\u00b0 Jornada de la Familia Salesiana en Valdocco: todo preparado\"}]},{\"@type\":\"WebSite\",\"@id\":\"https:\\\/\\\/alcala.salesianos.edu\\\/colegio\\\/#website\",\"url\":\"https:\\\/\\\/alcala.salesianos.edu\\\/colegio\\\/\",\"name\":\"Colegio Salesiano Alcal\u00e1\",\"description\":\"P\u00e1gina oficial de Salesianos Alcal\u00e1 de Guadaira\",\"potentialAction\":[{\"@type\":\"SearchAction\",\"target\":{\"@type\":\"EntryPoint\",\"urlTemplate\":\"https:\\\/\\\/alcala.salesianos.edu\\\/colegio\\\/?s={search_term_string}\"},\"query-input\":{\"@type\":\"PropertyValueSpecification\",\"valueRequired\":true,\"valueName\":\"search_term_string\"}}],\"inLanguage\":\"es\"},{\"@type\":\"Person\",\"@id\":\"https:\\\/\\\/alcala.salesianos.edu\\\/colegio\\\/#\\\/schema\\\/person\\\/afcc24f776dc91fc2bf9afb0998fca77\",\"name\":\"Administrador Web\",\"image\":{\"@type\":\"ImageObject\",\"inLanguage\":\"es\",\"@id\":\"https:\\\/\\\/secure.gravatar.com\\\/avatar\\\/bc157e994689bd6da9645c00aa3bc4d55b727915b6652642660db0aef086585f?s=96&d=mm&r=g\",\"url\":\"https:\\\/\\\/secure.gravatar.com\\\/avatar\\\/bc157e994689bd6da9645c00aa3bc4d55b727915b6652642660db0aef086585f?s=96&d=mm&r=g\",\"contentUrl\":\"https:\\\/\\\/secure.gravatar.com\\\/avatar\\\/bc157e994689bd6da9645c00aa3bc4d55b727915b6652642660db0aef086585f?s=96&d=mm&r=g\",\"caption\":\"Administrador Web\"}}]}<\/script>\n<!-- \/ Yoast SEO plugin. -->","yoast_head_json":{"title":"36\u00b0 Jornada de la Familia Salesiana en Valdocco: todo preparado - Colegio Salesiano Alcal\u00e1","robots":{"index":"index","follow":"follow","max-snippet":"max-snippet:-1","max-image-preview":"max-image-preview:large","max-video-preview":"max-video-preview:-1"},"canonical":"https:\/\/alcala.salesianos.edu\/colegio\/blog\/2018\/01\/11\/36-jornada-de-la-familia-salesiana-en-valdocco-todo-preparado\/","og_locale":"es_ES","og_type":"article","og_title":"36\u00b0 Jornada de la Familia Salesiana en Valdocco: todo preparado - Colegio Salesiano Alcal\u00e1","og_description":"Faltan pocos d\u00edas para dar inicio a la 36\u00b0 Jornada de la Familia Salesiana en la que participar\u00e1n representantes de la Inspector\u00eda Mar\u00eda Auxiliadora acompa\u00f1ados por el delegado inspectorial de Familia Salesiana, Alejandro Guevara. Entre los participantes se encuentran salesianos cooperadores, miembros de Hogares Don Bosco, de Asociaciones de Mar\u00eda Auxiliadora y salesianos consagrados. [&hellip;]","og_url":"https:\/\/alcala.salesianos.edu\/colegio\/blog\/2018\/01\/11\/36-jornada-de-la-familia-salesiana-en-valdocco-todo-preparado\/","og_site_name":"Colegio Salesiano Alcal\u00e1","article_published_time":"2018-01-11T11:11:45+00:00","article_modified_time":"2025-08-27T08:01:50+00:00","author":"Administrador Web","twitter_card":"summary_large_image","twitter_misc":{"Escrito por":"Administrador Web","Tiempo de lectura":"3 minutos"},"schema":{"@context":"https:\/\/schema.org","@graph":[{"@type":"Article","@id":"https:\/\/alcala.salesianos.edu\/colegio\/blog\/2018\/01\/11\/36-jornada-de-la-familia-salesiana-en-valdocco-todo-preparado\/#article","isPartOf":{"@id":"https:\/\/alcala.salesianos.edu\/colegio\/blog\/2018\/01\/11\/36-jornada-de-la-familia-salesiana-en-valdocco-todo-preparado\/"},"author":{"name":"Administrador Web","@id":"https:\/\/alcala.salesianos.edu\/colegio\/#\/schema\/person\/afcc24f776dc91fc2bf9afb0998fca77"},"headline":"36\u00b0 Jornada de la Familia Salesiana en Valdocco: todo preparado","datePublished":"2018-01-11T11:11:45+00:00","dateModified":"2025-08-27T08:01:50+00:00","mainEntityOfPage":{"@id":"https:\/\/alcala.salesianos.edu\/colegio\/blog\/2018\/01\/11\/36-jornada-de-la-familia-salesiana-en-valdocco-todo-preparado\/"},"wordCount":543,"articleSection":["Colegio","Escuela abierta","FASA","Infantil","Pastoral","Portada","Primaria","Secundaria","Uncategorized"],"inLanguage":"es"},{"@type":"WebPage","@id":"https:\/\/alcala.salesianos.edu\/colegio\/blog\/2018\/01\/11\/36-jornada-de-la-familia-salesiana-en-valdocco-todo-preparado\/","url":"https:\/\/alcala.salesianos.edu\/colegio\/blog\/2018\/01\/11\/36-jornada-de-la-familia-salesiana-en-valdocco-todo-preparado\/","name":"36\u00b0 Jornada de la Familia Salesiana en Valdocco: todo preparado - Colegio Salesiano Alcal\u00e1","isPartOf":{"@id":"https:\/\/alcala.salesianos.edu\/colegio\/#website"},"datePublished":"2018-01-11T11:11:45+00:00","dateModified":"2025-08-27T08:01:50+00:00","author":{"@id":"https:\/\/alcala.salesianos.edu\/colegio\/#\/schema\/person\/afcc24f776dc91fc2bf9afb0998fca77"},"breadcrumb":{"@id":"https:\/\/alcala.salesianos.edu\/colegio\/blog\/2018\/01\/11\/36-jornada-de-la-familia-salesiana-en-valdocco-todo-preparado\/#breadcrumb"},"inLanguage":"es","potentialAction":[{"@type":"ReadAction","target":["https:\/\/alcala.salesianos.edu\/colegio\/blog\/2018\/01\/11\/36-jornada-de-la-familia-salesiana-en-valdocco-todo-preparado\/"]}]},{"@type":"BreadcrumbList","@id":"https:\/\/alcala.salesianos.edu\/colegio\/blog\/2018\/01\/11\/36-jornada-de-la-familia-salesiana-en-valdocco-todo-preparado\/#breadcrumb","itemListElement":[{"@type":"ListItem","position":1,"name":"Portada","item":"https:\/\/alcala.salesianos.edu\/colegio\/"},{"@type":"ListItem","position":2,"name":"36\u00b0 Jornada de la Familia Salesiana en Valdocco: todo preparado"}]},{"@type":"WebSite","@id":"https:\/\/alcala.salesianos.edu\/colegio\/#website","url":"https:\/\/alcala.salesianos.edu\/colegio\/","name":"Colegio Salesiano Alcal\u00e1","description":"P\u00e1gina oficial de Salesianos Alcal\u00e1 de Guadaira","potentialAction":[{"@type":"SearchAction","target":{"@type":"EntryPoint","urlTemplate":"https:\/\/alcala.salesianos.edu\/colegio\/?s={search_term_string}"},"query-input":{"@type":"PropertyValueSpecification","valueRequired":true,"valueName":"search_term_string"}}],"inLanguage":"es"},{"@type":"Person","@id":"https:\/\/alcala.salesianos.edu\/colegio\/#\/schema\/person\/afcc24f776dc91fc2bf9afb0998fca77","name":"Administrador Web","image":{"@type":"ImageObject","inLanguage":"es","@id":"https:\/\/secure.gravatar.com\/avatar\/bc157e994689bd6da9645c00aa3bc4d55b727915b6652642660db0aef086585f?s=96&d=mm&r=g","url":"https:\/\/secure.gravatar.com\/avatar\/bc157e994689bd6da9645c00aa3bc4d55b727915b6652642660db0aef086585f?s=96&d=mm&r=g","contentUrl":"https:\/\/secure.gravatar.com\/avatar\/bc157e994689bd6da9645c00aa3bc4d55b727915b6652642660db0aef086585f?s=96&d=mm&r=g","caption":"Administrador Web"}}]}},"_links":{"self":[{"href":"https:\/\/alcala.salesianos.edu\/colegio\/wp-json\/wp\/v2\/posts\/5254","targetHints":{"allow":["GET"]}}],"collection":[{"href":"https:\/\/alcala.salesianos.edu\/colegio\/wp-json\/wp\/v2\/posts"}],"about":[{"href":"https:\/\/alcala.salesianos.edu\/colegio\/wp-json\/wp\/v2\/types\/post"}],"author":[{"embeddable":true,"href":"https:\/\/alcala.salesianos.edu\/colegio\/wp-json\/wp\/v2\/users\/2"}],"replies":[{"embeddable":true,"href":"https:\/\/alcala.salesianos.edu\/colegio\/wp-json\/wp\/v2\/comments?post=5254"}],"version-history":[{"count":1,"href":"https:\/\/alcala.salesianos.edu\/colegio\/wp-json\/wp\/v2\/posts\/5254\/revisions"}],"predecessor-version":[{"id":5255,"href":"https:\/\/alcala.salesianos.edu\/colegio\/wp-json\/wp\/v2\/posts\/5254\/revisions\/5255"}],"wp:attachment":[{"href":"https:\/\/alcala.salesianos.edu\/colegio\/wp-json\/wp\/v2\/media?parent=5254"}],"wp:term":[{"taxonomy":"category","embeddable":true,"href":"https:\/\/alcala.salesianos.edu\/colegio\/wp-json\/wp\/v2\/categories?post=5254"},{"taxonomy":"post_tag","embeddable":true,"href":"https:\/\/alcala.salesianos.edu\/colegio\/wp-json\/wp\/v2\/tags?post=5254"}],"curies":[{"name":"wp","href":"https:\/\/api.w.org\/{rel}","templated":true}]}}