{"id":5247,"date":"2017-12-31T11:13:31","date_gmt":"2017-12-31T10:13:31","guid":{"rendered":"https:\/\/alcala.salesianos.edu\/colegio\/blog\/2017\/12\/31\/felicitacion-de-ano-nuevo-de-la-comunidad-de-alcala\/"},"modified":"2025-08-27T09:01:50","modified_gmt":"2025-08-27T08:01:50","slug":"felicitacion-de-ano-nuevo-de-la-comunidad-de-alcala","status":"publish","type":"post","link":"https:\/\/alcala.salesianos.edu\/colegio\/blog\/2017\/12\/31\/felicitacion-de-ano-nuevo-de-la-comunidad-de-alcala\/","title":{"rendered":"Felicitaci\u00f3n de a\u00f1o nuevo de la Comunidad de Alcal\u00e1"},"content":{"rendered":"<div id=\"fb-root\"><\/div>\n<p>[et_pb_section bb_built=\u00bb1&#8243;][et_pb_row][et_pb_column type=\u00bb4_4&#8243;][et_pb_button _builder_version=\u00bb3.0.92&#8243; button_text=\u00bbUN FELIZ A\u00d1O 2018 LLENO DE LA GRACIA DEL \u201cDIOS CON NOSOTROS\u201d. QUE LLEVEMOS A TODOS LA ALEGR\u00cdA, EL AMOR, LA BONDAD, LA TERNURA DE UN DIOS QUE QUIERE ENCENDER NUESTROS CORAZONES\u2026.. \u00a1FELIZ A\u00d1O NUEVO\u00a1 \u00bb url_new_window=\u00bboff\u00bb button_alignment=\u00bbcenter\u00bb background_layout=\u00bblight\u00bb custom_button=\u00bbon\u00bb button_text_size=\u00bb32&#8243; button_text_color=\u00bb#dc001b\u00bb button_icon_placement=\u00bbright\u00bb \/][et_pb_divider _builder_version=\u00bb3.0.92&#8243; \/][et_pb_text _builder_version=\u00bb3.0.92&#8243; background_layout=\u00bblight\u00bb]<\/p>\n<p class=\"p1\"><span class=\"s1\"><b>MI <span class=\"Apple-converted-space\">\u00a0 <\/span>ORACION <span class=\"Apple-converted-space\">\u00a0 <\/span>EN <span class=\"Apple-converted-space\">\u00a0 <\/span>EL <span class=\"Apple-converted-space\">\u00a0 <\/span>FIN <span class=\"Apple-converted-space\">\u00a0 <\/span>DEL<span class=\"Apple-converted-space\">\u00a0 \u00a0 <\/span>A\u00d1O <span class=\"Apple-converted-space\">\u00a0 <\/span>2017<\/b><\/span><\/p>\n<p class=\"p3\"><span class=\"s1\"><b>Se\u00f1or, due\u00f1o del tiempo y de la eternidad,<\/b><\/span><\/p>\n<p class=\"p3\"><span class=\"s1\"><b>tuyo es el hoy<span class=\"Apple-converted-space\">\u00a0 <\/span>y el ma\u00f1ana, el pasado y el presente.<\/b><\/span><\/p>\n<p class=\"p3\"><span class=\"s1\">Al terminar este a\u00f1o quiero<span class=\"Apple-converted-space\">\u00a0 <\/span><b>DARTE GRACIAS<span class=\"Apple-converted-space\">\u00a0 <\/span><\/b>por todo aquello que recib\u00ed de Ti.<\/span><\/p>\n<p class=\"p3\"><span class=\"s1\"><b>Gracias<\/b> por la vida y el amor, por las flores, el aire y el sol, por la alegr\u00eda y el dolor,<\/span><\/p>\n<p class=\"p3\"><span class=\"s1\">por cuanto fue posible y por lo que no pudo ser.<\/span><\/p>\n<p class=\"p3\"><span class=\"s1\"><b>TE OFREZCO<\/b> cuanto hice en este a\u00f1o,<\/span><\/p>\n<p class=\"p3\"><span class=\"s1\">El trabajo que pude realizar y las cosas que pasaron por mis manos<\/span><\/p>\n<p class=\"p3\"><span class=\"s1\">y lo que con ellas pude construir.<\/span><\/p>\n<p class=\"p3\"><span class=\"s1\"><b>TE PRESENTO<\/b> a las personas que a lo largo de estos meses am\u00e9,<\/span><\/p>\n<p class=\"p3\"><span class=\"s1\">las amistades nuevas y los antiguos amores, los m\u00e1s cercanos a m\u00ed y los que est\u00e9n m\u00e1s lejos,<\/span><\/p>\n<p class=\"p3\"><span class=\"s1\">los que me dieron su mano y aquellos a los que pude ayudar,<\/span><\/p>\n<p class=\"p3\"><span class=\"s1\">con los que compartir la vida, el trabajo, el dolor y la alegr\u00eda.<\/span><\/p>\n<p class=\"p3\"><span class=\"s1\">Pero tambi\u00e9n, Se\u00f1or hoy quiero<span class=\"Apple-converted-space\">\u00a0 <\/span><b>PEDIRTE PERD\u00d3N,<\/b><\/span><\/p>\n<p class=\"p3\"><span class=\"s1\">perd\u00f3n por el tiempo perdido, por el dinero mal gastado,<\/span><\/p>\n<p class=\"p3\"><span class=\"s1\">por la palabra in\u00fatil y el amor desperdiciado.<\/span><\/p>\n<p class=\"p3\"><span class=\"s1\">Perd\u00f3n por la obras vac\u00edas y el trabajo mal hecho, y perd\u00f3n por vivir sin entusiasmo.<\/span><\/p>\n<p class=\"p3\"><span class=\"s1\">Tambi\u00e9n por la oraci\u00f3n que poco a poco fui aplazando y que hasta ahora vengo a presentarte.<\/span><\/p>\n<p class=\"p3\"><span class=\"s1\">Por todos mis olvidos, descuidos y silencios nuevamente te pido perd\u00f3n<\/span><\/p>\n<p class=\"p3\"><span class=\"s1\"><b>En los pr\u00f3ximos d\u00edas iniciaremos un nuevo a\u00f1o ,<\/b><\/span><\/p>\n<p class=\"p3\"><span class=\"s1\"><b>y<span class=\"Apple-converted-space\">\u00a0 <\/span>detengo mi vida ante el nuevo calendario a\u00fan sin estrenar, <\/b><\/span><\/p>\n<p class=\"p3\"><span class=\"s1\"><b>y<span class=\"Apple-converted-space\">\u00a0 <\/span>te presento estos d\u00edas que s\u00f3lo<span class=\"Apple-converted-space\">\u00a0 <\/span>T\u00fa sabes si llegar\u00e9<span class=\"Apple-converted-space\">\u00a0 <\/span>a vivirlos.<\/b><\/span><\/p>\n<p class=\"p3\"><span class=\"s1\"><b>HOY TE PIDO<\/b> para m\u00ed y los m\u00edos la paz y la alegr\u00eda,<\/span><\/p>\n<p class=\"p3\"><span class=\"s1\">la fuerza y la prudencia, la claridad y la sabidur\u00eda.<\/span><\/p>\n<p class=\"p3\"><span class=\"s1\">Quiero vivir cada d\u00eda con optimismo y bondad <\/span><\/p>\n<p class=\"p3\"><span class=\"s1\">llevando a todas partes un coraz\u00f3n lleno de comprensi\u00f3n y de paz.<\/span><\/p>\n<p class=\"p3\"><span class=\"s1\">Cierra T\u00fa mis o\u00eddos a toda falsedad, <\/span><\/p>\n<p class=\"p3\"><span class=\"s1\">y mis labios a palabras mentirosas, ego\u00edstas, mordaces o hirientes.<\/span><\/p>\n<p class=\"p3\"><span class=\"s1\">Abre, en cambio, mi ser a todo lo que es bueno,<\/span><\/p>\n<p class=\"p3\"><span class=\"s1\">que mi esp\u00edritu se llene s\u00f3lo de bendiciones y las derrame a mi paso.<\/span><\/p>\n<p class=\"p3\"><span class=\"s1\">C\u00f3lmame de bondad y de alegr\u00eda para que, cuantos conviven conmigo o se acerque a m\u00ed,<\/span><\/p>\n<p class=\"p3\"><span class=\"s1\">encuentren en mi vida un poquito de Ti<\/span><\/p>\n<p class=\"p3\"><span class=\"s1\"><b>Danos un a\u00f1o feliz y ens\u00e9\u00f1anos a repartir felicidad. AMEN.<\/b><\/span><\/p>\n<p>[\/et_pb_text][\/et_pb_column][\/et_pb_row][et_pb_row][et_pb_column type=\u00bb4_4&#8243;][et_pb_image _builder_version=\u00bb3.0.92&#8243; src=\u00bbhttps:\/\/alcala.salesianos.edu\/wp-content\/uploads\/2017\/12\/IMAGEN.png\u00bb show_in_lightbox=\u00bboff\u00bb url_new_window=\u00bboff\u00bb use_overlay=\u00bboff\u00bb always_center_on_mobile=\u00bbon\u00bb force_fullwidth=\u00bboff\u00bb show_bottom_space=\u00bbon\u00bb \/][\/et_pb_column][\/et_pb_row][\/et_pb_section]<\/p>\n","protected":false},"excerpt":{"rendered":"<p><div class=\"et_pb_row et_pb_row_0 et_pb_row_empty\">\n\t\t\t\t\n\t\t\t\t\n\t\t\t\t\n\t\t\t\t\n\t\t\t\t\n\t\t\t<\/div> MI \u00a0 ORACION \u00a0 EN \u00a0 EL \u00a0 FIN \u00a0 DEL\u00a0 \u00a0 A\u00d1O \u00a0 2017 Se\u00f1or, due\u00f1o del tiempo y de la eternidad, tuyo es el hoy\u00a0 y el ma\u00f1ana, el pasado y el presente. Al terminar este a\u00f1o quiero\u00a0 DARTE GRACIAS\u00a0 por todo aquello que recib\u00ed de Ti. Gracias por la vida y [&hellip;]<\/p>\n","protected":false},"author":2,"featured_media":0,"comment_status":"closed","ping_status":"open","sticky":false,"template":"","format":"standard","meta":{"_et_pb_use_builder":"on","_et_pb_old_content":"","_et_gb_content_width":"","footnotes":""},"categories":[12,19,13,17,14,15,18,16,1],"tags":[],"class_list":["post-5247","post","type-post","status-publish","format-standard","hentry","category-colegio","category-escuela-abierta","category-fasa","category-infantil","category-pastoral","category-portada","category-primaria","category-secundaria","category-uncategorized"],"yoast_head":"<!-- This site is optimized with the Yoast SEO plugin v28.4 - https:\/\/yoast.com\/product\/yoast-seo-wordpress\/ -->\n<title>Felicitaci\u00f3n de a\u00f1o nuevo de la Comunidad de Alcal\u00e1 - Colegio Salesiano Alcal\u00e1<\/title>\n<meta name=\"robots\" content=\"index, follow, max-snippet:-1, max-image-preview:large, max-video-preview:-1\" \/>\n<link rel=\"canonical\" href=\"https:\/\/alcala.salesianos.edu\/colegio\/blog\/2017\/12\/31\/felicitacion-de-ano-nuevo-de-la-comunidad-de-alcala\/\" \/>\n<meta property=\"og:locale\" content=\"es_ES\" \/>\n<meta property=\"og:type\" content=\"article\" \/>\n<meta property=\"og:title\" content=\"Felicitaci\u00f3n de a\u00f1o nuevo de la Comunidad de Alcal\u00e1 - Colegio Salesiano Alcal\u00e1\" \/>\n<meta property=\"og:description\" content=\"MI \u00a0 ORACION \u00a0 EN \u00a0 EL \u00a0 FIN \u00a0 DEL\u00a0 \u00a0 A\u00d1O \u00a0 2017 Se\u00f1or, due\u00f1o del tiempo y de la eternidad, tuyo es el hoy\u00a0 y el ma\u00f1ana, el pasado y el presente. Al terminar este a\u00f1o quiero\u00a0 DARTE GRACIAS\u00a0 por todo aquello que recib\u00ed de Ti. Gracias por la vida y [&hellip;]\" \/>\n<meta property=\"og:url\" content=\"https:\/\/alcala.salesianos.edu\/colegio\/blog\/2017\/12\/31\/felicitacion-de-ano-nuevo-de-la-comunidad-de-alcala\/\" \/>\n<meta property=\"og:site_name\" content=\"Colegio Salesiano Alcal\u00e1\" \/>\n<meta property=\"article:published_time\" content=\"2017-12-31T10:13:31+00:00\" \/>\n<meta property=\"article:modified_time\" content=\"2025-08-27T08:01:50+00:00\" \/>\n<meta name=\"author\" content=\"Administrador Web\" \/>\n<meta name=\"twitter:card\" content=\"summary_large_image\" \/>\n<meta name=\"twitter:label1\" content=\"Escrito por\" \/>\n\t<meta name=\"twitter:data1\" content=\"Administrador Web\" \/>\n\t<meta name=\"twitter:label2\" content=\"Tiempo de lectura\" \/>\n\t<meta name=\"twitter:data2\" content=\"3 minutos\" \/>\n<script type=\"application\/ld+json\" class=\"yoast-schema-graph\">{\"@context\":\"https:\\\/\\\/schema.org\",\"@graph\":[{\"@type\":\"Article\",\"@id\":\"https:\\\/\\\/alcala.salesianos.edu\\\/colegio\\\/blog\\\/2017\\\/12\\\/31\\\/felicitacion-de-ano-nuevo-de-la-comunidad-de-alcala\\\/#article\",\"isPartOf\":{\"@id\":\"https:\\\/\\\/alcala.salesianos.edu\\\/colegio\\\/blog\\\/2017\\\/12\\\/31\\\/felicitacion-de-ano-nuevo-de-la-comunidad-de-alcala\\\/\"},\"author\":{\"name\":\"Administrador Web\",\"@id\":\"https:\\\/\\\/alcala.salesianos.edu\\\/colegio\\\/#\\\/schema\\\/person\\\/afcc24f776dc91fc2bf9afb0998fca77\"},\"headline\":\"Felicitaci\u00f3n de a\u00f1o nuevo de la Comunidad de Alcal\u00e1\",\"datePublished\":\"2017-12-31T10:13:31+00:00\",\"dateModified\":\"2025-08-27T08:01:50+00:00\",\"mainEntityOfPage\":{\"@id\":\"https:\\\/\\\/alcala.salesianos.edu\\\/colegio\\\/blog\\\/2017\\\/12\\\/31\\\/felicitacion-de-ano-nuevo-de-la-comunidad-de-alcala\\\/\"},\"wordCount\":586,\"articleSection\":[\"Colegio\",\"Escuela abierta\",\"FASA\",\"Infantil\",\"Pastoral\",\"Portada\",\"Primaria\",\"Secundaria\",\"Uncategorized\"],\"inLanguage\":\"es\"},{\"@type\":\"WebPage\",\"@id\":\"https:\\\/\\\/alcala.salesianos.edu\\\/colegio\\\/blog\\\/2017\\\/12\\\/31\\\/felicitacion-de-ano-nuevo-de-la-comunidad-de-alcala\\\/\",\"url\":\"https:\\\/\\\/alcala.salesianos.edu\\\/colegio\\\/blog\\\/2017\\\/12\\\/31\\\/felicitacion-de-ano-nuevo-de-la-comunidad-de-alcala\\\/\",\"name\":\"Felicitaci\u00f3n de a\u00f1o nuevo de la Comunidad de Alcal\u00e1 - Colegio Salesiano Alcal\u00e1\",\"isPartOf\":{\"@id\":\"https:\\\/\\\/alcala.salesianos.edu\\\/colegio\\\/#website\"},\"datePublished\":\"2017-12-31T10:13:31+00:00\",\"dateModified\":\"2025-08-27T08:01:50+00:00\",\"author\":{\"@id\":\"https:\\\/\\\/alcala.salesianos.edu\\\/colegio\\\/#\\\/schema\\\/person\\\/afcc24f776dc91fc2bf9afb0998fca77\"},\"breadcrumb\":{\"@id\":\"https:\\\/\\\/alcala.salesianos.edu\\\/colegio\\\/blog\\\/2017\\\/12\\\/31\\\/felicitacion-de-ano-nuevo-de-la-comunidad-de-alcala\\\/#breadcrumb\"},\"inLanguage\":\"es\",\"potentialAction\":[{\"@type\":\"ReadAction\",\"target\":[\"https:\\\/\\\/alcala.salesianos.edu\\\/colegio\\\/blog\\\/2017\\\/12\\\/31\\\/felicitacion-de-ano-nuevo-de-la-comunidad-de-alcala\\\/\"]}]},{\"@type\":\"BreadcrumbList\",\"@id\":\"https:\\\/\\\/alcala.salesianos.edu\\\/colegio\\\/blog\\\/2017\\\/12\\\/31\\\/felicitacion-de-ano-nuevo-de-la-comunidad-de-alcala\\\/#breadcrumb\",\"itemListElement\":[{\"@type\":\"ListItem\",\"position\":1,\"name\":\"Portada\",\"item\":\"https:\\\/\\\/alcala.salesianos.edu\\\/colegio\\\/\"},{\"@type\":\"ListItem\",\"position\":2,\"name\":\"Felicitaci\u00f3n de a\u00f1o nuevo de la Comunidad de Alcal\u00e1\"}]},{\"@type\":\"WebSite\",\"@id\":\"https:\\\/\\\/alcala.salesianos.edu\\\/colegio\\\/#website\",\"url\":\"https:\\\/\\\/alcala.salesianos.edu\\\/colegio\\\/\",\"name\":\"Colegio Salesiano Alcal\u00e1\",\"description\":\"P\u00e1gina oficial de Salesianos Alcal\u00e1 de Guadaira\",\"potentialAction\":[{\"@type\":\"SearchAction\",\"target\":{\"@type\":\"EntryPoint\",\"urlTemplate\":\"https:\\\/\\\/alcala.salesianos.edu\\\/colegio\\\/?s={search_term_string}\"},\"query-input\":{\"@type\":\"PropertyValueSpecification\",\"valueRequired\":true,\"valueName\":\"search_term_string\"}}],\"inLanguage\":\"es\"},{\"@type\":\"Person\",\"@id\":\"https:\\\/\\\/alcala.salesianos.edu\\\/colegio\\\/#\\\/schema\\\/person\\\/afcc24f776dc91fc2bf9afb0998fca77\",\"name\":\"Administrador Web\",\"image\":{\"@type\":\"ImageObject\",\"inLanguage\":\"es\",\"@id\":\"https:\\\/\\\/secure.gravatar.com\\\/avatar\\\/bc157e994689bd6da9645c00aa3bc4d55b727915b6652642660db0aef086585f?s=96&d=mm&r=g\",\"url\":\"https:\\\/\\\/secure.gravatar.com\\\/avatar\\\/bc157e994689bd6da9645c00aa3bc4d55b727915b6652642660db0aef086585f?s=96&d=mm&r=g\",\"contentUrl\":\"https:\\\/\\\/secure.gravatar.com\\\/avatar\\\/bc157e994689bd6da9645c00aa3bc4d55b727915b6652642660db0aef086585f?s=96&d=mm&r=g\",\"caption\":\"Administrador Web\"}}]}<\/script>\n<!-- \/ Yoast SEO plugin. -->","yoast_head_json":{"title":"Felicitaci\u00f3n de a\u00f1o nuevo de la Comunidad de Alcal\u00e1 - Colegio Salesiano Alcal\u00e1","robots":{"index":"index","follow":"follow","max-snippet":"max-snippet:-1","max-image-preview":"max-image-preview:large","max-video-preview":"max-video-preview:-1"},"canonical":"https:\/\/alcala.salesianos.edu\/colegio\/blog\/2017\/12\/31\/felicitacion-de-ano-nuevo-de-la-comunidad-de-alcala\/","og_locale":"es_ES","og_type":"article","og_title":"Felicitaci\u00f3n de a\u00f1o nuevo de la Comunidad de Alcal\u00e1 - Colegio Salesiano Alcal\u00e1","og_description":"MI \u00a0 ORACION \u00a0 EN \u00a0 EL \u00a0 FIN \u00a0 DEL\u00a0 \u00a0 A\u00d1O \u00a0 2017 Se\u00f1or, due\u00f1o del tiempo y de la eternidad, tuyo es el hoy\u00a0 y el ma\u00f1ana, el pasado y el presente. Al terminar este a\u00f1o quiero\u00a0 DARTE GRACIAS\u00a0 por todo aquello que recib\u00ed de Ti. Gracias por la vida y [&hellip;]","og_url":"https:\/\/alcala.salesianos.edu\/colegio\/blog\/2017\/12\/31\/felicitacion-de-ano-nuevo-de-la-comunidad-de-alcala\/","og_site_name":"Colegio Salesiano Alcal\u00e1","article_published_time":"2017-12-31T10:13:31+00:00","article_modified_time":"2025-08-27T08:01:50+00:00","author":"Administrador Web","twitter_card":"summary_large_image","twitter_misc":{"Escrito por":"Administrador Web","Tiempo de lectura":"3 minutos"},"schema":{"@context":"https:\/\/schema.org","@graph":[{"@type":"Article","@id":"https:\/\/alcala.salesianos.edu\/colegio\/blog\/2017\/12\/31\/felicitacion-de-ano-nuevo-de-la-comunidad-de-alcala\/#article","isPartOf":{"@id":"https:\/\/alcala.salesianos.edu\/colegio\/blog\/2017\/12\/31\/felicitacion-de-ano-nuevo-de-la-comunidad-de-alcala\/"},"author":{"name":"Administrador Web","@id":"https:\/\/alcala.salesianos.edu\/colegio\/#\/schema\/person\/afcc24f776dc91fc2bf9afb0998fca77"},"headline":"Felicitaci\u00f3n de a\u00f1o nuevo de la Comunidad de Alcal\u00e1","datePublished":"2017-12-31T10:13:31+00:00","dateModified":"2025-08-27T08:01:50+00:00","mainEntityOfPage":{"@id":"https:\/\/alcala.salesianos.edu\/colegio\/blog\/2017\/12\/31\/felicitacion-de-ano-nuevo-de-la-comunidad-de-alcala\/"},"wordCount":586,"articleSection":["Colegio","Escuela abierta","FASA","Infantil","Pastoral","Portada","Primaria","Secundaria","Uncategorized"],"inLanguage":"es"},{"@type":"WebPage","@id":"https:\/\/alcala.salesianos.edu\/colegio\/blog\/2017\/12\/31\/felicitacion-de-ano-nuevo-de-la-comunidad-de-alcala\/","url":"https:\/\/alcala.salesianos.edu\/colegio\/blog\/2017\/12\/31\/felicitacion-de-ano-nuevo-de-la-comunidad-de-alcala\/","name":"Felicitaci\u00f3n de a\u00f1o nuevo de la Comunidad de Alcal\u00e1 - Colegio Salesiano Alcal\u00e1","isPartOf":{"@id":"https:\/\/alcala.salesianos.edu\/colegio\/#website"},"datePublished":"2017-12-31T10:13:31+00:00","dateModified":"2025-08-27T08:01:50+00:00","author":{"@id":"https:\/\/alcala.salesianos.edu\/colegio\/#\/schema\/person\/afcc24f776dc91fc2bf9afb0998fca77"},"breadcrumb":{"@id":"https:\/\/alcala.salesianos.edu\/colegio\/blog\/2017\/12\/31\/felicitacion-de-ano-nuevo-de-la-comunidad-de-alcala\/#breadcrumb"},"inLanguage":"es","potentialAction":[{"@type":"ReadAction","target":["https:\/\/alcala.salesianos.edu\/colegio\/blog\/2017\/12\/31\/felicitacion-de-ano-nuevo-de-la-comunidad-de-alcala\/"]}]},{"@type":"BreadcrumbList","@id":"https:\/\/alcala.salesianos.edu\/colegio\/blog\/2017\/12\/31\/felicitacion-de-ano-nuevo-de-la-comunidad-de-alcala\/#breadcrumb","itemListElement":[{"@type":"ListItem","position":1,"name":"Portada","item":"https:\/\/alcala.salesianos.edu\/colegio\/"},{"@type":"ListItem","position":2,"name":"Felicitaci\u00f3n de a\u00f1o nuevo de la Comunidad de Alcal\u00e1"}]},{"@type":"WebSite","@id":"https:\/\/alcala.salesianos.edu\/colegio\/#website","url":"https:\/\/alcala.salesianos.edu\/colegio\/","name":"Colegio Salesiano Alcal\u00e1","description":"P\u00e1gina oficial de Salesianos Alcal\u00e1 de Guadaira","potentialAction":[{"@type":"SearchAction","target":{"@type":"EntryPoint","urlTemplate":"https:\/\/alcala.salesianos.edu\/colegio\/?s={search_term_string}"},"query-input":{"@type":"PropertyValueSpecification","valueRequired":true,"valueName":"search_term_string"}}],"inLanguage":"es"},{"@type":"Person","@id":"https:\/\/alcala.salesianos.edu\/colegio\/#\/schema\/person\/afcc24f776dc91fc2bf9afb0998fca77","name":"Administrador Web","image":{"@type":"ImageObject","inLanguage":"es","@id":"https:\/\/secure.gravatar.com\/avatar\/bc157e994689bd6da9645c00aa3bc4d55b727915b6652642660db0aef086585f?s=96&d=mm&r=g","url":"https:\/\/secure.gravatar.com\/avatar\/bc157e994689bd6da9645c00aa3bc4d55b727915b6652642660db0aef086585f?s=96&d=mm&r=g","contentUrl":"https:\/\/secure.gravatar.com\/avatar\/bc157e994689bd6da9645c00aa3bc4d55b727915b6652642660db0aef086585f?s=96&d=mm&r=g","caption":"Administrador Web"}}]}},"_links":{"self":[{"href":"https:\/\/alcala.salesianos.edu\/colegio\/wp-json\/wp\/v2\/posts\/5247","targetHints":{"allow":["GET"]}}],"collection":[{"href":"https:\/\/alcala.salesianos.edu\/colegio\/wp-json\/wp\/v2\/posts"}],"about":[{"href":"https:\/\/alcala.salesianos.edu\/colegio\/wp-json\/wp\/v2\/types\/post"}],"author":[{"embeddable":true,"href":"https:\/\/alcala.salesianos.edu\/colegio\/wp-json\/wp\/v2\/users\/2"}],"replies":[{"embeddable":true,"href":"https:\/\/alcala.salesianos.edu\/colegio\/wp-json\/wp\/v2\/comments?post=5247"}],"version-history":[{"count":5,"href":"https:\/\/alcala.salesianos.edu\/colegio\/wp-json\/wp\/v2\/posts\/5247\/revisions"}],"predecessor-version":[{"id":5256,"href":"https:\/\/alcala.salesianos.edu\/colegio\/wp-json\/wp\/v2\/posts\/5247\/revisions\/5256"}],"wp:attachment":[{"href":"https:\/\/alcala.salesianos.edu\/colegio\/wp-json\/wp\/v2\/media?parent=5247"}],"wp:term":[{"taxonomy":"category","embeddable":true,"href":"https:\/\/alcala.salesianos.edu\/colegio\/wp-json\/wp\/v2\/categories?post=5247"},{"taxonomy":"post_tag","embeddable":true,"href":"https:\/\/alcala.salesianos.edu\/colegio\/wp-json\/wp\/v2\/tags?post=5247"}],"curies":[{"name":"wp","href":"https:\/\/api.w.org\/{rel}","templated":true}]}}