{"id":5244,"date":"2017-12-30T19:31:31","date_gmt":"2017-12-30T18:31:31","guid":{"rendered":"https:\/\/alcala.salesianos.edu\/colegio\/blog\/2017\/12\/30\/comunicado-del-senor-inspector-don-cristobal-lopez\/"},"modified":"2025-08-27T09:01:51","modified_gmt":"2025-08-27T08:01:51","slug":"comunicado-del-senor-inspector-don-cristobal-lopez","status":"publish","type":"post","link":"https:\/\/alcala.salesianos.edu\/colegio\/blog\/2017\/12\/30\/comunicado-del-senor-inspector-don-cristobal-lopez\/","title":{"rendered":"Comunicado del Se\u00f1or Inspector Don Cristobal L\u00f3pez"},"content":{"rendered":"<div id=\"fb-root\"><\/div>\n<p>[et_pb_section fb_built=\u00bb1&#8243; _builder_version=\u00bb3.0.47&#8243;][et_pb_row _builder_version=\u00bb3.0.47&#8243; background_size=\u00bbinitial\u00bb background_position=\u00bbtop_left\u00bb background_repeat=\u00bbrepeat\u00bb][et_pb_column type=\u00bb1_3&#8243; _builder_version=\u00bb3.0.47&#8243; parallax=\u00bboff\u00bb parallax_method=\u00bbon\u00bb][et_pb_image src=\u00bbhttps:\/\/alcala.salesianos.edu\/wp-content\/uploads\/2017\/12\/maxresdefault.jpg\u00bb _builder_version=\u00bb3.0.92&#8243;][\/et_pb_image][\/et_pb_column][et_pb_column type=\u00bb2_3&#8243; _builder_version=\u00bb3.0.47&#8243; parallax=\u00bboff\u00bb parallax_method=\u00bbon\u00bb][et_pb_button button_url=\u00bbhttps:\/\/alcala.salesianos.edu\/wp-content\/uploads\/2017\/12\/Comunicado-del-Inspector-Dic-2017.pdf\u00bb button_text=\u00bbDescarga el comunicado\u00bb admin_label=\u00bbCOMUNICADO INSPECTOR 28 (Bot\u00f3n) \u00bb _builder_version=\u00bb3.0.92&#8243; custom_button=\u00bbon\u00bb button_text_size=\u00bb34&#8243; button_text_color=\u00bb#66757e\u00bb button_bg_color=\u00bb#dc001b\u00bb][\/et_pb_button][\/et_pb_column][\/et_pb_row][et_pb_row _builder_version=\u00bb3.0.47&#8243; background_size=\u00bbinitial\u00bb background_position=\u00bbtop_left\u00bb background_repeat=\u00bbrepeat\u00bb][et_pb_column type=\u00bb4_4&#8243; _builder_version=\u00bb3.0.47&#8243; parallax=\u00bboff\u00bb parallax_method=\u00bbon\u00bb][et_pb_divider _builder_version=\u00bb3.0.92&#8243;][\/et_pb_divider][\/et_pb_column][\/et_pb_row][et_pb_row _builder_version=\u00bb3.0.47&#8243; background_size=\u00bbinitial\u00bb background_position=\u00bbtop_left\u00bb background_repeat=\u00bbrepeat\u00bb][et_pb_column type=\u00bb1_2&#8243; _builder_version=\u00bb3.0.47&#8243; parallax=\u00bboff\u00bb parallax_method=\u00bbon\u00bb][et_pb_text _builder_version=\u00bb3.0.92&#8243;]<\/p>\n<h1><span style=\"color: #dc001b;\">Mensaje del Inspector salesiano Crist\u00f3bal L\u00f3pez tras su nombramiento como Arzobispo de Rabat<\/span><\/h1>\n<div>\u201cQueridos amigos y amigas:<\/div>\n<div><\/div>\n<div style=\"text-align: justify;\">Hoy, a mediod\u00eda, se ha hecho p\u00fablico que el papa Francisco me ha nombrado obispo de la archidi\u00f3cesis de Rabat (Marruecos).<\/div>\n<div><\/div>\n<div style=\"text-align: justify;\">Esto quiere decir que en breve plazo (probablemente el 31 de enero, fiesta de Don Bosco) dejar\u00e9 mi misi\u00f3n como padre inspector salesiano de la Inspector\u00eda Mar\u00eda Auxiliadora y que en marzo recibir\u00e9 la consagraci\u00f3n episcopal.<\/div>\n<div><\/div>\n<div style=\"text-align: justify;\">Alguno tendr\u00e1 la tentaci\u00f3n de felicitarme: resistidla transform\u00e1ndola en oraci\u00f3n por este pobre pecador que ahora se ve llamado a un nuevo servicio dentro de la Iglesia.<\/div>\n<div><\/div>\n<div style=\"text-align: justify;\">Cuento, pues, con ello de vuestra parte y espero que, desde mi nuevo destino y misi\u00f3n, nuestra amistad siga no s\u00f3lo intacta sino reforzada.<\/div>\n<div><\/div>\n<div>Un gran abrazo\u201d.<\/div>\n<p>&nbsp;<\/p>\n<p>[\/et_pb_text][\/et_pb_column][et_pb_column type=\u00bb1_2&#8243; _builder_version=\u00bb3.0.47&#8243; parallax=\u00bboff\u00bb parallax_method=\u00bbon\u00bb][et_pb_image src=\u00bbhttps:\/\/alcala.salesianos.edu\/wp-content\/uploads\/2017\/12\/20171229Cristobal7.png\u00bb _builder_version=\u00bb3.0.92&#8243;][\/et_pb_image][\/et_pb_column][\/et_pb_row][\/et_pb_section]<\/p>\n","protected":false},"excerpt":{"rendered":"<p>Mensaje del Inspector salesiano Crist\u00f3bal L\u00f3pez tras su nombramiento como Arzobispo de Rabat \u201cQueridos amigos y amigas: Hoy, a mediod\u00eda, se ha hecho p\u00fablico que el papa Francisco me ha nombrado obispo de la archidi\u00f3cesis de Rabat (Marruecos). Esto quiere decir que en breve plazo (probablemente el 31 de enero, fiesta de Don Bosco) dejar\u00e9 [&hellip;]<\/p>\n","protected":false},"author":2,"featured_media":0,"comment_status":"closed","ping_status":"open","sticky":false,"template":"","format":"standard","meta":{"_et_pb_use_builder":"on","_et_pb_old_content":"","_et_gb_content_width":"","footnotes":""},"categories":[12,19,13,17,14,15,18,16,1],"tags":[],"class_list":["post-5244","post","type-post","status-publish","format-standard","hentry","category-colegio","category-escuela-abierta","category-fasa","category-infantil","category-pastoral","category-portada","category-primaria","category-secundaria","category-uncategorized"],"yoast_head":"<!-- This site is optimized with the Yoast SEO plugin v28.4 - https:\/\/yoast.com\/product\/yoast-seo-wordpress\/ -->\n<title>Comunicado del Se\u00f1or Inspector Don Cristobal L\u00f3pez - Colegio Salesiano Alcal\u00e1<\/title>\n<meta name=\"robots\" content=\"index, follow, max-snippet:-1, max-image-preview:large, max-video-preview:-1\" \/>\n<link rel=\"canonical\" href=\"https:\/\/alcala.salesianos.edu\/colegio\/blog\/2017\/12\/30\/comunicado-del-senor-inspector-don-cristobal-lopez\/\" \/>\n<meta property=\"og:locale\" content=\"es_ES\" \/>\n<meta property=\"og:type\" content=\"article\" \/>\n<meta property=\"og:title\" content=\"Comunicado del Se\u00f1or Inspector Don Cristobal L\u00f3pez - Colegio Salesiano Alcal\u00e1\" \/>\n<meta property=\"og:description\" content=\"Mensaje del Inspector salesiano Crist\u00f3bal L\u00f3pez tras su nombramiento como Arzobispo de Rabat \u201cQueridos amigos y amigas: Hoy, a mediod\u00eda, se ha hecho p\u00fablico que el papa Francisco me ha nombrado obispo de la archidi\u00f3cesis de Rabat (Marruecos). Esto quiere decir que en breve plazo (probablemente el 31 de enero, fiesta de Don Bosco) dejar\u00e9 [&hellip;]\" \/>\n<meta property=\"og:url\" content=\"https:\/\/alcala.salesianos.edu\/colegio\/blog\/2017\/12\/30\/comunicado-del-senor-inspector-don-cristobal-lopez\/\" \/>\n<meta property=\"og:site_name\" content=\"Colegio Salesiano Alcal\u00e1\" \/>\n<meta property=\"article:published_time\" content=\"2017-12-30T18:31:31+00:00\" \/>\n<meta property=\"article:modified_time\" content=\"2025-08-27T08:01:51+00:00\" \/>\n<meta name=\"author\" content=\"Administrador Web\" \/>\n<meta name=\"twitter:card\" content=\"summary_large_image\" \/>\n<meta name=\"twitter:label1\" content=\"Escrito por\" \/>\n\t<meta name=\"twitter:data1\" content=\"Administrador Web\" \/>\n\t<meta name=\"twitter:label2\" content=\"Tiempo de lectura\" \/>\n\t<meta name=\"twitter:data2\" content=\"2 minutos\" \/>\n<script type=\"application\/ld+json\" class=\"yoast-schema-graph\">{\"@context\":\"https:\\\/\\\/schema.org\",\"@graph\":[{\"@type\":\"Article\",\"@id\":\"https:\\\/\\\/alcala.salesianos.edu\\\/colegio\\\/blog\\\/2017\\\/12\\\/30\\\/comunicado-del-senor-inspector-don-cristobal-lopez\\\/#article\",\"isPartOf\":{\"@id\":\"https:\\\/\\\/alcala.salesianos.edu\\\/colegio\\\/blog\\\/2017\\\/12\\\/30\\\/comunicado-del-senor-inspector-don-cristobal-lopez\\\/\"},\"author\":{\"name\":\"Administrador Web\",\"@id\":\"https:\\\/\\\/alcala.salesianos.edu\\\/colegio\\\/#\\\/schema\\\/person\\\/afcc24f776dc91fc2bf9afb0998fca77\"},\"headline\":\"Comunicado del Se\u00f1or Inspector Don Cristobal L\u00f3pez\",\"datePublished\":\"2017-12-30T18:31:31+00:00\",\"dateModified\":\"2025-08-27T08:01:51+00:00\",\"mainEntityOfPage\":{\"@id\":\"https:\\\/\\\/alcala.salesianos.edu\\\/colegio\\\/blog\\\/2017\\\/12\\\/30\\\/comunicado-del-senor-inspector-don-cristobal-lopez\\\/\"},\"wordCount\":379,\"articleSection\":[\"Colegio\",\"Escuela abierta\",\"FASA\",\"Infantil\",\"Pastoral\",\"Portada\",\"Primaria\",\"Secundaria\",\"Uncategorized\"],\"inLanguage\":\"es\"},{\"@type\":\"WebPage\",\"@id\":\"https:\\\/\\\/alcala.salesianos.edu\\\/colegio\\\/blog\\\/2017\\\/12\\\/30\\\/comunicado-del-senor-inspector-don-cristobal-lopez\\\/\",\"url\":\"https:\\\/\\\/alcala.salesianos.edu\\\/colegio\\\/blog\\\/2017\\\/12\\\/30\\\/comunicado-del-senor-inspector-don-cristobal-lopez\\\/\",\"name\":\"Comunicado del Se\u00f1or Inspector Don Cristobal L\u00f3pez - Colegio Salesiano Alcal\u00e1\",\"isPartOf\":{\"@id\":\"https:\\\/\\\/alcala.salesianos.edu\\\/colegio\\\/#website\"},\"datePublished\":\"2017-12-30T18:31:31+00:00\",\"dateModified\":\"2025-08-27T08:01:51+00:00\",\"author\":{\"@id\":\"https:\\\/\\\/alcala.salesianos.edu\\\/colegio\\\/#\\\/schema\\\/person\\\/afcc24f776dc91fc2bf9afb0998fca77\"},\"breadcrumb\":{\"@id\":\"https:\\\/\\\/alcala.salesianos.edu\\\/colegio\\\/blog\\\/2017\\\/12\\\/30\\\/comunicado-del-senor-inspector-don-cristobal-lopez\\\/#breadcrumb\"},\"inLanguage\":\"es\",\"potentialAction\":[{\"@type\":\"ReadAction\",\"target\":[\"https:\\\/\\\/alcala.salesianos.edu\\\/colegio\\\/blog\\\/2017\\\/12\\\/30\\\/comunicado-del-senor-inspector-don-cristobal-lopez\\\/\"]}]},{\"@type\":\"BreadcrumbList\",\"@id\":\"https:\\\/\\\/alcala.salesianos.edu\\\/colegio\\\/blog\\\/2017\\\/12\\\/30\\\/comunicado-del-senor-inspector-don-cristobal-lopez\\\/#breadcrumb\",\"itemListElement\":[{\"@type\":\"ListItem\",\"position\":1,\"name\":\"Portada\",\"item\":\"https:\\\/\\\/alcala.salesianos.edu\\\/colegio\\\/\"},{\"@type\":\"ListItem\",\"position\":2,\"name\":\"Comunicado del Se\u00f1or Inspector Don Cristobal L\u00f3pez\"}]},{\"@type\":\"WebSite\",\"@id\":\"https:\\\/\\\/alcala.salesianos.edu\\\/colegio\\\/#website\",\"url\":\"https:\\\/\\\/alcala.salesianos.edu\\\/colegio\\\/\",\"name\":\"Colegio Salesiano Alcal\u00e1\",\"description\":\"P\u00e1gina oficial de Salesianos Alcal\u00e1 de Guadaira\",\"potentialAction\":[{\"@type\":\"SearchAction\",\"target\":{\"@type\":\"EntryPoint\",\"urlTemplate\":\"https:\\\/\\\/alcala.salesianos.edu\\\/colegio\\\/?s={search_term_string}\"},\"query-input\":{\"@type\":\"PropertyValueSpecification\",\"valueRequired\":true,\"valueName\":\"search_term_string\"}}],\"inLanguage\":\"es\"},{\"@type\":\"Person\",\"@id\":\"https:\\\/\\\/alcala.salesianos.edu\\\/colegio\\\/#\\\/schema\\\/person\\\/afcc24f776dc91fc2bf9afb0998fca77\",\"name\":\"Administrador Web\",\"image\":{\"@type\":\"ImageObject\",\"inLanguage\":\"es\",\"@id\":\"https:\\\/\\\/secure.gravatar.com\\\/avatar\\\/bc157e994689bd6da9645c00aa3bc4d55b727915b6652642660db0aef086585f?s=96&d=mm&r=g\",\"url\":\"https:\\\/\\\/secure.gravatar.com\\\/avatar\\\/bc157e994689bd6da9645c00aa3bc4d55b727915b6652642660db0aef086585f?s=96&d=mm&r=g\",\"contentUrl\":\"https:\\\/\\\/secure.gravatar.com\\\/avatar\\\/bc157e994689bd6da9645c00aa3bc4d55b727915b6652642660db0aef086585f?s=96&d=mm&r=g\",\"caption\":\"Administrador Web\"}}]}<\/script>\n<!-- \/ Yoast SEO plugin. -->","yoast_head_json":{"title":"Comunicado del Se\u00f1or Inspector Don Cristobal L\u00f3pez - Colegio Salesiano Alcal\u00e1","robots":{"index":"index","follow":"follow","max-snippet":"max-snippet:-1","max-image-preview":"max-image-preview:large","max-video-preview":"max-video-preview:-1"},"canonical":"https:\/\/alcala.salesianos.edu\/colegio\/blog\/2017\/12\/30\/comunicado-del-senor-inspector-don-cristobal-lopez\/","og_locale":"es_ES","og_type":"article","og_title":"Comunicado del Se\u00f1or Inspector Don Cristobal L\u00f3pez - Colegio Salesiano Alcal\u00e1","og_description":"Mensaje del Inspector salesiano Crist\u00f3bal L\u00f3pez tras su nombramiento como Arzobispo de Rabat \u201cQueridos amigos y amigas: Hoy, a mediod\u00eda, se ha hecho p\u00fablico que el papa Francisco me ha nombrado obispo de la archidi\u00f3cesis de Rabat (Marruecos). Esto quiere decir que en breve plazo (probablemente el 31 de enero, fiesta de Don Bosco) dejar\u00e9 [&hellip;]","og_url":"https:\/\/alcala.salesianos.edu\/colegio\/blog\/2017\/12\/30\/comunicado-del-senor-inspector-don-cristobal-lopez\/","og_site_name":"Colegio Salesiano Alcal\u00e1","article_published_time":"2017-12-30T18:31:31+00:00","article_modified_time":"2025-08-27T08:01:51+00:00","author":"Administrador Web","twitter_card":"summary_large_image","twitter_misc":{"Escrito por":"Administrador Web","Tiempo de lectura":"2 minutos"},"schema":{"@context":"https:\/\/schema.org","@graph":[{"@type":"Article","@id":"https:\/\/alcala.salesianos.edu\/colegio\/blog\/2017\/12\/30\/comunicado-del-senor-inspector-don-cristobal-lopez\/#article","isPartOf":{"@id":"https:\/\/alcala.salesianos.edu\/colegio\/blog\/2017\/12\/30\/comunicado-del-senor-inspector-don-cristobal-lopez\/"},"author":{"name":"Administrador Web","@id":"https:\/\/alcala.salesianos.edu\/colegio\/#\/schema\/person\/afcc24f776dc91fc2bf9afb0998fca77"},"headline":"Comunicado del Se\u00f1or Inspector Don Cristobal L\u00f3pez","datePublished":"2017-12-30T18:31:31+00:00","dateModified":"2025-08-27T08:01:51+00:00","mainEntityOfPage":{"@id":"https:\/\/alcala.salesianos.edu\/colegio\/blog\/2017\/12\/30\/comunicado-del-senor-inspector-don-cristobal-lopez\/"},"wordCount":379,"articleSection":["Colegio","Escuela abierta","FASA","Infantil","Pastoral","Portada","Primaria","Secundaria","Uncategorized"],"inLanguage":"es"},{"@type":"WebPage","@id":"https:\/\/alcala.salesianos.edu\/colegio\/blog\/2017\/12\/30\/comunicado-del-senor-inspector-don-cristobal-lopez\/","url":"https:\/\/alcala.salesianos.edu\/colegio\/blog\/2017\/12\/30\/comunicado-del-senor-inspector-don-cristobal-lopez\/","name":"Comunicado del Se\u00f1or Inspector Don Cristobal L\u00f3pez - Colegio Salesiano Alcal\u00e1","isPartOf":{"@id":"https:\/\/alcala.salesianos.edu\/colegio\/#website"},"datePublished":"2017-12-30T18:31:31+00:00","dateModified":"2025-08-27T08:01:51+00:00","author":{"@id":"https:\/\/alcala.salesianos.edu\/colegio\/#\/schema\/person\/afcc24f776dc91fc2bf9afb0998fca77"},"breadcrumb":{"@id":"https:\/\/alcala.salesianos.edu\/colegio\/blog\/2017\/12\/30\/comunicado-del-senor-inspector-don-cristobal-lopez\/#breadcrumb"},"inLanguage":"es","potentialAction":[{"@type":"ReadAction","target":["https:\/\/alcala.salesianos.edu\/colegio\/blog\/2017\/12\/30\/comunicado-del-senor-inspector-don-cristobal-lopez\/"]}]},{"@type":"BreadcrumbList","@id":"https:\/\/alcala.salesianos.edu\/colegio\/blog\/2017\/12\/30\/comunicado-del-senor-inspector-don-cristobal-lopez\/#breadcrumb","itemListElement":[{"@type":"ListItem","position":1,"name":"Portada","item":"https:\/\/alcala.salesianos.edu\/colegio\/"},{"@type":"ListItem","position":2,"name":"Comunicado del Se\u00f1or Inspector Don Cristobal L\u00f3pez"}]},{"@type":"WebSite","@id":"https:\/\/alcala.salesianos.edu\/colegio\/#website","url":"https:\/\/alcala.salesianos.edu\/colegio\/","name":"Colegio Salesiano Alcal\u00e1","description":"P\u00e1gina oficial de Salesianos Alcal\u00e1 de Guadaira","potentialAction":[{"@type":"SearchAction","target":{"@type":"EntryPoint","urlTemplate":"https:\/\/alcala.salesianos.edu\/colegio\/?s={search_term_string}"},"query-input":{"@type":"PropertyValueSpecification","valueRequired":true,"valueName":"search_term_string"}}],"inLanguage":"es"},{"@type":"Person","@id":"https:\/\/alcala.salesianos.edu\/colegio\/#\/schema\/person\/afcc24f776dc91fc2bf9afb0998fca77","name":"Administrador Web","image":{"@type":"ImageObject","inLanguage":"es","@id":"https:\/\/secure.gravatar.com\/avatar\/bc157e994689bd6da9645c00aa3bc4d55b727915b6652642660db0aef086585f?s=96&d=mm&r=g","url":"https:\/\/secure.gravatar.com\/avatar\/bc157e994689bd6da9645c00aa3bc4d55b727915b6652642660db0aef086585f?s=96&d=mm&r=g","contentUrl":"https:\/\/secure.gravatar.com\/avatar\/bc157e994689bd6da9645c00aa3bc4d55b727915b6652642660db0aef086585f?s=96&d=mm&r=g","caption":"Administrador Web"}}]}},"_links":{"self":[{"href":"https:\/\/alcala.salesianos.edu\/colegio\/wp-json\/wp\/v2\/posts\/5244","targetHints":{"allow":["GET"]}}],"collection":[{"href":"https:\/\/alcala.salesianos.edu\/colegio\/wp-json\/wp\/v2\/posts"}],"about":[{"href":"https:\/\/alcala.salesianos.edu\/colegio\/wp-json\/wp\/v2\/types\/post"}],"author":[{"embeddable":true,"href":"https:\/\/alcala.salesianos.edu\/colegio\/wp-json\/wp\/v2\/users\/2"}],"replies":[{"embeddable":true,"href":"https:\/\/alcala.salesianos.edu\/colegio\/wp-json\/wp\/v2\/comments?post=5244"}],"version-history":[{"count":3,"href":"https:\/\/alcala.salesianos.edu\/colegio\/wp-json\/wp\/v2\/posts\/5244\/revisions"}],"predecessor-version":[{"id":5257,"href":"https:\/\/alcala.salesianos.edu\/colegio\/wp-json\/wp\/v2\/posts\/5244\/revisions\/5257"}],"wp:attachment":[{"href":"https:\/\/alcala.salesianos.edu\/colegio\/wp-json\/wp\/v2\/media?parent=5244"}],"wp:term":[{"taxonomy":"category","embeddable":true,"href":"https:\/\/alcala.salesianos.edu\/colegio\/wp-json\/wp\/v2\/categories?post=5244"},{"taxonomy":"post_tag","embeddable":true,"href":"https:\/\/alcala.salesianos.edu\/colegio\/wp-json\/wp\/v2\/tags?post=5244"}],"curies":[{"name":"wp","href":"https:\/\/api.w.org\/{rel}","templated":true}]}}