{"id":5219,"date":"2017-12-18T07:22:33","date_gmt":"2017-12-18T06:22:33","guid":{"rendered":"https:\/\/alcala.salesianos.edu\/colegio\/blog\/2017\/12\/18\/nos-preparamos-para-la-navidad\/"},"modified":"2025-08-27T09:01:52","modified_gmt":"2025-08-27T08:01:52","slug":"nos-preparamos-para-la-navidad","status":"publish","type":"post","link":"https:\/\/alcala.salesianos.edu\/colegio\/blog\/2017\/12\/18\/nos-preparamos-para-la-navidad\/","title":{"rendered":"Nos preparamos para la Navidad"},"content":{"rendered":"<div id=\"fb-root\"><\/div>\n<p>[et_pb_section bb_built=\u00bb1&#8243;][et_pb_row][et_pb_column type=\u00bb4_4&#8243;][et_pb_text _builder_version=\u00bb3.0.90&#8243; background_layout=\u00bblight\u00bb]<\/p>\n<p class=\"m_-8409171955331950921gmail-MsoNormal\">Comenzamos la \u00faltima semana lectiva del a\u00f1o 2017 cargados de\u00a0<b>ilusi\u00f3n y alegr\u00eda<\/b>\u00a0por la pronta venida de nuestro\u00a0<b>Salvador<\/b>. Durante esta semana los alumnos del centro disfrutar\u00e1n de numerosas actividades que les ayudaran a preparar y entender el sentido de la Navidad.<\/p>\n<p class=\"m_-8409171955331950921gmail-MsoNormal\">Durante esta semana continuamos con la actividad solidaria de la\u00a0<b>Operaci\u00f3n Kilo\u00a0<\/b>que tiene como principal objetivo la\u00a0<b>colaboraci\u00f3n<\/b>\u00a0y\u00a0<b>concienciaci\u00f3n<\/b>\u00a0de los j\u00f3venes por los m\u00e1s necesitados de nuestra localidad a trav\u00e9s de\u00a0<b>C\u00e1ritas<\/b><\/p>\n<p class=\"m_-8409171955331950921gmail-MsoNormal\">El pr\u00f3ximo\u00a0<b>mi\u00e9rcoles 20<\/b>\u00a0de diciembre, todos los alumnos del centro participar\u00e1n en la\u00a0<b>Gran Gala Salesiana de la Navidad.<\/b>\u00a0En ella los alumnos de las tres etapas educativas recitar\u00e1n sus villancicos que con gran alegr\u00eda han preparado. El horario de la tarde ser\u00e1 el siguiente:<\/p>\n<p class=\"m_-8409171955331950921gmail-MsoListParagraphCxSpFirst\">\u00b7\u00a0\u00a0\u00a0\u00a0\u00a0\u00a0\u00a0\u00a0\u00a0Educaci\u00f3n Infantil: 16.30 h.<\/p>\n<p class=\"m_-8409171955331950921gmail-MsoListParagraphCxSpFirst\">\u00b7\u00a0\u00a0\u00a0\u00a0\u00a0\u00a0\u00a0\u00a0\u00a0Educaci\u00f3n Primaria: 18.00 h.<\/p>\n<p class=\"m_-8409171955331950921gmail-MsoListParagraphCxSpLast\">\u00b7\u00a0\u00a0\u00a0\u00a0\u00a0\u00a0\u00a0\u00a0\u00a0Educaci\u00f3n Secundaria: 19.30 h.<\/p>\n<p class=\"m_-8409171955331950921gmail-MsoNormal\">El acceso para las familias de\u00a0<b>Infantil y Primaria<\/b>\u00a0ser\u00e1 para los\u00a0<b>grupos A<\/b>\u00a0en la\u00a0<b>Capilla del Carmen<\/b>\u00a0y para los\u00a0<b>grupos B<\/b>\u00a0en el\u00a0<b>teatro<\/b>.\u00a0<b>Educaci\u00f3n Secundaria<\/b>\u00a0lo realizar\u00e1 solo en la\u00a0<b>capilla<\/b>\u00a0de la Casa.<\/p>\n<p class=\"m_-8409171955331950921gmail-MsoNormal\">El pr\u00f3ximo\u00a0<b>jueves 21<\/b>, tendremos en el centro tres actividades importantes: la visita del\u00a0<b>Cartero Real\u00a0<\/b>en Educaci\u00f3n Infantil, el\u00a0<b>Bel\u00e9n Viviente<\/b>\u00a0preparado por el primer ciclo de Educaci\u00f3n Primaria y la visita de los\u00a0<b>representantes de los Reyes Magos<\/b>, que har\u00e1n entrega de los\u00a0<b>cuentos<\/b>\u00a0para los alumnos de 3\u00ba a 6 de Educaci\u00f3n Primaria.<\/p>\n<p class=\"m_-8409171955331950921gmail-MsoNormal\">Por la tarde, a las\u00a0<b>20.30 h.<\/b>\u00a0en la Capilla\u00a0 de nuestra Se\u00f1ora del Carmen, se celebrar\u00e1 el\u00a0<b>X Preg\u00f3n de Navidad<\/b>\u00a0que ser\u00e1 realizado por nuestro profesor<b>\u00a0D. Enrique Ruiz Portillo<\/b>\u00a0y lo presentar\u00e1 su compa\u00f1ero, D. David Rivera L\u00f3pez.<\/p>\n<p class=\"m_-8409171955331950921gmail-MsoNormal\">El d\u00eda siguiente, el\u00a0<b>viernes 22<\/b>, en el centro celebraremos la\u00a0<b>Fiesta de la Navidad<\/b>, con una Celebraci\u00f3n de la Palabra, desayunos compartidos, actividades navide\u00f1as y recitales de villancicos para los alumnos.<\/p>\n<p class=\"m_-8409171955331950921gmail-MsoNormal\">Desde la Casa de Alcal\u00e1 deseamos que todos teng\u00e1is una Feliz Navidad y que disfrut\u00e9is de esta semana apasionante y llena de ilusi\u00f3n.<\/p>\n<p>[\/et_pb_text][\/et_pb_column][\/et_pb_row][et_pb_row][et_pb_column type=\u00bb1_2&#8243;][et_pb_image _builder_version=\u00bb3.0.90&#8243; src=\u00bbhttps:\/\/alcala.salesianos.edu\/wp-content\/uploads\/2017\/12\/Cartel-Prego\u0301n-2017.jpg\u00bb show_in_lightbox=\u00bboff\u00bb url_new_window=\u00bboff\u00bb use_overlay=\u00bboff\u00bb always_center_on_mobile=\u00bbon\u00bb force_fullwidth=\u00bboff\u00bb show_bottom_space=\u00bbon\u00bb \/][\/et_pb_column][et_pb_column type=\u00bb1_2&#8243;][et_pb_image _builder_version=\u00bb3.0.90&#8243; src=\u00bbhttps:\/\/alcala.salesianos.edu\/wp-content\/uploads\/2017\/12\/Cartel-Gala-2017.jpg\u00bb show_in_lightbox=\u00bboff\u00bb url_new_window=\u00bboff\u00bb use_overlay=\u00bboff\u00bb always_center_on_mobile=\u00bbon\u00bb force_fullwidth=\u00bboff\u00bb show_bottom_space=\u00bbon\u00bb \/][\/et_pb_column][\/et_pb_row][\/et_pb_section]<\/p>\n","protected":false},"excerpt":{"rendered":"<p><div class=\"et_pb_row et_pb_row_0 et_pb_row_empty\">\n\t\t\t\t\n\t\t\t\t\n\t\t\t\t\n\t\t\t\t\n\t\t\t\t\n\t\t\t<\/div> Comenzamos la \u00faltima semana lectiva del a\u00f1o 2017 cargados de\u00a0ilusi\u00f3n y alegr\u00eda\u00a0por la pronta venida de nuestro\u00a0Salvador. Durante esta semana los alumnos del centro disfrutar\u00e1n de numerosas actividades que les ayudaran a preparar y entender el sentido de la Navidad. Durante esta semana continuamos con la actividad solidaria de la\u00a0Operaci\u00f3n Kilo\u00a0que tiene como principal [&hellip;]<\/p>\n","protected":false},"author":2,"featured_media":0,"comment_status":"closed","ping_status":"open","sticky":false,"template":"","format":"standard","meta":{"_et_pb_use_builder":"on","_et_pb_old_content":"","_et_gb_content_width":"","footnotes":""},"categories":[12,19,13,17,14,15,18,16,1],"tags":[],"class_list":["post-5219","post","type-post","status-publish","format-standard","hentry","category-colegio","category-escuela-abierta","category-fasa","category-infantil","category-pastoral","category-portada","category-primaria","category-secundaria","category-uncategorized"],"yoast_head":"<!-- This site is optimized with the Yoast SEO plugin v28.4 - https:\/\/yoast.com\/product\/yoast-seo-wordpress\/ -->\n<title>Nos preparamos para la Navidad - Colegio Salesiano Alcal\u00e1<\/title>\n<meta name=\"robots\" content=\"index, follow, max-snippet:-1, max-image-preview:large, max-video-preview:-1\" \/>\n<link rel=\"canonical\" href=\"https:\/\/alcala.salesianos.edu\/colegio\/blog\/2017\/12\/18\/nos-preparamos-para-la-navidad\/\" \/>\n<meta property=\"og:locale\" content=\"es_ES\" \/>\n<meta property=\"og:type\" content=\"article\" \/>\n<meta property=\"og:title\" content=\"Nos preparamos para la Navidad - Colegio Salesiano Alcal\u00e1\" \/>\n<meta property=\"og:description\" content=\"Comenzamos la \u00faltima semana lectiva del a\u00f1o 2017 cargados de\u00a0ilusi\u00f3n y alegr\u00eda\u00a0por la pronta venida de nuestro\u00a0Salvador. Durante esta semana los alumnos del centro disfrutar\u00e1n de numerosas actividades que les ayudaran a preparar y entender el sentido de la Navidad. Durante esta semana continuamos con la actividad solidaria de la\u00a0Operaci\u00f3n Kilo\u00a0que tiene como principal [&hellip;]\" \/>\n<meta property=\"og:url\" content=\"https:\/\/alcala.salesianos.edu\/colegio\/blog\/2017\/12\/18\/nos-preparamos-para-la-navidad\/\" \/>\n<meta property=\"og:site_name\" content=\"Colegio Salesiano Alcal\u00e1\" \/>\n<meta property=\"article:published_time\" content=\"2017-12-18T06:22:33+00:00\" \/>\n<meta property=\"article:modified_time\" content=\"2025-08-27T08:01:52+00:00\" \/>\n<meta name=\"author\" content=\"Administrador Web\" \/>\n<meta name=\"twitter:card\" content=\"summary_large_image\" \/>\n<meta name=\"twitter:label1\" content=\"Escrito por\" \/>\n\t<meta name=\"twitter:data1\" content=\"Administrador Web\" \/>\n\t<meta name=\"twitter:label2\" content=\"Tiempo de lectura\" \/>\n\t<meta name=\"twitter:data2\" content=\"2 minutos\" \/>\n<script type=\"application\/ld+json\" class=\"yoast-schema-graph\">{\"@context\":\"https:\\\/\\\/schema.org\",\"@graph\":[{\"@type\":\"Article\",\"@id\":\"https:\\\/\\\/alcala.salesianos.edu\\\/colegio\\\/blog\\\/2017\\\/12\\\/18\\\/nos-preparamos-para-la-navidad\\\/#article\",\"isPartOf\":{\"@id\":\"https:\\\/\\\/alcala.salesianos.edu\\\/colegio\\\/blog\\\/2017\\\/12\\\/18\\\/nos-preparamos-para-la-navidad\\\/\"},\"author\":{\"name\":\"Administrador Web\",\"@id\":\"https:\\\/\\\/alcala.salesianos.edu\\\/colegio\\\/#\\\/schema\\\/person\\\/afcc24f776dc91fc2bf9afb0998fca77\"},\"headline\":\"Nos preparamos para la Navidad\",\"datePublished\":\"2017-12-18T06:22:33+00:00\",\"dateModified\":\"2025-08-27T08:01:52+00:00\",\"mainEntityOfPage\":{\"@id\":\"https:\\\/\\\/alcala.salesianos.edu\\\/colegio\\\/blog\\\/2017\\\/12\\\/18\\\/nos-preparamos-para-la-navidad\\\/\"},\"wordCount\":484,\"articleSection\":[\"Colegio\",\"Escuela abierta\",\"FASA\",\"Infantil\",\"Pastoral\",\"Portada\",\"Primaria\",\"Secundaria\",\"Uncategorized\"],\"inLanguage\":\"es\"},{\"@type\":\"WebPage\",\"@id\":\"https:\\\/\\\/alcala.salesianos.edu\\\/colegio\\\/blog\\\/2017\\\/12\\\/18\\\/nos-preparamos-para-la-navidad\\\/\",\"url\":\"https:\\\/\\\/alcala.salesianos.edu\\\/colegio\\\/blog\\\/2017\\\/12\\\/18\\\/nos-preparamos-para-la-navidad\\\/\",\"name\":\"Nos preparamos para la Navidad - Colegio Salesiano Alcal\u00e1\",\"isPartOf\":{\"@id\":\"https:\\\/\\\/alcala.salesianos.edu\\\/colegio\\\/#website\"},\"datePublished\":\"2017-12-18T06:22:33+00:00\",\"dateModified\":\"2025-08-27T08:01:52+00:00\",\"author\":{\"@id\":\"https:\\\/\\\/alcala.salesianos.edu\\\/colegio\\\/#\\\/schema\\\/person\\\/afcc24f776dc91fc2bf9afb0998fca77\"},\"breadcrumb\":{\"@id\":\"https:\\\/\\\/alcala.salesianos.edu\\\/colegio\\\/blog\\\/2017\\\/12\\\/18\\\/nos-preparamos-para-la-navidad\\\/#breadcrumb\"},\"inLanguage\":\"es\",\"potentialAction\":[{\"@type\":\"ReadAction\",\"target\":[\"https:\\\/\\\/alcala.salesianos.edu\\\/colegio\\\/blog\\\/2017\\\/12\\\/18\\\/nos-preparamos-para-la-navidad\\\/\"]}]},{\"@type\":\"BreadcrumbList\",\"@id\":\"https:\\\/\\\/alcala.salesianos.edu\\\/colegio\\\/blog\\\/2017\\\/12\\\/18\\\/nos-preparamos-para-la-navidad\\\/#breadcrumb\",\"itemListElement\":[{\"@type\":\"ListItem\",\"position\":1,\"name\":\"Portada\",\"item\":\"https:\\\/\\\/alcala.salesianos.edu\\\/colegio\\\/\"},{\"@type\":\"ListItem\",\"position\":2,\"name\":\"Nos preparamos para la Navidad\"}]},{\"@type\":\"WebSite\",\"@id\":\"https:\\\/\\\/alcala.salesianos.edu\\\/colegio\\\/#website\",\"url\":\"https:\\\/\\\/alcala.salesianos.edu\\\/colegio\\\/\",\"name\":\"Colegio Salesiano Alcal\u00e1\",\"description\":\"P\u00e1gina oficial de Salesianos Alcal\u00e1 de Guadaira\",\"potentialAction\":[{\"@type\":\"SearchAction\",\"target\":{\"@type\":\"EntryPoint\",\"urlTemplate\":\"https:\\\/\\\/alcala.salesianos.edu\\\/colegio\\\/?s={search_term_string}\"},\"query-input\":{\"@type\":\"PropertyValueSpecification\",\"valueRequired\":true,\"valueName\":\"search_term_string\"}}],\"inLanguage\":\"es\"},{\"@type\":\"Person\",\"@id\":\"https:\\\/\\\/alcala.salesianos.edu\\\/colegio\\\/#\\\/schema\\\/person\\\/afcc24f776dc91fc2bf9afb0998fca77\",\"name\":\"Administrador Web\",\"image\":{\"@type\":\"ImageObject\",\"inLanguage\":\"es\",\"@id\":\"https:\\\/\\\/secure.gravatar.com\\\/avatar\\\/bc157e994689bd6da9645c00aa3bc4d55b727915b6652642660db0aef086585f?s=96&d=mm&r=g\",\"url\":\"https:\\\/\\\/secure.gravatar.com\\\/avatar\\\/bc157e994689bd6da9645c00aa3bc4d55b727915b6652642660db0aef086585f?s=96&d=mm&r=g\",\"contentUrl\":\"https:\\\/\\\/secure.gravatar.com\\\/avatar\\\/bc157e994689bd6da9645c00aa3bc4d55b727915b6652642660db0aef086585f?s=96&d=mm&r=g\",\"caption\":\"Administrador Web\"}}]}<\/script>\n<!-- \/ Yoast SEO plugin. -->","yoast_head_json":{"title":"Nos preparamos para la Navidad - Colegio Salesiano Alcal\u00e1","robots":{"index":"index","follow":"follow","max-snippet":"max-snippet:-1","max-image-preview":"max-image-preview:large","max-video-preview":"max-video-preview:-1"},"canonical":"https:\/\/alcala.salesianos.edu\/colegio\/blog\/2017\/12\/18\/nos-preparamos-para-la-navidad\/","og_locale":"es_ES","og_type":"article","og_title":"Nos preparamos para la Navidad - Colegio Salesiano Alcal\u00e1","og_description":"Comenzamos la \u00faltima semana lectiva del a\u00f1o 2017 cargados de\u00a0ilusi\u00f3n y alegr\u00eda\u00a0por la pronta venida de nuestro\u00a0Salvador. Durante esta semana los alumnos del centro disfrutar\u00e1n de numerosas actividades que les ayudaran a preparar y entender el sentido de la Navidad. Durante esta semana continuamos con la actividad solidaria de la\u00a0Operaci\u00f3n Kilo\u00a0que tiene como principal [&hellip;]","og_url":"https:\/\/alcala.salesianos.edu\/colegio\/blog\/2017\/12\/18\/nos-preparamos-para-la-navidad\/","og_site_name":"Colegio Salesiano Alcal\u00e1","article_published_time":"2017-12-18T06:22:33+00:00","article_modified_time":"2025-08-27T08:01:52+00:00","author":"Administrador Web","twitter_card":"summary_large_image","twitter_misc":{"Escrito por":"Administrador Web","Tiempo de lectura":"2 minutos"},"schema":{"@context":"https:\/\/schema.org","@graph":[{"@type":"Article","@id":"https:\/\/alcala.salesianos.edu\/colegio\/blog\/2017\/12\/18\/nos-preparamos-para-la-navidad\/#article","isPartOf":{"@id":"https:\/\/alcala.salesianos.edu\/colegio\/blog\/2017\/12\/18\/nos-preparamos-para-la-navidad\/"},"author":{"name":"Administrador Web","@id":"https:\/\/alcala.salesianos.edu\/colegio\/#\/schema\/person\/afcc24f776dc91fc2bf9afb0998fca77"},"headline":"Nos preparamos para la Navidad","datePublished":"2017-12-18T06:22:33+00:00","dateModified":"2025-08-27T08:01:52+00:00","mainEntityOfPage":{"@id":"https:\/\/alcala.salesianos.edu\/colegio\/blog\/2017\/12\/18\/nos-preparamos-para-la-navidad\/"},"wordCount":484,"articleSection":["Colegio","Escuela abierta","FASA","Infantil","Pastoral","Portada","Primaria","Secundaria","Uncategorized"],"inLanguage":"es"},{"@type":"WebPage","@id":"https:\/\/alcala.salesianos.edu\/colegio\/blog\/2017\/12\/18\/nos-preparamos-para-la-navidad\/","url":"https:\/\/alcala.salesianos.edu\/colegio\/blog\/2017\/12\/18\/nos-preparamos-para-la-navidad\/","name":"Nos preparamos para la Navidad - Colegio Salesiano Alcal\u00e1","isPartOf":{"@id":"https:\/\/alcala.salesianos.edu\/colegio\/#website"},"datePublished":"2017-12-18T06:22:33+00:00","dateModified":"2025-08-27T08:01:52+00:00","author":{"@id":"https:\/\/alcala.salesianos.edu\/colegio\/#\/schema\/person\/afcc24f776dc91fc2bf9afb0998fca77"},"breadcrumb":{"@id":"https:\/\/alcala.salesianos.edu\/colegio\/blog\/2017\/12\/18\/nos-preparamos-para-la-navidad\/#breadcrumb"},"inLanguage":"es","potentialAction":[{"@type":"ReadAction","target":["https:\/\/alcala.salesianos.edu\/colegio\/blog\/2017\/12\/18\/nos-preparamos-para-la-navidad\/"]}]},{"@type":"BreadcrumbList","@id":"https:\/\/alcala.salesianos.edu\/colegio\/blog\/2017\/12\/18\/nos-preparamos-para-la-navidad\/#breadcrumb","itemListElement":[{"@type":"ListItem","position":1,"name":"Portada","item":"https:\/\/alcala.salesianos.edu\/colegio\/"},{"@type":"ListItem","position":2,"name":"Nos preparamos para la Navidad"}]},{"@type":"WebSite","@id":"https:\/\/alcala.salesianos.edu\/colegio\/#website","url":"https:\/\/alcala.salesianos.edu\/colegio\/","name":"Colegio Salesiano Alcal\u00e1","description":"P\u00e1gina oficial de Salesianos Alcal\u00e1 de Guadaira","potentialAction":[{"@type":"SearchAction","target":{"@type":"EntryPoint","urlTemplate":"https:\/\/alcala.salesianos.edu\/colegio\/?s={search_term_string}"},"query-input":{"@type":"PropertyValueSpecification","valueRequired":true,"valueName":"search_term_string"}}],"inLanguage":"es"},{"@type":"Person","@id":"https:\/\/alcala.salesianos.edu\/colegio\/#\/schema\/person\/afcc24f776dc91fc2bf9afb0998fca77","name":"Administrador Web","image":{"@type":"ImageObject","inLanguage":"es","@id":"https:\/\/secure.gravatar.com\/avatar\/bc157e994689bd6da9645c00aa3bc4d55b727915b6652642660db0aef086585f?s=96&d=mm&r=g","url":"https:\/\/secure.gravatar.com\/avatar\/bc157e994689bd6da9645c00aa3bc4d55b727915b6652642660db0aef086585f?s=96&d=mm&r=g","contentUrl":"https:\/\/secure.gravatar.com\/avatar\/bc157e994689bd6da9645c00aa3bc4d55b727915b6652642660db0aef086585f?s=96&d=mm&r=g","caption":"Administrador Web"}}]}},"_links":{"self":[{"href":"https:\/\/alcala.salesianos.edu\/colegio\/wp-json\/wp\/v2\/posts\/5219","targetHints":{"allow":["GET"]}}],"collection":[{"href":"https:\/\/alcala.salesianos.edu\/colegio\/wp-json\/wp\/v2\/posts"}],"about":[{"href":"https:\/\/alcala.salesianos.edu\/colegio\/wp-json\/wp\/v2\/types\/post"}],"author":[{"embeddable":true,"href":"https:\/\/alcala.salesianos.edu\/colegio\/wp-json\/wp\/v2\/users\/2"}],"replies":[{"embeddable":true,"href":"https:\/\/alcala.salesianos.edu\/colegio\/wp-json\/wp\/v2\/comments?post=5219"}],"version-history":[{"count":2,"href":"https:\/\/alcala.salesianos.edu\/colegio\/wp-json\/wp\/v2\/posts\/5219\/revisions"}],"predecessor-version":[{"id":5262,"href":"https:\/\/alcala.salesianos.edu\/colegio\/wp-json\/wp\/v2\/posts\/5219\/revisions\/5262"}],"wp:attachment":[{"href":"https:\/\/alcala.salesianos.edu\/colegio\/wp-json\/wp\/v2\/media?parent=5219"}],"wp:term":[{"taxonomy":"category","embeddable":true,"href":"https:\/\/alcala.salesianos.edu\/colegio\/wp-json\/wp\/v2\/categories?post=5219"},{"taxonomy":"post_tag","embeddable":true,"href":"https:\/\/alcala.salesianos.edu\/colegio\/wp-json\/wp\/v2\/tags?post=5219"}],"curies":[{"name":"wp","href":"https:\/\/api.w.org\/{rel}","templated":true}]}}