{"id":5195,"date":"2017-12-08T05:25:19","date_gmt":"2017-12-08T04:25:19","guid":{"rendered":"https:\/\/alcala.salesianos.edu\/colegio\/blog\/2017\/12\/08\/nueva-web-local\/"},"modified":"2025-08-27T09:01:52","modified_gmt":"2025-08-27T08:01:52","slug":"nueva-web-local","status":"publish","type":"post","link":"https:\/\/alcala.salesianos.edu\/colegio\/blog\/2017\/12\/08\/nueva-web-local\/","title":{"rendered":"Nueva web local"},"content":{"rendered":"<div id=\"fb-root\"><\/div>\n<p>[et_pb_section bb_built=\u00bb1&#8243;][et_pb_row][et_pb_column type=\u00bb1_4&#8243;][et_pb_image _builder_version=\u00bb3.0.90&#8243; src=\u00bbhttps:\/\/alcala.salesianos.edu\/wp-content\/uploads\/2017\/12\/NUEVA-WEB-versio\u0301n-final.jpg\u00bb show_in_lightbox=\u00bboff\u00bb url_new_window=\u00bboff\u00bb use_overlay=\u00bboff\u00bb always_center_on_mobile=\u00bbon\u00bb force_fullwidth=\u00bboff\u00bb show_bottom_space=\u00bbon\u00bb \/][\/et_pb_column][et_pb_column type=\u00bb3_4&#8243;][et_pb_text _builder_version=\u00bb3.0.90&#8243; background_layout=\u00bblight\u00bb]<\/p>\n<p class=\"p1\"><span class=\"s1\"><b>PLATAFORMA PARA LA EVANGELIZACI\u00d3N Y EDUCACI\u00d3N DE LOS J\u00d3VENES DE ALCAL\u00c1<\/b><\/span><\/p>\n<p class=\"p3\"><span class=\"s1\"><b>Siguiendo el proyecto de la Inspector\u00eda Salesiana Mar\u00eda Auxiliadora \u201cWeb Local\u201d en el que se pretende que todas las casas tengan todas sus plataformas un estilo \u00fanico, la Casa de Alcal\u00e1 de Guada\u00edra lanza este espacio web hoy d\u00eda 8 de diciembre. <\/b><\/span><\/p>\n<p class=\"p3\"><span class=\"s1\"><b>Para todas las personas que formamos la Congregaci\u00f3n Salesiana en el mundo el 8 de diciembre es un d\u00eda muy importante, no s\u00f3lo por la festividad de la Inmaculada Concepci\u00f3n, que tanto amaba Don Bosco, sino porque ese mismo d\u00eda del a\u00f1o 1841, \u00e9l mismo en las Memorias del Oratorio dec\u00eda que \u201cTodo comenz\u00f3 con una simple catequesis\u201d. Fue el famoso d\u00eda que se encontr\u00f3 con Bartolom\u00e9 Garelli y la Sociedad de San Francisco de Sales con un simple Ave Mar\u00eda comenz\u00f3 a rodar.<\/b><\/span><\/p>\n<p class=\"p3\"><span class=\"s1\"><b>El Carisma que dej\u00f3 Don Bosco impregnado en la Familia Salesiana es una huella inconfundible en la que su parte m\u00e1s profunda est\u00e1 orientada a los j\u00f3venes. La Casa de Alcal\u00e1 tiene innumerables proyectos pastorales recogidos en la edici\u00f3n del PEPS local que realizamos el curso pasado. A colaci\u00f3n queremos destacar un proyecto de renovaci\u00f3n de nuestra Casa que abarca todos los aspectos que hemos contemplado: Mi Colegio 2020.<\/b><\/span><\/p>\n<p class=\"p3\"><span class=\"s1\"><b>Mi Colegio 2020 es una apuesta clara por los j\u00f3venes de nuestra localidad. La sociedad ha cambiado tanto que no podemos pensar que nuestros chavales van a tener la misma oferta profesional en un futuro como la que tenemos ahora. Debemos pensar en el futuro de los j\u00f3venes y ser revolucionarios tal y como lo fue San Juan Bosco. Tener preparados a los j\u00f3venes para que sean felices, y desde la Casa de Alcal\u00e1 apostamos por las nuevas tecnolog\u00edas, la formaci\u00f3n de los agentes de pastoral, por la atenci\u00f3n a la diversidad y como no, por los deportes y las artes esc\u00e9nicas.<\/b><\/span><\/p>\n<p class=\"p3\"><span class=\"s1\"><b>Esta web que hoy lanzamos deseamos que sea la mejor plataforma de Evangelizaci\u00f3n y de Formaci\u00f3n de todos los j\u00f3venes de nuestra localidad.<\/b><\/span><\/p>\n<p>[\/et_pb_text][\/et_pb_column][\/et_pb_row][et_pb_row][et_pb_column type=\u00bb4_4&#8243;][et_pb_video _builder_version=\u00bb3.0.90&#8243; src=\u00bbhttps:\/\/www.youtube.com\/watch?v=MPgffmea_Xg\u00bb image_src=\u00bb\/\/i.ytimg.com\/vi\/MPgffmea_Xg\/hqdefault.jpg\u00bb \/][\/et_pb_column][\/et_pb_row][\/et_pb_section]<\/p>\n","protected":false},"excerpt":{"rendered":"<p><div class=\"et_pb_row et_pb_row_0 et_pb_row_empty\">\n\t\t\t\t\n\t\t\t\t\n\t\t\t\t\n\t\t\t\t\n\t\t\t\t\n\t\t\t<\/div> PLATAFORMA PARA LA EVANGELIZACI\u00d3N Y EDUCACI\u00d3N DE LOS J\u00d3VENES DE ALCAL\u00c1 Siguiendo el proyecto de la Inspector\u00eda Salesiana Mar\u00eda Auxiliadora \u201cWeb Local\u201d en el que se pretende que todas las casas tengan todas sus plataformas un estilo \u00fanico, la Casa de Alcal\u00e1 de Guada\u00edra lanza este espacio web hoy d\u00eda 8 de diciembre. Para [&hellip;]<\/p>\n","protected":false},"author":2,"featured_media":0,"comment_status":"closed","ping_status":"open","sticky":false,"template":"","format":"standard","meta":{"_et_pb_use_builder":"on","_et_pb_old_content":"","_et_gb_content_width":"","footnotes":""},"categories":[12,19,13,17,14,15,18,16,1],"tags":[],"class_list":["post-5195","post","type-post","status-publish","format-standard","hentry","category-colegio","category-escuela-abierta","category-fasa","category-infantil","category-pastoral","category-portada","category-primaria","category-secundaria","category-uncategorized"],"yoast_head":"<!-- This site is optimized with the Yoast SEO plugin v28.4 - https:\/\/yoast.com\/product\/yoast-seo-wordpress\/ -->\n<title>Nueva web local - Colegio Salesiano Alcal\u00e1<\/title>\n<meta name=\"robots\" content=\"index, follow, max-snippet:-1, max-image-preview:large, max-video-preview:-1\" \/>\n<link rel=\"canonical\" href=\"https:\/\/alcala.salesianos.edu\/colegio\/blog\/2017\/12\/08\/nueva-web-local\/\" \/>\n<meta property=\"og:locale\" content=\"es_ES\" \/>\n<meta property=\"og:type\" content=\"article\" \/>\n<meta property=\"og:title\" content=\"Nueva web local - Colegio Salesiano Alcal\u00e1\" \/>\n<meta property=\"og:description\" content=\"PLATAFORMA PARA LA EVANGELIZACI\u00d3N Y EDUCACI\u00d3N DE LOS J\u00d3VENES DE ALCAL\u00c1 Siguiendo el proyecto de la Inspector\u00eda Salesiana Mar\u00eda Auxiliadora \u201cWeb Local\u201d en el que se pretende que todas las casas tengan todas sus plataformas un estilo \u00fanico, la Casa de Alcal\u00e1 de Guada\u00edra lanza este espacio web hoy d\u00eda 8 de diciembre. Para [&hellip;]\" \/>\n<meta property=\"og:url\" content=\"https:\/\/alcala.salesianos.edu\/colegio\/blog\/2017\/12\/08\/nueva-web-local\/\" \/>\n<meta property=\"og:site_name\" content=\"Colegio Salesiano Alcal\u00e1\" \/>\n<meta property=\"article:published_time\" content=\"2017-12-08T04:25:19+00:00\" \/>\n<meta property=\"article:modified_time\" content=\"2025-08-27T08:01:52+00:00\" \/>\n<meta name=\"author\" content=\"Administrador Web\" \/>\n<meta name=\"twitter:card\" content=\"summary_large_image\" \/>\n<meta name=\"twitter:label1\" content=\"Escrito por\" \/>\n\t<meta name=\"twitter:data1\" content=\"Administrador Web\" \/>\n\t<meta name=\"twitter:label2\" content=\"Tiempo de lectura\" \/>\n\t<meta name=\"twitter:data2\" content=\"2 minutos\" \/>\n<script type=\"application\/ld+json\" class=\"yoast-schema-graph\">{\"@context\":\"https:\\\/\\\/schema.org\",\"@graph\":[{\"@type\":\"Article\",\"@id\":\"https:\\\/\\\/alcala.salesianos.edu\\\/colegio\\\/blog\\\/2017\\\/12\\\/08\\\/nueva-web-local\\\/#article\",\"isPartOf\":{\"@id\":\"https:\\\/\\\/alcala.salesianos.edu\\\/colegio\\\/blog\\\/2017\\\/12\\\/08\\\/nueva-web-local\\\/\"},\"author\":{\"name\":\"Administrador Web\",\"@id\":\"https:\\\/\\\/alcala.salesianos.edu\\\/colegio\\\/#\\\/schema\\\/person\\\/afcc24f776dc91fc2bf9afb0998fca77\"},\"headline\":\"Nueva web local\",\"datePublished\":\"2017-12-08T04:25:19+00:00\",\"dateModified\":\"2025-08-27T08:01:52+00:00\",\"mainEntityOfPage\":{\"@id\":\"https:\\\/\\\/alcala.salesianos.edu\\\/colegio\\\/blog\\\/2017\\\/12\\\/08\\\/nueva-web-local\\\/\"},\"wordCount\":474,\"articleSection\":[\"Colegio\",\"Escuela abierta\",\"FASA\",\"Infantil\",\"Pastoral\",\"Portada\",\"Primaria\",\"Secundaria\",\"Uncategorized\"],\"inLanguage\":\"es\"},{\"@type\":\"WebPage\",\"@id\":\"https:\\\/\\\/alcala.salesianos.edu\\\/colegio\\\/blog\\\/2017\\\/12\\\/08\\\/nueva-web-local\\\/\",\"url\":\"https:\\\/\\\/alcala.salesianos.edu\\\/colegio\\\/blog\\\/2017\\\/12\\\/08\\\/nueva-web-local\\\/\",\"name\":\"Nueva web local - Colegio Salesiano Alcal\u00e1\",\"isPartOf\":{\"@id\":\"https:\\\/\\\/alcala.salesianos.edu\\\/colegio\\\/#website\"},\"datePublished\":\"2017-12-08T04:25:19+00:00\",\"dateModified\":\"2025-08-27T08:01:52+00:00\",\"author\":{\"@id\":\"https:\\\/\\\/alcala.salesianos.edu\\\/colegio\\\/#\\\/schema\\\/person\\\/afcc24f776dc91fc2bf9afb0998fca77\"},\"breadcrumb\":{\"@id\":\"https:\\\/\\\/alcala.salesianos.edu\\\/colegio\\\/blog\\\/2017\\\/12\\\/08\\\/nueva-web-local\\\/#breadcrumb\"},\"inLanguage\":\"es\",\"potentialAction\":[{\"@type\":\"ReadAction\",\"target\":[\"https:\\\/\\\/alcala.salesianos.edu\\\/colegio\\\/blog\\\/2017\\\/12\\\/08\\\/nueva-web-local\\\/\"]}]},{\"@type\":\"BreadcrumbList\",\"@id\":\"https:\\\/\\\/alcala.salesianos.edu\\\/colegio\\\/blog\\\/2017\\\/12\\\/08\\\/nueva-web-local\\\/#breadcrumb\",\"itemListElement\":[{\"@type\":\"ListItem\",\"position\":1,\"name\":\"Portada\",\"item\":\"https:\\\/\\\/alcala.salesianos.edu\\\/colegio\\\/\"},{\"@type\":\"ListItem\",\"position\":2,\"name\":\"Nueva web local\"}]},{\"@type\":\"WebSite\",\"@id\":\"https:\\\/\\\/alcala.salesianos.edu\\\/colegio\\\/#website\",\"url\":\"https:\\\/\\\/alcala.salesianos.edu\\\/colegio\\\/\",\"name\":\"Colegio Salesiano Alcal\u00e1\",\"description\":\"P\u00e1gina oficial de Salesianos Alcal\u00e1 de Guadaira\",\"potentialAction\":[{\"@type\":\"SearchAction\",\"target\":{\"@type\":\"EntryPoint\",\"urlTemplate\":\"https:\\\/\\\/alcala.salesianos.edu\\\/colegio\\\/?s={search_term_string}\"},\"query-input\":{\"@type\":\"PropertyValueSpecification\",\"valueRequired\":true,\"valueName\":\"search_term_string\"}}],\"inLanguage\":\"es\"},{\"@type\":\"Person\",\"@id\":\"https:\\\/\\\/alcala.salesianos.edu\\\/colegio\\\/#\\\/schema\\\/person\\\/afcc24f776dc91fc2bf9afb0998fca77\",\"name\":\"Administrador Web\",\"image\":{\"@type\":\"ImageObject\",\"inLanguage\":\"es\",\"@id\":\"https:\\\/\\\/secure.gravatar.com\\\/avatar\\\/bc157e994689bd6da9645c00aa3bc4d55b727915b6652642660db0aef086585f?s=96&d=mm&r=g\",\"url\":\"https:\\\/\\\/secure.gravatar.com\\\/avatar\\\/bc157e994689bd6da9645c00aa3bc4d55b727915b6652642660db0aef086585f?s=96&d=mm&r=g\",\"contentUrl\":\"https:\\\/\\\/secure.gravatar.com\\\/avatar\\\/bc157e994689bd6da9645c00aa3bc4d55b727915b6652642660db0aef086585f?s=96&d=mm&r=g\",\"caption\":\"Administrador Web\"}}]}<\/script>\n<!-- \/ Yoast SEO plugin. -->","yoast_head_json":{"title":"Nueva web local - Colegio Salesiano Alcal\u00e1","robots":{"index":"index","follow":"follow","max-snippet":"max-snippet:-1","max-image-preview":"max-image-preview:large","max-video-preview":"max-video-preview:-1"},"canonical":"https:\/\/alcala.salesianos.edu\/colegio\/blog\/2017\/12\/08\/nueva-web-local\/","og_locale":"es_ES","og_type":"article","og_title":"Nueva web local - Colegio Salesiano Alcal\u00e1","og_description":"PLATAFORMA PARA LA EVANGELIZACI\u00d3N Y EDUCACI\u00d3N DE LOS J\u00d3VENES DE ALCAL\u00c1 Siguiendo el proyecto de la Inspector\u00eda Salesiana Mar\u00eda Auxiliadora \u201cWeb Local\u201d en el que se pretende que todas las casas tengan todas sus plataformas un estilo \u00fanico, la Casa de Alcal\u00e1 de Guada\u00edra lanza este espacio web hoy d\u00eda 8 de diciembre. Para [&hellip;]","og_url":"https:\/\/alcala.salesianos.edu\/colegio\/blog\/2017\/12\/08\/nueva-web-local\/","og_site_name":"Colegio Salesiano Alcal\u00e1","article_published_time":"2017-12-08T04:25:19+00:00","article_modified_time":"2025-08-27T08:01:52+00:00","author":"Administrador Web","twitter_card":"summary_large_image","twitter_misc":{"Escrito por":"Administrador Web","Tiempo de lectura":"2 minutos"},"schema":{"@context":"https:\/\/schema.org","@graph":[{"@type":"Article","@id":"https:\/\/alcala.salesianos.edu\/colegio\/blog\/2017\/12\/08\/nueva-web-local\/#article","isPartOf":{"@id":"https:\/\/alcala.salesianos.edu\/colegio\/blog\/2017\/12\/08\/nueva-web-local\/"},"author":{"name":"Administrador Web","@id":"https:\/\/alcala.salesianos.edu\/colegio\/#\/schema\/person\/afcc24f776dc91fc2bf9afb0998fca77"},"headline":"Nueva web local","datePublished":"2017-12-08T04:25:19+00:00","dateModified":"2025-08-27T08:01:52+00:00","mainEntityOfPage":{"@id":"https:\/\/alcala.salesianos.edu\/colegio\/blog\/2017\/12\/08\/nueva-web-local\/"},"wordCount":474,"articleSection":["Colegio","Escuela abierta","FASA","Infantil","Pastoral","Portada","Primaria","Secundaria","Uncategorized"],"inLanguage":"es"},{"@type":"WebPage","@id":"https:\/\/alcala.salesianos.edu\/colegio\/blog\/2017\/12\/08\/nueva-web-local\/","url":"https:\/\/alcala.salesianos.edu\/colegio\/blog\/2017\/12\/08\/nueva-web-local\/","name":"Nueva web local - Colegio Salesiano Alcal\u00e1","isPartOf":{"@id":"https:\/\/alcala.salesianos.edu\/colegio\/#website"},"datePublished":"2017-12-08T04:25:19+00:00","dateModified":"2025-08-27T08:01:52+00:00","author":{"@id":"https:\/\/alcala.salesianos.edu\/colegio\/#\/schema\/person\/afcc24f776dc91fc2bf9afb0998fca77"},"breadcrumb":{"@id":"https:\/\/alcala.salesianos.edu\/colegio\/blog\/2017\/12\/08\/nueva-web-local\/#breadcrumb"},"inLanguage":"es","potentialAction":[{"@type":"ReadAction","target":["https:\/\/alcala.salesianos.edu\/colegio\/blog\/2017\/12\/08\/nueva-web-local\/"]}]},{"@type":"BreadcrumbList","@id":"https:\/\/alcala.salesianos.edu\/colegio\/blog\/2017\/12\/08\/nueva-web-local\/#breadcrumb","itemListElement":[{"@type":"ListItem","position":1,"name":"Portada","item":"https:\/\/alcala.salesianos.edu\/colegio\/"},{"@type":"ListItem","position":2,"name":"Nueva web local"}]},{"@type":"WebSite","@id":"https:\/\/alcala.salesianos.edu\/colegio\/#website","url":"https:\/\/alcala.salesianos.edu\/colegio\/","name":"Colegio Salesiano Alcal\u00e1","description":"P\u00e1gina oficial de Salesianos Alcal\u00e1 de Guadaira","potentialAction":[{"@type":"SearchAction","target":{"@type":"EntryPoint","urlTemplate":"https:\/\/alcala.salesianos.edu\/colegio\/?s={search_term_string}"},"query-input":{"@type":"PropertyValueSpecification","valueRequired":true,"valueName":"search_term_string"}}],"inLanguage":"es"},{"@type":"Person","@id":"https:\/\/alcala.salesianos.edu\/colegio\/#\/schema\/person\/afcc24f776dc91fc2bf9afb0998fca77","name":"Administrador Web","image":{"@type":"ImageObject","inLanguage":"es","@id":"https:\/\/secure.gravatar.com\/avatar\/bc157e994689bd6da9645c00aa3bc4d55b727915b6652642660db0aef086585f?s=96&d=mm&r=g","url":"https:\/\/secure.gravatar.com\/avatar\/bc157e994689bd6da9645c00aa3bc4d55b727915b6652642660db0aef086585f?s=96&d=mm&r=g","contentUrl":"https:\/\/secure.gravatar.com\/avatar\/bc157e994689bd6da9645c00aa3bc4d55b727915b6652642660db0aef086585f?s=96&d=mm&r=g","caption":"Administrador Web"}}]}},"_links":{"self":[{"href":"https:\/\/alcala.salesianos.edu\/colegio\/wp-json\/wp\/v2\/posts\/5195","targetHints":{"allow":["GET"]}}],"collection":[{"href":"https:\/\/alcala.salesianos.edu\/colegio\/wp-json\/wp\/v2\/posts"}],"about":[{"href":"https:\/\/alcala.salesianos.edu\/colegio\/wp-json\/wp\/v2\/types\/post"}],"author":[{"embeddable":true,"href":"https:\/\/alcala.salesianos.edu\/colegio\/wp-json\/wp\/v2\/users\/2"}],"replies":[{"embeddable":true,"href":"https:\/\/alcala.salesianos.edu\/colegio\/wp-json\/wp\/v2\/comments?post=5195"}],"version-history":[{"count":3,"href":"https:\/\/alcala.salesianos.edu\/colegio\/wp-json\/wp\/v2\/posts\/5195\/revisions"}],"predecessor-version":[{"id":5263,"href":"https:\/\/alcala.salesianos.edu\/colegio\/wp-json\/wp\/v2\/posts\/5195\/revisions\/5263"}],"wp:attachment":[{"href":"https:\/\/alcala.salesianos.edu\/colegio\/wp-json\/wp\/v2\/media?parent=5195"}],"wp:term":[{"taxonomy":"category","embeddable":true,"href":"https:\/\/alcala.salesianos.edu\/colegio\/wp-json\/wp\/v2\/categories?post=5195"},{"taxonomy":"post_tag","embeddable":true,"href":"https:\/\/alcala.salesianos.edu\/colegio\/wp-json\/wp\/v2\/tags?post=5195"}],"curies":[{"name":"wp","href":"https:\/\/api.w.org\/{rel}","templated":true}]}}