{"id":5098,"date":"2017-12-05T15:58:21","date_gmt":"2017-12-05T14:58:21","guid":{"rendered":"https:\/\/alcala.salesianos.edu\/colegio\/blog\/2017\/12\/05\/formacion-permanente-del-claustro\/"},"modified":"2025-08-27T09:01:53","modified_gmt":"2025-08-27T08:01:53","slug":"formacion-permanente-del-claustro","status":"publish","type":"post","link":"https:\/\/alcala.salesianos.edu\/colegio\/blog\/2017\/12\/05\/formacion-permanente-del-claustro\/","title":{"rendered":"Formaci\u00f3n permanente del claustro"},"content":{"rendered":"<div id=\"fb-root\"><\/div>\n<p>[et_pb_section bb_built=\u00bb1&#8243;][et_pb_row][et_pb_column type=\u00bb4_4&#8243;][et_pb_text]<\/p>\n<p><span class=\"s1\">Durante el m<img loading=\"lazy\" decoding=\"async\" class=\" wp-image-4720 alignleft\" src=\"https:\/\/alcala.salesianos.edu\/wp-content\/uploads\/2017\/12\/24059657_1781819378556810_8609125173445537490_o-150x150.jpg\" alt=\"\" width=\"240\" height=\"240\" \/>es de noviembre el claustro de profesores de nuestro centro ha recibido diversas formaciones.<\/span><\/p>\n<p><span class=\"s1\">El martes 7 de noviembre se llev\u00f3 a cabo la formaci\u00f3n para (EI y EP)<span class=\"Apple-converted-space\">\u00a0\u00a0<\/span>titulada \u00abLa acci\u00f3n tutorial y la acci\u00f3n docente en el marco de una\u00a0escuela en pastoral\u00bb Se analizaron los principales elementos de una escuela en Pastoral para poderlos aplicar a una nueva y necesaria visi\u00f3n de nuestra Casa. Agust\u00edn de la Cruz, director del colegio de Montilla fue el encargado de impartirla as\u00ed como para ESO el d\u00eda 14.<\/span><\/p>\n<p><span class=\"s1\">Manuel Redondo, orientador y profesor de ESO del colegio Mar\u00eda Auxiliadora de Algeciras\u00a0 llev\u00f3 a cabo para EI Y EP \u00a0 \u201cRutinas y destrezas de pensamiento\u00bb d\u00f3nde\u00a0reflexionamos sobre la manera en que abordamos el trabajo en el aula y el efecto sobre aprendizaje de los alumnos.\u00a0(Martes 14)<\/span><\/p>\n<p><span class=\"s1\">Las tardes del 21 y 28 Manuela Callejas, profesora de Secundaria en la L\u00ednea imparti\u00f3 Aprendizaje Cooperativo cuyo objetivo principal fue \u00a0comprender y manejar estrategias de aula trabajando en Cooperativo. Estaba orientada a ESO.<\/span><\/p>\n<p><span class=\"s1\">Estos mismos d\u00edas, Miguel \u00c1ngel Ruiz, tambi\u00e9n del colegio San Juan Bosco de la L\u00ednea,\u00a0 fue el encargado de la formaci\u00f3n en ABN para EI y EP d\u00f3nde se proporcionaron ideas, recursos y metodolog\u00edas de trabajo para mejorar la competencia matem\u00e1tica.\u00a0<\/span><\/p>\n<p><span class=\"s1\">Durante este primer trimestre algunos profesores del centro tambi\u00e9n se han estado formando den el C.E.P. de Alcal\u00e1 de Guada\u00edra en cursos de actualizaci\u00f3n ling\u00fc\u00edstica y algoritmos abn y tambi\u00e9n un curso a trav\u00e9s de la editorial Oxford llamado \u201cNouvelle formation pour les professeurs de fran\u00e7ais du primaire, d\u2019Andalousie\u201d.<\/span><\/p>\n<p><span class=\"s1\">Toda esta actualizaci\u00f3n es una apuesta clara por parte del claustro para que los alumnos tengan un mejor futuro, un colegio con miras a Mi Colegio 2020 un ambicioso proyecto por y para nuestros alumnos.<\/span><\/p>\n<p>[\/et_pb_text][\/et_pb_column][\/et_pb_row][et_pb_row][et_pb_column type=\u00bb1_2&#8243;][et_pb_image _builder_version=\u00bb3.0.89&#8243; src=\u00bbhttps:\/\/alcala.salesianos.edu\/wp-content\/uploads\/2017\/12\/23622303_1762620477143367_738506069460279879_n.jpg\u00bb show_in_lightbox=\u00bboff\u00bb url_new_window=\u00bboff\u00bb use_overlay=\u00bboff\u00bb always_center_on_mobile=\u00bbon\u00bb force_fullwidth=\u00bboff\u00bb show_bottom_space=\u00bbon\u00bb \/][\/et_pb_column][et_pb_column type=\u00bb1_2&#8243;][et_pb_image _builder_version=\u00bb3.0.89&#8243; src=\u00bbhttps:\/\/alcala.salesianos.edu\/wp-content\/uploads\/2017\/12\/24059575_1781819388556809_5270270749876125884_o.jpg\u00bb show_in_lightbox=\u00bboff\u00bb url_new_window=\u00bboff\u00bb use_overlay=\u00bboff\u00bb always_center_on_mobile=\u00bbon\u00bb force_fullwidth=\u00bboff\u00bb show_bottom_space=\u00bbon\u00bb \/][\/et_pb_column][\/et_pb_row][\/et_pb_section]<\/p>\n","protected":false},"excerpt":{"rendered":"<p><div class=\"et_pb_row et_pb_row_0 et_pb_row_empty\">\n\t\t\t\t\n\t\t\t\t\n\t\t\t\t\n\t\t\t\t\n\t\t\t\t\n\t\t\t<\/div><div class=\"et_pb_module et_pb_text et_pb_text_0  et_pb_text_align_left et_pb_bg_layout_light\">\n\t\t\t\t\n\t\t\t\t\n\t\t\t\t\n\t\t\t\t\n\t\t\t\t\n\t\t\t<\/div> Durante el mes de noviembre el claustro de profesores de nuestro centro ha recibido diversas formaciones. El martes 7 de noviembre se llev\u00f3 a cabo la formaci\u00f3n para (EI y EP)\u00a0\u00a0titulada \u00abLa acci\u00f3n tutorial y la acci\u00f3n docente en el marco de una\u00a0escuela en pastoral\u00bb Se analizaron los principales elementos de una escuela en [&hellip;]<\/p>\n","protected":false},"author":2,"featured_media":0,"comment_status":"closed","ping_status":"open","sticky":false,"template":"","format":"standard","meta":{"_et_pb_use_builder":"on","_et_pb_old_content":"<p><span class=\"s1\">Durante el m<img class=\" wp-image-4720 alignleft\" src=\"https:\/\/alcala.salesianos.edu\/wp-content\/uploads\/2017\/12\/24059657_1781819378556810_8609125173445537490_o-150x150.jpg\" alt=\"\" width=\"240\" height=\"240\" \/>es de noviembre el claustro de profesores de nuestro centro ha recibido diversas formaciones.<\/span><\/p><p><span class=\"s1\">El martes 7 de noviembre se llev\u00f3 a cabo la formaci\u00f3n para (EI y EP)<span class=\"Apple-converted-space\">\u00a0\u00a0<\/span>titulada \"La acci\u00f3n tutorial y la acci\u00f3n docente en el marco de una\u00a0escuela en pastoral\" Se analizaron los principales elementos de una escuela en Pastoral para poderlos aplicar a una nueva y necesaria visi\u00f3n de nuestra Casa. Agust\u00edn de la Cruz, director del colegio de Montilla fue el encargado de impartirla as\u00ed como para ESO el d\u00eda 14.<\/span><\/p><p><span class=\"s1\">Manuel Redondo, orientador y profesor de ESO del colegio Mar\u00eda Auxiliadora de Algeciras\u00a0 llev\u00f3 a cabo para EI Y EP \u00a0 \u201cRutinas y destrezas de pensamiento\" d\u00f3nde\u00a0reflexionamos sobre la manera en que abordamos el trabajo en el aula y el efecto sobre aprendizaje de los alumnos.\u00a0(Martes 14)<\/span><\/p><p><span class=\"s1\">Las tardes del 21 y 28 Manuela Callejas, profesora de Secundaria en la L\u00ednea imparti\u00f3 Aprendizaje Cooperativo cuyo objetivo principal fue \u00a0comprender y manejar estrategias de aula trabajando en Cooperativo. Estaba orientada a ESO.<\/span><\/p><p><span class=\"s1\">Estos mismos d\u00edas, Miguel \u00c1ngel Ruiz, tambi\u00e9n del colegio San Juan Bosco de la L\u00ednea,\u00a0 fue el encargado de la formaci\u00f3n en ABN para EI y EP d\u00f3nde se proporcionaron ideas, recursos y metodolog\u00edas de trabajo para mejorar la competencia matem\u00e1tica.\u00a0<\/span><\/p><p><span class=\"s1\">Durante este primer trimestre algunos profesores del centro tambi\u00e9n se han estado formando den el C.E.P. de Alcal\u00e1 de Guada\u00edra en cursos de actualizaci\u00f3n ling\u00fc\u00edstica y algoritmos abn y tambi\u00e9n un curso a trav\u00e9s de la editorial Oxford llamado \u201cNouvelle formation pour les professeurs de fran\u00e7ais du primaire, d\u2019Andalousie\u201d.<\/span><\/p><p><span class=\"s1\">Toda esta actualizaci\u00f3n es una apuesta clara por parte del claustro para que los alumnos tengan un mejor futuro, un colegio con miras a Mi Colegio 2020 un ambicioso proyecto por y para nuestros alumnos.<\/span><\/p>","_et_gb_content_width":"","footnotes":""},"categories":[12,17,18,16,1],"tags":[],"class_list":["post-5098","post","type-post","status-publish","format-standard","hentry","category-colegio","category-infantil","category-primaria","category-secundaria","category-uncategorized"],"yoast_head":"<!-- This site is optimized with the Yoast SEO plugin v28.4 - https:\/\/yoast.com\/product\/yoast-seo-wordpress\/ -->\n<title>Formaci\u00f3n permanente del claustro - Colegio Salesiano Alcal\u00e1<\/title>\n<meta name=\"robots\" content=\"index, follow, max-snippet:-1, max-image-preview:large, max-video-preview:-1\" \/>\n<link rel=\"canonical\" href=\"https:\/\/alcala.salesianos.edu\/colegio\/blog\/2017\/12\/05\/formacion-permanente-del-claustro\/\" \/>\n<meta property=\"og:locale\" content=\"es_ES\" \/>\n<meta property=\"og:type\" content=\"article\" \/>\n<meta property=\"og:title\" content=\"Formaci\u00f3n permanente del claustro - Colegio Salesiano Alcal\u00e1\" \/>\n<meta property=\"og:description\" content=\"Durante el mes de noviembre el claustro de profesores de nuestro centro ha recibido diversas formaciones. El martes 7 de noviembre se llev\u00f3 a cabo la formaci\u00f3n para (EI y EP)\u00a0\u00a0titulada &quot;La acci\u00f3n tutorial y la acci\u00f3n docente en el marco de una\u00a0escuela en pastoral&quot; Se analizaron los principales elementos de una escuela en [&hellip;]\" \/>\n<meta property=\"og:url\" content=\"https:\/\/alcala.salesianos.edu\/colegio\/blog\/2017\/12\/05\/formacion-permanente-del-claustro\/\" \/>\n<meta property=\"og:site_name\" content=\"Colegio Salesiano Alcal\u00e1\" \/>\n<meta property=\"article:published_time\" content=\"2017-12-05T14:58:21+00:00\" \/>\n<meta property=\"article:modified_time\" content=\"2025-08-27T08:01:53+00:00\" \/>\n<meta name=\"author\" content=\"Administrador Web\" \/>\n<meta name=\"twitter:card\" content=\"summary_large_image\" \/>\n<meta name=\"twitter:label1\" content=\"Escrito por\" \/>\n\t<meta name=\"twitter:data1\" content=\"Administrador Web\" \/>\n\t<meta name=\"twitter:label2\" content=\"Tiempo de lectura\" \/>\n\t<meta name=\"twitter:data2\" content=\"2 minutos\" \/>\n<script type=\"application\/ld+json\" class=\"yoast-schema-graph\">{\"@context\":\"https:\\\/\\\/schema.org\",\"@graph\":[{\"@type\":\"Article\",\"@id\":\"https:\\\/\\\/alcala.salesianos.edu\\\/colegio\\\/blog\\\/2017\\\/12\\\/05\\\/formacion-permanente-del-claustro\\\/#article\",\"isPartOf\":{\"@id\":\"https:\\\/\\\/alcala.salesianos.edu\\\/colegio\\\/blog\\\/2017\\\/12\\\/05\\\/formacion-permanente-del-claustro\\\/\"},\"author\":{\"name\":\"Administrador Web\",\"@id\":\"https:\\\/\\\/alcala.salesianos.edu\\\/colegio\\\/#\\\/schema\\\/person\\\/afcc24f776dc91fc2bf9afb0998fca77\"},\"headline\":\"Formaci\u00f3n permanente del claustro\",\"datePublished\":\"2017-12-05T14:58:21+00:00\",\"dateModified\":\"2025-08-27T08:01:53+00:00\",\"mainEntityOfPage\":{\"@id\":\"https:\\\/\\\/alcala.salesianos.edu\\\/colegio\\\/blog\\\/2017\\\/12\\\/05\\\/formacion-permanente-del-claustro\\\/\"},\"wordCount\":444,\"image\":{\"@id\":\"https:\\\/\\\/alcala.salesianos.edu\\\/colegio\\\/blog\\\/2017\\\/12\\\/05\\\/formacion-permanente-del-claustro\\\/#primaryimage\"},\"thumbnailUrl\":\"https:\\\/\\\/alcala.salesianos.edu\\\/wp-content\\\/uploads\\\/2017\\\/12\\\/24059657_1781819378556810_8609125173445537490_o-150x150.jpg\",\"articleSection\":[\"Colegio\",\"Infantil\",\"Primaria\",\"Secundaria\",\"Uncategorized\"],\"inLanguage\":\"es\"},{\"@type\":\"WebPage\",\"@id\":\"https:\\\/\\\/alcala.salesianos.edu\\\/colegio\\\/blog\\\/2017\\\/12\\\/05\\\/formacion-permanente-del-claustro\\\/\",\"url\":\"https:\\\/\\\/alcala.salesianos.edu\\\/colegio\\\/blog\\\/2017\\\/12\\\/05\\\/formacion-permanente-del-claustro\\\/\",\"name\":\"Formaci\u00f3n permanente del claustro - Colegio Salesiano Alcal\u00e1\",\"isPartOf\":{\"@id\":\"https:\\\/\\\/alcala.salesianos.edu\\\/colegio\\\/#website\"},\"primaryImageOfPage\":{\"@id\":\"https:\\\/\\\/alcala.salesianos.edu\\\/colegio\\\/blog\\\/2017\\\/12\\\/05\\\/formacion-permanente-del-claustro\\\/#primaryimage\"},\"image\":{\"@id\":\"https:\\\/\\\/alcala.salesianos.edu\\\/colegio\\\/blog\\\/2017\\\/12\\\/05\\\/formacion-permanente-del-claustro\\\/#primaryimage\"},\"thumbnailUrl\":\"https:\\\/\\\/alcala.salesianos.edu\\\/wp-content\\\/uploads\\\/2017\\\/12\\\/24059657_1781819378556810_8609125173445537490_o-150x150.jpg\",\"datePublished\":\"2017-12-05T14:58:21+00:00\",\"dateModified\":\"2025-08-27T08:01:53+00:00\",\"author\":{\"@id\":\"https:\\\/\\\/alcala.salesianos.edu\\\/colegio\\\/#\\\/schema\\\/person\\\/afcc24f776dc91fc2bf9afb0998fca77\"},\"breadcrumb\":{\"@id\":\"https:\\\/\\\/alcala.salesianos.edu\\\/colegio\\\/blog\\\/2017\\\/12\\\/05\\\/formacion-permanente-del-claustro\\\/#breadcrumb\"},\"inLanguage\":\"es\",\"potentialAction\":[{\"@type\":\"ReadAction\",\"target\":[\"https:\\\/\\\/alcala.salesianos.edu\\\/colegio\\\/blog\\\/2017\\\/12\\\/05\\\/formacion-permanente-del-claustro\\\/\"]}]},{\"@type\":\"ImageObject\",\"inLanguage\":\"es\",\"@id\":\"https:\\\/\\\/alcala.salesianos.edu\\\/colegio\\\/blog\\\/2017\\\/12\\\/05\\\/formacion-permanente-del-claustro\\\/#primaryimage\",\"url\":\"https:\\\/\\\/alcala.salesianos.edu\\\/wp-content\\\/uploads\\\/2017\\\/12\\\/24059657_1781819378556810_8609125173445537490_o-150x150.jpg\",\"contentUrl\":\"https:\\\/\\\/alcala.salesianos.edu\\\/wp-content\\\/uploads\\\/2017\\\/12\\\/24059657_1781819378556810_8609125173445537490_o-150x150.jpg\"},{\"@type\":\"BreadcrumbList\",\"@id\":\"https:\\\/\\\/alcala.salesianos.edu\\\/colegio\\\/blog\\\/2017\\\/12\\\/05\\\/formacion-permanente-del-claustro\\\/#breadcrumb\",\"itemListElement\":[{\"@type\":\"ListItem\",\"position\":1,\"name\":\"Portada\",\"item\":\"https:\\\/\\\/alcala.salesianos.edu\\\/colegio\\\/\"},{\"@type\":\"ListItem\",\"position\":2,\"name\":\"Formaci\u00f3n permanente del claustro\"}]},{\"@type\":\"WebSite\",\"@id\":\"https:\\\/\\\/alcala.salesianos.edu\\\/colegio\\\/#website\",\"url\":\"https:\\\/\\\/alcala.salesianos.edu\\\/colegio\\\/\",\"name\":\"Colegio Salesiano Alcal\u00e1\",\"description\":\"P\u00e1gina oficial de Salesianos Alcal\u00e1 de Guadaira\",\"potentialAction\":[{\"@type\":\"SearchAction\",\"target\":{\"@type\":\"EntryPoint\",\"urlTemplate\":\"https:\\\/\\\/alcala.salesianos.edu\\\/colegio\\\/?s={search_term_string}\"},\"query-input\":{\"@type\":\"PropertyValueSpecification\",\"valueRequired\":true,\"valueName\":\"search_term_string\"}}],\"inLanguage\":\"es\"},{\"@type\":\"Person\",\"@id\":\"https:\\\/\\\/alcala.salesianos.edu\\\/colegio\\\/#\\\/schema\\\/person\\\/afcc24f776dc91fc2bf9afb0998fca77\",\"name\":\"Administrador Web\",\"image\":{\"@type\":\"ImageObject\",\"inLanguage\":\"es\",\"@id\":\"https:\\\/\\\/secure.gravatar.com\\\/avatar\\\/bc157e994689bd6da9645c00aa3bc4d55b727915b6652642660db0aef086585f?s=96&d=mm&r=g\",\"url\":\"https:\\\/\\\/secure.gravatar.com\\\/avatar\\\/bc157e994689bd6da9645c00aa3bc4d55b727915b6652642660db0aef086585f?s=96&d=mm&r=g\",\"contentUrl\":\"https:\\\/\\\/secure.gravatar.com\\\/avatar\\\/bc157e994689bd6da9645c00aa3bc4d55b727915b6652642660db0aef086585f?s=96&d=mm&r=g\",\"caption\":\"Administrador Web\"}}]}<\/script>\n<!-- \/ Yoast SEO plugin. -->","yoast_head_json":{"title":"Formaci\u00f3n permanente del claustro - Colegio Salesiano Alcal\u00e1","robots":{"index":"index","follow":"follow","max-snippet":"max-snippet:-1","max-image-preview":"max-image-preview:large","max-video-preview":"max-video-preview:-1"},"canonical":"https:\/\/alcala.salesianos.edu\/colegio\/blog\/2017\/12\/05\/formacion-permanente-del-claustro\/","og_locale":"es_ES","og_type":"article","og_title":"Formaci\u00f3n permanente del claustro - Colegio Salesiano Alcal\u00e1","og_description":"Durante el mes de noviembre el claustro de profesores de nuestro centro ha recibido diversas formaciones. El martes 7 de noviembre se llev\u00f3 a cabo la formaci\u00f3n para (EI y EP)\u00a0\u00a0titulada \"La acci\u00f3n tutorial y la acci\u00f3n docente en el marco de una\u00a0escuela en pastoral\" Se analizaron los principales elementos de una escuela en [&hellip;]","og_url":"https:\/\/alcala.salesianos.edu\/colegio\/blog\/2017\/12\/05\/formacion-permanente-del-claustro\/","og_site_name":"Colegio Salesiano Alcal\u00e1","article_published_time":"2017-12-05T14:58:21+00:00","article_modified_time":"2025-08-27T08:01:53+00:00","author":"Administrador Web","twitter_card":"summary_large_image","twitter_misc":{"Escrito por":"Administrador Web","Tiempo de lectura":"2 minutos"},"schema":{"@context":"https:\/\/schema.org","@graph":[{"@type":"Article","@id":"https:\/\/alcala.salesianos.edu\/colegio\/blog\/2017\/12\/05\/formacion-permanente-del-claustro\/#article","isPartOf":{"@id":"https:\/\/alcala.salesianos.edu\/colegio\/blog\/2017\/12\/05\/formacion-permanente-del-claustro\/"},"author":{"name":"Administrador Web","@id":"https:\/\/alcala.salesianos.edu\/colegio\/#\/schema\/person\/afcc24f776dc91fc2bf9afb0998fca77"},"headline":"Formaci\u00f3n permanente del claustro","datePublished":"2017-12-05T14:58:21+00:00","dateModified":"2025-08-27T08:01:53+00:00","mainEntityOfPage":{"@id":"https:\/\/alcala.salesianos.edu\/colegio\/blog\/2017\/12\/05\/formacion-permanente-del-claustro\/"},"wordCount":444,"image":{"@id":"https:\/\/alcala.salesianos.edu\/colegio\/blog\/2017\/12\/05\/formacion-permanente-del-claustro\/#primaryimage"},"thumbnailUrl":"https:\/\/alcala.salesianos.edu\/wp-content\/uploads\/2017\/12\/24059657_1781819378556810_8609125173445537490_o-150x150.jpg","articleSection":["Colegio","Infantil","Primaria","Secundaria","Uncategorized"],"inLanguage":"es"},{"@type":"WebPage","@id":"https:\/\/alcala.salesianos.edu\/colegio\/blog\/2017\/12\/05\/formacion-permanente-del-claustro\/","url":"https:\/\/alcala.salesianos.edu\/colegio\/blog\/2017\/12\/05\/formacion-permanente-del-claustro\/","name":"Formaci\u00f3n permanente del claustro - Colegio Salesiano Alcal\u00e1","isPartOf":{"@id":"https:\/\/alcala.salesianos.edu\/colegio\/#website"},"primaryImageOfPage":{"@id":"https:\/\/alcala.salesianos.edu\/colegio\/blog\/2017\/12\/05\/formacion-permanente-del-claustro\/#primaryimage"},"image":{"@id":"https:\/\/alcala.salesianos.edu\/colegio\/blog\/2017\/12\/05\/formacion-permanente-del-claustro\/#primaryimage"},"thumbnailUrl":"https:\/\/alcala.salesianos.edu\/wp-content\/uploads\/2017\/12\/24059657_1781819378556810_8609125173445537490_o-150x150.jpg","datePublished":"2017-12-05T14:58:21+00:00","dateModified":"2025-08-27T08:01:53+00:00","author":{"@id":"https:\/\/alcala.salesianos.edu\/colegio\/#\/schema\/person\/afcc24f776dc91fc2bf9afb0998fca77"},"breadcrumb":{"@id":"https:\/\/alcala.salesianos.edu\/colegio\/blog\/2017\/12\/05\/formacion-permanente-del-claustro\/#breadcrumb"},"inLanguage":"es","potentialAction":[{"@type":"ReadAction","target":["https:\/\/alcala.salesianos.edu\/colegio\/blog\/2017\/12\/05\/formacion-permanente-del-claustro\/"]}]},{"@type":"ImageObject","inLanguage":"es","@id":"https:\/\/alcala.salesianos.edu\/colegio\/blog\/2017\/12\/05\/formacion-permanente-del-claustro\/#primaryimage","url":"https:\/\/alcala.salesianos.edu\/wp-content\/uploads\/2017\/12\/24059657_1781819378556810_8609125173445537490_o-150x150.jpg","contentUrl":"https:\/\/alcala.salesianos.edu\/wp-content\/uploads\/2017\/12\/24059657_1781819378556810_8609125173445537490_o-150x150.jpg"},{"@type":"BreadcrumbList","@id":"https:\/\/alcala.salesianos.edu\/colegio\/blog\/2017\/12\/05\/formacion-permanente-del-claustro\/#breadcrumb","itemListElement":[{"@type":"ListItem","position":1,"name":"Portada","item":"https:\/\/alcala.salesianos.edu\/colegio\/"},{"@type":"ListItem","position":2,"name":"Formaci\u00f3n permanente del claustro"}]},{"@type":"WebSite","@id":"https:\/\/alcala.salesianos.edu\/colegio\/#website","url":"https:\/\/alcala.salesianos.edu\/colegio\/","name":"Colegio Salesiano Alcal\u00e1","description":"P\u00e1gina oficial de Salesianos Alcal\u00e1 de Guadaira","potentialAction":[{"@type":"SearchAction","target":{"@type":"EntryPoint","urlTemplate":"https:\/\/alcala.salesianos.edu\/colegio\/?s={search_term_string}"},"query-input":{"@type":"PropertyValueSpecification","valueRequired":true,"valueName":"search_term_string"}}],"inLanguage":"es"},{"@type":"Person","@id":"https:\/\/alcala.salesianos.edu\/colegio\/#\/schema\/person\/afcc24f776dc91fc2bf9afb0998fca77","name":"Administrador Web","image":{"@type":"ImageObject","inLanguage":"es","@id":"https:\/\/secure.gravatar.com\/avatar\/bc157e994689bd6da9645c00aa3bc4d55b727915b6652642660db0aef086585f?s=96&d=mm&r=g","url":"https:\/\/secure.gravatar.com\/avatar\/bc157e994689bd6da9645c00aa3bc4d55b727915b6652642660db0aef086585f?s=96&d=mm&r=g","contentUrl":"https:\/\/secure.gravatar.com\/avatar\/bc157e994689bd6da9645c00aa3bc4d55b727915b6652642660db0aef086585f?s=96&d=mm&r=g","caption":"Administrador Web"}}]}},"_links":{"self":[{"href":"https:\/\/alcala.salesianos.edu\/colegio\/wp-json\/wp\/v2\/posts\/5098","targetHints":{"allow":["GET"]}}],"collection":[{"href":"https:\/\/alcala.salesianos.edu\/colegio\/wp-json\/wp\/v2\/posts"}],"about":[{"href":"https:\/\/alcala.salesianos.edu\/colegio\/wp-json\/wp\/v2\/types\/post"}],"author":[{"embeddable":true,"href":"https:\/\/alcala.salesianos.edu\/colegio\/wp-json\/wp\/v2\/users\/2"}],"replies":[{"embeddable":true,"href":"https:\/\/alcala.salesianos.edu\/colegio\/wp-json\/wp\/v2\/comments?post=5098"}],"version-history":[{"count":8,"href":"https:\/\/alcala.salesianos.edu\/colegio\/wp-json\/wp\/v2\/posts\/5098\/revisions"}],"predecessor-version":[{"id":16541,"href":"https:\/\/alcala.salesianos.edu\/colegio\/wp-json\/wp\/v2\/posts\/5098\/revisions\/16541"}],"wp:attachment":[{"href":"https:\/\/alcala.salesianos.edu\/colegio\/wp-json\/wp\/v2\/media?parent=5098"}],"wp:term":[{"taxonomy":"category","embeddable":true,"href":"https:\/\/alcala.salesianos.edu\/colegio\/wp-json\/wp\/v2\/categories?post=5098"},{"taxonomy":"post_tag","embeddable":true,"href":"https:\/\/alcala.salesianos.edu\/colegio\/wp-json\/wp\/v2\/tags?post=5098"}],"curies":[{"name":"wp","href":"https:\/\/api.w.org\/{rel}","templated":true}]}}