{"id":5093,"date":"2017-12-05T15:54:33","date_gmt":"2017-12-05T14:54:33","guid":{"rendered":"https:\/\/alcala.salesianos.edu\/colegio\/blog\/2017\/12\/05\/x-pregon-de-navidad\/"},"modified":"2025-08-27T09:01:53","modified_gmt":"2025-08-27T08:01:53","slug":"x-pregon-de-navidad","status":"publish","type":"post","link":"https:\/\/alcala.salesianos.edu\/colegio\/blog\/2017\/12\/05\/x-pregon-de-navidad\/","title":{"rendered":"X Preg\u00f3n de Navidad"},"content":{"rendered":"<div id=\"fb-root\"><\/div>\n<p>El pr\u00f3ximo jueves, 21 de diciembre de 2017 a las 20.30 horas se celebrar\u00e1 el X Preg\u00f3n de Navidad en nuestra Capilla. El encargado de pregonar el nacimiento de Jes\u00fas ser\u00e1 nuestro profesor Don Enrique Ruiz Portillo.<\/p>\n<p><img loading=\"lazy\" decoding=\"async\" class=\" wp-image-4715 alignright\" src=\"https:\/\/alcala.salesianos.edu\/wp-content\/uploads\/2017\/12\/PRESENTACIONLIBROM.AUXILIADORA063-150x150.jpg\" alt=\"\" width=\"258\" height=\"258\" \/><\/p>\n<p>En dicho acto intervendr\u00e1n los alumnos de 6\u00ba de Educaci\u00f3n Primaria y 4\u00ba de Educaci\u00f3n Secundaria Obligatoria cantando sus respectivos villancicos. Este acto ser\u00e1 el c\u00falmen de todos los actos que realizaremos en nuestra Casa como preparaci\u00f3n a la Venida del Salvador.<\/p>\n<p>En los pr\u00f3ximos d\u00edas se publicar\u00e1 el d\u00edptico con todo el calendario de actos que durante el adviento\u00a0 celebraremos en torno al nacimiento del Mes\u00edas.<\/p>\n","protected":false},"excerpt":{"rendered":"<p>El pr\u00f3ximo jueves, 21 de diciembre de 2017 a las 20.30 horas se celebrar\u00e1 el X Preg\u00f3n de Navidad en nuestra Capilla. El encargado de pregonar el nacimiento de Jes\u00fas ser\u00e1 nuestro profesor Don Enrique Ruiz Portillo. En dicho acto intervendr\u00e1n los alumnos de 6\u00ba de Educaci\u00f3n Primaria y 4\u00ba de Educaci\u00f3n Secundaria Obligatoria cantando [&hellip;]<\/p>\n","protected":false},"author":2,"featured_media":0,"comment_status":"closed","ping_status":"open","sticky":false,"template":"","format":"standard","meta":{"_et_pb_use_builder":"","_et_pb_old_content":"","_et_gb_content_width":"","footnotes":""},"categories":[12,13,17,14,18,16],"tags":[],"class_list":["post-5093","post","type-post","status-publish","format-standard","hentry","category-colegio","category-fasa","category-infantil","category-pastoral","category-primaria","category-secundaria"],"yoast_head":"<!-- This site is optimized with the Yoast SEO plugin v28.4 - https:\/\/yoast.com\/product\/yoast-seo-wordpress\/ -->\n<title>X Preg\u00f3n de Navidad - Colegio Salesiano Alcal\u00e1<\/title>\n<meta name=\"robots\" content=\"index, follow, max-snippet:-1, max-image-preview:large, max-video-preview:-1\" \/>\n<link rel=\"canonical\" href=\"https:\/\/alcala.salesianos.edu\/colegio\/blog\/2017\/12\/05\/x-pregon-de-navidad\/\" \/>\n<meta property=\"og:locale\" content=\"es_ES\" \/>\n<meta property=\"og:type\" content=\"article\" \/>\n<meta property=\"og:title\" content=\"X Preg\u00f3n de Navidad - Colegio Salesiano Alcal\u00e1\" \/>\n<meta property=\"og:description\" content=\"El pr\u00f3ximo jueves, 21 de diciembre de 2017 a las 20.30 horas se celebrar\u00e1 el X Preg\u00f3n de Navidad en nuestra Capilla. El encargado de pregonar el nacimiento de Jes\u00fas ser\u00e1 nuestro profesor Don Enrique Ruiz Portillo. En dicho acto intervendr\u00e1n los alumnos de 6\u00ba de Educaci\u00f3n Primaria y 4\u00ba de Educaci\u00f3n Secundaria Obligatoria cantando [&hellip;]\" \/>\n<meta property=\"og:url\" content=\"https:\/\/alcala.salesianos.edu\/colegio\/blog\/2017\/12\/05\/x-pregon-de-navidad\/\" \/>\n<meta property=\"og:site_name\" content=\"Colegio Salesiano Alcal\u00e1\" \/>\n<meta property=\"article:published_time\" content=\"2017-12-05T14:54:33+00:00\" \/>\n<meta property=\"article:modified_time\" content=\"2025-08-27T08:01:53+00:00\" \/>\n<meta name=\"author\" content=\"Administrador Web\" \/>\n<meta name=\"twitter:card\" content=\"summary_large_image\" \/>\n<meta name=\"twitter:label1\" content=\"Escrito por\" \/>\n\t<meta name=\"twitter:data1\" content=\"Administrador Web\" \/>\n\t<meta name=\"twitter:label2\" content=\"Tiempo de lectura\" \/>\n\t<meta name=\"twitter:data2\" content=\"1 minuto\" \/>\n<script type=\"application\/ld+json\" class=\"yoast-schema-graph\">{\"@context\":\"https:\\\/\\\/schema.org\",\"@graph\":[{\"@type\":\"Article\",\"@id\":\"https:\\\/\\\/alcala.salesianos.edu\\\/colegio\\\/blog\\\/2017\\\/12\\\/05\\\/x-pregon-de-navidad\\\/#article\",\"isPartOf\":{\"@id\":\"https:\\\/\\\/alcala.salesianos.edu\\\/colegio\\\/blog\\\/2017\\\/12\\\/05\\\/x-pregon-de-navidad\\\/\"},\"author\":{\"name\":\"Administrador Web\",\"@id\":\"https:\\\/\\\/alcala.salesianos.edu\\\/colegio\\\/#\\\/schema\\\/person\\\/afcc24f776dc91fc2bf9afb0998fca77\"},\"headline\":\"X Preg\u00f3n de Navidad\",\"datePublished\":\"2017-12-05T14:54:33+00:00\",\"dateModified\":\"2025-08-27T08:01:53+00:00\",\"mainEntityOfPage\":{\"@id\":\"https:\\\/\\\/alcala.salesianos.edu\\\/colegio\\\/blog\\\/2017\\\/12\\\/05\\\/x-pregon-de-navidad\\\/\"},\"wordCount\":116,\"image\":{\"@id\":\"https:\\\/\\\/alcala.salesianos.edu\\\/colegio\\\/blog\\\/2017\\\/12\\\/05\\\/x-pregon-de-navidad\\\/#primaryimage\"},\"thumbnailUrl\":\"https:\\\/\\\/alcala.salesianos.edu\\\/wp-content\\\/uploads\\\/2017\\\/12\\\/PRESENTACIONLIBROM.AUXILIADORA063-150x150.jpg\",\"articleSection\":[\"Colegio\",\"FASA\",\"Infantil\",\"Pastoral\",\"Primaria\",\"Secundaria\"],\"inLanguage\":\"es\"},{\"@type\":\"WebPage\",\"@id\":\"https:\\\/\\\/alcala.salesianos.edu\\\/colegio\\\/blog\\\/2017\\\/12\\\/05\\\/x-pregon-de-navidad\\\/\",\"url\":\"https:\\\/\\\/alcala.salesianos.edu\\\/colegio\\\/blog\\\/2017\\\/12\\\/05\\\/x-pregon-de-navidad\\\/\",\"name\":\"X Preg\u00f3n de Navidad - Colegio Salesiano Alcal\u00e1\",\"isPartOf\":{\"@id\":\"https:\\\/\\\/alcala.salesianos.edu\\\/colegio\\\/#website\"},\"primaryImageOfPage\":{\"@id\":\"https:\\\/\\\/alcala.salesianos.edu\\\/colegio\\\/blog\\\/2017\\\/12\\\/05\\\/x-pregon-de-navidad\\\/#primaryimage\"},\"image\":{\"@id\":\"https:\\\/\\\/alcala.salesianos.edu\\\/colegio\\\/blog\\\/2017\\\/12\\\/05\\\/x-pregon-de-navidad\\\/#primaryimage\"},\"thumbnailUrl\":\"https:\\\/\\\/alcala.salesianos.edu\\\/wp-content\\\/uploads\\\/2017\\\/12\\\/PRESENTACIONLIBROM.AUXILIADORA063-150x150.jpg\",\"datePublished\":\"2017-12-05T14:54:33+00:00\",\"dateModified\":\"2025-08-27T08:01:53+00:00\",\"author\":{\"@id\":\"https:\\\/\\\/alcala.salesianos.edu\\\/colegio\\\/#\\\/schema\\\/person\\\/afcc24f776dc91fc2bf9afb0998fca77\"},\"breadcrumb\":{\"@id\":\"https:\\\/\\\/alcala.salesianos.edu\\\/colegio\\\/blog\\\/2017\\\/12\\\/05\\\/x-pregon-de-navidad\\\/#breadcrumb\"},\"inLanguage\":\"es\",\"potentialAction\":[{\"@type\":\"ReadAction\",\"target\":[\"https:\\\/\\\/alcala.salesianos.edu\\\/colegio\\\/blog\\\/2017\\\/12\\\/05\\\/x-pregon-de-navidad\\\/\"]}]},{\"@type\":\"ImageObject\",\"inLanguage\":\"es\",\"@id\":\"https:\\\/\\\/alcala.salesianos.edu\\\/colegio\\\/blog\\\/2017\\\/12\\\/05\\\/x-pregon-de-navidad\\\/#primaryimage\",\"url\":\"https:\\\/\\\/alcala.salesianos.edu\\\/wp-content\\\/uploads\\\/2017\\\/12\\\/PRESENTACIONLIBROM.AUXILIADORA063-150x150.jpg\",\"contentUrl\":\"https:\\\/\\\/alcala.salesianos.edu\\\/wp-content\\\/uploads\\\/2017\\\/12\\\/PRESENTACIONLIBROM.AUXILIADORA063-150x150.jpg\"},{\"@type\":\"BreadcrumbList\",\"@id\":\"https:\\\/\\\/alcala.salesianos.edu\\\/colegio\\\/blog\\\/2017\\\/12\\\/05\\\/x-pregon-de-navidad\\\/#breadcrumb\",\"itemListElement\":[{\"@type\":\"ListItem\",\"position\":1,\"name\":\"Portada\",\"item\":\"https:\\\/\\\/alcala.salesianos.edu\\\/colegio\\\/\"},{\"@type\":\"ListItem\",\"position\":2,\"name\":\"X Preg\u00f3n de Navidad\"}]},{\"@type\":\"WebSite\",\"@id\":\"https:\\\/\\\/alcala.salesianos.edu\\\/colegio\\\/#website\",\"url\":\"https:\\\/\\\/alcala.salesianos.edu\\\/colegio\\\/\",\"name\":\"Colegio Salesiano Alcal\u00e1\",\"description\":\"P\u00e1gina oficial de Salesianos Alcal\u00e1 de Guadaira\",\"potentialAction\":[{\"@type\":\"SearchAction\",\"target\":{\"@type\":\"EntryPoint\",\"urlTemplate\":\"https:\\\/\\\/alcala.salesianos.edu\\\/colegio\\\/?s={search_term_string}\"},\"query-input\":{\"@type\":\"PropertyValueSpecification\",\"valueRequired\":true,\"valueName\":\"search_term_string\"}}],\"inLanguage\":\"es\"},{\"@type\":\"Person\",\"@id\":\"https:\\\/\\\/alcala.salesianos.edu\\\/colegio\\\/#\\\/schema\\\/person\\\/afcc24f776dc91fc2bf9afb0998fca77\",\"name\":\"Administrador Web\",\"image\":{\"@type\":\"ImageObject\",\"inLanguage\":\"es\",\"@id\":\"https:\\\/\\\/secure.gravatar.com\\\/avatar\\\/bc157e994689bd6da9645c00aa3bc4d55b727915b6652642660db0aef086585f?s=96&d=mm&r=g\",\"url\":\"https:\\\/\\\/secure.gravatar.com\\\/avatar\\\/bc157e994689bd6da9645c00aa3bc4d55b727915b6652642660db0aef086585f?s=96&d=mm&r=g\",\"contentUrl\":\"https:\\\/\\\/secure.gravatar.com\\\/avatar\\\/bc157e994689bd6da9645c00aa3bc4d55b727915b6652642660db0aef086585f?s=96&d=mm&r=g\",\"caption\":\"Administrador Web\"}}]}<\/script>\n<!-- \/ Yoast SEO plugin. -->","yoast_head_json":{"title":"X Preg\u00f3n de Navidad - Colegio Salesiano Alcal\u00e1","robots":{"index":"index","follow":"follow","max-snippet":"max-snippet:-1","max-image-preview":"max-image-preview:large","max-video-preview":"max-video-preview:-1"},"canonical":"https:\/\/alcala.salesianos.edu\/colegio\/blog\/2017\/12\/05\/x-pregon-de-navidad\/","og_locale":"es_ES","og_type":"article","og_title":"X Preg\u00f3n de Navidad - Colegio Salesiano Alcal\u00e1","og_description":"El pr\u00f3ximo jueves, 21 de diciembre de 2017 a las 20.30 horas se celebrar\u00e1 el X Preg\u00f3n de Navidad en nuestra Capilla. El encargado de pregonar el nacimiento de Jes\u00fas ser\u00e1 nuestro profesor Don Enrique Ruiz Portillo. En dicho acto intervendr\u00e1n los alumnos de 6\u00ba de Educaci\u00f3n Primaria y 4\u00ba de Educaci\u00f3n Secundaria Obligatoria cantando [&hellip;]","og_url":"https:\/\/alcala.salesianos.edu\/colegio\/blog\/2017\/12\/05\/x-pregon-de-navidad\/","og_site_name":"Colegio Salesiano Alcal\u00e1","article_published_time":"2017-12-05T14:54:33+00:00","article_modified_time":"2025-08-27T08:01:53+00:00","author":"Administrador Web","twitter_card":"summary_large_image","twitter_misc":{"Escrito por":"Administrador Web","Tiempo de lectura":"1 minuto"},"schema":{"@context":"https:\/\/schema.org","@graph":[{"@type":"Article","@id":"https:\/\/alcala.salesianos.edu\/colegio\/blog\/2017\/12\/05\/x-pregon-de-navidad\/#article","isPartOf":{"@id":"https:\/\/alcala.salesianos.edu\/colegio\/blog\/2017\/12\/05\/x-pregon-de-navidad\/"},"author":{"name":"Administrador Web","@id":"https:\/\/alcala.salesianos.edu\/colegio\/#\/schema\/person\/afcc24f776dc91fc2bf9afb0998fca77"},"headline":"X Preg\u00f3n de Navidad","datePublished":"2017-12-05T14:54:33+00:00","dateModified":"2025-08-27T08:01:53+00:00","mainEntityOfPage":{"@id":"https:\/\/alcala.salesianos.edu\/colegio\/blog\/2017\/12\/05\/x-pregon-de-navidad\/"},"wordCount":116,"image":{"@id":"https:\/\/alcala.salesianos.edu\/colegio\/blog\/2017\/12\/05\/x-pregon-de-navidad\/#primaryimage"},"thumbnailUrl":"https:\/\/alcala.salesianos.edu\/wp-content\/uploads\/2017\/12\/PRESENTACIONLIBROM.AUXILIADORA063-150x150.jpg","articleSection":["Colegio","FASA","Infantil","Pastoral","Primaria","Secundaria"],"inLanguage":"es"},{"@type":"WebPage","@id":"https:\/\/alcala.salesianos.edu\/colegio\/blog\/2017\/12\/05\/x-pregon-de-navidad\/","url":"https:\/\/alcala.salesianos.edu\/colegio\/blog\/2017\/12\/05\/x-pregon-de-navidad\/","name":"X Preg\u00f3n de Navidad - Colegio Salesiano Alcal\u00e1","isPartOf":{"@id":"https:\/\/alcala.salesianos.edu\/colegio\/#website"},"primaryImageOfPage":{"@id":"https:\/\/alcala.salesianos.edu\/colegio\/blog\/2017\/12\/05\/x-pregon-de-navidad\/#primaryimage"},"image":{"@id":"https:\/\/alcala.salesianos.edu\/colegio\/blog\/2017\/12\/05\/x-pregon-de-navidad\/#primaryimage"},"thumbnailUrl":"https:\/\/alcala.salesianos.edu\/wp-content\/uploads\/2017\/12\/PRESENTACIONLIBROM.AUXILIADORA063-150x150.jpg","datePublished":"2017-12-05T14:54:33+00:00","dateModified":"2025-08-27T08:01:53+00:00","author":{"@id":"https:\/\/alcala.salesianos.edu\/colegio\/#\/schema\/person\/afcc24f776dc91fc2bf9afb0998fca77"},"breadcrumb":{"@id":"https:\/\/alcala.salesianos.edu\/colegio\/blog\/2017\/12\/05\/x-pregon-de-navidad\/#breadcrumb"},"inLanguage":"es","potentialAction":[{"@type":"ReadAction","target":["https:\/\/alcala.salesianos.edu\/colegio\/blog\/2017\/12\/05\/x-pregon-de-navidad\/"]}]},{"@type":"ImageObject","inLanguage":"es","@id":"https:\/\/alcala.salesianos.edu\/colegio\/blog\/2017\/12\/05\/x-pregon-de-navidad\/#primaryimage","url":"https:\/\/alcala.salesianos.edu\/wp-content\/uploads\/2017\/12\/PRESENTACIONLIBROM.AUXILIADORA063-150x150.jpg","contentUrl":"https:\/\/alcala.salesianos.edu\/wp-content\/uploads\/2017\/12\/PRESENTACIONLIBROM.AUXILIADORA063-150x150.jpg"},{"@type":"BreadcrumbList","@id":"https:\/\/alcala.salesianos.edu\/colegio\/blog\/2017\/12\/05\/x-pregon-de-navidad\/#breadcrumb","itemListElement":[{"@type":"ListItem","position":1,"name":"Portada","item":"https:\/\/alcala.salesianos.edu\/colegio\/"},{"@type":"ListItem","position":2,"name":"X Preg\u00f3n de Navidad"}]},{"@type":"WebSite","@id":"https:\/\/alcala.salesianos.edu\/colegio\/#website","url":"https:\/\/alcala.salesianos.edu\/colegio\/","name":"Colegio Salesiano Alcal\u00e1","description":"P\u00e1gina oficial de Salesianos Alcal\u00e1 de Guadaira","potentialAction":[{"@type":"SearchAction","target":{"@type":"EntryPoint","urlTemplate":"https:\/\/alcala.salesianos.edu\/colegio\/?s={search_term_string}"},"query-input":{"@type":"PropertyValueSpecification","valueRequired":true,"valueName":"search_term_string"}}],"inLanguage":"es"},{"@type":"Person","@id":"https:\/\/alcala.salesianos.edu\/colegio\/#\/schema\/person\/afcc24f776dc91fc2bf9afb0998fca77","name":"Administrador Web","image":{"@type":"ImageObject","inLanguage":"es","@id":"https:\/\/secure.gravatar.com\/avatar\/bc157e994689bd6da9645c00aa3bc4d55b727915b6652642660db0aef086585f?s=96&d=mm&r=g","url":"https:\/\/secure.gravatar.com\/avatar\/bc157e994689bd6da9645c00aa3bc4d55b727915b6652642660db0aef086585f?s=96&d=mm&r=g","contentUrl":"https:\/\/secure.gravatar.com\/avatar\/bc157e994689bd6da9645c00aa3bc4d55b727915b6652642660db0aef086585f?s=96&d=mm&r=g","caption":"Administrador Web"}}]}},"_links":{"self":[{"href":"https:\/\/alcala.salesianos.edu\/colegio\/wp-json\/wp\/v2\/posts\/5093","targetHints":{"allow":["GET"]}}],"collection":[{"href":"https:\/\/alcala.salesianos.edu\/colegio\/wp-json\/wp\/v2\/posts"}],"about":[{"href":"https:\/\/alcala.salesianos.edu\/colegio\/wp-json\/wp\/v2\/types\/post"}],"author":[{"embeddable":true,"href":"https:\/\/alcala.salesianos.edu\/colegio\/wp-json\/wp\/v2\/users\/2"}],"replies":[{"embeddable":true,"href":"https:\/\/alcala.salesianos.edu\/colegio\/wp-json\/wp\/v2\/comments?post=5093"}],"version-history":[{"count":6,"href":"https:\/\/alcala.salesianos.edu\/colegio\/wp-json\/wp\/v2\/posts\/5093\/revisions"}],"predecessor-version":[{"id":16542,"href":"https:\/\/alcala.salesianos.edu\/colegio\/wp-json\/wp\/v2\/posts\/5093\/revisions\/16542"}],"wp:attachment":[{"href":"https:\/\/alcala.salesianos.edu\/colegio\/wp-json\/wp\/v2\/media?parent=5093"}],"wp:term":[{"taxonomy":"category","embeddable":true,"href":"https:\/\/alcala.salesianos.edu\/colegio\/wp-json\/wp\/v2\/categories?post=5093"},{"taxonomy":"post_tag","embeddable":true,"href":"https:\/\/alcala.salesianos.edu\/colegio\/wp-json\/wp\/v2\/tags?post=5093"}],"curies":[{"name":"wp","href":"https:\/\/api.w.org\/{rel}","templated":true}]}}