{"id":5008,"date":"2017-12-03T12:45:25","date_gmt":"2017-12-03T11:45:25","guid":{"rendered":"https:\/\/alcala.salesianos.edu\/colegio\/blog\/2017\/12\/03\/gran-fin-de-semana-de-la-cep\/"},"modified":"2025-08-27T09:01:53","modified_gmt":"2025-08-27T08:01:53","slug":"gran-fin-de-semana-de-la-cep","status":"publish","type":"post","link":"https:\/\/alcala.salesianos.edu\/colegio\/blog\/2017\/12\/03\/gran-fin-de-semana-de-la-cep\/","title":{"rendered":"Gran fin de semana de la CEP"},"content":{"rendered":"<div id=\"fb-root\"><\/div>\n<p>En torno a la festividad del beato Miguel R\u00faa la Familia Salesiana de Alcal\u00e1 de Guada\u00edra ha tenido cuatro momentos que caben destacar. Comenz\u00f3 el fin de semana con la acctividad de pastoral de nuestra Casa. El movimiento juvenil LUZ 0-1-2 se encontaron como cada viernes a las 16.00 h para comenzar su catequesis de preparaci\u00f3n para el Sacramento de la Comuni\u00f3n, y tras la formaci\u00f3n tuvieron un rato de actividades. Los jovenes de ADS 3 y 4 tambi\u00e9n estuvieron form\u00e1ndose, tuvieron su momento de oraci\u00f3n con el misionero Don Antonio Herrera sdb y participaron de la actividad Marg\u00edpolis. Esta actividad ha sido todo un \u00e9xito por la implicaci\u00f3n de los adolescentes de ADS 3 y 4.<\/p>\n<p><img loading=\"lazy\" decoding=\"async\" class=\"size-thumbnail wp-image-4387 alignleft\" src=\"https:\/\/alcala.salesianos.edu\/wp-content\/uploads\/2017\/10\/jbkhb-150x150.jpg\" alt=\"\" width=\"150\" height=\"150\" \/><\/p>\n<p>En la ma\u00f1ana del s\u00e1bado los j\u00f3venes de LUZ 3-4 y ADS 1-2 fueron al encuentro de zona Sevilla-Huelva que se celebr\u00f3 en triana donde tuvieron un momento de encuentro con una decena de casas de nuestra Inspector\u00eda. Destacamos el buen n\u00famero de participantes de nuestra Casa que disfrutaron de todas las actividades del encuentro.<\/p>\n<p><img loading=\"lazy\" decoding=\"async\" class=\"size-thumbnail wp-image-4386 alignright\" src=\"https:\/\/alcala.salesianos.edu\/wp-content\/uploads\/2017\/10\/WhatsApp-Image-2017-10-30-at-17.52.47-1-150x150.jpg\" alt=\"\" width=\"150\" height=\"150\" \/><\/p>\n<p>La hermandad de nuestra Casa, en la ma\u00f1ana del domingo celebr\u00f3 uno de sus principales cultos, el Rosario de la Aurora. Los hermanos de la hermandad tuvieron un momento de oraci\u00f3n intenso por la feligres\u00eda de nuestra parroquia.<\/p>\n<p>Tras la eucarist\u00eda de la Comunidad educativa los miembros de la Casa de Alcal\u00e1 tuvimos la oportunidad de celebrar un momento fraterno con un almuerzo en el que estaban invitados todos los grupos de la Casa. Este momento estaba coordinado por la asociaci\u00f3n de Salesianos Cooperadores.<\/p>\n<p>Hemos celebrado la festividad del Primer sucesor de Don Bosco con intensidad y en un gran ambiente de familiaridad.<\/p>\n","protected":false},"excerpt":{"rendered":"<p>En torno a la festividad del beato Miguel R\u00faa la Familia Salesiana de Alcal\u00e1 de Guada\u00edra ha tenido cuatro momentos que caben destacar. Comenz\u00f3 el fin de semana con la acctividad de pastoral de nuestra Casa. El movimiento juvenil LUZ 0-1-2 se encontaron como cada viernes a las 16.00 h para comenzar su catequesis de [&hellip;]<\/p>\n","protected":false},"author":4,"featured_media":0,"comment_status":"closed","ping_status":"open","sticky":false,"template":"","format":"standard","meta":{"_et_pb_use_builder":"","_et_pb_old_content":"","_et_gb_content_width":"","footnotes":""},"categories":[12,13,14,15,1],"tags":[],"class_list":["post-5008","post","type-post","status-publish","format-standard","hentry","category-colegio","category-fasa","category-pastoral","category-portada","category-uncategorized"],"yoast_head":"<!-- This site is optimized with the Yoast SEO plugin v28.4 - https:\/\/yoast.com\/product\/yoast-seo-wordpress\/ -->\n<title>Gran fin de semana de la CEP - Colegio Salesiano Alcal\u00e1<\/title>\n<meta name=\"robots\" content=\"index, follow, max-snippet:-1, max-image-preview:large, max-video-preview:-1\" \/>\n<link rel=\"canonical\" href=\"https:\/\/alcala.salesianos.edu\/colegio\/blog\/2017\/12\/03\/gran-fin-de-semana-de-la-cep\/\" \/>\n<meta property=\"og:locale\" content=\"es_ES\" \/>\n<meta property=\"og:type\" content=\"article\" \/>\n<meta property=\"og:title\" content=\"Gran fin de semana de la CEP - Colegio Salesiano Alcal\u00e1\" \/>\n<meta property=\"og:description\" content=\"En torno a la festividad del beato Miguel R\u00faa la Familia Salesiana de Alcal\u00e1 de Guada\u00edra ha tenido cuatro momentos que caben destacar. Comenz\u00f3 el fin de semana con la acctividad de pastoral de nuestra Casa. El movimiento juvenil LUZ 0-1-2 se encontaron como cada viernes a las 16.00 h para comenzar su catequesis de [&hellip;]\" \/>\n<meta property=\"og:url\" content=\"https:\/\/alcala.salesianos.edu\/colegio\/blog\/2017\/12\/03\/gran-fin-de-semana-de-la-cep\/\" \/>\n<meta property=\"og:site_name\" content=\"Colegio Salesiano Alcal\u00e1\" \/>\n<meta property=\"article:published_time\" content=\"2017-12-03T11:45:25+00:00\" \/>\n<meta property=\"article:modified_time\" content=\"2025-08-27T08:01:53+00:00\" \/>\n<meta name=\"author\" content=\"Administrador Web\" \/>\n<meta name=\"twitter:card\" content=\"summary_large_image\" \/>\n<meta name=\"twitter:label1\" content=\"Escrito por\" \/>\n\t<meta name=\"twitter:data1\" content=\"Administrador Web\" \/>\n\t<meta name=\"twitter:label2\" content=\"Tiempo de lectura\" \/>\n\t<meta name=\"twitter:data2\" content=\"1 minuto\" \/>\n<script type=\"application\/ld+json\" class=\"yoast-schema-graph\">{\"@context\":\"https:\\\/\\\/schema.org\",\"@graph\":[{\"@type\":\"Article\",\"@id\":\"https:\\\/\\\/alcala.salesianos.edu\\\/colegio\\\/blog\\\/2017\\\/12\\\/03\\\/gran-fin-de-semana-de-la-cep\\\/#article\",\"isPartOf\":{\"@id\":\"https:\\\/\\\/alcala.salesianos.edu\\\/colegio\\\/blog\\\/2017\\\/12\\\/03\\\/gran-fin-de-semana-de-la-cep\\\/\"},\"author\":{\"name\":\"Administrador Web\",\"@id\":\"https:\\\/\\\/alcala.salesianos.edu\\\/colegio\\\/#\\\/schema\\\/person\\\/88007a7bcff6f37733e2d6219610c671\"},\"headline\":\"Gran fin de semana de la CEP\",\"datePublished\":\"2017-12-03T11:45:25+00:00\",\"dateModified\":\"2025-08-27T08:01:53+00:00\",\"mainEntityOfPage\":{\"@id\":\"https:\\\/\\\/alcala.salesianos.edu\\\/colegio\\\/blog\\\/2017\\\/12\\\/03\\\/gran-fin-de-semana-de-la-cep\\\/\"},\"wordCount\":298,\"image\":{\"@id\":\"https:\\\/\\\/alcala.salesianos.edu\\\/colegio\\\/blog\\\/2017\\\/12\\\/03\\\/gran-fin-de-semana-de-la-cep\\\/#primaryimage\"},\"thumbnailUrl\":\"https:\\\/\\\/alcala.salesianos.edu\\\/wp-content\\\/uploads\\\/2017\\\/10\\\/jbkhb-150x150.jpg\",\"articleSection\":[\"Colegio\",\"FASA\",\"Pastoral\",\"Portada\",\"Uncategorized\"],\"inLanguage\":\"es\"},{\"@type\":\"WebPage\",\"@id\":\"https:\\\/\\\/alcala.salesianos.edu\\\/colegio\\\/blog\\\/2017\\\/12\\\/03\\\/gran-fin-de-semana-de-la-cep\\\/\",\"url\":\"https:\\\/\\\/alcala.salesianos.edu\\\/colegio\\\/blog\\\/2017\\\/12\\\/03\\\/gran-fin-de-semana-de-la-cep\\\/\",\"name\":\"Gran fin de semana de la CEP - Colegio Salesiano Alcal\u00e1\",\"isPartOf\":{\"@id\":\"https:\\\/\\\/alcala.salesianos.edu\\\/colegio\\\/#website\"},\"primaryImageOfPage\":{\"@id\":\"https:\\\/\\\/alcala.salesianos.edu\\\/colegio\\\/blog\\\/2017\\\/12\\\/03\\\/gran-fin-de-semana-de-la-cep\\\/#primaryimage\"},\"image\":{\"@id\":\"https:\\\/\\\/alcala.salesianos.edu\\\/colegio\\\/blog\\\/2017\\\/12\\\/03\\\/gran-fin-de-semana-de-la-cep\\\/#primaryimage\"},\"thumbnailUrl\":\"https:\\\/\\\/alcala.salesianos.edu\\\/wp-content\\\/uploads\\\/2017\\\/10\\\/jbkhb-150x150.jpg\",\"datePublished\":\"2017-12-03T11:45:25+00:00\",\"dateModified\":\"2025-08-27T08:01:53+00:00\",\"author\":{\"@id\":\"https:\\\/\\\/alcala.salesianos.edu\\\/colegio\\\/#\\\/schema\\\/person\\\/88007a7bcff6f37733e2d6219610c671\"},\"breadcrumb\":{\"@id\":\"https:\\\/\\\/alcala.salesianos.edu\\\/colegio\\\/blog\\\/2017\\\/12\\\/03\\\/gran-fin-de-semana-de-la-cep\\\/#breadcrumb\"},\"inLanguage\":\"es\",\"potentialAction\":[{\"@type\":\"ReadAction\",\"target\":[\"https:\\\/\\\/alcala.salesianos.edu\\\/colegio\\\/blog\\\/2017\\\/12\\\/03\\\/gran-fin-de-semana-de-la-cep\\\/\"]}]},{\"@type\":\"ImageObject\",\"inLanguage\":\"es\",\"@id\":\"https:\\\/\\\/alcala.salesianos.edu\\\/colegio\\\/blog\\\/2017\\\/12\\\/03\\\/gran-fin-de-semana-de-la-cep\\\/#primaryimage\",\"url\":\"https:\\\/\\\/alcala.salesianos.edu\\\/wp-content\\\/uploads\\\/2017\\\/10\\\/jbkhb-150x150.jpg\",\"contentUrl\":\"https:\\\/\\\/alcala.salesianos.edu\\\/wp-content\\\/uploads\\\/2017\\\/10\\\/jbkhb-150x150.jpg\"},{\"@type\":\"BreadcrumbList\",\"@id\":\"https:\\\/\\\/alcala.salesianos.edu\\\/colegio\\\/blog\\\/2017\\\/12\\\/03\\\/gran-fin-de-semana-de-la-cep\\\/#breadcrumb\",\"itemListElement\":[{\"@type\":\"ListItem\",\"position\":1,\"name\":\"Portada\",\"item\":\"https:\\\/\\\/alcala.salesianos.edu\\\/colegio\\\/\"},{\"@type\":\"ListItem\",\"position\":2,\"name\":\"Gran fin de semana de la CEP\"}]},{\"@type\":\"WebSite\",\"@id\":\"https:\\\/\\\/alcala.salesianos.edu\\\/colegio\\\/#website\",\"url\":\"https:\\\/\\\/alcala.salesianos.edu\\\/colegio\\\/\",\"name\":\"Colegio Salesiano Alcal\u00e1\",\"description\":\"P\u00e1gina oficial de Salesianos Alcal\u00e1 de Guadaira\",\"potentialAction\":[{\"@type\":\"SearchAction\",\"target\":{\"@type\":\"EntryPoint\",\"urlTemplate\":\"https:\\\/\\\/alcala.salesianos.edu\\\/colegio\\\/?s={search_term_string}\"},\"query-input\":{\"@type\":\"PropertyValueSpecification\",\"valueRequired\":true,\"valueName\":\"search_term_string\"}}],\"inLanguage\":\"es\"},{\"@type\":\"Person\",\"@id\":\"https:\\\/\\\/alcala.salesianos.edu\\\/colegio\\\/#\\\/schema\\\/person\\\/88007a7bcff6f37733e2d6219610c671\",\"name\":\"Administrador Web\",\"image\":{\"@type\":\"ImageObject\",\"inLanguage\":\"es\",\"@id\":\"https:\\\/\\\/secure.gravatar.com\\\/avatar\\\/?s=96&d=mm&r=g\",\"url\":\"https:\\\/\\\/secure.gravatar.com\\\/avatar\\\/?s=96&d=mm&r=g\",\"contentUrl\":\"https:\\\/\\\/secure.gravatar.com\\\/avatar\\\/?s=96&d=mm&r=g\",\"caption\":\"Administrador Web\"}}]}<\/script>\n<!-- \/ Yoast SEO plugin. -->","yoast_head_json":{"title":"Gran fin de semana de la CEP - Colegio Salesiano Alcal\u00e1","robots":{"index":"index","follow":"follow","max-snippet":"max-snippet:-1","max-image-preview":"max-image-preview:large","max-video-preview":"max-video-preview:-1"},"canonical":"https:\/\/alcala.salesianos.edu\/colegio\/blog\/2017\/12\/03\/gran-fin-de-semana-de-la-cep\/","og_locale":"es_ES","og_type":"article","og_title":"Gran fin de semana de la CEP - Colegio Salesiano Alcal\u00e1","og_description":"En torno a la festividad del beato Miguel R\u00faa la Familia Salesiana de Alcal\u00e1 de Guada\u00edra ha tenido cuatro momentos que caben destacar. Comenz\u00f3 el fin de semana con la acctividad de pastoral de nuestra Casa. El movimiento juvenil LUZ 0-1-2 se encontaron como cada viernes a las 16.00 h para comenzar su catequesis de [&hellip;]","og_url":"https:\/\/alcala.salesianos.edu\/colegio\/blog\/2017\/12\/03\/gran-fin-de-semana-de-la-cep\/","og_site_name":"Colegio Salesiano Alcal\u00e1","article_published_time":"2017-12-03T11:45:25+00:00","article_modified_time":"2025-08-27T08:01:53+00:00","author":"Administrador Web","twitter_card":"summary_large_image","twitter_misc":{"Escrito por":"Administrador Web","Tiempo de lectura":"1 minuto"},"schema":{"@context":"https:\/\/schema.org","@graph":[{"@type":"Article","@id":"https:\/\/alcala.salesianos.edu\/colegio\/blog\/2017\/12\/03\/gran-fin-de-semana-de-la-cep\/#article","isPartOf":{"@id":"https:\/\/alcala.salesianos.edu\/colegio\/blog\/2017\/12\/03\/gran-fin-de-semana-de-la-cep\/"},"author":{"name":"Administrador Web","@id":"https:\/\/alcala.salesianos.edu\/colegio\/#\/schema\/person\/88007a7bcff6f37733e2d6219610c671"},"headline":"Gran fin de semana de la CEP","datePublished":"2017-12-03T11:45:25+00:00","dateModified":"2025-08-27T08:01:53+00:00","mainEntityOfPage":{"@id":"https:\/\/alcala.salesianos.edu\/colegio\/blog\/2017\/12\/03\/gran-fin-de-semana-de-la-cep\/"},"wordCount":298,"image":{"@id":"https:\/\/alcala.salesianos.edu\/colegio\/blog\/2017\/12\/03\/gran-fin-de-semana-de-la-cep\/#primaryimage"},"thumbnailUrl":"https:\/\/alcala.salesianos.edu\/wp-content\/uploads\/2017\/10\/jbkhb-150x150.jpg","articleSection":["Colegio","FASA","Pastoral","Portada","Uncategorized"],"inLanguage":"es"},{"@type":"WebPage","@id":"https:\/\/alcala.salesianos.edu\/colegio\/blog\/2017\/12\/03\/gran-fin-de-semana-de-la-cep\/","url":"https:\/\/alcala.salesianos.edu\/colegio\/blog\/2017\/12\/03\/gran-fin-de-semana-de-la-cep\/","name":"Gran fin de semana de la CEP - Colegio Salesiano Alcal\u00e1","isPartOf":{"@id":"https:\/\/alcala.salesianos.edu\/colegio\/#website"},"primaryImageOfPage":{"@id":"https:\/\/alcala.salesianos.edu\/colegio\/blog\/2017\/12\/03\/gran-fin-de-semana-de-la-cep\/#primaryimage"},"image":{"@id":"https:\/\/alcala.salesianos.edu\/colegio\/blog\/2017\/12\/03\/gran-fin-de-semana-de-la-cep\/#primaryimage"},"thumbnailUrl":"https:\/\/alcala.salesianos.edu\/wp-content\/uploads\/2017\/10\/jbkhb-150x150.jpg","datePublished":"2017-12-03T11:45:25+00:00","dateModified":"2025-08-27T08:01:53+00:00","author":{"@id":"https:\/\/alcala.salesianos.edu\/colegio\/#\/schema\/person\/88007a7bcff6f37733e2d6219610c671"},"breadcrumb":{"@id":"https:\/\/alcala.salesianos.edu\/colegio\/blog\/2017\/12\/03\/gran-fin-de-semana-de-la-cep\/#breadcrumb"},"inLanguage":"es","potentialAction":[{"@type":"ReadAction","target":["https:\/\/alcala.salesianos.edu\/colegio\/blog\/2017\/12\/03\/gran-fin-de-semana-de-la-cep\/"]}]},{"@type":"ImageObject","inLanguage":"es","@id":"https:\/\/alcala.salesianos.edu\/colegio\/blog\/2017\/12\/03\/gran-fin-de-semana-de-la-cep\/#primaryimage","url":"https:\/\/alcala.salesianos.edu\/wp-content\/uploads\/2017\/10\/jbkhb-150x150.jpg","contentUrl":"https:\/\/alcala.salesianos.edu\/wp-content\/uploads\/2017\/10\/jbkhb-150x150.jpg"},{"@type":"BreadcrumbList","@id":"https:\/\/alcala.salesianos.edu\/colegio\/blog\/2017\/12\/03\/gran-fin-de-semana-de-la-cep\/#breadcrumb","itemListElement":[{"@type":"ListItem","position":1,"name":"Portada","item":"https:\/\/alcala.salesianos.edu\/colegio\/"},{"@type":"ListItem","position":2,"name":"Gran fin de semana de la CEP"}]},{"@type":"WebSite","@id":"https:\/\/alcala.salesianos.edu\/colegio\/#website","url":"https:\/\/alcala.salesianos.edu\/colegio\/","name":"Colegio Salesiano Alcal\u00e1","description":"P\u00e1gina oficial de Salesianos Alcal\u00e1 de Guadaira","potentialAction":[{"@type":"SearchAction","target":{"@type":"EntryPoint","urlTemplate":"https:\/\/alcala.salesianos.edu\/colegio\/?s={search_term_string}"},"query-input":{"@type":"PropertyValueSpecification","valueRequired":true,"valueName":"search_term_string"}}],"inLanguage":"es"},{"@type":"Person","@id":"https:\/\/alcala.salesianos.edu\/colegio\/#\/schema\/person\/88007a7bcff6f37733e2d6219610c671","name":"Administrador Web","image":{"@type":"ImageObject","inLanguage":"es","@id":"https:\/\/secure.gravatar.com\/avatar\/?s=96&d=mm&r=g","url":"https:\/\/secure.gravatar.com\/avatar\/?s=96&d=mm&r=g","contentUrl":"https:\/\/secure.gravatar.com\/avatar\/?s=96&d=mm&r=g","caption":"Administrador Web"}}]}},"_links":{"self":[{"href":"https:\/\/alcala.salesianos.edu\/colegio\/wp-json\/wp\/v2\/posts\/5008","targetHints":{"allow":["GET"]}}],"collection":[{"href":"https:\/\/alcala.salesianos.edu\/colegio\/wp-json\/wp\/v2\/posts"}],"about":[{"href":"https:\/\/alcala.salesianos.edu\/colegio\/wp-json\/wp\/v2\/types\/post"}],"author":[{"embeddable":true,"href":"https:\/\/alcala.salesianos.edu\/colegio\/wp-json\/wp\/v2\/users\/4"}],"replies":[{"embeddable":true,"href":"https:\/\/alcala.salesianos.edu\/colegio\/wp-json\/wp\/v2\/comments?post=5008"}],"version-history":[{"count":9,"href":"https:\/\/alcala.salesianos.edu\/colegio\/wp-json\/wp\/v2\/posts\/5008\/revisions"}],"predecessor-version":[{"id":16544,"href":"https:\/\/alcala.salesianos.edu\/colegio\/wp-json\/wp\/v2\/posts\/5008\/revisions\/16544"}],"wp:attachment":[{"href":"https:\/\/alcala.salesianos.edu\/colegio\/wp-json\/wp\/v2\/media?parent=5008"}],"wp:term":[{"taxonomy":"category","embeddable":true,"href":"https:\/\/alcala.salesianos.edu\/colegio\/wp-json\/wp\/v2\/categories?post=5008"},{"taxonomy":"post_tag","embeddable":true,"href":"https:\/\/alcala.salesianos.edu\/colegio\/wp-json\/wp\/v2\/tags?post=5008"}],"curies":[{"name":"wp","href":"https:\/\/api.w.org\/{rel}","templated":true}]}}