{"id":17029,"date":"2026-06-16T12:38:34","date_gmt":"2026-06-16T11:38:34","guid":{"rendered":"https:\/\/alcala.salesianos.edu\/colegio\/blog\/2026\/06\/16\/informaciones-de-final-de-curso\/"},"modified":"2026-06-16T12:38:34","modified_gmt":"2026-06-16T11:38:34","slug":"informaciones-de-final-de-curso","status":"publish","type":"post","link":"https:\/\/alcala.salesianos.edu\/colegio\/blog\/2026\/06\/16\/informaciones-de-final-de-curso\/","title":{"rendered":"Informaciones de final de curso"},"content":{"rendered":"<div id=\"fb-root\"><\/div>\n<p>[et_pb_section fb_built=\u00bb1&#8243; admin_label=\u00bbsection\u00bb _builder_version=\u00bb4.16&#8243; global_colors_info=\u00bb{}\u00bb][et_pb_row admin_label=\u00bbrow\u00bb _builder_version=\u00bb4.16&#8243; background_size=\u00bbinitial\u00bb background_position=\u00bbtop_left\u00bb background_repeat=\u00bbrepeat\u00bb global_colors_info=\u00bb{}\u00bb][et_pb_column type=\u00bb4_4&#8243; _builder_version=\u00bb4.16&#8243; custom_padding=\u00bb|||\u00bb global_colors_info=\u00bb{}\u00bb custom_padding__hover=\u00bb|||\u00bb][et_pb_text _builder_version=\u00bb4.27.6&#8243; _module_preset=\u00bbdefault\u00bb hover_enabled=\u00bb0&#8243; sticky_enabled=\u00bb0&#8243;]<\/p>\n<p data-start=\"140\" data-end=\"394\">El centro educativo <span class=\"hover:entity-accent entity-underline inline cursor-pointer align-baseline\"><span class=\"whitespace-normal\">Salesianos Alcal\u00e1 de Guada\u00edra<\/span><\/span> ha remitido una comunicaci\u00f3n oficial a las familias para detallar los aspectos m\u00e1s relevantes relacionados con la finalizaci\u00f3n del presente curso escolar 2025\/2026 y el inicio del curso 2026\/2027.<\/p>\n<p data-start=\"396\" data-end=\"611\">Desde la direcci\u00f3n del centro, el director Mateo Barrera Mac\u00edas ha querido agradecer la confianza y colaboraci\u00f3n de las familias durante todo el a\u00f1o, destacando el compromiso compartido en la formaci\u00f3n del alumnado.<\/p>\n<h3 data-section-id=\"1087vcb\" data-start=\"618\" data-end=\"650\">&#x1f4c5; Final del curso 2025\/2026<\/h3>\n<p data-start=\"652\" data-end=\"716\">El calendario de cierre queda organizado de la siguiente manera:<\/p>\n<ul data-start=\"718\" data-end=\"1262\">\n<li data-section-id=\"1boafa8\" data-start=\"718\" data-end=\"808\">El <strong data-start=\"723\" data-end=\"746\">\u00faltimo d\u00eda de clase<\/strong> ser\u00e1 el lunes 22 de junio para todas las etapas educativas.<\/li>\n<li data-section-id=\"1g0x327\" data-start=\"809\" data-end=\"931\">La <strong data-start=\"814\" data-end=\"856\">entrega de boletines de calificaciones<\/strong> tendr\u00e1 lugar el mi\u00e9rcoles 24 de junio, en horario de 9:00 a 11:00 horas.<\/li>\n<li data-section-id=\"1xc9tt\" data-start=\"932\" data-end=\"1154\">Tras la entrega de notas se abrir\u00e1 un <strong data-start=\"972\" data-end=\"1012\">periodo de reclamaciones de 48 horas<\/strong>, durante el cual las familias deber\u00e1n contactar con el profesorado a trav\u00e9s de la plataforma <em data-start=\"1106\" data-end=\"1131\">Qualitas EscuelaFamilia<\/em> para solicitar cita.<\/li>\n<li data-section-id=\"tlx6hm\" data-start=\"1155\" data-end=\"1262\">La atenci\u00f3n a familias se realizar\u00e1 los d\u00edas <strong data-start=\"1202\" data-end=\"1237\">jueves 25 y viernes 26 de junio<\/strong>, de 11:30 a 14:00 horas.<\/li>\n<\/ul>\n<h3 data-section-id=\"cpnb4x\" data-start=\"1269\" data-end=\"1302\">&#x1f3eb; Inicio del curso 2026\/2027<\/h3>\n<p data-start=\"1304\" data-end=\"1356\">El pr\u00f3ximo curso comenzar\u00e1 en las siguientes fechas:<\/p>\n<ul data-start=\"1358\" data-end=\"1474\">\n<li data-section-id=\"1ljh1ys\" data-start=\"1358\" data-end=\"1420\"><strong data-start=\"1360\" data-end=\"1394\">Educaci\u00f3n Infantil y Primaria:<\/strong> jueves 10 de septiembre<\/li>\n<li data-section-id=\"rgclrx\" data-start=\"1421\" data-end=\"1474\"><strong data-start=\"1423\" data-end=\"1448\">Educaci\u00f3n Secundaria:<\/strong> martes 15 de septiembre<\/li>\n<\/ul>\n<p data-start=\"1476\" data-end=\"1504\">Los horarios lectivos ser\u00e1n:<\/p>\n<ul data-start=\"1506\" data-end=\"1590\">\n<li data-section-id=\"vf1zea\" data-start=\"1506\" data-end=\"1552\">Infantil y Primaria: de 9:00 a 14:00 horas<\/li>\n<li data-section-id=\"1tz4dyz\" data-start=\"1553\" data-end=\"1590\">Secundaria: de 8:30 a 15:00 horas<\/li>\n<\/ul>\n<h3 data-section-id=\"wkaivx\" data-start=\"1597\" data-end=\"1641\">&#x1f37d;&#xfe0f; Servicios, materiales y organizaci\u00f3n<\/h3>\n<p data-start=\"1643\" data-end=\"1761\">El centro ha informado tambi\u00e9n de la organizaci\u00f3n de los servicios complementarios y materiales para el pr\u00f3ximo curso:<\/p>\n<ul data-start=\"1763\" data-end=\"2468\">\n<li data-section-id=\"d6ou6h\" data-start=\"1763\" data-end=\"1908\">El <strong data-start=\"1768\" data-end=\"1805\">comedor escolar y el Aula Matinal<\/strong> comenzar\u00e1n a funcionar el viernes 11 de septiembre, estando disponible el aula desde las 7:30 horas.<\/li>\n<li data-section-id=\"1phhs0m\" data-start=\"1909\" data-end=\"2079\">La adquisici\u00f3n de <strong data-start=\"1929\" data-end=\"1948\">libros de texto<\/strong> podr\u00e1 realizarse a trav\u00e9s de la empresa DOSA LIBROS, con entrega directa en el centro, mediante la web <a class=\"decorated-link\" href=\"http:\/\/www.reservatuslibros.com\" target=\"_new\" rel=\"noopener\" data-start=\"2052\" data-end=\"2076\">www.reservatuslibros.com<\/a>.<\/li>\n<li data-section-id=\"n65zpu\" data-start=\"2080\" data-end=\"2252\">En cuanto al <strong data-start=\"2095\" data-end=\"2115\">uniforme escolar<\/strong>, en Infantil se mantiene exclusivamente el uso del uniforme deportivo, disponible en El Corte Ingl\u00e9s y en la tienda online de Camacho.<\/li>\n<li data-section-id=\"87tuxo\" data-start=\"2253\" data-end=\"2346\">El listado de <strong data-start=\"2269\" data-end=\"2289\">material escolar<\/strong> se publicar\u00e1 pr\u00f3ximamente en la p\u00e1gina web del centro.<\/li>\n<li data-section-id=\"eay5cb\" data-start=\"2347\" data-end=\"2468\">La plataforma <em data-start=\"2363\" data-end=\"2388\">Qualitas EscuelaFamilia<\/em> seguir\u00e1 siendo el principal canal de comunicaci\u00f3n entre familias y profesorado.<\/li>\n<\/ul>\n<h3 data-section-id=\"1fxr4pe\" data-start=\"2475\" data-end=\"2502\">&#x1f64f; Agradecimiento final<\/h3>\n<p data-start=\"2504\" data-end=\"2703\">El centro ha querido cerrar la comunicaci\u00f3n agradeciendo nuevamente la colaboraci\u00f3n de las familias y deseando un feliz final de curso y un merecido descanso estival para toda la comunidad educativa.<\/p>\n<p>[\/et_pb_text][et_pb_button _builder_version=\u00bb4.27.6&#8243; _module_preset=\u00bbdefault\u00bb button_text=\u00bbCarta de direcci\u00f3n\u00bb button_url=\u00bbhttps:\/\/alcala.salesianos.edu\/wp-content\/uploads\/2026\/06\/comunicacionfinaldecurso2526.pdf\u00bb url_new_window=\u00bbon\u00bb button_alignment=\u00bbcenter\u00bb custom_button=\u00bbon\u00bb button_text_color=\u00bb#FFFFFF\u00bb button_bg_color=\u00bb#dc001b\u00bb button_bg_enable_color=\u00bbon\u00bb button_border_color=\u00bb#FFFFFF\u00bb button_icon=\u00bb&#x6b;||divi||400&#8243; button_icon_color=\u00bb#FFFFFF\u00bb hover_enabled=\u00bb0&#8243; sticky_enabled=\u00bb0&#8243;][\/et_pb_button][\/et_pb_column][\/et_pb_row][\/et_pb_section]<\/p>\n","protected":false},"excerpt":{"rendered":"<p>El centro comunica el cierre del curso 2025\/2026 con \u00faltimo d\u00eda el 22 de junio, entrega de notas el 24 y detalla el inicio del curso 2026\/2027, servicios, horarios y organizaci\u00f3n general.<\/p>\n","protected":false},"author":2,"featured_media":17030,"comment_status":"","ping_status":"open","sticky":false,"template":"","format":"standard","meta":{"_et_pb_use_builder":"on","_et_pb_old_content":"","_et_gb_content_width":"","footnotes":""},"categories":[12,23,19,13,17,15,18,16,1],"tags":[],"class_list":["post-17029","post","type-post","status-publish","format-standard","has-post-thumbnail","hentry","category-colegio","category-covid","category-escuela-abierta","category-fasa","category-infantil","category-portada","category-primaria","category-secundaria","category-uncategorized"],"yoast_head":"<!-- This site is optimized with the Yoast SEO plugin v28.3 - https:\/\/yoast.com\/product\/yoast-seo-wordpress\/ -->\n<title>Informaciones de final de curso - Colegio Salesiano Alcal\u00e1<\/title>\n<meta name=\"description\" content=\"El centro informa sobre el fin de curso 2025\/2026, entrega de notas el 24 de junio y fechas de inicio del curso 2026\/2027.\" \/>\n<meta name=\"robots\" content=\"index, follow, max-snippet:-1, max-image-preview:large, max-video-preview:-1\" \/>\n<link rel=\"canonical\" href=\"https:\/\/alcala.salesianos.edu\/colegio\/blog\/2026\/06\/16\/informaciones-de-final-de-curso\/\" \/>\n<meta property=\"og:locale\" content=\"es_ES\" \/>\n<meta property=\"og:type\" content=\"article\" \/>\n<meta property=\"og:title\" content=\"Informaciones de final de curso - Colegio Salesiano Alcal\u00e1\" \/>\n<meta property=\"og:description\" content=\"El centro informa sobre el fin de curso 2025\/2026, entrega de notas el 24 de junio y fechas de inicio del curso 2026\/2027.\" \/>\n<meta property=\"og:url\" content=\"https:\/\/alcala.salesianos.edu\/colegio\/blog\/2026\/06\/16\/informaciones-de-final-de-curso\/\" \/>\n<meta property=\"og:site_name\" content=\"Colegio Salesiano Alcal\u00e1\" \/>\n<meta property=\"article:published_time\" content=\"2026-06-16T11:38:34+00:00\" \/>\n<meta property=\"og:image\" content=\"https:\/\/alcala.salesianos.edu\/colegio\/wp-content\/uploads\/sites\/2\/2026\/06\/Copia-de-Comunicacion-a-las-familias8.png\" \/>\n\t<meta property=\"og:image:width\" content=\"1080\" \/>\n\t<meta property=\"og:image:height\" content=\"1080\" \/>\n\t<meta property=\"og:image:type\" content=\"image\/png\" \/>\n<meta name=\"author\" content=\"Administrador Web\" \/>\n<meta name=\"twitter:card\" content=\"summary_large_image\" \/>\n<meta name=\"twitter:label1\" content=\"Escrito por\" \/>\n\t<meta name=\"twitter:data1\" content=\"Administrador Web\" \/>\n\t<meta name=\"twitter:label2\" content=\"Tiempo de lectura\" \/>\n\t<meta name=\"twitter:data2\" content=\"2 minutos\" \/>\n<script type=\"application\/ld+json\" class=\"yoast-schema-graph\">{\"@context\":\"https:\\\/\\\/schema.org\",\"@graph\":[{\"@type\":\"Article\",\"@id\":\"https:\\\/\\\/alcala.salesianos.edu\\\/colegio\\\/blog\\\/2026\\\/06\\\/16\\\/informaciones-de-final-de-curso\\\/#article\",\"isPartOf\":{\"@id\":\"https:\\\/\\\/alcala.salesianos.edu\\\/colegio\\\/blog\\\/2026\\\/06\\\/16\\\/informaciones-de-final-de-curso\\\/\"},\"author\":{\"name\":\"Administrador Web\",\"@id\":\"https:\\\/\\\/alcala.salesianos.edu\\\/colegio\\\/#\\\/schema\\\/person\\\/afcc24f776dc91fc2bf9afb0998fca77\"},\"headline\":\"Informaciones de final de curso\",\"datePublished\":\"2026-06-16T11:38:34+00:00\",\"mainEntityOfPage\":{\"@id\":\"https:\\\/\\\/alcala.salesianos.edu\\\/colegio\\\/blog\\\/2026\\\/06\\\/16\\\/informaciones-de-final-de-curso\\\/\"},\"wordCount\":548,\"image\":{\"@id\":\"https:\\\/\\\/alcala.salesianos.edu\\\/colegio\\\/blog\\\/2026\\\/06\\\/16\\\/informaciones-de-final-de-curso\\\/#primaryimage\"},\"thumbnailUrl\":\"https:\\\/\\\/alcala.salesianos.edu\\\/colegio\\\/wp-content\\\/uploads\\\/sites\\\/2\\\/2026\\\/06\\\/Copia-de-Comunicacion-a-las-familias8.png\",\"articleSection\":[\"Colegio\",\"covid\",\"Escuela abierta\",\"FASA\",\"Infantil\",\"Portada\",\"Primaria\",\"Secundaria\",\"Uncategorized\"],\"inLanguage\":\"es\"},{\"@type\":\"WebPage\",\"@id\":\"https:\\\/\\\/alcala.salesianos.edu\\\/colegio\\\/blog\\\/2026\\\/06\\\/16\\\/informaciones-de-final-de-curso\\\/\",\"url\":\"https:\\\/\\\/alcala.salesianos.edu\\\/colegio\\\/blog\\\/2026\\\/06\\\/16\\\/informaciones-de-final-de-curso\\\/\",\"name\":\"Informaciones de final de curso - Colegio Salesiano Alcal\u00e1\",\"isPartOf\":{\"@id\":\"https:\\\/\\\/alcala.salesianos.edu\\\/colegio\\\/#website\"},\"primaryImageOfPage\":{\"@id\":\"https:\\\/\\\/alcala.salesianos.edu\\\/colegio\\\/blog\\\/2026\\\/06\\\/16\\\/informaciones-de-final-de-curso\\\/#primaryimage\"},\"image\":{\"@id\":\"https:\\\/\\\/alcala.salesianos.edu\\\/colegio\\\/blog\\\/2026\\\/06\\\/16\\\/informaciones-de-final-de-curso\\\/#primaryimage\"},\"thumbnailUrl\":\"https:\\\/\\\/alcala.salesianos.edu\\\/colegio\\\/wp-content\\\/uploads\\\/sites\\\/2\\\/2026\\\/06\\\/Copia-de-Comunicacion-a-las-familias8.png\",\"datePublished\":\"2026-06-16T11:38:34+00:00\",\"author\":{\"@id\":\"https:\\\/\\\/alcala.salesianos.edu\\\/colegio\\\/#\\\/schema\\\/person\\\/afcc24f776dc91fc2bf9afb0998fca77\"},\"description\":\"El centro informa sobre el fin de curso 2025\\\/2026, entrega de notas el 24 de junio y fechas de inicio del curso 2026\\\/2027.\",\"breadcrumb\":{\"@id\":\"https:\\\/\\\/alcala.salesianos.edu\\\/colegio\\\/blog\\\/2026\\\/06\\\/16\\\/informaciones-de-final-de-curso\\\/#breadcrumb\"},\"inLanguage\":\"es\",\"potentialAction\":[{\"@type\":\"ReadAction\",\"target\":[\"https:\\\/\\\/alcala.salesianos.edu\\\/colegio\\\/blog\\\/2026\\\/06\\\/16\\\/informaciones-de-final-de-curso\\\/\"]}]},{\"@type\":\"ImageObject\",\"inLanguage\":\"es\",\"@id\":\"https:\\\/\\\/alcala.salesianos.edu\\\/colegio\\\/blog\\\/2026\\\/06\\\/16\\\/informaciones-de-final-de-curso\\\/#primaryimage\",\"url\":\"https:\\\/\\\/alcala.salesianos.edu\\\/colegio\\\/wp-content\\\/uploads\\\/sites\\\/2\\\/2026\\\/06\\\/Copia-de-Comunicacion-a-las-familias8.png\",\"contentUrl\":\"https:\\\/\\\/alcala.salesianos.edu\\\/colegio\\\/wp-content\\\/uploads\\\/sites\\\/2\\\/2026\\\/06\\\/Copia-de-Comunicacion-a-las-familias8.png\",\"width\":1080,\"height\":1080},{\"@type\":\"BreadcrumbList\",\"@id\":\"https:\\\/\\\/alcala.salesianos.edu\\\/colegio\\\/blog\\\/2026\\\/06\\\/16\\\/informaciones-de-final-de-curso\\\/#breadcrumb\",\"itemListElement\":[{\"@type\":\"ListItem\",\"position\":1,\"name\":\"Portada\",\"item\":\"https:\\\/\\\/alcala.salesianos.edu\\\/colegio\\\/\"},{\"@type\":\"ListItem\",\"position\":2,\"name\":\"Informaciones de final de curso\"}]},{\"@type\":\"WebSite\",\"@id\":\"https:\\\/\\\/alcala.salesianos.edu\\\/colegio\\\/#website\",\"url\":\"https:\\\/\\\/alcala.salesianos.edu\\\/colegio\\\/\",\"name\":\"Colegio Salesiano Alcal\u00e1\",\"description\":\"P\u00e1gina oficial de Salesianos Alcal\u00e1 de Guadaira\",\"potentialAction\":[{\"@type\":\"SearchAction\",\"target\":{\"@type\":\"EntryPoint\",\"urlTemplate\":\"https:\\\/\\\/alcala.salesianos.edu\\\/colegio\\\/?s={search_term_string}\"},\"query-input\":{\"@type\":\"PropertyValueSpecification\",\"valueRequired\":true,\"valueName\":\"search_term_string\"}}],\"inLanguage\":\"es\"},{\"@type\":\"Person\",\"@id\":\"https:\\\/\\\/alcala.salesianos.edu\\\/colegio\\\/#\\\/schema\\\/person\\\/afcc24f776dc91fc2bf9afb0998fca77\",\"name\":\"Administrador Web\",\"image\":{\"@type\":\"ImageObject\",\"inLanguage\":\"es\",\"@id\":\"https:\\\/\\\/secure.gravatar.com\\\/avatar\\\/bc157e994689bd6da9645c00aa3bc4d55b727915b6652642660db0aef086585f?s=96&d=mm&r=g\",\"url\":\"https:\\\/\\\/secure.gravatar.com\\\/avatar\\\/bc157e994689bd6da9645c00aa3bc4d55b727915b6652642660db0aef086585f?s=96&d=mm&r=g\",\"contentUrl\":\"https:\\\/\\\/secure.gravatar.com\\\/avatar\\\/bc157e994689bd6da9645c00aa3bc4d55b727915b6652642660db0aef086585f?s=96&d=mm&r=g\",\"caption\":\"Administrador Web\"}}]}<\/script>\n<!-- \/ Yoast SEO plugin. -->","yoast_head_json":{"title":"Informaciones de final de curso - Colegio Salesiano Alcal\u00e1","description":"El centro informa sobre el fin de curso 2025\/2026, entrega de notas el 24 de junio y fechas de inicio del curso 2026\/2027.","robots":{"index":"index","follow":"follow","max-snippet":"max-snippet:-1","max-image-preview":"max-image-preview:large","max-video-preview":"max-video-preview:-1"},"canonical":"https:\/\/alcala.salesianos.edu\/colegio\/blog\/2026\/06\/16\/informaciones-de-final-de-curso\/","og_locale":"es_ES","og_type":"article","og_title":"Informaciones de final de curso - Colegio Salesiano Alcal\u00e1","og_description":"El centro informa sobre el fin de curso 2025\/2026, entrega de notas el 24 de junio y fechas de inicio del curso 2026\/2027.","og_url":"https:\/\/alcala.salesianos.edu\/colegio\/blog\/2026\/06\/16\/informaciones-de-final-de-curso\/","og_site_name":"Colegio Salesiano Alcal\u00e1","article_published_time":"2026-06-16T11:38:34+00:00","og_image":[{"width":1080,"height":1080,"url":"https:\/\/alcala.salesianos.edu\/colegio\/wp-content\/uploads\/sites\/2\/2026\/06\/Copia-de-Comunicacion-a-las-familias8.png","type":"image\/png"}],"author":"Administrador Web","twitter_card":"summary_large_image","twitter_misc":{"Escrito por":"Administrador Web","Tiempo de lectura":"2 minutos"},"schema":{"@context":"https:\/\/schema.org","@graph":[{"@type":"Article","@id":"https:\/\/alcala.salesianos.edu\/colegio\/blog\/2026\/06\/16\/informaciones-de-final-de-curso\/#article","isPartOf":{"@id":"https:\/\/alcala.salesianos.edu\/colegio\/blog\/2026\/06\/16\/informaciones-de-final-de-curso\/"},"author":{"name":"Administrador Web","@id":"https:\/\/alcala.salesianos.edu\/colegio\/#\/schema\/person\/afcc24f776dc91fc2bf9afb0998fca77"},"headline":"Informaciones de final de curso","datePublished":"2026-06-16T11:38:34+00:00","mainEntityOfPage":{"@id":"https:\/\/alcala.salesianos.edu\/colegio\/blog\/2026\/06\/16\/informaciones-de-final-de-curso\/"},"wordCount":548,"image":{"@id":"https:\/\/alcala.salesianos.edu\/colegio\/blog\/2026\/06\/16\/informaciones-de-final-de-curso\/#primaryimage"},"thumbnailUrl":"https:\/\/alcala.salesianos.edu\/colegio\/wp-content\/uploads\/sites\/2\/2026\/06\/Copia-de-Comunicacion-a-las-familias8.png","articleSection":["Colegio","covid","Escuela abierta","FASA","Infantil","Portada","Primaria","Secundaria","Uncategorized"],"inLanguage":"es"},{"@type":"WebPage","@id":"https:\/\/alcala.salesianos.edu\/colegio\/blog\/2026\/06\/16\/informaciones-de-final-de-curso\/","url":"https:\/\/alcala.salesianos.edu\/colegio\/blog\/2026\/06\/16\/informaciones-de-final-de-curso\/","name":"Informaciones de final de curso - Colegio Salesiano Alcal\u00e1","isPartOf":{"@id":"https:\/\/alcala.salesianos.edu\/colegio\/#website"},"primaryImageOfPage":{"@id":"https:\/\/alcala.salesianos.edu\/colegio\/blog\/2026\/06\/16\/informaciones-de-final-de-curso\/#primaryimage"},"image":{"@id":"https:\/\/alcala.salesianos.edu\/colegio\/blog\/2026\/06\/16\/informaciones-de-final-de-curso\/#primaryimage"},"thumbnailUrl":"https:\/\/alcala.salesianos.edu\/colegio\/wp-content\/uploads\/sites\/2\/2026\/06\/Copia-de-Comunicacion-a-las-familias8.png","datePublished":"2026-06-16T11:38:34+00:00","author":{"@id":"https:\/\/alcala.salesianos.edu\/colegio\/#\/schema\/person\/afcc24f776dc91fc2bf9afb0998fca77"},"description":"El centro informa sobre el fin de curso 2025\/2026, entrega de notas el 24 de junio y fechas de inicio del curso 2026\/2027.","breadcrumb":{"@id":"https:\/\/alcala.salesianos.edu\/colegio\/blog\/2026\/06\/16\/informaciones-de-final-de-curso\/#breadcrumb"},"inLanguage":"es","potentialAction":[{"@type":"ReadAction","target":["https:\/\/alcala.salesianos.edu\/colegio\/blog\/2026\/06\/16\/informaciones-de-final-de-curso\/"]}]},{"@type":"ImageObject","inLanguage":"es","@id":"https:\/\/alcala.salesianos.edu\/colegio\/blog\/2026\/06\/16\/informaciones-de-final-de-curso\/#primaryimage","url":"https:\/\/alcala.salesianos.edu\/colegio\/wp-content\/uploads\/sites\/2\/2026\/06\/Copia-de-Comunicacion-a-las-familias8.png","contentUrl":"https:\/\/alcala.salesianos.edu\/colegio\/wp-content\/uploads\/sites\/2\/2026\/06\/Copia-de-Comunicacion-a-las-familias8.png","width":1080,"height":1080},{"@type":"BreadcrumbList","@id":"https:\/\/alcala.salesianos.edu\/colegio\/blog\/2026\/06\/16\/informaciones-de-final-de-curso\/#breadcrumb","itemListElement":[{"@type":"ListItem","position":1,"name":"Portada","item":"https:\/\/alcala.salesianos.edu\/colegio\/"},{"@type":"ListItem","position":2,"name":"Informaciones de final de curso"}]},{"@type":"WebSite","@id":"https:\/\/alcala.salesianos.edu\/colegio\/#website","url":"https:\/\/alcala.salesianos.edu\/colegio\/","name":"Colegio Salesiano Alcal\u00e1","description":"P\u00e1gina oficial de Salesianos Alcal\u00e1 de Guadaira","potentialAction":[{"@type":"SearchAction","target":{"@type":"EntryPoint","urlTemplate":"https:\/\/alcala.salesianos.edu\/colegio\/?s={search_term_string}"},"query-input":{"@type":"PropertyValueSpecification","valueRequired":true,"valueName":"search_term_string"}}],"inLanguage":"es"},{"@type":"Person","@id":"https:\/\/alcala.salesianos.edu\/colegio\/#\/schema\/person\/afcc24f776dc91fc2bf9afb0998fca77","name":"Administrador Web","image":{"@type":"ImageObject","inLanguage":"es","@id":"https:\/\/secure.gravatar.com\/avatar\/bc157e994689bd6da9645c00aa3bc4d55b727915b6652642660db0aef086585f?s=96&d=mm&r=g","url":"https:\/\/secure.gravatar.com\/avatar\/bc157e994689bd6da9645c00aa3bc4d55b727915b6652642660db0aef086585f?s=96&d=mm&r=g","contentUrl":"https:\/\/secure.gravatar.com\/avatar\/bc157e994689bd6da9645c00aa3bc4d55b727915b6652642660db0aef086585f?s=96&d=mm&r=g","caption":"Administrador Web"}}]}},"_links":{"self":[{"href":"https:\/\/alcala.salesianos.edu\/colegio\/wp-json\/wp\/v2\/posts\/17029","targetHints":{"allow":["GET"]}}],"collection":[{"href":"https:\/\/alcala.salesianos.edu\/colegio\/wp-json\/wp\/v2\/posts"}],"about":[{"href":"https:\/\/alcala.salesianos.edu\/colegio\/wp-json\/wp\/v2\/types\/post"}],"author":[{"embeddable":true,"href":"https:\/\/alcala.salesianos.edu\/colegio\/wp-json\/wp\/v2\/users\/2"}],"replies":[{"embeddable":true,"href":"https:\/\/alcala.salesianos.edu\/colegio\/wp-json\/wp\/v2\/comments?post=17029"}],"version-history":[{"count":0,"href":"https:\/\/alcala.salesianos.edu\/colegio\/wp-json\/wp\/v2\/posts\/17029\/revisions"}],"wp:featuredmedia":[{"embeddable":true,"href":"https:\/\/alcala.salesianos.edu\/colegio\/wp-json\/wp\/v2\/media\/17030"}],"wp:attachment":[{"href":"https:\/\/alcala.salesianos.edu\/colegio\/wp-json\/wp\/v2\/media?parent=17029"}],"wp:term":[{"taxonomy":"category","embeddable":true,"href":"https:\/\/alcala.salesianos.edu\/colegio\/wp-json\/wp\/v2\/categories?post=17029"},{"taxonomy":"post_tag","embeddable":true,"href":"https:\/\/alcala.salesianos.edu\/colegio\/wp-json\/wp\/v2\/tags?post=17029"}],"curies":[{"name":"wp","href":"https:\/\/api.w.org\/{rel}","templated":true}]}}