{"id":17025,"date":"2026-06-11T11:46:51","date_gmt":"2026-06-11T10:46:51","guid":{"rendered":"https:\/\/alcala.salesianos.edu\/colegio\/blog\/2026\/06\/11\/dos-jovenes-emprendedores-comparten-su-experiencia-con-el-alumnado-de-4-o-de-eso-de-economia-y-emprendimiento-2\/"},"modified":"2026-06-11T11:46:51","modified_gmt":"2026-06-11T10:46:51","slug":"dos-jovenes-emprendedores-comparten-su-experiencia-con-el-alumnado-de-4-o-de-eso-de-economia-y-emprendimiento-2","status":"publish","type":"post","link":"https:\/\/alcala.salesianos.edu\/colegio\/blog\/2026\/06\/11\/dos-jovenes-emprendedores-comparten-su-experiencia-con-el-alumnado-de-4-o-de-eso-de-economia-y-emprendimiento-2\/","title":{"rendered":"Dos j\u00f3venes emprendedores comparten su experiencia con el alumnado de 4.\u00ba de ESO de Econom\u00eda y Emprendimiento"},"content":{"rendered":"<div id=\"fb-root\"><\/div>\n<p>[et_pb_section fb_built=\u00bb1&#8243; admin_label=\u00bbsection\u00bb _builder_version=\u00bb4.16&#8243; global_colors_info=\u00bb{}\u00bb][et_pb_row admin_label=\u00bbrow\u00bb _builder_version=\u00bb4.16&#8243; background_size=\u00bbinitial\u00bb background_position=\u00bbtop_left\u00bb background_repeat=\u00bbrepeat\u00bb global_colors_info=\u00bb{}\u00bb][et_pb_column type=\u00bb4_4&#8243; _builder_version=\u00bb4.16&#8243; custom_padding=\u00bb|||\u00bb global_colors_info=\u00bb{}\u00bb custom_padding__hover=\u00bb|||\u00bb][et_pb_text _builder_version=\u00bb4.27.6&#8243; _module_preset=\u00bbdefault\u00bb hover_enabled=\u00bb0&#8243; sticky_enabled=\u00bb0&#8243;]<\/p>\n<p>El alumnado de 4.\u00ba de ESO de Econom\u00eda y Emprendimiento ha participado hoy en una sesi\u00f3n especial con dos j\u00f3venes emprendedores, quienes explicaron c\u00f3mo surgi\u00f3 su proyecto empresarial y cu\u00e1les han sido las claves de su crecimiento y consolidaci\u00f3n.<\/p>\n<p>La actividad se desarroll\u00f3 en un formato participativo, combinando la exposici\u00f3n de la experiencia empresarial con din\u00e1micas dirigidas al alumnado. A lo largo de la sesi\u00f3n, los estudiantes tomaron parte en diferentes actividades y retos, recibiendo premios por su implicaci\u00f3n y participaci\u00f3n.<\/p>\n<p>Los ponentes compartieron con los asistentes los principales aprendizajes obtenidos durante la puesta en marcha de su negocio: la importancia de detectar oportunidades, asumir riesgos calculados, aprender de los errores y mantener una visi\u00f3n clara del proyecto.<\/p>\n<p>Como cierre de la charla, preguntaron al alumnado con qu\u00e9 ideas se quedaban de la experiencia. Entre las respuestas m\u00e1s repetidas destacaron el trabajo en equipo, el apoyo mutuo, la constancia, la perseverancia y la necesidad de aprovechar las oportunidades que se presentan.<\/p>\n<p>La actividad ha servido para acercar el emprendimiento al aula desde una perspectiva real y cercana, mostrando a los estudiantes ejemplos de iniciativa empresarial desarrollados por j\u00f3venes emprendedores.<\/p>\n<p>[\/et_pb_text][\/et_pb_column][\/et_pb_row][\/et_pb_section]<\/p>\n","protected":false},"excerpt":{"rendered":"<p>Alumnos de 4.\u00ba ESO de Econom\u00eda y Emprendimiento conocen la experiencia de dos j\u00f3venes emprendedores y sus claves para crear y desarrollar un negocio.<\/p>\n","protected":false},"author":2,"featured_media":17024,"comment_status":"","ping_status":"open","sticky":false,"template":"","format":"standard","meta":{"_et_pb_use_builder":"on","_et_pb_old_content":"","_et_gb_content_width":"","footnotes":""},"categories":[12,23,13,15,16,1],"tags":[],"class_list":["post-17025","post","type-post","status-publish","format-standard","has-post-thumbnail","hentry","category-colegio","category-covid","category-fasa","category-portada","category-secundaria","category-uncategorized"],"yoast_head":"<!-- This site is optimized with the Yoast SEO plugin v28.3 - https:\/\/yoast.com\/product\/yoast-seo-wordpress\/ -->\n<title>Dos j\u00f3venes emprendedores comparten su experiencia con el alumnado de 4.\u00ba de ESO de Econom\u00eda y Emprendimiento - Colegio Salesiano Alcal\u00e1<\/title>\n<meta name=\"description\" content=\"Alumnos de 4.\u00ba ESO de Econom\u00eda y Emprendimiento conocen la experiencia de dos j\u00f3venes emprendedores para crear y desarrollar un negocio.\" \/>\n<meta name=\"robots\" content=\"index, follow, max-snippet:-1, max-image-preview:large, max-video-preview:-1\" \/>\n<link rel=\"canonical\" href=\"https:\/\/alcala.salesianos.edu\/colegio\/blog\/2026\/06\/11\/dos-jovenes-emprendedores-comparten-su-experiencia-con-el-alumnado-de-4-o-de-eso-de-economia-y-emprendimiento-2\/\" \/>\n<meta property=\"og:locale\" content=\"es_ES\" \/>\n<meta property=\"og:type\" content=\"article\" \/>\n<meta property=\"og:title\" content=\"Dos j\u00f3venes emprendedores comparten su experiencia con el alumnado de 4.\u00ba de ESO de Econom\u00eda y Emprendimiento - Colegio Salesiano Alcal\u00e1\" \/>\n<meta property=\"og:description\" content=\"Alumnos de 4.\u00ba ESO de Econom\u00eda y Emprendimiento conocen la experiencia de dos j\u00f3venes emprendedores para crear y desarrollar un negocio.\" \/>\n<meta property=\"og:url\" content=\"https:\/\/alcala.salesianos.edu\/colegio\/blog\/2026\/06\/11\/dos-jovenes-emprendedores-comparten-su-experiencia-con-el-alumnado-de-4-o-de-eso-de-economia-y-emprendimiento-2\/\" \/>\n<meta property=\"og:site_name\" content=\"Colegio Salesiano Alcal\u00e1\" \/>\n<meta property=\"article:published_time\" content=\"2026-06-11T10:46:51+00:00\" \/>\n<meta property=\"og:image\" content=\"https:\/\/alcala.salesianos.edu\/colegio\/wp-content\/uploads\/sites\/2\/2026\/06\/Captura-de-pantalla-2026-06-11-a-las-12.44.27.png\" \/>\n\t<meta property=\"og:image:width\" content=\"1382\" \/>\n\t<meta property=\"og:image:height\" content=\"462\" \/>\n\t<meta property=\"og:image:type\" content=\"image\/png\" \/>\n<meta name=\"author\" content=\"Administrador Web\" \/>\n<meta name=\"twitter:card\" content=\"summary_large_image\" \/>\n<meta name=\"twitter:label1\" content=\"Escrito por\" \/>\n\t<meta name=\"twitter:data1\" content=\"Administrador Web\" \/>\n\t<meta name=\"twitter:label2\" content=\"Tiempo de lectura\" \/>\n\t<meta name=\"twitter:data2\" content=\"2 minutos\" \/>\n<script type=\"application\/ld+json\" class=\"yoast-schema-graph\">{\"@context\":\"https:\\\/\\\/schema.org\",\"@graph\":[{\"@type\":\"Article\",\"@id\":\"https:\\\/\\\/alcala.salesianos.edu\\\/colegio\\\/blog\\\/2026\\\/06\\\/11\\\/dos-jovenes-emprendedores-comparten-su-experiencia-con-el-alumnado-de-4-o-de-eso-de-economia-y-emprendimiento-2\\\/#article\",\"isPartOf\":{\"@id\":\"https:\\\/\\\/alcala.salesianos.edu\\\/colegio\\\/blog\\\/2026\\\/06\\\/11\\\/dos-jovenes-emprendedores-comparten-su-experiencia-con-el-alumnado-de-4-o-de-eso-de-economia-y-emprendimiento-2\\\/\"},\"author\":{\"name\":\"Administrador Web\",\"@id\":\"https:\\\/\\\/alcala.salesianos.edu\\\/colegio\\\/#\\\/schema\\\/person\\\/afcc24f776dc91fc2bf9afb0998fca77\"},\"headline\":\"Dos j\u00f3venes emprendedores comparten su experiencia con el alumnado de 4.\u00ba de ESO de Econom\u00eda y Emprendimiento\",\"datePublished\":\"2026-06-11T10:46:51+00:00\",\"mainEntityOfPage\":{\"@id\":\"https:\\\/\\\/alcala.salesianos.edu\\\/colegio\\\/blog\\\/2026\\\/06\\\/11\\\/dos-jovenes-emprendedores-comparten-su-experiencia-con-el-alumnado-de-4-o-de-eso-de-economia-y-emprendimiento-2\\\/\"},\"wordCount\":292,\"image\":{\"@id\":\"https:\\\/\\\/alcala.salesianos.edu\\\/colegio\\\/blog\\\/2026\\\/06\\\/11\\\/dos-jovenes-emprendedores-comparten-su-experiencia-con-el-alumnado-de-4-o-de-eso-de-economia-y-emprendimiento-2\\\/#primaryimage\"},\"thumbnailUrl\":\"https:\\\/\\\/alcala.salesianos.edu\\\/colegio\\\/wp-content\\\/uploads\\\/sites\\\/2\\\/2026\\\/06\\\/Captura-de-pantalla-2026-06-11-a-las-12.44.27.png\",\"articleSection\":[\"Colegio\",\"covid\",\"FASA\",\"Portada\",\"Secundaria\",\"Uncategorized\"],\"inLanguage\":\"es\"},{\"@type\":\"WebPage\",\"@id\":\"https:\\\/\\\/alcala.salesianos.edu\\\/colegio\\\/blog\\\/2026\\\/06\\\/11\\\/dos-jovenes-emprendedores-comparten-su-experiencia-con-el-alumnado-de-4-o-de-eso-de-economia-y-emprendimiento-2\\\/\",\"url\":\"https:\\\/\\\/alcala.salesianos.edu\\\/colegio\\\/blog\\\/2026\\\/06\\\/11\\\/dos-jovenes-emprendedores-comparten-su-experiencia-con-el-alumnado-de-4-o-de-eso-de-economia-y-emprendimiento-2\\\/\",\"name\":\"Dos j\u00f3venes emprendedores comparten su experiencia con el alumnado de 4.\u00ba de ESO de Econom\u00eda y Emprendimiento - Colegio Salesiano Alcal\u00e1\",\"isPartOf\":{\"@id\":\"https:\\\/\\\/alcala.salesianos.edu\\\/colegio\\\/#website\"},\"primaryImageOfPage\":{\"@id\":\"https:\\\/\\\/alcala.salesianos.edu\\\/colegio\\\/blog\\\/2026\\\/06\\\/11\\\/dos-jovenes-emprendedores-comparten-su-experiencia-con-el-alumnado-de-4-o-de-eso-de-economia-y-emprendimiento-2\\\/#primaryimage\"},\"image\":{\"@id\":\"https:\\\/\\\/alcala.salesianos.edu\\\/colegio\\\/blog\\\/2026\\\/06\\\/11\\\/dos-jovenes-emprendedores-comparten-su-experiencia-con-el-alumnado-de-4-o-de-eso-de-economia-y-emprendimiento-2\\\/#primaryimage\"},\"thumbnailUrl\":\"https:\\\/\\\/alcala.salesianos.edu\\\/colegio\\\/wp-content\\\/uploads\\\/sites\\\/2\\\/2026\\\/06\\\/Captura-de-pantalla-2026-06-11-a-las-12.44.27.png\",\"datePublished\":\"2026-06-11T10:46:51+00:00\",\"author\":{\"@id\":\"https:\\\/\\\/alcala.salesianos.edu\\\/colegio\\\/#\\\/schema\\\/person\\\/afcc24f776dc91fc2bf9afb0998fca77\"},\"description\":\"Alumnos de 4.\u00ba ESO de Econom\u00eda y Emprendimiento conocen la experiencia de dos j\u00f3venes emprendedores para crear y desarrollar un negocio.\",\"breadcrumb\":{\"@id\":\"https:\\\/\\\/alcala.salesianos.edu\\\/colegio\\\/blog\\\/2026\\\/06\\\/11\\\/dos-jovenes-emprendedores-comparten-su-experiencia-con-el-alumnado-de-4-o-de-eso-de-economia-y-emprendimiento-2\\\/#breadcrumb\"},\"inLanguage\":\"es\",\"potentialAction\":[{\"@type\":\"ReadAction\",\"target\":[\"https:\\\/\\\/alcala.salesianos.edu\\\/colegio\\\/blog\\\/2026\\\/06\\\/11\\\/dos-jovenes-emprendedores-comparten-su-experiencia-con-el-alumnado-de-4-o-de-eso-de-economia-y-emprendimiento-2\\\/\"]}]},{\"@type\":\"ImageObject\",\"inLanguage\":\"es\",\"@id\":\"https:\\\/\\\/alcala.salesianos.edu\\\/colegio\\\/blog\\\/2026\\\/06\\\/11\\\/dos-jovenes-emprendedores-comparten-su-experiencia-con-el-alumnado-de-4-o-de-eso-de-economia-y-emprendimiento-2\\\/#primaryimage\",\"url\":\"https:\\\/\\\/alcala.salesianos.edu\\\/colegio\\\/wp-content\\\/uploads\\\/sites\\\/2\\\/2026\\\/06\\\/Captura-de-pantalla-2026-06-11-a-las-12.44.27.png\",\"contentUrl\":\"https:\\\/\\\/alcala.salesianos.edu\\\/colegio\\\/wp-content\\\/uploads\\\/sites\\\/2\\\/2026\\\/06\\\/Captura-de-pantalla-2026-06-11-a-las-12.44.27.png\",\"width\":1382,\"height\":462},{\"@type\":\"BreadcrumbList\",\"@id\":\"https:\\\/\\\/alcala.salesianos.edu\\\/colegio\\\/blog\\\/2026\\\/06\\\/11\\\/dos-jovenes-emprendedores-comparten-su-experiencia-con-el-alumnado-de-4-o-de-eso-de-economia-y-emprendimiento-2\\\/#breadcrumb\",\"itemListElement\":[{\"@type\":\"ListItem\",\"position\":1,\"name\":\"Portada\",\"item\":\"https:\\\/\\\/alcala.salesianos.edu\\\/colegio\\\/\"},{\"@type\":\"ListItem\",\"position\":2,\"name\":\"Dos j\u00f3venes emprendedores comparten su experiencia con el alumnado de 4.\u00ba de ESO de Econom\u00eda y Emprendimiento\"}]},{\"@type\":\"WebSite\",\"@id\":\"https:\\\/\\\/alcala.salesianos.edu\\\/colegio\\\/#website\",\"url\":\"https:\\\/\\\/alcala.salesianos.edu\\\/colegio\\\/\",\"name\":\"Colegio Salesiano Alcal\u00e1\",\"description\":\"P\u00e1gina oficial de Salesianos Alcal\u00e1 de Guadaira\",\"potentialAction\":[{\"@type\":\"SearchAction\",\"target\":{\"@type\":\"EntryPoint\",\"urlTemplate\":\"https:\\\/\\\/alcala.salesianos.edu\\\/colegio\\\/?s={search_term_string}\"},\"query-input\":{\"@type\":\"PropertyValueSpecification\",\"valueRequired\":true,\"valueName\":\"search_term_string\"}}],\"inLanguage\":\"es\"},{\"@type\":\"Person\",\"@id\":\"https:\\\/\\\/alcala.salesianos.edu\\\/colegio\\\/#\\\/schema\\\/person\\\/afcc24f776dc91fc2bf9afb0998fca77\",\"name\":\"Administrador Web\",\"image\":{\"@type\":\"ImageObject\",\"inLanguage\":\"es\",\"@id\":\"https:\\\/\\\/secure.gravatar.com\\\/avatar\\\/bc157e994689bd6da9645c00aa3bc4d55b727915b6652642660db0aef086585f?s=96&d=mm&r=g\",\"url\":\"https:\\\/\\\/secure.gravatar.com\\\/avatar\\\/bc157e994689bd6da9645c00aa3bc4d55b727915b6652642660db0aef086585f?s=96&d=mm&r=g\",\"contentUrl\":\"https:\\\/\\\/secure.gravatar.com\\\/avatar\\\/bc157e994689bd6da9645c00aa3bc4d55b727915b6652642660db0aef086585f?s=96&d=mm&r=g\",\"caption\":\"Administrador Web\"}}]}<\/script>\n<!-- \/ Yoast SEO plugin. -->","yoast_head_json":{"title":"Dos j\u00f3venes emprendedores comparten su experiencia con el alumnado de 4.\u00ba de ESO de Econom\u00eda y Emprendimiento - Colegio Salesiano Alcal\u00e1","description":"Alumnos de 4.\u00ba ESO de Econom\u00eda y Emprendimiento conocen la experiencia de dos j\u00f3venes emprendedores para crear y desarrollar un negocio.","robots":{"index":"index","follow":"follow","max-snippet":"max-snippet:-1","max-image-preview":"max-image-preview:large","max-video-preview":"max-video-preview:-1"},"canonical":"https:\/\/alcala.salesianos.edu\/colegio\/blog\/2026\/06\/11\/dos-jovenes-emprendedores-comparten-su-experiencia-con-el-alumnado-de-4-o-de-eso-de-economia-y-emprendimiento-2\/","og_locale":"es_ES","og_type":"article","og_title":"Dos j\u00f3venes emprendedores comparten su experiencia con el alumnado de 4.\u00ba de ESO de Econom\u00eda y Emprendimiento - Colegio Salesiano Alcal\u00e1","og_description":"Alumnos de 4.\u00ba ESO de Econom\u00eda y Emprendimiento conocen la experiencia de dos j\u00f3venes emprendedores para crear y desarrollar un negocio.","og_url":"https:\/\/alcala.salesianos.edu\/colegio\/blog\/2026\/06\/11\/dos-jovenes-emprendedores-comparten-su-experiencia-con-el-alumnado-de-4-o-de-eso-de-economia-y-emprendimiento-2\/","og_site_name":"Colegio Salesiano Alcal\u00e1","article_published_time":"2026-06-11T10:46:51+00:00","og_image":[{"width":1382,"height":462,"url":"https:\/\/alcala.salesianos.edu\/colegio\/wp-content\/uploads\/sites\/2\/2026\/06\/Captura-de-pantalla-2026-06-11-a-las-12.44.27.png","type":"image\/png"}],"author":"Administrador Web","twitter_card":"summary_large_image","twitter_misc":{"Escrito por":"Administrador Web","Tiempo de lectura":"2 minutos"},"schema":{"@context":"https:\/\/schema.org","@graph":[{"@type":"Article","@id":"https:\/\/alcala.salesianos.edu\/colegio\/blog\/2026\/06\/11\/dos-jovenes-emprendedores-comparten-su-experiencia-con-el-alumnado-de-4-o-de-eso-de-economia-y-emprendimiento-2\/#article","isPartOf":{"@id":"https:\/\/alcala.salesianos.edu\/colegio\/blog\/2026\/06\/11\/dos-jovenes-emprendedores-comparten-su-experiencia-con-el-alumnado-de-4-o-de-eso-de-economia-y-emprendimiento-2\/"},"author":{"name":"Administrador Web","@id":"https:\/\/alcala.salesianos.edu\/colegio\/#\/schema\/person\/afcc24f776dc91fc2bf9afb0998fca77"},"headline":"Dos j\u00f3venes emprendedores comparten su experiencia con el alumnado de 4.\u00ba de ESO de Econom\u00eda y Emprendimiento","datePublished":"2026-06-11T10:46:51+00:00","mainEntityOfPage":{"@id":"https:\/\/alcala.salesianos.edu\/colegio\/blog\/2026\/06\/11\/dos-jovenes-emprendedores-comparten-su-experiencia-con-el-alumnado-de-4-o-de-eso-de-economia-y-emprendimiento-2\/"},"wordCount":292,"image":{"@id":"https:\/\/alcala.salesianos.edu\/colegio\/blog\/2026\/06\/11\/dos-jovenes-emprendedores-comparten-su-experiencia-con-el-alumnado-de-4-o-de-eso-de-economia-y-emprendimiento-2\/#primaryimage"},"thumbnailUrl":"https:\/\/alcala.salesianos.edu\/colegio\/wp-content\/uploads\/sites\/2\/2026\/06\/Captura-de-pantalla-2026-06-11-a-las-12.44.27.png","articleSection":["Colegio","covid","FASA","Portada","Secundaria","Uncategorized"],"inLanguage":"es"},{"@type":"WebPage","@id":"https:\/\/alcala.salesianos.edu\/colegio\/blog\/2026\/06\/11\/dos-jovenes-emprendedores-comparten-su-experiencia-con-el-alumnado-de-4-o-de-eso-de-economia-y-emprendimiento-2\/","url":"https:\/\/alcala.salesianos.edu\/colegio\/blog\/2026\/06\/11\/dos-jovenes-emprendedores-comparten-su-experiencia-con-el-alumnado-de-4-o-de-eso-de-economia-y-emprendimiento-2\/","name":"Dos j\u00f3venes emprendedores comparten su experiencia con el alumnado de 4.\u00ba de ESO de Econom\u00eda y Emprendimiento - Colegio Salesiano Alcal\u00e1","isPartOf":{"@id":"https:\/\/alcala.salesianos.edu\/colegio\/#website"},"primaryImageOfPage":{"@id":"https:\/\/alcala.salesianos.edu\/colegio\/blog\/2026\/06\/11\/dos-jovenes-emprendedores-comparten-su-experiencia-con-el-alumnado-de-4-o-de-eso-de-economia-y-emprendimiento-2\/#primaryimage"},"image":{"@id":"https:\/\/alcala.salesianos.edu\/colegio\/blog\/2026\/06\/11\/dos-jovenes-emprendedores-comparten-su-experiencia-con-el-alumnado-de-4-o-de-eso-de-economia-y-emprendimiento-2\/#primaryimage"},"thumbnailUrl":"https:\/\/alcala.salesianos.edu\/colegio\/wp-content\/uploads\/sites\/2\/2026\/06\/Captura-de-pantalla-2026-06-11-a-las-12.44.27.png","datePublished":"2026-06-11T10:46:51+00:00","author":{"@id":"https:\/\/alcala.salesianos.edu\/colegio\/#\/schema\/person\/afcc24f776dc91fc2bf9afb0998fca77"},"description":"Alumnos de 4.\u00ba ESO de Econom\u00eda y Emprendimiento conocen la experiencia de dos j\u00f3venes emprendedores para crear y desarrollar un negocio.","breadcrumb":{"@id":"https:\/\/alcala.salesianos.edu\/colegio\/blog\/2026\/06\/11\/dos-jovenes-emprendedores-comparten-su-experiencia-con-el-alumnado-de-4-o-de-eso-de-economia-y-emprendimiento-2\/#breadcrumb"},"inLanguage":"es","potentialAction":[{"@type":"ReadAction","target":["https:\/\/alcala.salesianos.edu\/colegio\/blog\/2026\/06\/11\/dos-jovenes-emprendedores-comparten-su-experiencia-con-el-alumnado-de-4-o-de-eso-de-economia-y-emprendimiento-2\/"]}]},{"@type":"ImageObject","inLanguage":"es","@id":"https:\/\/alcala.salesianos.edu\/colegio\/blog\/2026\/06\/11\/dos-jovenes-emprendedores-comparten-su-experiencia-con-el-alumnado-de-4-o-de-eso-de-economia-y-emprendimiento-2\/#primaryimage","url":"https:\/\/alcala.salesianos.edu\/colegio\/wp-content\/uploads\/sites\/2\/2026\/06\/Captura-de-pantalla-2026-06-11-a-las-12.44.27.png","contentUrl":"https:\/\/alcala.salesianos.edu\/colegio\/wp-content\/uploads\/sites\/2\/2026\/06\/Captura-de-pantalla-2026-06-11-a-las-12.44.27.png","width":1382,"height":462},{"@type":"BreadcrumbList","@id":"https:\/\/alcala.salesianos.edu\/colegio\/blog\/2026\/06\/11\/dos-jovenes-emprendedores-comparten-su-experiencia-con-el-alumnado-de-4-o-de-eso-de-economia-y-emprendimiento-2\/#breadcrumb","itemListElement":[{"@type":"ListItem","position":1,"name":"Portada","item":"https:\/\/alcala.salesianos.edu\/colegio\/"},{"@type":"ListItem","position":2,"name":"Dos j\u00f3venes emprendedores comparten su experiencia con el alumnado de 4.\u00ba de ESO de Econom\u00eda y Emprendimiento"}]},{"@type":"WebSite","@id":"https:\/\/alcala.salesianos.edu\/colegio\/#website","url":"https:\/\/alcala.salesianos.edu\/colegio\/","name":"Colegio Salesiano Alcal\u00e1","description":"P\u00e1gina oficial de Salesianos Alcal\u00e1 de Guadaira","potentialAction":[{"@type":"SearchAction","target":{"@type":"EntryPoint","urlTemplate":"https:\/\/alcala.salesianos.edu\/colegio\/?s={search_term_string}"},"query-input":{"@type":"PropertyValueSpecification","valueRequired":true,"valueName":"search_term_string"}}],"inLanguage":"es"},{"@type":"Person","@id":"https:\/\/alcala.salesianos.edu\/colegio\/#\/schema\/person\/afcc24f776dc91fc2bf9afb0998fca77","name":"Administrador Web","image":{"@type":"ImageObject","inLanguage":"es","@id":"https:\/\/secure.gravatar.com\/avatar\/bc157e994689bd6da9645c00aa3bc4d55b727915b6652642660db0aef086585f?s=96&d=mm&r=g","url":"https:\/\/secure.gravatar.com\/avatar\/bc157e994689bd6da9645c00aa3bc4d55b727915b6652642660db0aef086585f?s=96&d=mm&r=g","contentUrl":"https:\/\/secure.gravatar.com\/avatar\/bc157e994689bd6da9645c00aa3bc4d55b727915b6652642660db0aef086585f?s=96&d=mm&r=g","caption":"Administrador Web"}}]}},"_links":{"self":[{"href":"https:\/\/alcala.salesianos.edu\/colegio\/wp-json\/wp\/v2\/posts\/17025","targetHints":{"allow":["GET"]}}],"collection":[{"href":"https:\/\/alcala.salesianos.edu\/colegio\/wp-json\/wp\/v2\/posts"}],"about":[{"href":"https:\/\/alcala.salesianos.edu\/colegio\/wp-json\/wp\/v2\/types\/post"}],"author":[{"embeddable":true,"href":"https:\/\/alcala.salesianos.edu\/colegio\/wp-json\/wp\/v2\/users\/2"}],"replies":[{"embeddable":true,"href":"https:\/\/alcala.salesianos.edu\/colegio\/wp-json\/wp\/v2\/comments?post=17025"}],"version-history":[{"count":0,"href":"https:\/\/alcala.salesianos.edu\/colegio\/wp-json\/wp\/v2\/posts\/17025\/revisions"}],"wp:featuredmedia":[{"embeddable":true,"href":"https:\/\/alcala.salesianos.edu\/colegio\/wp-json\/wp\/v2\/media\/17024"}],"wp:attachment":[{"href":"https:\/\/alcala.salesianos.edu\/colegio\/wp-json\/wp\/v2\/media?parent=17025"}],"wp:term":[{"taxonomy":"category","embeddable":true,"href":"https:\/\/alcala.salesianos.edu\/colegio\/wp-json\/wp\/v2\/categories?post=17025"},{"taxonomy":"post_tag","embeddable":true,"href":"https:\/\/alcala.salesianos.edu\/colegio\/wp-json\/wp\/v2\/tags?post=17025"}],"curies":[{"name":"wp","href":"https:\/\/api.w.org\/{rel}","templated":true}]}}