{"id":17017,"date":"2026-06-10T09:39:44","date_gmt":"2026-06-10T08:39:44","guid":{"rendered":"https:\/\/alcala.salesianos.edu\/colegio\/blog\/2026\/06\/10\/alumnas-destacan-campeonato-espana-gimnasia-acrobatica-salesianos-alcala\/"},"modified":"2026-06-10T09:39:44","modified_gmt":"2026-06-10T08:39:44","slug":"alumnas-destacan-campeonato-espana-gimnasia-acrobatica-salesianos-alcala","status":"publish","type":"post","link":"https:\/\/alcala.salesianos.edu\/colegio\/blog\/2026\/06\/10\/alumnas-destacan-campeonato-espana-gimnasia-acrobatica-salesianos-alcala\/","title":{"rendered":"Dos alumnas del colegio brillan en el Campeonato de Espa\u00f1a de Gimnasia Acrob\u00e1tica"},"content":{"rendered":"<div id=\"fb-root\"><\/div>\n<p>[et_pb_section fb_built=\u00bb1&#8243; admin_label=\u00bbsection\u00bb _builder_version=\u00bb4.16&#8243; global_colors_info=\u00bb{}\u00bb][et_pb_row admin_label=\u00bbrow\u00bb _builder_version=\u00bb4.16&#8243; background_size=\u00bbinitial\u00bb background_position=\u00bbtop_left\u00bb background_repeat=\u00bbrepeat\u00bb global_colors_info=\u00bb{}\u00bb][et_pb_column type=\u00bb4_4&#8243; _builder_version=\u00bb4.16&#8243; custom_padding=\u00bb|||\u00bb global_colors_info=\u00bb{}\u00bb custom_padding__hover=\u00bb|||\u00bb][et_pb_text _builder_version=\u00bb4.27.6&#8243; _module_preset=\u00bbdefault\u00bb hover_enabled=\u00bb0&#8243; sticky_enabled=\u00bb0&#8243;]<\/p>\n<p class=\"isSelectedEnd\">Nos llena de orgullo compartir los excelentes resultados obtenidos por dos de nuestras alumnas en el reciente Campeonato de Espa\u00f1a de Gimnasia Acrob\u00e1tica, una de las competiciones m\u00e1s importantes del calendario nacional de este deporte.<\/p>\n<p class=\"isSelectedEnd\">Por un lado, <strong>Blanca Hormigo Sol\u00eds<\/strong> ha logrado proclamarse <strong>subcampeona de Espa\u00f1a<\/strong> en la categor\u00eda <strong>Prejunior Pareja Femenina<\/strong>, un magn\u00edfico resultado que reconoce su esfuerzo, dedicaci\u00f3n y talento. Este importante \u00e9xito es fruto de muchas horas de entrenamiento y del compromiso que demuestra d\u00eda a d\u00eda con su disciplina deportiva.<\/p>\n<p class=\"isSelectedEnd\">Asimismo, queremos felicitar a <strong>\u00c1ngela Magall\u00f3n Angulo<\/strong>, cuyo equipo consigui\u00f3 una destacada <strong>medalla de bronce y tercer puesto nacional<\/strong> en la competici\u00f3n, demostrando igualmente un gran nivel deportivo y un excelente trabajo en equipo.<\/p>\n<p class=\"isSelectedEnd\">Desde el colegio queremos trasladar nuestra m\u00e1s sincera enhorabuena a Blanca y \u00c1ngela, as\u00ed como a sus compa\u00f1eras, entrenadores, familias y al club de gimnasia acrob\u00e1tica de Alcal\u00e1, por estos magn\u00edficos logros que son motivo de satisfacci\u00f3n para toda nuestra comunidad educativa.<\/p>\n<p class=\"isSelectedEnd\">Nos alegra especialmente ver c\u00f3mo nuestras alumnas compaginan con \u00e9xito su formaci\u00f3n acad\u00e9mica y deportiva, convirti\u00e9ndose en un ejemplo de esfuerzo, constancia y superaci\u00f3n.<\/p>\n<p>\u00a1Enhorabuena campeonas!<\/p>\n<p>[\/et_pb_text][\/et_pb_column][\/et_pb_row][et_pb_row _builder_version=\u00bb4.27.6&#8243; _module_preset=\u00bbdefault\u00bb column_structure=\u00bb1_3,1_3,1_3&#8243;][et_pb_column _builder_version=\u00bb4.27.6&#8243; _module_preset=\u00bbdefault\u00bb type=\u00bb1_3&#8243;][et_pb_image _builder_version=\u00bb4.27.6&#8243; _module_preset=\u00bbdefault\u00bb title_text=\u00bbwhatsappimage20260520at212812&#8243; src=\u00bbhttps:\/\/alcala.salesianos.edu\/wp-content\/uploads\/2026\/06\/whatsappimage20260520at212812.jpeg\u00bb hover_enabled=\u00bb0&#8243; sticky_enabled=\u00bb0&#8243;][\/et_pb_image][\/et_pb_column][et_pb_column _builder_version=\u00bb4.27.6&#8243; _module_preset=\u00bbdefault\u00bb type=\u00bb1_3&#8243;][et_pb_image _builder_version=\u00bb4.27.6&#8243; _module_preset=\u00bbdefault\u00bb title_text=\u00bbOplus_131072&#8243; src=\u00bbhttps:\/\/alcala.salesianos.edu\/wp-content\/uploads\/2026\/06\/img_20260526_095407.jpg\u00bb hover_enabled=\u00bb0&#8243; sticky_enabled=\u00bb0&#8243;][\/et_pb_image][\/et_pb_column][et_pb_column _builder_version=\u00bb4.27.6&#8243; _module_preset=\u00bbdefault\u00bb type=\u00bb1_3&#8243;][et_pb_image _builder_version=\u00bb4.27.6&#8243; _module_preset=\u00bbdefault\u00bb title_text=\u00bbwhatsappimage20260520at212801&#8243; src=\u00bbhttps:\/\/alcala.salesianos.edu\/wp-content\/uploads\/2026\/06\/whatsappimage20260520at212801.jpeg\u00bb hover_enabled=\u00bb0&#8243; sticky_enabled=\u00bb0&#8243;][\/et_pb_image][\/et_pb_column][\/et_pb_row][\/et_pb_section]<\/p>\n","protected":false},"excerpt":{"rendered":"<p>Blanca Hormigo, subcampeona de Espa\u00f1a, y \u00c1ngela Magall\u00f3n, tercera clasificada con su tr\u00edo, llevan el nombre del colegio a lo m\u00e1s alto en el Campeonato de Espa\u00f1a de Gimnasia Acrob\u00e1tica.<\/p>\n","protected":false},"author":2,"featured_media":17018,"comment_status":"","ping_status":"open","sticky":false,"template":"","format":"standard","meta":{"_et_pb_use_builder":"on","_et_pb_old_content":"","_et_gb_content_width":"","footnotes":""},"categories":[12,15,16,1],"tags":[],"class_list":["post-17017","post","type-post","status-publish","format-standard","has-post-thumbnail","hentry","category-colegio","category-portada","category-secundaria","category-uncategorized"],"yoast_head":"<!-- This site is optimized with the Yoast SEO plugin v28.3 - https:\/\/yoast.com\/product\/yoast-seo-wordpress\/ -->\n<title>Dos alumnas del colegio brillan en el Campeonato de Espa\u00f1a de Gimnasia Acrob\u00e1tica - Colegio Salesiano Alcal\u00e1<\/title>\n<meta name=\"robots\" content=\"index, follow, max-snippet:-1, max-image-preview:large, max-video-preview:-1\" \/>\n<link rel=\"canonical\" href=\"https:\/\/alcala.salesianos.edu\/colegio\/blog\/2026\/06\/10\/alumnas-destacan-campeonato-espana-gimnasia-acrobatica-salesianos-alcala\/\" \/>\n<meta property=\"og:locale\" content=\"es_ES\" \/>\n<meta property=\"og:type\" content=\"article\" \/>\n<meta property=\"og:title\" content=\"Dos alumnas del colegio brillan en el Campeonato de Espa\u00f1a de Gimnasia Acrob\u00e1tica - Colegio Salesiano Alcal\u00e1\" \/>\n<meta property=\"og:description\" content=\"Blanca Hormigo, subcampeona de Espa\u00f1a, y \u00c1ngela Magall\u00f3n, tercera clasificada con su tr\u00edo, llevan el nombre del colegio a lo m\u00e1s alto en el Campeonato de Espa\u00f1a de Gimnasia Acrob\u00e1tica.\" \/>\n<meta property=\"og:url\" content=\"https:\/\/alcala.salesianos.edu\/colegio\/blog\/2026\/06\/10\/alumnas-destacan-campeonato-espana-gimnasia-acrobatica-salesianos-alcala\/\" \/>\n<meta property=\"og:site_name\" content=\"Colegio Salesiano Alcal\u00e1\" \/>\n<meta property=\"article:published_time\" content=\"2026-06-10T08:39:44+00:00\" \/>\n<meta property=\"og:image\" content=\"https:\/\/alcala.salesianos.edu\/colegio\/wp-content\/uploads\/sites\/2\/2026\/06\/whatsappimage20260521at124508.jpeg\" \/>\n\t<meta property=\"og:image:width\" content=\"1200\" \/>\n\t<meta property=\"og:image:height\" content=\"1600\" \/>\n\t<meta property=\"og:image:type\" content=\"image\/jpeg\" \/>\n<meta name=\"author\" content=\"Administrador Web\" \/>\n<meta name=\"twitter:card\" content=\"summary_large_image\" \/>\n<meta name=\"twitter:label1\" content=\"Escrito por\" \/>\n\t<meta name=\"twitter:data1\" content=\"Administrador Web\" \/>\n<script type=\"application\/ld+json\" class=\"yoast-schema-graph\">{\"@context\":\"https:\\\/\\\/schema.org\",\"@graph\":[{\"@type\":\"Article\",\"@id\":\"https:\\\/\\\/alcala.salesianos.edu\\\/colegio\\\/blog\\\/2026\\\/06\\\/10\\\/alumnas-destacan-campeonato-espana-gimnasia-acrobatica-salesianos-alcala\\\/#article\",\"isPartOf\":{\"@id\":\"https:\\\/\\\/alcala.salesianos.edu\\\/colegio\\\/blog\\\/2026\\\/06\\\/10\\\/alumnas-destacan-campeonato-espana-gimnasia-acrobatica-salesianos-alcala\\\/\"},\"author\":{\"name\":\"Administrador Web\",\"@id\":\"https:\\\/\\\/alcala.salesianos.edu\\\/colegio\\\/#\\\/schema\\\/person\\\/afcc24f776dc91fc2bf9afb0998fca77\"},\"headline\":\"Dos alumnas del colegio brillan en el Campeonato de Espa\u00f1a de Gimnasia Acrob\u00e1tica\",\"datePublished\":\"2026-06-10T08:39:44+00:00\",\"mainEntityOfPage\":{\"@id\":\"https:\\\/\\\/alcala.salesianos.edu\\\/colegio\\\/blog\\\/2026\\\/06\\\/10\\\/alumnas-destacan-campeonato-espana-gimnasia-acrobatica-salesianos-alcala\\\/\"},\"wordCount\":430,\"image\":{\"@id\":\"https:\\\/\\\/alcala.salesianos.edu\\\/colegio\\\/blog\\\/2026\\\/06\\\/10\\\/alumnas-destacan-campeonato-espana-gimnasia-acrobatica-salesianos-alcala\\\/#primaryimage\"},\"thumbnailUrl\":\"https:\\\/\\\/alcala.salesianos.edu\\\/colegio\\\/wp-content\\\/uploads\\\/sites\\\/2\\\/2026\\\/06\\\/whatsappimage20260521at124508.jpeg\",\"articleSection\":[\"Colegio\",\"Portada\",\"Secundaria\",\"Uncategorized\"],\"inLanguage\":\"es\"},{\"@type\":\"WebPage\",\"@id\":\"https:\\\/\\\/alcala.salesianos.edu\\\/colegio\\\/blog\\\/2026\\\/06\\\/10\\\/alumnas-destacan-campeonato-espana-gimnasia-acrobatica-salesianos-alcala\\\/\",\"url\":\"https:\\\/\\\/alcala.salesianos.edu\\\/colegio\\\/blog\\\/2026\\\/06\\\/10\\\/alumnas-destacan-campeonato-espana-gimnasia-acrobatica-salesianos-alcala\\\/\",\"name\":\"Dos alumnas del colegio brillan en el Campeonato de Espa\u00f1a de Gimnasia Acrob\u00e1tica - Colegio Salesiano Alcal\u00e1\",\"isPartOf\":{\"@id\":\"https:\\\/\\\/alcala.salesianos.edu\\\/colegio\\\/#website\"},\"primaryImageOfPage\":{\"@id\":\"https:\\\/\\\/alcala.salesianos.edu\\\/colegio\\\/blog\\\/2026\\\/06\\\/10\\\/alumnas-destacan-campeonato-espana-gimnasia-acrobatica-salesianos-alcala\\\/#primaryimage\"},\"image\":{\"@id\":\"https:\\\/\\\/alcala.salesianos.edu\\\/colegio\\\/blog\\\/2026\\\/06\\\/10\\\/alumnas-destacan-campeonato-espana-gimnasia-acrobatica-salesianos-alcala\\\/#primaryimage\"},\"thumbnailUrl\":\"https:\\\/\\\/alcala.salesianos.edu\\\/colegio\\\/wp-content\\\/uploads\\\/sites\\\/2\\\/2026\\\/06\\\/whatsappimage20260521at124508.jpeg\",\"datePublished\":\"2026-06-10T08:39:44+00:00\",\"author\":{\"@id\":\"https:\\\/\\\/alcala.salesianos.edu\\\/colegio\\\/#\\\/schema\\\/person\\\/afcc24f776dc91fc2bf9afb0998fca77\"},\"breadcrumb\":{\"@id\":\"https:\\\/\\\/alcala.salesianos.edu\\\/colegio\\\/blog\\\/2026\\\/06\\\/10\\\/alumnas-destacan-campeonato-espana-gimnasia-acrobatica-salesianos-alcala\\\/#breadcrumb\"},\"inLanguage\":\"es\",\"potentialAction\":[{\"@type\":\"ReadAction\",\"target\":[\"https:\\\/\\\/alcala.salesianos.edu\\\/colegio\\\/blog\\\/2026\\\/06\\\/10\\\/alumnas-destacan-campeonato-espana-gimnasia-acrobatica-salesianos-alcala\\\/\"]}]},{\"@type\":\"ImageObject\",\"inLanguage\":\"es\",\"@id\":\"https:\\\/\\\/alcala.salesianos.edu\\\/colegio\\\/blog\\\/2026\\\/06\\\/10\\\/alumnas-destacan-campeonato-espana-gimnasia-acrobatica-salesianos-alcala\\\/#primaryimage\",\"url\":\"https:\\\/\\\/alcala.salesianos.edu\\\/colegio\\\/wp-content\\\/uploads\\\/sites\\\/2\\\/2026\\\/06\\\/whatsappimage20260521at124508.jpeg\",\"contentUrl\":\"https:\\\/\\\/alcala.salesianos.edu\\\/colegio\\\/wp-content\\\/uploads\\\/sites\\\/2\\\/2026\\\/06\\\/whatsappimage20260521at124508.jpeg\",\"width\":1200,\"height\":1600},{\"@type\":\"BreadcrumbList\",\"@id\":\"https:\\\/\\\/alcala.salesianos.edu\\\/colegio\\\/blog\\\/2026\\\/06\\\/10\\\/alumnas-destacan-campeonato-espana-gimnasia-acrobatica-salesianos-alcala\\\/#breadcrumb\",\"itemListElement\":[{\"@type\":\"ListItem\",\"position\":1,\"name\":\"Portada\",\"item\":\"https:\\\/\\\/alcala.salesianos.edu\\\/colegio\\\/\"},{\"@type\":\"ListItem\",\"position\":2,\"name\":\"Dos alumnas del colegio brillan en el Campeonato de Espa\u00f1a de Gimnasia Acrob\u00e1tica\"}]},{\"@type\":\"WebSite\",\"@id\":\"https:\\\/\\\/alcala.salesianos.edu\\\/colegio\\\/#website\",\"url\":\"https:\\\/\\\/alcala.salesianos.edu\\\/colegio\\\/\",\"name\":\"Colegio Salesiano Alcal\u00e1\",\"description\":\"P\u00e1gina oficial de Salesianos Alcal\u00e1 de Guadaira\",\"potentialAction\":[{\"@type\":\"SearchAction\",\"target\":{\"@type\":\"EntryPoint\",\"urlTemplate\":\"https:\\\/\\\/alcala.salesianos.edu\\\/colegio\\\/?s={search_term_string}\"},\"query-input\":{\"@type\":\"PropertyValueSpecification\",\"valueRequired\":true,\"valueName\":\"search_term_string\"}}],\"inLanguage\":\"es\"},{\"@type\":\"Person\",\"@id\":\"https:\\\/\\\/alcala.salesianos.edu\\\/colegio\\\/#\\\/schema\\\/person\\\/afcc24f776dc91fc2bf9afb0998fca77\",\"name\":\"Administrador Web\",\"image\":{\"@type\":\"ImageObject\",\"inLanguage\":\"es\",\"@id\":\"https:\\\/\\\/secure.gravatar.com\\\/avatar\\\/bc157e994689bd6da9645c00aa3bc4d55b727915b6652642660db0aef086585f?s=96&d=mm&r=g\",\"url\":\"https:\\\/\\\/secure.gravatar.com\\\/avatar\\\/bc157e994689bd6da9645c00aa3bc4d55b727915b6652642660db0aef086585f?s=96&d=mm&r=g\",\"contentUrl\":\"https:\\\/\\\/secure.gravatar.com\\\/avatar\\\/bc157e994689bd6da9645c00aa3bc4d55b727915b6652642660db0aef086585f?s=96&d=mm&r=g\",\"caption\":\"Administrador Web\"}}]}<\/script>\n<!-- \/ Yoast SEO plugin. -->","yoast_head_json":{"title":"Dos alumnas del colegio brillan en el Campeonato de Espa\u00f1a de Gimnasia Acrob\u00e1tica - Colegio Salesiano Alcal\u00e1","robots":{"index":"index","follow":"follow","max-snippet":"max-snippet:-1","max-image-preview":"max-image-preview:large","max-video-preview":"max-video-preview:-1"},"canonical":"https:\/\/alcala.salesianos.edu\/colegio\/blog\/2026\/06\/10\/alumnas-destacan-campeonato-espana-gimnasia-acrobatica-salesianos-alcala\/","og_locale":"es_ES","og_type":"article","og_title":"Dos alumnas del colegio brillan en el Campeonato de Espa\u00f1a de Gimnasia Acrob\u00e1tica - Colegio Salesiano Alcal\u00e1","og_description":"Blanca Hormigo, subcampeona de Espa\u00f1a, y \u00c1ngela Magall\u00f3n, tercera clasificada con su tr\u00edo, llevan el nombre del colegio a lo m\u00e1s alto en el Campeonato de Espa\u00f1a de Gimnasia Acrob\u00e1tica.","og_url":"https:\/\/alcala.salesianos.edu\/colegio\/blog\/2026\/06\/10\/alumnas-destacan-campeonato-espana-gimnasia-acrobatica-salesianos-alcala\/","og_site_name":"Colegio Salesiano Alcal\u00e1","article_published_time":"2026-06-10T08:39:44+00:00","og_image":[{"width":1200,"height":1600,"url":"https:\/\/alcala.salesianos.edu\/colegio\/wp-content\/uploads\/sites\/2\/2026\/06\/whatsappimage20260521at124508.jpeg","type":"image\/jpeg"}],"author":"Administrador Web","twitter_card":"summary_large_image","twitter_misc":{"Escrito por":"Administrador Web"},"schema":{"@context":"https:\/\/schema.org","@graph":[{"@type":"Article","@id":"https:\/\/alcala.salesianos.edu\/colegio\/blog\/2026\/06\/10\/alumnas-destacan-campeonato-espana-gimnasia-acrobatica-salesianos-alcala\/#article","isPartOf":{"@id":"https:\/\/alcala.salesianos.edu\/colegio\/blog\/2026\/06\/10\/alumnas-destacan-campeonato-espana-gimnasia-acrobatica-salesianos-alcala\/"},"author":{"name":"Administrador Web","@id":"https:\/\/alcala.salesianos.edu\/colegio\/#\/schema\/person\/afcc24f776dc91fc2bf9afb0998fca77"},"headline":"Dos alumnas del colegio brillan en el Campeonato de Espa\u00f1a de Gimnasia Acrob\u00e1tica","datePublished":"2026-06-10T08:39:44+00:00","mainEntityOfPage":{"@id":"https:\/\/alcala.salesianos.edu\/colegio\/blog\/2026\/06\/10\/alumnas-destacan-campeonato-espana-gimnasia-acrobatica-salesianos-alcala\/"},"wordCount":430,"image":{"@id":"https:\/\/alcala.salesianos.edu\/colegio\/blog\/2026\/06\/10\/alumnas-destacan-campeonato-espana-gimnasia-acrobatica-salesianos-alcala\/#primaryimage"},"thumbnailUrl":"https:\/\/alcala.salesianos.edu\/colegio\/wp-content\/uploads\/sites\/2\/2026\/06\/whatsappimage20260521at124508.jpeg","articleSection":["Colegio","Portada","Secundaria","Uncategorized"],"inLanguage":"es"},{"@type":"WebPage","@id":"https:\/\/alcala.salesianos.edu\/colegio\/blog\/2026\/06\/10\/alumnas-destacan-campeonato-espana-gimnasia-acrobatica-salesianos-alcala\/","url":"https:\/\/alcala.salesianos.edu\/colegio\/blog\/2026\/06\/10\/alumnas-destacan-campeonato-espana-gimnasia-acrobatica-salesianos-alcala\/","name":"Dos alumnas del colegio brillan en el Campeonato de Espa\u00f1a de Gimnasia Acrob\u00e1tica - Colegio Salesiano Alcal\u00e1","isPartOf":{"@id":"https:\/\/alcala.salesianos.edu\/colegio\/#website"},"primaryImageOfPage":{"@id":"https:\/\/alcala.salesianos.edu\/colegio\/blog\/2026\/06\/10\/alumnas-destacan-campeonato-espana-gimnasia-acrobatica-salesianos-alcala\/#primaryimage"},"image":{"@id":"https:\/\/alcala.salesianos.edu\/colegio\/blog\/2026\/06\/10\/alumnas-destacan-campeonato-espana-gimnasia-acrobatica-salesianos-alcala\/#primaryimage"},"thumbnailUrl":"https:\/\/alcala.salesianos.edu\/colegio\/wp-content\/uploads\/sites\/2\/2026\/06\/whatsappimage20260521at124508.jpeg","datePublished":"2026-06-10T08:39:44+00:00","author":{"@id":"https:\/\/alcala.salesianos.edu\/colegio\/#\/schema\/person\/afcc24f776dc91fc2bf9afb0998fca77"},"breadcrumb":{"@id":"https:\/\/alcala.salesianos.edu\/colegio\/blog\/2026\/06\/10\/alumnas-destacan-campeonato-espana-gimnasia-acrobatica-salesianos-alcala\/#breadcrumb"},"inLanguage":"es","potentialAction":[{"@type":"ReadAction","target":["https:\/\/alcala.salesianos.edu\/colegio\/blog\/2026\/06\/10\/alumnas-destacan-campeonato-espana-gimnasia-acrobatica-salesianos-alcala\/"]}]},{"@type":"ImageObject","inLanguage":"es","@id":"https:\/\/alcala.salesianos.edu\/colegio\/blog\/2026\/06\/10\/alumnas-destacan-campeonato-espana-gimnasia-acrobatica-salesianos-alcala\/#primaryimage","url":"https:\/\/alcala.salesianos.edu\/colegio\/wp-content\/uploads\/sites\/2\/2026\/06\/whatsappimage20260521at124508.jpeg","contentUrl":"https:\/\/alcala.salesianos.edu\/colegio\/wp-content\/uploads\/sites\/2\/2026\/06\/whatsappimage20260521at124508.jpeg","width":1200,"height":1600},{"@type":"BreadcrumbList","@id":"https:\/\/alcala.salesianos.edu\/colegio\/blog\/2026\/06\/10\/alumnas-destacan-campeonato-espana-gimnasia-acrobatica-salesianos-alcala\/#breadcrumb","itemListElement":[{"@type":"ListItem","position":1,"name":"Portada","item":"https:\/\/alcala.salesianos.edu\/colegio\/"},{"@type":"ListItem","position":2,"name":"Dos alumnas del colegio brillan en el Campeonato de Espa\u00f1a de Gimnasia Acrob\u00e1tica"}]},{"@type":"WebSite","@id":"https:\/\/alcala.salesianos.edu\/colegio\/#website","url":"https:\/\/alcala.salesianos.edu\/colegio\/","name":"Colegio Salesiano Alcal\u00e1","description":"P\u00e1gina oficial de Salesianos Alcal\u00e1 de Guadaira","potentialAction":[{"@type":"SearchAction","target":{"@type":"EntryPoint","urlTemplate":"https:\/\/alcala.salesianos.edu\/colegio\/?s={search_term_string}"},"query-input":{"@type":"PropertyValueSpecification","valueRequired":true,"valueName":"search_term_string"}}],"inLanguage":"es"},{"@type":"Person","@id":"https:\/\/alcala.salesianos.edu\/colegio\/#\/schema\/person\/afcc24f776dc91fc2bf9afb0998fca77","name":"Administrador Web","image":{"@type":"ImageObject","inLanguage":"es","@id":"https:\/\/secure.gravatar.com\/avatar\/bc157e994689bd6da9645c00aa3bc4d55b727915b6652642660db0aef086585f?s=96&d=mm&r=g","url":"https:\/\/secure.gravatar.com\/avatar\/bc157e994689bd6da9645c00aa3bc4d55b727915b6652642660db0aef086585f?s=96&d=mm&r=g","contentUrl":"https:\/\/secure.gravatar.com\/avatar\/bc157e994689bd6da9645c00aa3bc4d55b727915b6652642660db0aef086585f?s=96&d=mm&r=g","caption":"Administrador Web"}}]}},"_links":{"self":[{"href":"https:\/\/alcala.salesianos.edu\/colegio\/wp-json\/wp\/v2\/posts\/17017","targetHints":{"allow":["GET"]}}],"collection":[{"href":"https:\/\/alcala.salesianos.edu\/colegio\/wp-json\/wp\/v2\/posts"}],"about":[{"href":"https:\/\/alcala.salesianos.edu\/colegio\/wp-json\/wp\/v2\/types\/post"}],"author":[{"embeddable":true,"href":"https:\/\/alcala.salesianos.edu\/colegio\/wp-json\/wp\/v2\/users\/2"}],"replies":[{"embeddable":true,"href":"https:\/\/alcala.salesianos.edu\/colegio\/wp-json\/wp\/v2\/comments?post=17017"}],"version-history":[{"count":0,"href":"https:\/\/alcala.salesianos.edu\/colegio\/wp-json\/wp\/v2\/posts\/17017\/revisions"}],"wp:featuredmedia":[{"embeddable":true,"href":"https:\/\/alcala.salesianos.edu\/colegio\/wp-json\/wp\/v2\/media\/17018"}],"wp:attachment":[{"href":"https:\/\/alcala.salesianos.edu\/colegio\/wp-json\/wp\/v2\/media?parent=17017"}],"wp:term":[{"taxonomy":"category","embeddable":true,"href":"https:\/\/alcala.salesianos.edu\/colegio\/wp-json\/wp\/v2\/categories?post=17017"},{"taxonomy":"post_tag","embeddable":true,"href":"https:\/\/alcala.salesianos.edu\/colegio\/wp-json\/wp\/v2\/tags?post=17017"}],"curies":[{"name":"wp","href":"https:\/\/api.w.org\/{rel}","templated":true}]}}