{"id":17015,"date":"2026-06-09T11:05:49","date_gmt":"2026-06-09T10:05:49","guid":{"rendered":"https:\/\/alcala.salesianos.edu\/colegio\/blog\/2026\/06\/09\/d-enrique-ruiz-reelegido-presidente-del-consejo-de-hermandades-y-cofradias-de-alcala\/"},"modified":"2026-06-09T11:05:49","modified_gmt":"2026-06-09T10:05:49","slug":"d-enrique-ruiz-reelegido-presidente-del-consejo-de-hermandades-y-cofradias-de-alcala","status":"publish","type":"post","link":"https:\/\/alcala.salesianos.edu\/colegio\/blog\/2026\/06\/09\/d-enrique-ruiz-reelegido-presidente-del-consejo-de-hermandades-y-cofradias-de-alcala\/","title":{"rendered":"D. Enrique Ruiz, reelegido presidente del Consejo de Hermandades y Cofrad\u00edas de Alcal\u00e1"},"content":{"rendered":"<div id=\"fb-root\"><\/div>\n<p>[et_pb_section fb_built=\u00bb1&#8243; admin_label=\u00bbsection\u00bb _builder_version=\u00bb4.16&#8243; global_colors_info=\u00bb{}\u00bb][et_pb_row admin_label=\u00bbrow\u00bb _builder_version=\u00bb4.16&#8243; background_size=\u00bbinitial\u00bb background_position=\u00bbtop_left\u00bb background_repeat=\u00bbrepeat\u00bb global_colors_info=\u00bb{}\u00bb][et_pb_column type=\u00bb4_4&#8243; _builder_version=\u00bb4.16&#8243; custom_padding=\u00bb|||\u00bb global_colors_info=\u00bb{}\u00bb custom_padding__hover=\u00bb|||\u00bb][et_pb_text _builder_version=\u00bb4.27.6&#8243; _module_preset=\u00bbdefault\u00bb hover_enabled=\u00bb0&#8243; sticky_enabled=\u00bb0&#8243;]<\/p>\n<p class=\"isSelectedEnd\">Nuestro compa\u00f1ero Enrique Ruiz Portillo, profesor de Historia en Secundaria, ha sido reelegido presidente del Consejo General de Hermandades y Cofrad\u00edas de Alcal\u00e1 de Guada\u00edra tras las elecciones celebradas el pasado 8 de junio.<\/p>\n<p class=\"isSelectedEnd\">La candidatura encabezada por Enrique Ruiz fue la \u00fanica presentada y recibi\u00f3 el respaldo un\u00e1nime de los hermanos mayores de las hermandades alcalare\u00f1as reunidos en la sede del Consejo para participar en el proceso electoral.<\/p>\n<p class=\"isSelectedEnd\">Junto a \u00e9l continuar\u00e1 trabajando la actual Junta Permanente, integrada por Alejandro Redondo Torres como vicepresidente; Francisco L. Garc\u00eda Garz\u00f3n y Miguel \u00c1ngel Galvarro Genisio como secretarios; Luis Gir\u00e1ldez S\u00e1nchez como tesorero; Manuel P\u00e9rez Jim\u00e9nez como coordinador de Cultos; y Jos\u00e9 Manuel Terr\u00f3n G\u00f3mez como coordinador de Caridad. Asimismo, Miguel D\u00edaz Rodr\u00edguez se incorporar\u00e1 como auxiliar de Tesorer\u00eda.<\/p>\n<p class=\"isSelectedEnd\">La mesa electoral estuvo formada por representantes de la Autoridad Eclesi\u00e1stica y de las hermandades de la ciudad. La nueva Junta Permanente tomar\u00e1 posesi\u00f3n de sus cargos una vez reciba la ratificaci\u00f3n del Arzobispado, en una eucarist\u00eda que se celebrar\u00e1 pr\u00f3ximamente en el Santuario de Nuestra Se\u00f1ora del \u00c1guila.<\/p>\n<p>Desde nuestro colegio felicitamos a Enrique Ruiz por esta renovaci\u00f3n de la confianza depositada en su labor al frente del Consejo y le deseamos muchos \u00e9xitos en esta nueva etapa de servicio a las hermandades y cofrad\u00edas de nuestra ciudad.<\/p>\n<p>[\/et_pb_text][\/et_pb_column][\/et_pb_row][\/et_pb_section]<\/p>\n","protected":false},"excerpt":{"rendered":"<p>Nuestro compa\u00f1ero Enrique Ruiz, profesor de Historia en Secundaria, ha sido reelegido presidente del Consejo de Hermandades y Cofrad\u00edas, renovando la confianza de las hermandades de la ciudad.<\/p>\n","protected":false},"author":2,"featured_media":17016,"comment_status":"","ping_status":"open","sticky":false,"template":"","format":"standard","meta":{"_et_pb_use_builder":"on","_et_pb_old_content":"","_et_gb_content_width":"","footnotes":""},"categories":[12,23,13,15,16,1],"tags":[],"class_list":["post-17015","post","type-post","status-publish","format-standard","has-post-thumbnail","hentry","category-colegio","category-covid","category-fasa","category-portada","category-secundaria","category-uncategorized"],"yoast_head":"<!-- This site is optimized with the Yoast SEO plugin v28.3 - https:\/\/yoast.com\/product\/yoast-seo-wordpress\/ -->\n<title>D. Enrique Ruiz, reelegido presidente del Consejo de Hermandades y Cofrad\u00edas de Alcal\u00e1 - Colegio Salesiano Alcal\u00e1<\/title>\n<meta name=\"robots\" content=\"index, follow, max-snippet:-1, max-image-preview:large, max-video-preview:-1\" \/>\n<link rel=\"canonical\" href=\"https:\/\/alcala.salesianos.edu\/colegio\/blog\/2026\/06\/09\/d-enrique-ruiz-reelegido-presidente-del-consejo-de-hermandades-y-cofradias-de-alcala\/\" \/>\n<meta property=\"og:locale\" content=\"es_ES\" \/>\n<meta property=\"og:type\" content=\"article\" \/>\n<meta property=\"og:title\" content=\"D. Enrique Ruiz, reelegido presidente del Consejo de Hermandades y Cofrad\u00edas de Alcal\u00e1 - Colegio Salesiano Alcal\u00e1\" \/>\n<meta property=\"og:description\" content=\"Nuestro compa\u00f1ero Enrique Ruiz, profesor de Historia en Secundaria, ha sido reelegido presidente del Consejo de Hermandades y Cofrad\u00edas, renovando la confianza de las hermandades de la ciudad.\" \/>\n<meta property=\"og:url\" content=\"https:\/\/alcala.salesianos.edu\/colegio\/blog\/2026\/06\/09\/d-enrique-ruiz-reelegido-presidente-del-consejo-de-hermandades-y-cofradias-de-alcala\/\" \/>\n<meta property=\"og:site_name\" content=\"Colegio Salesiano Alcal\u00e1\" \/>\n<meta property=\"article:published_time\" content=\"2026-06-09T10:05:49+00:00\" \/>\n<meta property=\"og:image\" content=\"https:\/\/alcala.salesianos.edu\/colegio\/wp-content\/uploads\/sites\/2\/2026\/06\/9-elec-d.jpeg\" \/>\n\t<meta property=\"og:image:width\" content=\"1759\" \/>\n\t<meta property=\"og:image:height\" content=\"1146\" \/>\n\t<meta property=\"og:image:type\" content=\"image\/jpeg\" \/>\n<meta name=\"author\" content=\"Administrador Web\" \/>\n<meta name=\"twitter:card\" content=\"summary_large_image\" \/>\n<meta name=\"twitter:label1\" content=\"Escrito por\" \/>\n\t<meta name=\"twitter:data1\" content=\"Administrador Web\" \/>\n<script type=\"application\/ld+json\" class=\"yoast-schema-graph\">{\"@context\":\"https:\\\/\\\/schema.org\",\"@graph\":[{\"@type\":\"Article\",\"@id\":\"https:\\\/\\\/alcala.salesianos.edu\\\/colegio\\\/blog\\\/2026\\\/06\\\/09\\\/d-enrique-ruiz-reelegido-presidente-del-consejo-de-hermandades-y-cofradias-de-alcala\\\/#article\",\"isPartOf\":{\"@id\":\"https:\\\/\\\/alcala.salesianos.edu\\\/colegio\\\/blog\\\/2026\\\/06\\\/09\\\/d-enrique-ruiz-reelegido-presidente-del-consejo-de-hermandades-y-cofradias-de-alcala\\\/\"},\"author\":{\"name\":\"Administrador Web\",\"@id\":\"https:\\\/\\\/alcala.salesianos.edu\\\/colegio\\\/#\\\/schema\\\/person\\\/afcc24f776dc91fc2bf9afb0998fca77\"},\"headline\":\"D. Enrique Ruiz, reelegido presidente del Consejo de Hermandades y Cofrad\u00edas de Alcal\u00e1\",\"datePublished\":\"2026-06-09T10:05:49+00:00\",\"mainEntityOfPage\":{\"@id\":\"https:\\\/\\\/alcala.salesianos.edu\\\/colegio\\\/blog\\\/2026\\\/06\\\/09\\\/d-enrique-ruiz-reelegido-presidente-del-consejo-de-hermandades-y-cofradias-de-alcala\\\/\"},\"wordCount\":325,\"image\":{\"@id\":\"https:\\\/\\\/alcala.salesianos.edu\\\/colegio\\\/blog\\\/2026\\\/06\\\/09\\\/d-enrique-ruiz-reelegido-presidente-del-consejo-de-hermandades-y-cofradias-de-alcala\\\/#primaryimage\"},\"thumbnailUrl\":\"https:\\\/\\\/alcala.salesianos.edu\\\/colegio\\\/wp-content\\\/uploads\\\/sites\\\/2\\\/2026\\\/06\\\/9-elec-d.jpeg\",\"articleSection\":[\"Colegio\",\"covid\",\"FASA\",\"Portada\",\"Secundaria\",\"Uncategorized\"],\"inLanguage\":\"es\"},{\"@type\":\"WebPage\",\"@id\":\"https:\\\/\\\/alcala.salesianos.edu\\\/colegio\\\/blog\\\/2026\\\/06\\\/09\\\/d-enrique-ruiz-reelegido-presidente-del-consejo-de-hermandades-y-cofradias-de-alcala\\\/\",\"url\":\"https:\\\/\\\/alcala.salesianos.edu\\\/colegio\\\/blog\\\/2026\\\/06\\\/09\\\/d-enrique-ruiz-reelegido-presidente-del-consejo-de-hermandades-y-cofradias-de-alcala\\\/\",\"name\":\"D. Enrique Ruiz, reelegido presidente del Consejo de Hermandades y Cofrad\u00edas de Alcal\u00e1 - Colegio Salesiano Alcal\u00e1\",\"isPartOf\":{\"@id\":\"https:\\\/\\\/alcala.salesianos.edu\\\/colegio\\\/#website\"},\"primaryImageOfPage\":{\"@id\":\"https:\\\/\\\/alcala.salesianos.edu\\\/colegio\\\/blog\\\/2026\\\/06\\\/09\\\/d-enrique-ruiz-reelegido-presidente-del-consejo-de-hermandades-y-cofradias-de-alcala\\\/#primaryimage\"},\"image\":{\"@id\":\"https:\\\/\\\/alcala.salesianos.edu\\\/colegio\\\/blog\\\/2026\\\/06\\\/09\\\/d-enrique-ruiz-reelegido-presidente-del-consejo-de-hermandades-y-cofradias-de-alcala\\\/#primaryimage\"},\"thumbnailUrl\":\"https:\\\/\\\/alcala.salesianos.edu\\\/colegio\\\/wp-content\\\/uploads\\\/sites\\\/2\\\/2026\\\/06\\\/9-elec-d.jpeg\",\"datePublished\":\"2026-06-09T10:05:49+00:00\",\"author\":{\"@id\":\"https:\\\/\\\/alcala.salesianos.edu\\\/colegio\\\/#\\\/schema\\\/person\\\/afcc24f776dc91fc2bf9afb0998fca77\"},\"breadcrumb\":{\"@id\":\"https:\\\/\\\/alcala.salesianos.edu\\\/colegio\\\/blog\\\/2026\\\/06\\\/09\\\/d-enrique-ruiz-reelegido-presidente-del-consejo-de-hermandades-y-cofradias-de-alcala\\\/#breadcrumb\"},\"inLanguage\":\"es\",\"potentialAction\":[{\"@type\":\"ReadAction\",\"target\":[\"https:\\\/\\\/alcala.salesianos.edu\\\/colegio\\\/blog\\\/2026\\\/06\\\/09\\\/d-enrique-ruiz-reelegido-presidente-del-consejo-de-hermandades-y-cofradias-de-alcala\\\/\"]}]},{\"@type\":\"ImageObject\",\"inLanguage\":\"es\",\"@id\":\"https:\\\/\\\/alcala.salesianos.edu\\\/colegio\\\/blog\\\/2026\\\/06\\\/09\\\/d-enrique-ruiz-reelegido-presidente-del-consejo-de-hermandades-y-cofradias-de-alcala\\\/#primaryimage\",\"url\":\"https:\\\/\\\/alcala.salesianos.edu\\\/colegio\\\/wp-content\\\/uploads\\\/sites\\\/2\\\/2026\\\/06\\\/9-elec-d.jpeg\",\"contentUrl\":\"https:\\\/\\\/alcala.salesianos.edu\\\/colegio\\\/wp-content\\\/uploads\\\/sites\\\/2\\\/2026\\\/06\\\/9-elec-d.jpeg\",\"width\":1759,\"height\":1146},{\"@type\":\"BreadcrumbList\",\"@id\":\"https:\\\/\\\/alcala.salesianos.edu\\\/colegio\\\/blog\\\/2026\\\/06\\\/09\\\/d-enrique-ruiz-reelegido-presidente-del-consejo-de-hermandades-y-cofradias-de-alcala\\\/#breadcrumb\",\"itemListElement\":[{\"@type\":\"ListItem\",\"position\":1,\"name\":\"Portada\",\"item\":\"https:\\\/\\\/alcala.salesianos.edu\\\/colegio\\\/\"},{\"@type\":\"ListItem\",\"position\":2,\"name\":\"D. Enrique Ruiz, reelegido presidente del Consejo de Hermandades y Cofrad\u00edas de Alcal\u00e1\"}]},{\"@type\":\"WebSite\",\"@id\":\"https:\\\/\\\/alcala.salesianos.edu\\\/colegio\\\/#website\",\"url\":\"https:\\\/\\\/alcala.salesianos.edu\\\/colegio\\\/\",\"name\":\"Colegio Salesiano Alcal\u00e1\",\"description\":\"P\u00e1gina oficial de Salesianos Alcal\u00e1 de Guadaira\",\"potentialAction\":[{\"@type\":\"SearchAction\",\"target\":{\"@type\":\"EntryPoint\",\"urlTemplate\":\"https:\\\/\\\/alcala.salesianos.edu\\\/colegio\\\/?s={search_term_string}\"},\"query-input\":{\"@type\":\"PropertyValueSpecification\",\"valueRequired\":true,\"valueName\":\"search_term_string\"}}],\"inLanguage\":\"es\"},{\"@type\":\"Person\",\"@id\":\"https:\\\/\\\/alcala.salesianos.edu\\\/colegio\\\/#\\\/schema\\\/person\\\/afcc24f776dc91fc2bf9afb0998fca77\",\"name\":\"Administrador Web\",\"image\":{\"@type\":\"ImageObject\",\"inLanguage\":\"es\",\"@id\":\"https:\\\/\\\/secure.gravatar.com\\\/avatar\\\/bc157e994689bd6da9645c00aa3bc4d55b727915b6652642660db0aef086585f?s=96&d=mm&r=g\",\"url\":\"https:\\\/\\\/secure.gravatar.com\\\/avatar\\\/bc157e994689bd6da9645c00aa3bc4d55b727915b6652642660db0aef086585f?s=96&d=mm&r=g\",\"contentUrl\":\"https:\\\/\\\/secure.gravatar.com\\\/avatar\\\/bc157e994689bd6da9645c00aa3bc4d55b727915b6652642660db0aef086585f?s=96&d=mm&r=g\",\"caption\":\"Administrador Web\"}}]}<\/script>\n<!-- \/ Yoast SEO plugin. -->","yoast_head_json":{"title":"D. Enrique Ruiz, reelegido presidente del Consejo de Hermandades y Cofrad\u00edas de Alcal\u00e1 - Colegio Salesiano Alcal\u00e1","robots":{"index":"index","follow":"follow","max-snippet":"max-snippet:-1","max-image-preview":"max-image-preview:large","max-video-preview":"max-video-preview:-1"},"canonical":"https:\/\/alcala.salesianos.edu\/colegio\/blog\/2026\/06\/09\/d-enrique-ruiz-reelegido-presidente-del-consejo-de-hermandades-y-cofradias-de-alcala\/","og_locale":"es_ES","og_type":"article","og_title":"D. Enrique Ruiz, reelegido presidente del Consejo de Hermandades y Cofrad\u00edas de Alcal\u00e1 - Colegio Salesiano Alcal\u00e1","og_description":"Nuestro compa\u00f1ero Enrique Ruiz, profesor de Historia en Secundaria, ha sido reelegido presidente del Consejo de Hermandades y Cofrad\u00edas, renovando la confianza de las hermandades de la ciudad.","og_url":"https:\/\/alcala.salesianos.edu\/colegio\/blog\/2026\/06\/09\/d-enrique-ruiz-reelegido-presidente-del-consejo-de-hermandades-y-cofradias-de-alcala\/","og_site_name":"Colegio Salesiano Alcal\u00e1","article_published_time":"2026-06-09T10:05:49+00:00","og_image":[{"width":1759,"height":1146,"url":"https:\/\/alcala.salesianos.edu\/colegio\/wp-content\/uploads\/sites\/2\/2026\/06\/9-elec-d.jpeg","type":"image\/jpeg"}],"author":"Administrador Web","twitter_card":"summary_large_image","twitter_misc":{"Escrito por":"Administrador Web"},"schema":{"@context":"https:\/\/schema.org","@graph":[{"@type":"Article","@id":"https:\/\/alcala.salesianos.edu\/colegio\/blog\/2026\/06\/09\/d-enrique-ruiz-reelegido-presidente-del-consejo-de-hermandades-y-cofradias-de-alcala\/#article","isPartOf":{"@id":"https:\/\/alcala.salesianos.edu\/colegio\/blog\/2026\/06\/09\/d-enrique-ruiz-reelegido-presidente-del-consejo-de-hermandades-y-cofradias-de-alcala\/"},"author":{"name":"Administrador Web","@id":"https:\/\/alcala.salesianos.edu\/colegio\/#\/schema\/person\/afcc24f776dc91fc2bf9afb0998fca77"},"headline":"D. Enrique Ruiz, reelegido presidente del Consejo de Hermandades y Cofrad\u00edas de Alcal\u00e1","datePublished":"2026-06-09T10:05:49+00:00","mainEntityOfPage":{"@id":"https:\/\/alcala.salesianos.edu\/colegio\/blog\/2026\/06\/09\/d-enrique-ruiz-reelegido-presidente-del-consejo-de-hermandades-y-cofradias-de-alcala\/"},"wordCount":325,"image":{"@id":"https:\/\/alcala.salesianos.edu\/colegio\/blog\/2026\/06\/09\/d-enrique-ruiz-reelegido-presidente-del-consejo-de-hermandades-y-cofradias-de-alcala\/#primaryimage"},"thumbnailUrl":"https:\/\/alcala.salesianos.edu\/colegio\/wp-content\/uploads\/sites\/2\/2026\/06\/9-elec-d.jpeg","articleSection":["Colegio","covid","FASA","Portada","Secundaria","Uncategorized"],"inLanguage":"es"},{"@type":"WebPage","@id":"https:\/\/alcala.salesianos.edu\/colegio\/blog\/2026\/06\/09\/d-enrique-ruiz-reelegido-presidente-del-consejo-de-hermandades-y-cofradias-de-alcala\/","url":"https:\/\/alcala.salesianos.edu\/colegio\/blog\/2026\/06\/09\/d-enrique-ruiz-reelegido-presidente-del-consejo-de-hermandades-y-cofradias-de-alcala\/","name":"D. Enrique Ruiz, reelegido presidente del Consejo de Hermandades y Cofrad\u00edas de Alcal\u00e1 - Colegio Salesiano Alcal\u00e1","isPartOf":{"@id":"https:\/\/alcala.salesianos.edu\/colegio\/#website"},"primaryImageOfPage":{"@id":"https:\/\/alcala.salesianos.edu\/colegio\/blog\/2026\/06\/09\/d-enrique-ruiz-reelegido-presidente-del-consejo-de-hermandades-y-cofradias-de-alcala\/#primaryimage"},"image":{"@id":"https:\/\/alcala.salesianos.edu\/colegio\/blog\/2026\/06\/09\/d-enrique-ruiz-reelegido-presidente-del-consejo-de-hermandades-y-cofradias-de-alcala\/#primaryimage"},"thumbnailUrl":"https:\/\/alcala.salesianos.edu\/colegio\/wp-content\/uploads\/sites\/2\/2026\/06\/9-elec-d.jpeg","datePublished":"2026-06-09T10:05:49+00:00","author":{"@id":"https:\/\/alcala.salesianos.edu\/colegio\/#\/schema\/person\/afcc24f776dc91fc2bf9afb0998fca77"},"breadcrumb":{"@id":"https:\/\/alcala.salesianos.edu\/colegio\/blog\/2026\/06\/09\/d-enrique-ruiz-reelegido-presidente-del-consejo-de-hermandades-y-cofradias-de-alcala\/#breadcrumb"},"inLanguage":"es","potentialAction":[{"@type":"ReadAction","target":["https:\/\/alcala.salesianos.edu\/colegio\/blog\/2026\/06\/09\/d-enrique-ruiz-reelegido-presidente-del-consejo-de-hermandades-y-cofradias-de-alcala\/"]}]},{"@type":"ImageObject","inLanguage":"es","@id":"https:\/\/alcala.salesianos.edu\/colegio\/blog\/2026\/06\/09\/d-enrique-ruiz-reelegido-presidente-del-consejo-de-hermandades-y-cofradias-de-alcala\/#primaryimage","url":"https:\/\/alcala.salesianos.edu\/colegio\/wp-content\/uploads\/sites\/2\/2026\/06\/9-elec-d.jpeg","contentUrl":"https:\/\/alcala.salesianos.edu\/colegio\/wp-content\/uploads\/sites\/2\/2026\/06\/9-elec-d.jpeg","width":1759,"height":1146},{"@type":"BreadcrumbList","@id":"https:\/\/alcala.salesianos.edu\/colegio\/blog\/2026\/06\/09\/d-enrique-ruiz-reelegido-presidente-del-consejo-de-hermandades-y-cofradias-de-alcala\/#breadcrumb","itemListElement":[{"@type":"ListItem","position":1,"name":"Portada","item":"https:\/\/alcala.salesianos.edu\/colegio\/"},{"@type":"ListItem","position":2,"name":"D. Enrique Ruiz, reelegido presidente del Consejo de Hermandades y Cofrad\u00edas de Alcal\u00e1"}]},{"@type":"WebSite","@id":"https:\/\/alcala.salesianos.edu\/colegio\/#website","url":"https:\/\/alcala.salesianos.edu\/colegio\/","name":"Colegio Salesiano Alcal\u00e1","description":"P\u00e1gina oficial de Salesianos Alcal\u00e1 de Guadaira","potentialAction":[{"@type":"SearchAction","target":{"@type":"EntryPoint","urlTemplate":"https:\/\/alcala.salesianos.edu\/colegio\/?s={search_term_string}"},"query-input":{"@type":"PropertyValueSpecification","valueRequired":true,"valueName":"search_term_string"}}],"inLanguage":"es"},{"@type":"Person","@id":"https:\/\/alcala.salesianos.edu\/colegio\/#\/schema\/person\/afcc24f776dc91fc2bf9afb0998fca77","name":"Administrador Web","image":{"@type":"ImageObject","inLanguage":"es","@id":"https:\/\/secure.gravatar.com\/avatar\/bc157e994689bd6da9645c00aa3bc4d55b727915b6652642660db0aef086585f?s=96&d=mm&r=g","url":"https:\/\/secure.gravatar.com\/avatar\/bc157e994689bd6da9645c00aa3bc4d55b727915b6652642660db0aef086585f?s=96&d=mm&r=g","contentUrl":"https:\/\/secure.gravatar.com\/avatar\/bc157e994689bd6da9645c00aa3bc4d55b727915b6652642660db0aef086585f?s=96&d=mm&r=g","caption":"Administrador Web"}}]}},"_links":{"self":[{"href":"https:\/\/alcala.salesianos.edu\/colegio\/wp-json\/wp\/v2\/posts\/17015","targetHints":{"allow":["GET"]}}],"collection":[{"href":"https:\/\/alcala.salesianos.edu\/colegio\/wp-json\/wp\/v2\/posts"}],"about":[{"href":"https:\/\/alcala.salesianos.edu\/colegio\/wp-json\/wp\/v2\/types\/post"}],"author":[{"embeddable":true,"href":"https:\/\/alcala.salesianos.edu\/colegio\/wp-json\/wp\/v2\/users\/2"}],"replies":[{"embeddable":true,"href":"https:\/\/alcala.salesianos.edu\/colegio\/wp-json\/wp\/v2\/comments?post=17015"}],"version-history":[{"count":0,"href":"https:\/\/alcala.salesianos.edu\/colegio\/wp-json\/wp\/v2\/posts\/17015\/revisions"}],"wp:featuredmedia":[{"embeddable":true,"href":"https:\/\/alcala.salesianos.edu\/colegio\/wp-json\/wp\/v2\/media\/17016"}],"wp:attachment":[{"href":"https:\/\/alcala.salesianos.edu\/colegio\/wp-json\/wp\/v2\/media?parent=17015"}],"wp:term":[{"taxonomy":"category","embeddable":true,"href":"https:\/\/alcala.salesianos.edu\/colegio\/wp-json\/wp\/v2\/categories?post=17015"},{"taxonomy":"post_tag","embeddable":true,"href":"https:\/\/alcala.salesianos.edu\/colegio\/wp-json\/wp\/v2\/tags?post=17015"}],"curies":[{"name":"wp","href":"https:\/\/api.w.org\/{rel}","templated":true}]}}