{"id":16983,"date":"2026-05-07T11:11:34","date_gmt":"2026-05-07T10:11:34","guid":{"rendered":"https:\/\/alcala.salesianos.edu\/colegio\/blog\/2026\/05\/07\/presentacion-literaria-de-la-condena-de-la-virtud\/"},"modified":"2026-05-07T11:11:34","modified_gmt":"2026-05-07T10:11:34","slug":"presentacion-literaria-de-la-condena-de-la-virtud","status":"publish","type":"post","link":"https:\/\/alcala.salesianos.edu\/colegio\/blog\/2026\/05\/07\/presentacion-literaria-de-la-condena-de-la-virtud\/","title":{"rendered":"Presentaci\u00f3n literaria de La condena de la virtud"},"content":{"rendered":"<div id=\"fb-root\"><\/div>\n<p>[et_pb_section fb_built=\u00bb1&#8243; admin_label=\u00bbsection\u00bb _builder_version=\u00bb4.16&#8243; global_colors_info=\u00bb{}\u00bb][et_pb_row admin_label=\u00bbrow\u00bb _builder_version=\u00bb4.16&#8243; background_size=\u00bbinitial\u00bb background_position=\u00bbtop_left\u00bb background_repeat=\u00bbrepeat\u00bb global_colors_info=\u00bb{}\u00bb][et_pb_column type=\u00bb4_4&#8243; _builder_version=\u00bb4.16&#8243; custom_padding=\u00bb|||\u00bb global_colors_info=\u00bb{}\u00bb custom_padding__hover=\u00bb|||\u00bb][et_pb_text _builder_version=\u00bb4.27.4&#8243; _module_preset=\u00bbdefault\u00bb hover_enabled=\u00bb0&#8243; sticky_enabled=\u00bb0&#8243;]<\/p>\n<p data-start=\"78\" data-end=\"263\">La ciudad de <span class=\"hover:entity-accent entity-underline inline cursor-pointer align-baseline\"><span class=\"whitespace-normal\">Alcal\u00e1 de Guada\u00edra<\/span><\/span> acoger\u00e1 este jueves, 7 de mayo, la presentaci\u00f3n de la obra <em data-start=\"188\" data-end=\"213\">La condena de la virtud<\/em>, del autor <span class=\"hover:entity-accent entity-underline inline cursor-pointer align-baseline\"><span class=\"whitespace-normal\">Jes\u00fas Mar\u00eda del R\u00edo Andrade<\/span><\/span>.<\/p>\n<p data-start=\"265\" data-end=\"487\">El acto tendr\u00e1 lugar en la <span class=\"hover:entity-accent entity-underline inline cursor-pointer align-baseline\"><span class=\"whitespace-normal\">Biblioteca P\u00fablica Municipal Editor Jos\u00e9 Manuel Lara<\/span><\/span>, concretamente en la Sala de Exposiciones Conde de Colomb\u00ed, y comenzar\u00e1 a las 20:00 horas, aunque la apertura de puertas est\u00e1 prevista desde las 19:30 horas.<\/p>\n<p data-start=\"489\" data-end=\"726\">Jes\u00fas Mar\u00eda del R\u00edo Andrade, maestro del colegio Nuestra Se\u00f1ora del \u00c1guila Salesianos de Alcal\u00e1, compartir\u00e1 con los asistentes los detalles y reflexiones que han dado forma a esta publicaci\u00f3n, en un encuentro cultural abierto al p\u00fablico.<\/p>\n<p data-start=\"728\" data-end=\"913\">La presentaci\u00f3n se enmarca dentro de las actividades culturales de la localidad y supone una nueva oportunidad para acercarse a la creaci\u00f3n literaria de autores vinculados al municipio.<\/p>\n<p data-start=\"915\" data-end=\"1053\" data-is-last-node=\"\" data-is-only-node=\"\">Para m\u00e1s informaci\u00f3n sobre la obra y el autor puede consultarse <a class=\"decorated-link cursor-pointer\" target=\"_new\" rel=\"noopener\" data-start=\"979\" data-end=\"1052\">www.jesusdelrio.com<\/a>.<\/p>\n<p>[\/et_pb_text][\/et_pb_column][\/et_pb_row][\/et_pb_section]<\/p>\n","protected":false},"excerpt":{"rendered":"<p>D. Jes\u00fas del R\u00edo maestro de nuestro centro presenta su obra literaria esta tarde en la biblioteca municipal Editor Jos\u00e9 Manuel Lara a las 20:00 h introducido por D. Jos\u00e9 M\u00aa Mor\u00e1n<\/p>\n","protected":false},"author":2,"featured_media":16984,"comment_status":"","ping_status":"open","sticky":false,"template":"","format":"standard","meta":{"_et_pb_use_builder":"on","_et_pb_old_content":"","_et_gb_content_width":"","footnotes":""},"categories":[12,23,19,13,17,15,18,16,1],"tags":[],"class_list":["post-16983","post","type-post","status-publish","format-standard","has-post-thumbnail","hentry","category-colegio","category-covid","category-escuela-abierta","category-fasa","category-infantil","category-portada","category-primaria","category-secundaria","category-uncategorized"],"yoast_head":"<!-- This site is optimized with the Yoast SEO plugin v28.3 - https:\/\/yoast.com\/product\/yoast-seo-wordpress\/ -->\n<title>Presentaci\u00f3n literaria de La condena de la virtud - Colegio Salesiano Alcal\u00e1<\/title>\n<meta name=\"robots\" content=\"index, follow, max-snippet:-1, max-image-preview:large, max-video-preview:-1\" \/>\n<link rel=\"canonical\" href=\"https:\/\/alcala.salesianos.edu\/colegio\/blog\/2026\/05\/07\/presentacion-literaria-de-la-condena-de-la-virtud\/\" \/>\n<meta property=\"og:locale\" content=\"es_ES\" \/>\n<meta property=\"og:type\" content=\"article\" \/>\n<meta property=\"og:title\" content=\"Presentaci\u00f3n literaria de La condena de la virtud - Colegio Salesiano Alcal\u00e1\" \/>\n<meta property=\"og:description\" content=\"D. Jes\u00fas del R\u00edo maestro de nuestro centro presenta su obra literaria esta tarde en la biblioteca municipal Editor Jos\u00e9 Manuel Lara a las 20:00 h introducido por D. Jos\u00e9 M\u00aa Mor\u00e1n\" \/>\n<meta property=\"og:url\" content=\"https:\/\/alcala.salesianos.edu\/colegio\/blog\/2026\/05\/07\/presentacion-literaria-de-la-condena-de-la-virtud\/\" \/>\n<meta property=\"og:site_name\" content=\"Colegio Salesiano Alcal\u00e1\" \/>\n<meta property=\"article:published_time\" content=\"2026-05-07T10:11:34+00:00\" \/>\n<meta property=\"og:image\" content=\"https:\/\/alcala.salesianos.edu\/colegio\/wp-content\/uploads\/sites\/2\/2026\/05\/WhatsApp-Image-2026-05-04-at-18.28.04.jpeg\" \/>\n\t<meta property=\"og:image:width\" content=\"1448\" \/>\n\t<meta property=\"og:image:height\" content=\"2048\" \/>\n\t<meta property=\"og:image:type\" content=\"image\/jpeg\" \/>\n<meta name=\"author\" content=\"Administrador Web\" \/>\n<meta name=\"twitter:card\" content=\"summary_large_image\" \/>\n<meta name=\"twitter:label1\" content=\"Escrito por\" \/>\n\t<meta name=\"twitter:data1\" content=\"Administrador Web\" \/>\n<script type=\"application\/ld+json\" class=\"yoast-schema-graph\">{\"@context\":\"https:\\\/\\\/schema.org\",\"@graph\":[{\"@type\":\"Article\",\"@id\":\"https:\\\/\\\/alcala.salesianos.edu\\\/colegio\\\/blog\\\/2026\\\/05\\\/07\\\/presentacion-literaria-de-la-condena-de-la-virtud\\\/#article\",\"isPartOf\":{\"@id\":\"https:\\\/\\\/alcala.salesianos.edu\\\/colegio\\\/blog\\\/2026\\\/05\\\/07\\\/presentacion-literaria-de-la-condena-de-la-virtud\\\/\"},\"author\":{\"name\":\"Administrador Web\",\"@id\":\"https:\\\/\\\/alcala.salesianos.edu\\\/colegio\\\/#\\\/schema\\\/person\\\/afcc24f776dc91fc2bf9afb0998fca77\"},\"headline\":\"Presentaci\u00f3n literaria de La condena de la virtud\",\"datePublished\":\"2026-05-07T10:11:34+00:00\",\"mainEntityOfPage\":{\"@id\":\"https:\\\/\\\/alcala.salesianos.edu\\\/colegio\\\/blog\\\/2026\\\/05\\\/07\\\/presentacion-literaria-de-la-condena-de-la-virtud\\\/\"},\"wordCount\":241,\"image\":{\"@id\":\"https:\\\/\\\/alcala.salesianos.edu\\\/colegio\\\/blog\\\/2026\\\/05\\\/07\\\/presentacion-literaria-de-la-condena-de-la-virtud\\\/#primaryimage\"},\"thumbnailUrl\":\"https:\\\/\\\/alcala.salesianos.edu\\\/colegio\\\/wp-content\\\/uploads\\\/sites\\\/2\\\/2026\\\/05\\\/WhatsApp-Image-2026-05-04-at-18.28.04.jpeg\",\"articleSection\":[\"Colegio\",\"covid\",\"Escuela abierta\",\"FASA\",\"Infantil\",\"Portada\",\"Primaria\",\"Secundaria\",\"Uncategorized\"],\"inLanguage\":\"es\"},{\"@type\":\"WebPage\",\"@id\":\"https:\\\/\\\/alcala.salesianos.edu\\\/colegio\\\/blog\\\/2026\\\/05\\\/07\\\/presentacion-literaria-de-la-condena-de-la-virtud\\\/\",\"url\":\"https:\\\/\\\/alcala.salesianos.edu\\\/colegio\\\/blog\\\/2026\\\/05\\\/07\\\/presentacion-literaria-de-la-condena-de-la-virtud\\\/\",\"name\":\"Presentaci\u00f3n literaria de La condena de la virtud - Colegio Salesiano Alcal\u00e1\",\"isPartOf\":{\"@id\":\"https:\\\/\\\/alcala.salesianos.edu\\\/colegio\\\/#website\"},\"primaryImageOfPage\":{\"@id\":\"https:\\\/\\\/alcala.salesianos.edu\\\/colegio\\\/blog\\\/2026\\\/05\\\/07\\\/presentacion-literaria-de-la-condena-de-la-virtud\\\/#primaryimage\"},\"image\":{\"@id\":\"https:\\\/\\\/alcala.salesianos.edu\\\/colegio\\\/blog\\\/2026\\\/05\\\/07\\\/presentacion-literaria-de-la-condena-de-la-virtud\\\/#primaryimage\"},\"thumbnailUrl\":\"https:\\\/\\\/alcala.salesianos.edu\\\/colegio\\\/wp-content\\\/uploads\\\/sites\\\/2\\\/2026\\\/05\\\/WhatsApp-Image-2026-05-04-at-18.28.04.jpeg\",\"datePublished\":\"2026-05-07T10:11:34+00:00\",\"author\":{\"@id\":\"https:\\\/\\\/alcala.salesianos.edu\\\/colegio\\\/#\\\/schema\\\/person\\\/afcc24f776dc91fc2bf9afb0998fca77\"},\"breadcrumb\":{\"@id\":\"https:\\\/\\\/alcala.salesianos.edu\\\/colegio\\\/blog\\\/2026\\\/05\\\/07\\\/presentacion-literaria-de-la-condena-de-la-virtud\\\/#breadcrumb\"},\"inLanguage\":\"es\",\"potentialAction\":[{\"@type\":\"ReadAction\",\"target\":[\"https:\\\/\\\/alcala.salesianos.edu\\\/colegio\\\/blog\\\/2026\\\/05\\\/07\\\/presentacion-literaria-de-la-condena-de-la-virtud\\\/\"]}]},{\"@type\":\"ImageObject\",\"inLanguage\":\"es\",\"@id\":\"https:\\\/\\\/alcala.salesianos.edu\\\/colegio\\\/blog\\\/2026\\\/05\\\/07\\\/presentacion-literaria-de-la-condena-de-la-virtud\\\/#primaryimage\",\"url\":\"https:\\\/\\\/alcala.salesianos.edu\\\/colegio\\\/wp-content\\\/uploads\\\/sites\\\/2\\\/2026\\\/05\\\/WhatsApp-Image-2026-05-04-at-18.28.04.jpeg\",\"contentUrl\":\"https:\\\/\\\/alcala.salesianos.edu\\\/colegio\\\/wp-content\\\/uploads\\\/sites\\\/2\\\/2026\\\/05\\\/WhatsApp-Image-2026-05-04-at-18.28.04.jpeg\",\"width\":1448,\"height\":2048},{\"@type\":\"BreadcrumbList\",\"@id\":\"https:\\\/\\\/alcala.salesianos.edu\\\/colegio\\\/blog\\\/2026\\\/05\\\/07\\\/presentacion-literaria-de-la-condena-de-la-virtud\\\/#breadcrumb\",\"itemListElement\":[{\"@type\":\"ListItem\",\"position\":1,\"name\":\"Portada\",\"item\":\"https:\\\/\\\/alcala.salesianos.edu\\\/colegio\\\/\"},{\"@type\":\"ListItem\",\"position\":2,\"name\":\"Presentaci\u00f3n literaria de La condena de la virtud\"}]},{\"@type\":\"WebSite\",\"@id\":\"https:\\\/\\\/alcala.salesianos.edu\\\/colegio\\\/#website\",\"url\":\"https:\\\/\\\/alcala.salesianos.edu\\\/colegio\\\/\",\"name\":\"Colegio Salesiano Alcal\u00e1\",\"description\":\"P\u00e1gina oficial de Salesianos Alcal\u00e1 de Guadaira\",\"potentialAction\":[{\"@type\":\"SearchAction\",\"target\":{\"@type\":\"EntryPoint\",\"urlTemplate\":\"https:\\\/\\\/alcala.salesianos.edu\\\/colegio\\\/?s={search_term_string}\"},\"query-input\":{\"@type\":\"PropertyValueSpecification\",\"valueRequired\":true,\"valueName\":\"search_term_string\"}}],\"inLanguage\":\"es\"},{\"@type\":\"Person\",\"@id\":\"https:\\\/\\\/alcala.salesianos.edu\\\/colegio\\\/#\\\/schema\\\/person\\\/afcc24f776dc91fc2bf9afb0998fca77\",\"name\":\"Administrador Web\",\"image\":{\"@type\":\"ImageObject\",\"inLanguage\":\"es\",\"@id\":\"https:\\\/\\\/secure.gravatar.com\\\/avatar\\\/bc157e994689bd6da9645c00aa3bc4d55b727915b6652642660db0aef086585f?s=96&d=mm&r=g\",\"url\":\"https:\\\/\\\/secure.gravatar.com\\\/avatar\\\/bc157e994689bd6da9645c00aa3bc4d55b727915b6652642660db0aef086585f?s=96&d=mm&r=g\",\"contentUrl\":\"https:\\\/\\\/secure.gravatar.com\\\/avatar\\\/bc157e994689bd6da9645c00aa3bc4d55b727915b6652642660db0aef086585f?s=96&d=mm&r=g\",\"caption\":\"Administrador Web\"}}]}<\/script>\n<!-- \/ Yoast SEO plugin. -->","yoast_head_json":{"title":"Presentaci\u00f3n literaria de La condena de la virtud - Colegio Salesiano Alcal\u00e1","robots":{"index":"index","follow":"follow","max-snippet":"max-snippet:-1","max-image-preview":"max-image-preview:large","max-video-preview":"max-video-preview:-1"},"canonical":"https:\/\/alcala.salesianos.edu\/colegio\/blog\/2026\/05\/07\/presentacion-literaria-de-la-condena-de-la-virtud\/","og_locale":"es_ES","og_type":"article","og_title":"Presentaci\u00f3n literaria de La condena de la virtud - Colegio Salesiano Alcal\u00e1","og_description":"D. Jes\u00fas del R\u00edo maestro de nuestro centro presenta su obra literaria esta tarde en la biblioteca municipal Editor Jos\u00e9 Manuel Lara a las 20:00 h introducido por D. Jos\u00e9 M\u00aa Mor\u00e1n","og_url":"https:\/\/alcala.salesianos.edu\/colegio\/blog\/2026\/05\/07\/presentacion-literaria-de-la-condena-de-la-virtud\/","og_site_name":"Colegio Salesiano Alcal\u00e1","article_published_time":"2026-05-07T10:11:34+00:00","og_image":[{"width":1448,"height":2048,"url":"https:\/\/alcala.salesianos.edu\/colegio\/wp-content\/uploads\/sites\/2\/2026\/05\/WhatsApp-Image-2026-05-04-at-18.28.04.jpeg","type":"image\/jpeg"}],"author":"Administrador Web","twitter_card":"summary_large_image","twitter_misc":{"Escrito por":"Administrador Web"},"schema":{"@context":"https:\/\/schema.org","@graph":[{"@type":"Article","@id":"https:\/\/alcala.salesianos.edu\/colegio\/blog\/2026\/05\/07\/presentacion-literaria-de-la-condena-de-la-virtud\/#article","isPartOf":{"@id":"https:\/\/alcala.salesianos.edu\/colegio\/blog\/2026\/05\/07\/presentacion-literaria-de-la-condena-de-la-virtud\/"},"author":{"name":"Administrador Web","@id":"https:\/\/alcala.salesianos.edu\/colegio\/#\/schema\/person\/afcc24f776dc91fc2bf9afb0998fca77"},"headline":"Presentaci\u00f3n literaria de La condena de la virtud","datePublished":"2026-05-07T10:11:34+00:00","mainEntityOfPage":{"@id":"https:\/\/alcala.salesianos.edu\/colegio\/blog\/2026\/05\/07\/presentacion-literaria-de-la-condena-de-la-virtud\/"},"wordCount":241,"image":{"@id":"https:\/\/alcala.salesianos.edu\/colegio\/blog\/2026\/05\/07\/presentacion-literaria-de-la-condena-de-la-virtud\/#primaryimage"},"thumbnailUrl":"https:\/\/alcala.salesianos.edu\/colegio\/wp-content\/uploads\/sites\/2\/2026\/05\/WhatsApp-Image-2026-05-04-at-18.28.04.jpeg","articleSection":["Colegio","covid","Escuela abierta","FASA","Infantil","Portada","Primaria","Secundaria","Uncategorized"],"inLanguage":"es"},{"@type":"WebPage","@id":"https:\/\/alcala.salesianos.edu\/colegio\/blog\/2026\/05\/07\/presentacion-literaria-de-la-condena-de-la-virtud\/","url":"https:\/\/alcala.salesianos.edu\/colegio\/blog\/2026\/05\/07\/presentacion-literaria-de-la-condena-de-la-virtud\/","name":"Presentaci\u00f3n literaria de La condena de la virtud - Colegio Salesiano Alcal\u00e1","isPartOf":{"@id":"https:\/\/alcala.salesianos.edu\/colegio\/#website"},"primaryImageOfPage":{"@id":"https:\/\/alcala.salesianos.edu\/colegio\/blog\/2026\/05\/07\/presentacion-literaria-de-la-condena-de-la-virtud\/#primaryimage"},"image":{"@id":"https:\/\/alcala.salesianos.edu\/colegio\/blog\/2026\/05\/07\/presentacion-literaria-de-la-condena-de-la-virtud\/#primaryimage"},"thumbnailUrl":"https:\/\/alcala.salesianos.edu\/colegio\/wp-content\/uploads\/sites\/2\/2026\/05\/WhatsApp-Image-2026-05-04-at-18.28.04.jpeg","datePublished":"2026-05-07T10:11:34+00:00","author":{"@id":"https:\/\/alcala.salesianos.edu\/colegio\/#\/schema\/person\/afcc24f776dc91fc2bf9afb0998fca77"},"breadcrumb":{"@id":"https:\/\/alcala.salesianos.edu\/colegio\/blog\/2026\/05\/07\/presentacion-literaria-de-la-condena-de-la-virtud\/#breadcrumb"},"inLanguage":"es","potentialAction":[{"@type":"ReadAction","target":["https:\/\/alcala.salesianos.edu\/colegio\/blog\/2026\/05\/07\/presentacion-literaria-de-la-condena-de-la-virtud\/"]}]},{"@type":"ImageObject","inLanguage":"es","@id":"https:\/\/alcala.salesianos.edu\/colegio\/blog\/2026\/05\/07\/presentacion-literaria-de-la-condena-de-la-virtud\/#primaryimage","url":"https:\/\/alcala.salesianos.edu\/colegio\/wp-content\/uploads\/sites\/2\/2026\/05\/WhatsApp-Image-2026-05-04-at-18.28.04.jpeg","contentUrl":"https:\/\/alcala.salesianos.edu\/colegio\/wp-content\/uploads\/sites\/2\/2026\/05\/WhatsApp-Image-2026-05-04-at-18.28.04.jpeg","width":1448,"height":2048},{"@type":"BreadcrumbList","@id":"https:\/\/alcala.salesianos.edu\/colegio\/blog\/2026\/05\/07\/presentacion-literaria-de-la-condena-de-la-virtud\/#breadcrumb","itemListElement":[{"@type":"ListItem","position":1,"name":"Portada","item":"https:\/\/alcala.salesianos.edu\/colegio\/"},{"@type":"ListItem","position":2,"name":"Presentaci\u00f3n literaria de La condena de la virtud"}]},{"@type":"WebSite","@id":"https:\/\/alcala.salesianos.edu\/colegio\/#website","url":"https:\/\/alcala.salesianos.edu\/colegio\/","name":"Colegio Salesiano Alcal\u00e1","description":"P\u00e1gina oficial de Salesianos Alcal\u00e1 de Guadaira","potentialAction":[{"@type":"SearchAction","target":{"@type":"EntryPoint","urlTemplate":"https:\/\/alcala.salesianos.edu\/colegio\/?s={search_term_string}"},"query-input":{"@type":"PropertyValueSpecification","valueRequired":true,"valueName":"search_term_string"}}],"inLanguage":"es"},{"@type":"Person","@id":"https:\/\/alcala.salesianos.edu\/colegio\/#\/schema\/person\/afcc24f776dc91fc2bf9afb0998fca77","name":"Administrador Web","image":{"@type":"ImageObject","inLanguage":"es","@id":"https:\/\/secure.gravatar.com\/avatar\/bc157e994689bd6da9645c00aa3bc4d55b727915b6652642660db0aef086585f?s=96&d=mm&r=g","url":"https:\/\/secure.gravatar.com\/avatar\/bc157e994689bd6da9645c00aa3bc4d55b727915b6652642660db0aef086585f?s=96&d=mm&r=g","contentUrl":"https:\/\/secure.gravatar.com\/avatar\/bc157e994689bd6da9645c00aa3bc4d55b727915b6652642660db0aef086585f?s=96&d=mm&r=g","caption":"Administrador Web"}}]}},"_links":{"self":[{"href":"https:\/\/alcala.salesianos.edu\/colegio\/wp-json\/wp\/v2\/posts\/16983","targetHints":{"allow":["GET"]}}],"collection":[{"href":"https:\/\/alcala.salesianos.edu\/colegio\/wp-json\/wp\/v2\/posts"}],"about":[{"href":"https:\/\/alcala.salesianos.edu\/colegio\/wp-json\/wp\/v2\/types\/post"}],"author":[{"embeddable":true,"href":"https:\/\/alcala.salesianos.edu\/colegio\/wp-json\/wp\/v2\/users\/2"}],"replies":[{"embeddable":true,"href":"https:\/\/alcala.salesianos.edu\/colegio\/wp-json\/wp\/v2\/comments?post=16983"}],"version-history":[{"count":0,"href":"https:\/\/alcala.salesianos.edu\/colegio\/wp-json\/wp\/v2\/posts\/16983\/revisions"}],"wp:featuredmedia":[{"embeddable":true,"href":"https:\/\/alcala.salesianos.edu\/colegio\/wp-json\/wp\/v2\/media\/16984"}],"wp:attachment":[{"href":"https:\/\/alcala.salesianos.edu\/colegio\/wp-json\/wp\/v2\/media?parent=16983"}],"wp:term":[{"taxonomy":"category","embeddable":true,"href":"https:\/\/alcala.salesianos.edu\/colegio\/wp-json\/wp\/v2\/categories?post=16983"},{"taxonomy":"post_tag","embeddable":true,"href":"https:\/\/alcala.salesianos.edu\/colegio\/wp-json\/wp\/v2\/tags?post=16983"}],"curies":[{"name":"wp","href":"https:\/\/api.w.org\/{rel}","templated":true}]}}