{"id":16977,"date":"2026-04-23T11:28:32","date_gmt":"2026-04-23T10:28:32","guid":{"rendered":"https:\/\/alcala.salesianos.edu\/colegio\/blog\/2026\/04\/23\/nico-montero-actuara-en-salesianos-alcala-de-guadaira\/"},"modified":"2026-04-23T11:28:32","modified_gmt":"2026-04-23T10:28:32","slug":"nico-montero-actuara-en-salesianos-alcala-de-guadaira","status":"publish","type":"post","link":"https:\/\/alcala.salesianos.edu\/colegio\/blog\/2026\/04\/23\/nico-montero-actuara-en-salesianos-alcala-de-guadaira\/","title":{"rendered":"Nico Montero actuar\u00e1 en Salesianos Alcal\u00e1 de Guada\u00edra"},"content":{"rendered":"<div id=\"fb-root\"><\/div>\n<p>[et_pb_section fb_built=\u00bb1&#8243; admin_label=\u00bbsection\u00bb _builder_version=\u00bb4.16&#8243; global_colors_info=\u00bb{}\u00bb][et_pb_row admin_label=\u00bbrow\u00bb _builder_version=\u00bb4.16&#8243; background_size=\u00bbinitial\u00bb background_position=\u00bbtop_left\u00bb background_repeat=\u00bbrepeat\u00bb global_colors_info=\u00bb{}\u00bb][et_pb_column type=\u00bb4_4&#8243; _builder_version=\u00bb4.16&#8243; custom_padding=\u00bb|||\u00bb global_colors_info=\u00bb{}\u00bb custom_padding__hover=\u00bb|||\u00bb][et_pb_text _builder_version=\u00bb4.27.4&#8243; _module_preset=\u00bbdefault\u00bb hover_enabled=\u00bb0&#8243; sticky_enabled=\u00bb0&#8243;]<\/p>\n<p data-start=\"164\" data-end=\"376\">El pr\u00f3ximo <strong data-start=\"175\" data-end=\"207\">14 de mayo a las 20:00 horas<\/strong>, el Colegio Salesiano de Alcal\u00e1 de Guada\u00edra acoger\u00e1 el concierto del reconocido cantautor <strong data-start=\"298\" data-end=\"314\">Nico Montero<\/strong>, enmarcado dentro de su gira <strong data-start=\"344\" data-end=\"375\">\u201c35 a\u00f1os: \u00a1Que sea la Paz!\u201d<\/strong>.<\/p>\n<p data-start=\"378\" data-end=\"666\">Se trata de una oportunidad \u00fanica para disfrutar de la m\u00fasica en directo en un ambiente cercano, festivo y con un mensaje profundamente humano. El evento est\u00e1 abierto a toda la comunidad educativa, as\u00ed como al p\u00fablico en general, y busca ser tambi\u00e9n un espacio de encuentro y convivencia.<\/p>\n<p data-start=\"668\" data-end=\"875\">El acceso al concierto se realizar\u00e1 mediante un <strong data-start=\"716\" data-end=\"749\">donativo solidario de 5 euros<\/strong>, que incluye una consumici\u00f3n. Las entradas pueden adquirirse en la porter\u00eda del centro, en horario de <strong data-start=\"852\" data-end=\"874\">9:00 a 18:00 horas<\/strong>.<\/p>\n<p data-start=\"877\" data-end=\"1076\">Con esta iniciativa, el colegio contin\u00faa apostando por actividades culturales y solidarias que fomentan valores como la convivencia, la paz y el compromiso social, en l\u00ednea con el esp\u00edritu salesiano.<\/p>\n<p data-start=\"1078\" data-end=\"1266\">Desde el centro animamos a toda la comunidad educativa, familias, antiguos alumnos y vecinos a participar en este evento y disfrutar de una velada especial llena de m\u00fasica y buen ambiente.<\/p>\n<p>[\/et_pb_text][\/et_pb_column][\/et_pb_row][\/et_pb_section]<\/p>\n","protected":false},"excerpt":{"rendered":"<p>El Colegio Salesiano de Alcal\u00e1 acoge el 14 de mayo a las 20:00h el concierto de Nico Montero, dentro de su gira \u201c\u00a1Que sea la Paz!\u201d. Evento solidario con entrada-donativo.<\/p>\n","protected":false},"author":2,"featured_media":16978,"comment_status":"","ping_status":"open","sticky":false,"template":"","format":"standard","meta":{"_et_pb_use_builder":"on","_et_pb_old_content":"","_et_gb_content_width":"","footnotes":""},"categories":[12,23,19,13,17,14,15,18,16,1],"tags":[],"class_list":["post-16977","post","type-post","status-publish","format-standard","has-post-thumbnail","hentry","category-colegio","category-covid","category-escuela-abierta","category-fasa","category-infantil","category-pastoral","category-portada","category-primaria","category-secundaria","category-uncategorized"],"yoast_head":"<!-- This site is optimized with the Yoast SEO plugin v27.4 - https:\/\/yoast.com\/product\/yoast-seo-wordpress\/ -->\n<title>Nico Montero actuar\u00e1 en Salesianos Alcal\u00e1 de Guada\u00edra - Colegio Salesiano Alcal\u00e1<\/title>\n<meta name=\"robots\" content=\"index, follow, max-snippet:-1, max-image-preview:large, max-video-preview:-1\" \/>\n<link rel=\"canonical\" href=\"https:\/\/alcala.salesianos.edu\/colegio\/blog\/2026\/04\/23\/nico-montero-actuara-en-salesianos-alcala-de-guadaira\/\" \/>\n<meta property=\"og:locale\" content=\"es_ES\" \/>\n<meta property=\"og:type\" content=\"article\" \/>\n<meta property=\"og:title\" content=\"Nico Montero actuar\u00e1 en Salesianos Alcal\u00e1 de Guada\u00edra - Colegio Salesiano Alcal\u00e1\" \/>\n<meta property=\"og:description\" content=\"El Colegio Salesiano de Alcal\u00e1 acoge el 14 de mayo a las 20:00h el concierto de Nico Montero, dentro de su gira \u201c\u00a1Que sea la Paz!\u201d. Evento solidario con entrada-donativo.\" \/>\n<meta property=\"og:url\" content=\"https:\/\/alcala.salesianos.edu\/colegio\/blog\/2026\/04\/23\/nico-montero-actuara-en-salesianos-alcala-de-guadaira\/\" \/>\n<meta property=\"og:site_name\" content=\"Colegio Salesiano Alcal\u00e1\" \/>\n<meta property=\"article:published_time\" content=\"2026-04-23T10:28:32+00:00\" \/>\n<meta property=\"og:image\" content=\"https:\/\/alcala.salesianos.edu\/colegio\/wp-content\/uploads\/sites\/2\/2026\/04\/WhatsApp-Image-2026-04-22-at-22.55.40.jpeg\" \/>\n\t<meta property=\"og:image:width\" content=\"1600\" \/>\n\t<meta property=\"og:image:height\" content=\"1600\" \/>\n\t<meta property=\"og:image:type\" content=\"image\/jpeg\" \/>\n<meta name=\"author\" content=\"Administrador Web\" \/>\n<meta name=\"twitter:card\" content=\"summary_large_image\" \/>\n<meta name=\"twitter:label1\" content=\"Escrito por\" \/>\n\t<meta name=\"twitter:data1\" content=\"Administrador Web\" \/>\n<script type=\"application\/ld+json\" class=\"yoast-schema-graph\">{\"@context\":\"https:\\\/\\\/schema.org\",\"@graph\":[{\"@type\":\"Article\",\"@id\":\"https:\\\/\\\/alcala.salesianos.edu\\\/colegio\\\/blog\\\/2026\\\/04\\\/23\\\/nico-montero-actuara-en-salesianos-alcala-de-guadaira\\\/#article\",\"isPartOf\":{\"@id\":\"https:\\\/\\\/alcala.salesianos.edu\\\/colegio\\\/blog\\\/2026\\\/04\\\/23\\\/nico-montero-actuara-en-salesianos-alcala-de-guadaira\\\/\"},\"author\":{\"name\":\"Administrador Web\",\"@id\":\"https:\\\/\\\/alcala.salesianos.edu\\\/colegio\\\/#\\\/schema\\\/person\\\/afcc24f776dc91fc2bf9afb0998fca77\"},\"headline\":\"Nico Montero actuar\u00e1 en Salesianos Alcal\u00e1 de Guada\u00edra\",\"datePublished\":\"2026-04-23T10:28:32+00:00\",\"mainEntityOfPage\":{\"@id\":\"https:\\\/\\\/alcala.salesianos.edu\\\/colegio\\\/blog\\\/2026\\\/04\\\/23\\\/nico-montero-actuara-en-salesianos-alcala-de-guadaira\\\/\"},\"wordCount\":265,\"image\":{\"@id\":\"https:\\\/\\\/alcala.salesianos.edu\\\/colegio\\\/blog\\\/2026\\\/04\\\/23\\\/nico-montero-actuara-en-salesianos-alcala-de-guadaira\\\/#primaryimage\"},\"thumbnailUrl\":\"https:\\\/\\\/alcala.salesianos.edu\\\/colegio\\\/wp-content\\\/uploads\\\/sites\\\/2\\\/2026\\\/04\\\/WhatsApp-Image-2026-04-22-at-22.55.40.jpeg\",\"articleSection\":[\"Colegio\",\"covid\",\"Escuela abierta\",\"FASA\",\"Infantil\",\"Pastoral\",\"Portada\",\"Primaria\",\"Secundaria\",\"Uncategorized\"],\"inLanguage\":\"es\"},{\"@type\":\"WebPage\",\"@id\":\"https:\\\/\\\/alcala.salesianos.edu\\\/colegio\\\/blog\\\/2026\\\/04\\\/23\\\/nico-montero-actuara-en-salesianos-alcala-de-guadaira\\\/\",\"url\":\"https:\\\/\\\/alcala.salesianos.edu\\\/colegio\\\/blog\\\/2026\\\/04\\\/23\\\/nico-montero-actuara-en-salesianos-alcala-de-guadaira\\\/\",\"name\":\"Nico Montero actuar\u00e1 en Salesianos Alcal\u00e1 de Guada\u00edra - Colegio Salesiano Alcal\u00e1\",\"isPartOf\":{\"@id\":\"https:\\\/\\\/alcala.salesianos.edu\\\/colegio\\\/#website\"},\"primaryImageOfPage\":{\"@id\":\"https:\\\/\\\/alcala.salesianos.edu\\\/colegio\\\/blog\\\/2026\\\/04\\\/23\\\/nico-montero-actuara-en-salesianos-alcala-de-guadaira\\\/#primaryimage\"},\"image\":{\"@id\":\"https:\\\/\\\/alcala.salesianos.edu\\\/colegio\\\/blog\\\/2026\\\/04\\\/23\\\/nico-montero-actuara-en-salesianos-alcala-de-guadaira\\\/#primaryimage\"},\"thumbnailUrl\":\"https:\\\/\\\/alcala.salesianos.edu\\\/colegio\\\/wp-content\\\/uploads\\\/sites\\\/2\\\/2026\\\/04\\\/WhatsApp-Image-2026-04-22-at-22.55.40.jpeg\",\"datePublished\":\"2026-04-23T10:28:32+00:00\",\"author\":{\"@id\":\"https:\\\/\\\/alcala.salesianos.edu\\\/colegio\\\/#\\\/schema\\\/person\\\/afcc24f776dc91fc2bf9afb0998fca77\"},\"breadcrumb\":{\"@id\":\"https:\\\/\\\/alcala.salesianos.edu\\\/colegio\\\/blog\\\/2026\\\/04\\\/23\\\/nico-montero-actuara-en-salesianos-alcala-de-guadaira\\\/#breadcrumb\"},\"inLanguage\":\"es\",\"potentialAction\":[{\"@type\":\"ReadAction\",\"target\":[\"https:\\\/\\\/alcala.salesianos.edu\\\/colegio\\\/blog\\\/2026\\\/04\\\/23\\\/nico-montero-actuara-en-salesianos-alcala-de-guadaira\\\/\"]}]},{\"@type\":\"ImageObject\",\"inLanguage\":\"es\",\"@id\":\"https:\\\/\\\/alcala.salesianos.edu\\\/colegio\\\/blog\\\/2026\\\/04\\\/23\\\/nico-montero-actuara-en-salesianos-alcala-de-guadaira\\\/#primaryimage\",\"url\":\"https:\\\/\\\/alcala.salesianos.edu\\\/colegio\\\/wp-content\\\/uploads\\\/sites\\\/2\\\/2026\\\/04\\\/WhatsApp-Image-2026-04-22-at-22.55.40.jpeg\",\"contentUrl\":\"https:\\\/\\\/alcala.salesianos.edu\\\/colegio\\\/wp-content\\\/uploads\\\/sites\\\/2\\\/2026\\\/04\\\/WhatsApp-Image-2026-04-22-at-22.55.40.jpeg\",\"width\":1600,\"height\":1600},{\"@type\":\"BreadcrumbList\",\"@id\":\"https:\\\/\\\/alcala.salesianos.edu\\\/colegio\\\/blog\\\/2026\\\/04\\\/23\\\/nico-montero-actuara-en-salesianos-alcala-de-guadaira\\\/#breadcrumb\",\"itemListElement\":[{\"@type\":\"ListItem\",\"position\":1,\"name\":\"Portada\",\"item\":\"https:\\\/\\\/alcala.salesianos.edu\\\/colegio\\\/\"},{\"@type\":\"ListItem\",\"position\":2,\"name\":\"Nico Montero actuar\u00e1 en Salesianos Alcal\u00e1 de Guada\u00edra\"}]},{\"@type\":\"WebSite\",\"@id\":\"https:\\\/\\\/alcala.salesianos.edu\\\/colegio\\\/#website\",\"url\":\"https:\\\/\\\/alcala.salesianos.edu\\\/colegio\\\/\",\"name\":\"Colegio Salesiano Alcal\u00e1\",\"description\":\"P\u00e1gina oficial de Salesianos Alcal\u00e1 de Guadaira\",\"potentialAction\":[{\"@type\":\"SearchAction\",\"target\":{\"@type\":\"EntryPoint\",\"urlTemplate\":\"https:\\\/\\\/alcala.salesianos.edu\\\/colegio\\\/?s={search_term_string}\"},\"query-input\":{\"@type\":\"PropertyValueSpecification\",\"valueRequired\":true,\"valueName\":\"search_term_string\"}}],\"inLanguage\":\"es\"},{\"@type\":\"Person\",\"@id\":\"https:\\\/\\\/alcala.salesianos.edu\\\/colegio\\\/#\\\/schema\\\/person\\\/afcc24f776dc91fc2bf9afb0998fca77\",\"name\":\"Administrador Web\",\"image\":{\"@type\":\"ImageObject\",\"inLanguage\":\"es\",\"@id\":\"https:\\\/\\\/secure.gravatar.com\\\/avatar\\\/bc157e994689bd6da9645c00aa3bc4d55b727915b6652642660db0aef086585f?s=96&d=mm&r=g\",\"url\":\"https:\\\/\\\/secure.gravatar.com\\\/avatar\\\/bc157e994689bd6da9645c00aa3bc4d55b727915b6652642660db0aef086585f?s=96&d=mm&r=g\",\"contentUrl\":\"https:\\\/\\\/secure.gravatar.com\\\/avatar\\\/bc157e994689bd6da9645c00aa3bc4d55b727915b6652642660db0aef086585f?s=96&d=mm&r=g\",\"caption\":\"Administrador Web\"}}]}<\/script>\n<!-- \/ Yoast SEO plugin. -->","yoast_head_json":{"title":"Nico Montero actuar\u00e1 en Salesianos Alcal\u00e1 de Guada\u00edra - Colegio Salesiano Alcal\u00e1","robots":{"index":"index","follow":"follow","max-snippet":"max-snippet:-1","max-image-preview":"max-image-preview:large","max-video-preview":"max-video-preview:-1"},"canonical":"https:\/\/alcala.salesianos.edu\/colegio\/blog\/2026\/04\/23\/nico-montero-actuara-en-salesianos-alcala-de-guadaira\/","og_locale":"es_ES","og_type":"article","og_title":"Nico Montero actuar\u00e1 en Salesianos Alcal\u00e1 de Guada\u00edra - Colegio Salesiano Alcal\u00e1","og_description":"El Colegio Salesiano de Alcal\u00e1 acoge el 14 de mayo a las 20:00h el concierto de Nico Montero, dentro de su gira \u201c\u00a1Que sea la Paz!\u201d. Evento solidario con entrada-donativo.","og_url":"https:\/\/alcala.salesianos.edu\/colegio\/blog\/2026\/04\/23\/nico-montero-actuara-en-salesianos-alcala-de-guadaira\/","og_site_name":"Colegio Salesiano Alcal\u00e1","article_published_time":"2026-04-23T10:28:32+00:00","og_image":[{"width":1600,"height":1600,"url":"https:\/\/alcala.salesianos.edu\/colegio\/wp-content\/uploads\/sites\/2\/2026\/04\/WhatsApp-Image-2026-04-22-at-22.55.40.jpeg","type":"image\/jpeg"}],"author":"Administrador Web","twitter_card":"summary_large_image","twitter_misc":{"Escrito por":"Administrador Web"},"schema":{"@context":"https:\/\/schema.org","@graph":[{"@type":"Article","@id":"https:\/\/alcala.salesianos.edu\/colegio\/blog\/2026\/04\/23\/nico-montero-actuara-en-salesianos-alcala-de-guadaira\/#article","isPartOf":{"@id":"https:\/\/alcala.salesianos.edu\/colegio\/blog\/2026\/04\/23\/nico-montero-actuara-en-salesianos-alcala-de-guadaira\/"},"author":{"name":"Administrador Web","@id":"https:\/\/alcala.salesianos.edu\/colegio\/#\/schema\/person\/afcc24f776dc91fc2bf9afb0998fca77"},"headline":"Nico Montero actuar\u00e1 en Salesianos Alcal\u00e1 de Guada\u00edra","datePublished":"2026-04-23T10:28:32+00:00","mainEntityOfPage":{"@id":"https:\/\/alcala.salesianos.edu\/colegio\/blog\/2026\/04\/23\/nico-montero-actuara-en-salesianos-alcala-de-guadaira\/"},"wordCount":265,"image":{"@id":"https:\/\/alcala.salesianos.edu\/colegio\/blog\/2026\/04\/23\/nico-montero-actuara-en-salesianos-alcala-de-guadaira\/#primaryimage"},"thumbnailUrl":"https:\/\/alcala.salesianos.edu\/colegio\/wp-content\/uploads\/sites\/2\/2026\/04\/WhatsApp-Image-2026-04-22-at-22.55.40.jpeg","articleSection":["Colegio","covid","Escuela abierta","FASA","Infantil","Pastoral","Portada","Primaria","Secundaria","Uncategorized"],"inLanguage":"es"},{"@type":"WebPage","@id":"https:\/\/alcala.salesianos.edu\/colegio\/blog\/2026\/04\/23\/nico-montero-actuara-en-salesianos-alcala-de-guadaira\/","url":"https:\/\/alcala.salesianos.edu\/colegio\/blog\/2026\/04\/23\/nico-montero-actuara-en-salesianos-alcala-de-guadaira\/","name":"Nico Montero actuar\u00e1 en Salesianos Alcal\u00e1 de Guada\u00edra - Colegio Salesiano Alcal\u00e1","isPartOf":{"@id":"https:\/\/alcala.salesianos.edu\/colegio\/#website"},"primaryImageOfPage":{"@id":"https:\/\/alcala.salesianos.edu\/colegio\/blog\/2026\/04\/23\/nico-montero-actuara-en-salesianos-alcala-de-guadaira\/#primaryimage"},"image":{"@id":"https:\/\/alcala.salesianos.edu\/colegio\/blog\/2026\/04\/23\/nico-montero-actuara-en-salesianos-alcala-de-guadaira\/#primaryimage"},"thumbnailUrl":"https:\/\/alcala.salesianos.edu\/colegio\/wp-content\/uploads\/sites\/2\/2026\/04\/WhatsApp-Image-2026-04-22-at-22.55.40.jpeg","datePublished":"2026-04-23T10:28:32+00:00","author":{"@id":"https:\/\/alcala.salesianos.edu\/colegio\/#\/schema\/person\/afcc24f776dc91fc2bf9afb0998fca77"},"breadcrumb":{"@id":"https:\/\/alcala.salesianos.edu\/colegio\/blog\/2026\/04\/23\/nico-montero-actuara-en-salesianos-alcala-de-guadaira\/#breadcrumb"},"inLanguage":"es","potentialAction":[{"@type":"ReadAction","target":["https:\/\/alcala.salesianos.edu\/colegio\/blog\/2026\/04\/23\/nico-montero-actuara-en-salesianos-alcala-de-guadaira\/"]}]},{"@type":"ImageObject","inLanguage":"es","@id":"https:\/\/alcala.salesianos.edu\/colegio\/blog\/2026\/04\/23\/nico-montero-actuara-en-salesianos-alcala-de-guadaira\/#primaryimage","url":"https:\/\/alcala.salesianos.edu\/colegio\/wp-content\/uploads\/sites\/2\/2026\/04\/WhatsApp-Image-2026-04-22-at-22.55.40.jpeg","contentUrl":"https:\/\/alcala.salesianos.edu\/colegio\/wp-content\/uploads\/sites\/2\/2026\/04\/WhatsApp-Image-2026-04-22-at-22.55.40.jpeg","width":1600,"height":1600},{"@type":"BreadcrumbList","@id":"https:\/\/alcala.salesianos.edu\/colegio\/blog\/2026\/04\/23\/nico-montero-actuara-en-salesianos-alcala-de-guadaira\/#breadcrumb","itemListElement":[{"@type":"ListItem","position":1,"name":"Portada","item":"https:\/\/alcala.salesianos.edu\/colegio\/"},{"@type":"ListItem","position":2,"name":"Nico Montero actuar\u00e1 en Salesianos Alcal\u00e1 de Guada\u00edra"}]},{"@type":"WebSite","@id":"https:\/\/alcala.salesianos.edu\/colegio\/#website","url":"https:\/\/alcala.salesianos.edu\/colegio\/","name":"Colegio Salesiano Alcal\u00e1","description":"P\u00e1gina oficial de Salesianos Alcal\u00e1 de Guadaira","potentialAction":[{"@type":"SearchAction","target":{"@type":"EntryPoint","urlTemplate":"https:\/\/alcala.salesianos.edu\/colegio\/?s={search_term_string}"},"query-input":{"@type":"PropertyValueSpecification","valueRequired":true,"valueName":"search_term_string"}}],"inLanguage":"es"},{"@type":"Person","@id":"https:\/\/alcala.salesianos.edu\/colegio\/#\/schema\/person\/afcc24f776dc91fc2bf9afb0998fca77","name":"Administrador Web","image":{"@type":"ImageObject","inLanguage":"es","@id":"https:\/\/secure.gravatar.com\/avatar\/bc157e994689bd6da9645c00aa3bc4d55b727915b6652642660db0aef086585f?s=96&d=mm&r=g","url":"https:\/\/secure.gravatar.com\/avatar\/bc157e994689bd6da9645c00aa3bc4d55b727915b6652642660db0aef086585f?s=96&d=mm&r=g","contentUrl":"https:\/\/secure.gravatar.com\/avatar\/bc157e994689bd6da9645c00aa3bc4d55b727915b6652642660db0aef086585f?s=96&d=mm&r=g","caption":"Administrador Web"}}]}},"_links":{"self":[{"href":"https:\/\/alcala.salesianos.edu\/colegio\/wp-json\/wp\/v2\/posts\/16977","targetHints":{"allow":["GET"]}}],"collection":[{"href":"https:\/\/alcala.salesianos.edu\/colegio\/wp-json\/wp\/v2\/posts"}],"about":[{"href":"https:\/\/alcala.salesianos.edu\/colegio\/wp-json\/wp\/v2\/types\/post"}],"author":[{"embeddable":true,"href":"https:\/\/alcala.salesianos.edu\/colegio\/wp-json\/wp\/v2\/users\/2"}],"replies":[{"embeddable":true,"href":"https:\/\/alcala.salesianos.edu\/colegio\/wp-json\/wp\/v2\/comments?post=16977"}],"version-history":[{"count":0,"href":"https:\/\/alcala.salesianos.edu\/colegio\/wp-json\/wp\/v2\/posts\/16977\/revisions"}],"wp:featuredmedia":[{"embeddable":true,"href":"https:\/\/alcala.salesianos.edu\/colegio\/wp-json\/wp\/v2\/media\/16978"}],"wp:attachment":[{"href":"https:\/\/alcala.salesianos.edu\/colegio\/wp-json\/wp\/v2\/media?parent=16977"}],"wp:term":[{"taxonomy":"category","embeddable":true,"href":"https:\/\/alcala.salesianos.edu\/colegio\/wp-json\/wp\/v2\/categories?post=16977"},{"taxonomy":"post_tag","embeddable":true,"href":"https:\/\/alcala.salesianos.edu\/colegio\/wp-json\/wp\/v2\/tags?post=16977"}],"curies":[{"name":"wp","href":"https:\/\/api.w.org\/{rel}","templated":true}]}}