{"id":16945,"date":"2026-03-19T12:05:21","date_gmt":"2026-03-19T11:05:21","guid":{"rendered":"https:\/\/alcala.salesianos.edu\/colegio\/blog\/2026\/03\/19\/el-alumnado-de-3o-de-eso-se-enfrenta-al-reto-emprendedor\/"},"modified":"2026-03-19T12:05:21","modified_gmt":"2026-03-19T11:05:21","slug":"el-alumnado-de-3o-de-eso-se-enfrenta-al-reto-emprendedor","status":"publish","type":"post","link":"https:\/\/alcala.salesianos.edu\/colegio\/blog\/2026\/03\/19\/el-alumnado-de-3o-de-eso-se-enfrenta-al-reto-emprendedor\/","title":{"rendered":"El alumnado de 3\u00ba de ESO se enfrenta al reto emprendedor"},"content":{"rendered":"<div id=\"fb-root\"><\/div>\n<p>[et_pb_section fb_built=\u00bb1&#8243; admin_label=\u00bbsection\u00bb _builder_version=\u00bb4.16&#8243; global_colors_info=\u00bb{}\u00bb][et_pb_row admin_label=\u00bbrow\u00bb _builder_version=\u00bb4.16&#8243; background_size=\u00bbinitial\u00bb background_position=\u00bbtop_left\u00bb background_repeat=\u00bbrepeat\u00bb global_colors_info=\u00bb{}\u00bb][et_pb_column type=\u00bb4_4&#8243; _builder_version=\u00bb4.16&#8243; custom_padding=\u00bb|||\u00bb global_colors_info=\u00bb{}\u00bb custom_padding__hover=\u00bb|||\u00bb][et_pb_text _builder_version=\u00bb4.27.4&#8243; _module_preset=\u00bbdefault\u00bb hover_enabled=\u00bb0&#8243; sticky_enabled=\u00bb0&#8243;]<\/p>\n<p>Ayer mi\u00e9rcoles, 18 de marzo, hemos llevado a cabo una actividad diferente, dentro del Plan de Acci\u00f3n de la Estrategia Integral de Emprendimiento Educativo 2025-2026 de la Junta de Andaluc\u00eda.<\/p>\n<p>Los alumnos de 3\u00ba de ESO y de la mano de M\u00aa \u00c1ngeles Salguero Gil, t\u00e9cnica del CADE de Alcal\u00e1 de Guada\u00edra, han participado en el \u00abEscape Room Emprendedor\u00bb.<\/p>\n<p>Se trata de un juego en el que el alumnado ha tenido\u00a0 que resolver acertijos, solucionar enigmas, buscar informaci\u00f3n en alg\u00fan que otro documento y realizar pruebas, con el fin de escapar de un lugar, en el menor tiempo posible.<\/p>\n<p>En esta prueba, los alumnos han puesto a prueba su ingenio, conocimientos, creatividad, liderazgo, trabajo en equipo, capacidad de resolver problemas bajo presi\u00f3n, en una partida que ha durado 45\u00b4.<\/p>\n<p>Entre pistas ocultas, candados y acertijos, aprendimos que la comunicaci\u00f3n y la colaboraci\u00f3n son claves para alcanzar cualquier objetivo.<\/p>\n<p>Fue una jornada din\u00e1mica, divertida y muy enriquecedora, donde adem\u00e1s de compartir risas, fortalecimos nuestro esp\u00edritu emprendedor.<\/p>\n<p>\u00a1Enhorabuena a todos!.<\/p>\n<p>\u00a1Gracias a todas las personas que lo hicieron posible!<\/p>\n<p>[\/et_pb_text][\/et_pb_column][\/et_pb_row][\/et_pb_section]<\/p>\n","protected":false},"excerpt":{"rendered":"<p>El alumnado de 3\u00ba de ESO particip\u00f3 en un Escape Room emprendedor, desarrollando ingenio, trabajo en equipo y creatividad en una jornada din\u00e1mica.<\/p>\n","protected":false},"author":2,"featured_media":16946,"comment_status":"","ping_status":"open","sticky":false,"template":"","format":"standard","meta":{"_et_pb_use_builder":"on","_et_pb_old_content":"","_et_gb_content_width":"","footnotes":""},"categories":[12,23,13,14,15,16,1],"tags":[],"class_list":["post-16945","post","type-post","status-publish","format-standard","has-post-thumbnail","hentry","category-colegio","category-covid","category-fasa","category-pastoral","category-portada","category-secundaria","category-uncategorized"],"yoast_head":"<!-- This site is optimized with the Yoast SEO plugin v28.3 - https:\/\/yoast.com\/product\/yoast-seo-wordpress\/ -->\n<title>El alumnado de 3\u00ba de ESO se enfrenta al reto emprendedor - Colegio Salesiano Alcal\u00e1<\/title>\n<meta name=\"robots\" content=\"index, follow, max-snippet:-1, max-image-preview:large, max-video-preview:-1\" \/>\n<link rel=\"canonical\" href=\"https:\/\/alcala.salesianos.edu\/colegio\/blog\/2026\/03\/19\/el-alumnado-de-3o-de-eso-se-enfrenta-al-reto-emprendedor\/\" \/>\n<meta property=\"og:locale\" content=\"es_ES\" \/>\n<meta property=\"og:type\" content=\"article\" \/>\n<meta property=\"og:title\" content=\"El alumnado de 3\u00ba de ESO se enfrenta al reto emprendedor - Colegio Salesiano Alcal\u00e1\" \/>\n<meta property=\"og:description\" content=\"El alumnado de 3\u00ba de ESO particip\u00f3 en un Escape Room emprendedor, desarrollando ingenio, trabajo en equipo y creatividad en una jornada din\u00e1mica.\" \/>\n<meta property=\"og:url\" content=\"https:\/\/alcala.salesianos.edu\/colegio\/blog\/2026\/03\/19\/el-alumnado-de-3o-de-eso-se-enfrenta-al-reto-emprendedor\/\" \/>\n<meta property=\"og:site_name\" content=\"Colegio Salesiano Alcal\u00e1\" \/>\n<meta property=\"article:published_time\" content=\"2026-03-19T11:05:21+00:00\" \/>\n<meta property=\"og:image\" content=\"https:\/\/alcala.salesianos.edu\/colegio\/wp-content\/uploads\/sites\/2\/2026\/03\/WhatsApp-Image-2026-03-19-at-11.35.16-scaled.jpeg\" \/>\n\t<meta property=\"og:image:width\" content=\"2560\" \/>\n\t<meta property=\"og:image:height\" content=\"1920\" \/>\n\t<meta property=\"og:image:type\" content=\"image\/jpeg\" \/>\n<meta name=\"author\" content=\"Administrador Web\" \/>\n<meta name=\"twitter:card\" content=\"summary_large_image\" \/>\n<meta name=\"twitter:label1\" content=\"Escrito por\" \/>\n\t<meta name=\"twitter:data1\" content=\"Administrador Web\" \/>\n<script type=\"application\/ld+json\" class=\"yoast-schema-graph\">{\"@context\":\"https:\\\/\\\/schema.org\",\"@graph\":[{\"@type\":\"Article\",\"@id\":\"https:\\\/\\\/alcala.salesianos.edu\\\/colegio\\\/blog\\\/2026\\\/03\\\/19\\\/el-alumnado-de-3o-de-eso-se-enfrenta-al-reto-emprendedor\\\/#article\",\"isPartOf\":{\"@id\":\"https:\\\/\\\/alcala.salesianos.edu\\\/colegio\\\/blog\\\/2026\\\/03\\\/19\\\/el-alumnado-de-3o-de-eso-se-enfrenta-al-reto-emprendedor\\\/\"},\"author\":{\"name\":\"Administrador Web\",\"@id\":\"https:\\\/\\\/alcala.salesianos.edu\\\/colegio\\\/#\\\/schema\\\/person\\\/afcc24f776dc91fc2bf9afb0998fca77\"},\"headline\":\"El alumnado de 3\u00ba de ESO se enfrenta al reto emprendedor\",\"datePublished\":\"2026-03-19T11:05:21+00:00\",\"mainEntityOfPage\":{\"@id\":\"https:\\\/\\\/alcala.salesianos.edu\\\/colegio\\\/blog\\\/2026\\\/03\\\/19\\\/el-alumnado-de-3o-de-eso-se-enfrenta-al-reto-emprendedor\\\/\"},\"wordCount\":269,\"image\":{\"@id\":\"https:\\\/\\\/alcala.salesianos.edu\\\/colegio\\\/blog\\\/2026\\\/03\\\/19\\\/el-alumnado-de-3o-de-eso-se-enfrenta-al-reto-emprendedor\\\/#primaryimage\"},\"thumbnailUrl\":\"https:\\\/\\\/alcala.salesianos.edu\\\/colegio\\\/wp-content\\\/uploads\\\/sites\\\/2\\\/2026\\\/03\\\/WhatsApp-Image-2026-03-19-at-11.35.16-scaled.jpeg\",\"articleSection\":[\"Colegio\",\"covid\",\"FASA\",\"Pastoral\",\"Portada\",\"Secundaria\",\"Uncategorized\"],\"inLanguage\":\"es\"},{\"@type\":\"WebPage\",\"@id\":\"https:\\\/\\\/alcala.salesianos.edu\\\/colegio\\\/blog\\\/2026\\\/03\\\/19\\\/el-alumnado-de-3o-de-eso-se-enfrenta-al-reto-emprendedor\\\/\",\"url\":\"https:\\\/\\\/alcala.salesianos.edu\\\/colegio\\\/blog\\\/2026\\\/03\\\/19\\\/el-alumnado-de-3o-de-eso-se-enfrenta-al-reto-emprendedor\\\/\",\"name\":\"El alumnado de 3\u00ba de ESO se enfrenta al reto emprendedor - Colegio Salesiano Alcal\u00e1\",\"isPartOf\":{\"@id\":\"https:\\\/\\\/alcala.salesianos.edu\\\/colegio\\\/#website\"},\"primaryImageOfPage\":{\"@id\":\"https:\\\/\\\/alcala.salesianos.edu\\\/colegio\\\/blog\\\/2026\\\/03\\\/19\\\/el-alumnado-de-3o-de-eso-se-enfrenta-al-reto-emprendedor\\\/#primaryimage\"},\"image\":{\"@id\":\"https:\\\/\\\/alcala.salesianos.edu\\\/colegio\\\/blog\\\/2026\\\/03\\\/19\\\/el-alumnado-de-3o-de-eso-se-enfrenta-al-reto-emprendedor\\\/#primaryimage\"},\"thumbnailUrl\":\"https:\\\/\\\/alcala.salesianos.edu\\\/colegio\\\/wp-content\\\/uploads\\\/sites\\\/2\\\/2026\\\/03\\\/WhatsApp-Image-2026-03-19-at-11.35.16-scaled.jpeg\",\"datePublished\":\"2026-03-19T11:05:21+00:00\",\"author\":{\"@id\":\"https:\\\/\\\/alcala.salesianos.edu\\\/colegio\\\/#\\\/schema\\\/person\\\/afcc24f776dc91fc2bf9afb0998fca77\"},\"breadcrumb\":{\"@id\":\"https:\\\/\\\/alcala.salesianos.edu\\\/colegio\\\/blog\\\/2026\\\/03\\\/19\\\/el-alumnado-de-3o-de-eso-se-enfrenta-al-reto-emprendedor\\\/#breadcrumb\"},\"inLanguage\":\"es\",\"potentialAction\":[{\"@type\":\"ReadAction\",\"target\":[\"https:\\\/\\\/alcala.salesianos.edu\\\/colegio\\\/blog\\\/2026\\\/03\\\/19\\\/el-alumnado-de-3o-de-eso-se-enfrenta-al-reto-emprendedor\\\/\"]}]},{\"@type\":\"ImageObject\",\"inLanguage\":\"es\",\"@id\":\"https:\\\/\\\/alcala.salesianos.edu\\\/colegio\\\/blog\\\/2026\\\/03\\\/19\\\/el-alumnado-de-3o-de-eso-se-enfrenta-al-reto-emprendedor\\\/#primaryimage\",\"url\":\"https:\\\/\\\/alcala.salesianos.edu\\\/colegio\\\/wp-content\\\/uploads\\\/sites\\\/2\\\/2026\\\/03\\\/WhatsApp-Image-2026-03-19-at-11.35.16-scaled.jpeg\",\"contentUrl\":\"https:\\\/\\\/alcala.salesianos.edu\\\/colegio\\\/wp-content\\\/uploads\\\/sites\\\/2\\\/2026\\\/03\\\/WhatsApp-Image-2026-03-19-at-11.35.16-scaled.jpeg\",\"width\":2560,\"height\":1920},{\"@type\":\"BreadcrumbList\",\"@id\":\"https:\\\/\\\/alcala.salesianos.edu\\\/colegio\\\/blog\\\/2026\\\/03\\\/19\\\/el-alumnado-de-3o-de-eso-se-enfrenta-al-reto-emprendedor\\\/#breadcrumb\",\"itemListElement\":[{\"@type\":\"ListItem\",\"position\":1,\"name\":\"Portada\",\"item\":\"https:\\\/\\\/alcala.salesianos.edu\\\/colegio\\\/\"},{\"@type\":\"ListItem\",\"position\":2,\"name\":\"El alumnado de 3\u00ba de ESO se enfrenta al reto emprendedor\"}]},{\"@type\":\"WebSite\",\"@id\":\"https:\\\/\\\/alcala.salesianos.edu\\\/colegio\\\/#website\",\"url\":\"https:\\\/\\\/alcala.salesianos.edu\\\/colegio\\\/\",\"name\":\"Colegio Salesiano Alcal\u00e1\",\"description\":\"P\u00e1gina oficial de Salesianos Alcal\u00e1 de Guadaira\",\"potentialAction\":[{\"@type\":\"SearchAction\",\"target\":{\"@type\":\"EntryPoint\",\"urlTemplate\":\"https:\\\/\\\/alcala.salesianos.edu\\\/colegio\\\/?s={search_term_string}\"},\"query-input\":{\"@type\":\"PropertyValueSpecification\",\"valueRequired\":true,\"valueName\":\"search_term_string\"}}],\"inLanguage\":\"es\"},{\"@type\":\"Person\",\"@id\":\"https:\\\/\\\/alcala.salesianos.edu\\\/colegio\\\/#\\\/schema\\\/person\\\/afcc24f776dc91fc2bf9afb0998fca77\",\"name\":\"Administrador Web\",\"image\":{\"@type\":\"ImageObject\",\"inLanguage\":\"es\",\"@id\":\"https:\\\/\\\/secure.gravatar.com\\\/avatar\\\/bc157e994689bd6da9645c00aa3bc4d55b727915b6652642660db0aef086585f?s=96&d=mm&r=g\",\"url\":\"https:\\\/\\\/secure.gravatar.com\\\/avatar\\\/bc157e994689bd6da9645c00aa3bc4d55b727915b6652642660db0aef086585f?s=96&d=mm&r=g\",\"contentUrl\":\"https:\\\/\\\/secure.gravatar.com\\\/avatar\\\/bc157e994689bd6da9645c00aa3bc4d55b727915b6652642660db0aef086585f?s=96&d=mm&r=g\",\"caption\":\"Administrador Web\"}}]}<\/script>\n<!-- \/ Yoast SEO plugin. -->","yoast_head_json":{"title":"El alumnado de 3\u00ba de ESO se enfrenta al reto emprendedor - Colegio Salesiano Alcal\u00e1","robots":{"index":"index","follow":"follow","max-snippet":"max-snippet:-1","max-image-preview":"max-image-preview:large","max-video-preview":"max-video-preview:-1"},"canonical":"https:\/\/alcala.salesianos.edu\/colegio\/blog\/2026\/03\/19\/el-alumnado-de-3o-de-eso-se-enfrenta-al-reto-emprendedor\/","og_locale":"es_ES","og_type":"article","og_title":"El alumnado de 3\u00ba de ESO se enfrenta al reto emprendedor - Colegio Salesiano Alcal\u00e1","og_description":"El alumnado de 3\u00ba de ESO particip\u00f3 en un Escape Room emprendedor, desarrollando ingenio, trabajo en equipo y creatividad en una jornada din\u00e1mica.","og_url":"https:\/\/alcala.salesianos.edu\/colegio\/blog\/2026\/03\/19\/el-alumnado-de-3o-de-eso-se-enfrenta-al-reto-emprendedor\/","og_site_name":"Colegio Salesiano Alcal\u00e1","article_published_time":"2026-03-19T11:05:21+00:00","og_image":[{"width":2560,"height":1920,"url":"https:\/\/alcala.salesianos.edu\/colegio\/wp-content\/uploads\/sites\/2\/2026\/03\/WhatsApp-Image-2026-03-19-at-11.35.16-scaled.jpeg","type":"image\/jpeg"}],"author":"Administrador Web","twitter_card":"summary_large_image","twitter_misc":{"Escrito por":"Administrador Web"},"schema":{"@context":"https:\/\/schema.org","@graph":[{"@type":"Article","@id":"https:\/\/alcala.salesianos.edu\/colegio\/blog\/2026\/03\/19\/el-alumnado-de-3o-de-eso-se-enfrenta-al-reto-emprendedor\/#article","isPartOf":{"@id":"https:\/\/alcala.salesianos.edu\/colegio\/blog\/2026\/03\/19\/el-alumnado-de-3o-de-eso-se-enfrenta-al-reto-emprendedor\/"},"author":{"name":"Administrador Web","@id":"https:\/\/alcala.salesianos.edu\/colegio\/#\/schema\/person\/afcc24f776dc91fc2bf9afb0998fca77"},"headline":"El alumnado de 3\u00ba de ESO se enfrenta al reto emprendedor","datePublished":"2026-03-19T11:05:21+00:00","mainEntityOfPage":{"@id":"https:\/\/alcala.salesianos.edu\/colegio\/blog\/2026\/03\/19\/el-alumnado-de-3o-de-eso-se-enfrenta-al-reto-emprendedor\/"},"wordCount":269,"image":{"@id":"https:\/\/alcala.salesianos.edu\/colegio\/blog\/2026\/03\/19\/el-alumnado-de-3o-de-eso-se-enfrenta-al-reto-emprendedor\/#primaryimage"},"thumbnailUrl":"https:\/\/alcala.salesianos.edu\/colegio\/wp-content\/uploads\/sites\/2\/2026\/03\/WhatsApp-Image-2026-03-19-at-11.35.16-scaled.jpeg","articleSection":["Colegio","covid","FASA","Pastoral","Portada","Secundaria","Uncategorized"],"inLanguage":"es"},{"@type":"WebPage","@id":"https:\/\/alcala.salesianos.edu\/colegio\/blog\/2026\/03\/19\/el-alumnado-de-3o-de-eso-se-enfrenta-al-reto-emprendedor\/","url":"https:\/\/alcala.salesianos.edu\/colegio\/blog\/2026\/03\/19\/el-alumnado-de-3o-de-eso-se-enfrenta-al-reto-emprendedor\/","name":"El alumnado de 3\u00ba de ESO se enfrenta al reto emprendedor - Colegio Salesiano Alcal\u00e1","isPartOf":{"@id":"https:\/\/alcala.salesianos.edu\/colegio\/#website"},"primaryImageOfPage":{"@id":"https:\/\/alcala.salesianos.edu\/colegio\/blog\/2026\/03\/19\/el-alumnado-de-3o-de-eso-se-enfrenta-al-reto-emprendedor\/#primaryimage"},"image":{"@id":"https:\/\/alcala.salesianos.edu\/colegio\/blog\/2026\/03\/19\/el-alumnado-de-3o-de-eso-se-enfrenta-al-reto-emprendedor\/#primaryimage"},"thumbnailUrl":"https:\/\/alcala.salesianos.edu\/colegio\/wp-content\/uploads\/sites\/2\/2026\/03\/WhatsApp-Image-2026-03-19-at-11.35.16-scaled.jpeg","datePublished":"2026-03-19T11:05:21+00:00","author":{"@id":"https:\/\/alcala.salesianos.edu\/colegio\/#\/schema\/person\/afcc24f776dc91fc2bf9afb0998fca77"},"breadcrumb":{"@id":"https:\/\/alcala.salesianos.edu\/colegio\/blog\/2026\/03\/19\/el-alumnado-de-3o-de-eso-se-enfrenta-al-reto-emprendedor\/#breadcrumb"},"inLanguage":"es","potentialAction":[{"@type":"ReadAction","target":["https:\/\/alcala.salesianos.edu\/colegio\/blog\/2026\/03\/19\/el-alumnado-de-3o-de-eso-se-enfrenta-al-reto-emprendedor\/"]}]},{"@type":"ImageObject","inLanguage":"es","@id":"https:\/\/alcala.salesianos.edu\/colegio\/blog\/2026\/03\/19\/el-alumnado-de-3o-de-eso-se-enfrenta-al-reto-emprendedor\/#primaryimage","url":"https:\/\/alcala.salesianos.edu\/colegio\/wp-content\/uploads\/sites\/2\/2026\/03\/WhatsApp-Image-2026-03-19-at-11.35.16-scaled.jpeg","contentUrl":"https:\/\/alcala.salesianos.edu\/colegio\/wp-content\/uploads\/sites\/2\/2026\/03\/WhatsApp-Image-2026-03-19-at-11.35.16-scaled.jpeg","width":2560,"height":1920},{"@type":"BreadcrumbList","@id":"https:\/\/alcala.salesianos.edu\/colegio\/blog\/2026\/03\/19\/el-alumnado-de-3o-de-eso-se-enfrenta-al-reto-emprendedor\/#breadcrumb","itemListElement":[{"@type":"ListItem","position":1,"name":"Portada","item":"https:\/\/alcala.salesianos.edu\/colegio\/"},{"@type":"ListItem","position":2,"name":"El alumnado de 3\u00ba de ESO se enfrenta al reto emprendedor"}]},{"@type":"WebSite","@id":"https:\/\/alcala.salesianos.edu\/colegio\/#website","url":"https:\/\/alcala.salesianos.edu\/colegio\/","name":"Colegio Salesiano Alcal\u00e1","description":"P\u00e1gina oficial de Salesianos Alcal\u00e1 de Guadaira","potentialAction":[{"@type":"SearchAction","target":{"@type":"EntryPoint","urlTemplate":"https:\/\/alcala.salesianos.edu\/colegio\/?s={search_term_string}"},"query-input":{"@type":"PropertyValueSpecification","valueRequired":true,"valueName":"search_term_string"}}],"inLanguage":"es"},{"@type":"Person","@id":"https:\/\/alcala.salesianos.edu\/colegio\/#\/schema\/person\/afcc24f776dc91fc2bf9afb0998fca77","name":"Administrador Web","image":{"@type":"ImageObject","inLanguage":"es","@id":"https:\/\/secure.gravatar.com\/avatar\/bc157e994689bd6da9645c00aa3bc4d55b727915b6652642660db0aef086585f?s=96&d=mm&r=g","url":"https:\/\/secure.gravatar.com\/avatar\/bc157e994689bd6da9645c00aa3bc4d55b727915b6652642660db0aef086585f?s=96&d=mm&r=g","contentUrl":"https:\/\/secure.gravatar.com\/avatar\/bc157e994689bd6da9645c00aa3bc4d55b727915b6652642660db0aef086585f?s=96&d=mm&r=g","caption":"Administrador Web"}}]}},"_links":{"self":[{"href":"https:\/\/alcala.salesianos.edu\/colegio\/wp-json\/wp\/v2\/posts\/16945","targetHints":{"allow":["GET"]}}],"collection":[{"href":"https:\/\/alcala.salesianos.edu\/colegio\/wp-json\/wp\/v2\/posts"}],"about":[{"href":"https:\/\/alcala.salesianos.edu\/colegio\/wp-json\/wp\/v2\/types\/post"}],"author":[{"embeddable":true,"href":"https:\/\/alcala.salesianos.edu\/colegio\/wp-json\/wp\/v2\/users\/2"}],"replies":[{"embeddable":true,"href":"https:\/\/alcala.salesianos.edu\/colegio\/wp-json\/wp\/v2\/comments?post=16945"}],"version-history":[{"count":0,"href":"https:\/\/alcala.salesianos.edu\/colegio\/wp-json\/wp\/v2\/posts\/16945\/revisions"}],"wp:featuredmedia":[{"embeddable":true,"href":"https:\/\/alcala.salesianos.edu\/colegio\/wp-json\/wp\/v2\/media\/16946"}],"wp:attachment":[{"href":"https:\/\/alcala.salesianos.edu\/colegio\/wp-json\/wp\/v2\/media?parent=16945"}],"wp:term":[{"taxonomy":"category","embeddable":true,"href":"https:\/\/alcala.salesianos.edu\/colegio\/wp-json\/wp\/v2\/categories?post=16945"},{"taxonomy":"post_tag","embeddable":true,"href":"https:\/\/alcala.salesianos.edu\/colegio\/wp-json\/wp\/v2\/tags?post=16945"}],"curies":[{"name":"wp","href":"https:\/\/api.w.org\/{rel}","templated":true}]}}