{"id":16943,"date":"2026-03-12T09:00:49","date_gmt":"2026-03-12T08:00:49","guid":{"rendered":"https:\/\/alcala.salesianos.edu\/colegio\/blog\/2026\/03\/12\/participa-en-el-viii-concurso-de-comic-la-ciencia-en-portada\/"},"modified":"2026-03-12T09:00:49","modified_gmt":"2026-03-12T08:00:49","slug":"participa-en-el-viii-concurso-de-comic-la-ciencia-en-portada","status":"publish","type":"post","link":"https:\/\/alcala.salesianos.edu\/colegio\/blog\/2026\/03\/12\/participa-en-el-viii-concurso-de-comic-la-ciencia-en-portada\/","title":{"rendered":"\u00a1Participa en el VIII Concurso de C\u00f3mic \u00abLa Ciencia en Portada\u00bb!"},"content":{"rendered":"<div id=\"fb-root\"><\/div>\n<p>[et_pb_section fb_built=\u00bb1&#8243; admin_label=\u00bbsection\u00bb _builder_version=\u00bb4.16&#8243; global_colors_info=\u00bb{}\u00bb][et_pb_row admin_label=\u00bbrow\u00bb _builder_version=\u00bb4.16&#8243; background_size=\u00bbinitial\u00bb background_position=\u00bbtop_left\u00bb background_repeat=\u00bbrepeat\u00bb global_colors_info=\u00bb{}\u00bb][et_pb_column type=\u00bb4_4&#8243; _builder_version=\u00bb4.16&#8243; custom_padding=\u00bb|||\u00bb global_colors_info=\u00bb{}\u00bb custom_padding__hover=\u00bb|||\u00bb][et_pb_text _builder_version=\u00bb4.27.4&#8243; _module_preset=\u00bbdefault\u00bb hover_enabled=\u00bb0&#8243; sticky_enabled=\u00bb0&#8243;]<\/p>\n<p data-path-to-node=\"3\"><span data-path-to-node=\"3,0\">\u00bfTe apasiona el dibujo y la ciencia? \u00a1Esta es tu oportunidad para brillar! <\/span><span data-path-to-node=\"3,2\"><span class=\"citation-25\">En el marco de las pr\u00f3ximas <\/span><b data-path-to-node=\"3,2\" data-index-in-node=\"28\"><span class=\"citation-25\">Jornadas EduCIENCIA<\/span><\/b><span class=\"citation-25\">, invitamos a todos nuestros alumnos y alumnas a demostrar su talento creativo en la octava edici\u00f3n de nuestro certamen de portadas de c\u00f3mic cient\u00edfico<\/span><\/span><span data-path-to-node=\"3,4\">.<\/span><\/p>\n<div class=\"source-inline-chip-container ng-star-inserted\">\u00a0<\/div>\n<h3 data-path-to-node=\"4\">&#x1f3a8; \u00bfEn qu\u00e9 consiste el reto?<\/h3>\n<p data-path-to-node=\"5\"><span data-path-to-node=\"5,1\"><span class=\"citation-24\">Debes dise\u00f1ar una <\/span><b data-path-to-node=\"5,1\" data-index-in-node=\"18\"><span class=\"citation-24\">portada de c\u00f3mic original e in\u00e9dita<\/span><\/b><span class=\"citation-24\"> con tem\u00e1tica cient\u00edfica<\/span><\/span><span data-path-to-node=\"5,3\">. <\/span><span data-path-to-node=\"5,5\"><span class=\"citation-23\">Puedes inspirarte en personajes hist\u00f3ricos, h\u00e9roes y hero\u00ednas de la ciencia, nuevos mundos o incluso en la ficci\u00f3n<\/span><\/span><span data-path-to-node=\"5,7\">.<\/span><\/p>\n<p data-path-to-node=\"6\"><b data-path-to-node=\"6\" data-index-in-node=\"0\">Reglas de oro:<\/b><\/p>\n<ul data-path-to-node=\"7\">\n<li>\n<p data-path-to-node=\"7,0,1\"><span data-path-to-node=\"7,0,1,0\"><b data-path-to-node=\"7,0,1,0\" data-index-in-node=\"0\"><span class=\"citation-22\">T\u00e9cnica libre:<\/span><\/b><span class=\"citation-22\"> Puedes usar los materiales que prefieras, pero <\/span><b data-path-to-node=\"7,0,1,0\" data-index-in-node=\"62\"><span class=\"citation-22\">no se permiten herramientas digitales<\/span><\/b><\/span><span data-path-to-node=\"7,0,1,2\">. \u00a1Queremos ver tu trazo sobre el papel!<\/span><\/p>\n<div class=\"source-inline-chip-container ng-star-inserted\">\u00a0<\/div>\n<\/li>\n<li>\n<p data-path-to-node=\"7,1,1\"><span data-path-to-node=\"7,1,1,0\"><b data-path-to-node=\"7,1,1,0\" data-index-in-node=\"0\"><span class=\"citation-21\">Sin IA:<\/span><\/b><span class=\"citation-21\"> No se aceptar\u00e1n trabajos generados total o parcialmente por inteligencia artificial<\/span><\/span><span data-path-to-node=\"7,1,1,2\">.<\/span><\/p>\n<div class=\"source-inline-chip-container ng-star-inserted\">\u00a0<\/div>\n<\/li>\n<li>\n<p data-path-to-node=\"7,2,1\"><span data-path-to-node=\"7,2,1,0\"><b data-path-to-node=\"7,2,1,0\" data-index-in-node=\"0\"><span class=\"citation-20\">Formato:<\/span><\/b><span class=\"citation-20\"> Tama\u00f1o DIN A4, a color o en blanco y negro<\/span><\/span><span data-path-to-node=\"7,2,1,2\">.<\/span><\/p>\n<\/li>\n<li>\u00a0<\/li>\n<\/ul>\n<h3 data-path-to-node=\"8\">&#x1f3c6; Premios que te esperan<\/h3>\n<p data-path-to-node=\"9\"><span data-path-to-node=\"9,1\"><span class=\"citation-19\">El jurado, formado por profesionales del arte y la divulgaci\u00f3n cient\u00edfica, premiar\u00e1 las tres mejores obras<\/span><\/span><span data-path-to-node=\"9,3\">:<\/span><\/p>\n<div class=\"source-inline-chip-container ng-star-inserted\">\u00a0<\/div>\n<ol start=\"1\" data-path-to-node=\"10\">\n<li>\n<p data-path-to-node=\"10,0,1\"><span data-path-to-node=\"10,0,1,0\"><b data-path-to-node=\"10,0,1,0\" data-index-in-node=\"0\"><span class=\"citation-18\">1er Premio:<\/span><\/b><span class=\"citation-18\"> Lote de material profesional de dibujo y dise\u00f1o, lote de libros de la editorial Edeb\u00e9, diploma y publicaci\u00f3n en redes sociales especializadas<\/span><\/span><span data-path-to-node=\"10,0,1,2\">.<\/span><\/p>\n<div class=\"source-inline-chip-container ng-star-inserted\">\u00a0<\/div>\n<\/li>\n<li>\n<p data-path-to-node=\"10,1,1\"><span data-path-to-node=\"10,1,1,0\"><b data-path-to-node=\"10,1,1,0\" data-index-in-node=\"0\"><span class=\"citation-17\">2\u00ba Premio:<\/span><\/b><span class=\"citation-17\"> Lote de libros de Edeb\u00e9, diploma y publicaci\u00f3n en redes sociales<\/span><\/span><span data-path-to-node=\"10,1,1,2\">.<\/span><\/p>\n<div class=\"source-inline-chip-container ng-star-inserted\">\u00a0<\/div>\n<\/li>\n<li>\n<p data-path-to-node=\"10,2,1\"><span data-path-to-node=\"10,2,1,0\"><b data-path-to-node=\"10,2,1,0\" data-index-in-node=\"0\"><span class=\"citation-16\">3er Premio:<\/span><\/b><span class=\"citation-16\"> Lote de libros de Edeb\u00e9 y diploma acreditativo<\/span><\/span><span data-path-to-node=\"10,2,1,2\">.<\/span><\/p>\n<div class=\"source-inline-chip-container ng-star-inserted\">\u00a0<\/div>\n<\/li>\n<\/ol>\n<h3 data-path-to-node=\"11\">&#x1f4c5; \u00bfC\u00f3mo y cu\u00e1ndo participar?<\/h3>\n<p data-path-to-node=\"12\"><span data-path-to-node=\"12,1\"><span class=\"citation-15\">Tienes hasta el <\/span><b data-path-to-node=\"12,1\" data-index-in-node=\"16\"><span class=\"citation-15\">lunes 26 de marzo de 2026<\/span><\/b><span class=\"citation-15\"> para presentar tus obras (m\u00e1ximo 2 por autor)<\/span><\/span><span data-path-to-node=\"12,3\">. Puedes hacerlo de dos formas:<\/span><\/p>\n<div class=\"source-inline-chip-container ng-star-inserted\">\u00a0<\/div>\n<ul data-path-to-node=\"13\">\n<li>\n<p data-path-to-node=\"13,0,1\"><span data-path-to-node=\"13,0,1,0\"><b data-path-to-node=\"13,0,1,0\" data-index-in-node=\"0\"><span class=\"citation-14\">Digital:<\/span><\/b><span class=\"citation-14\"> Subiendo tu archivo (JPG o PDF) a trav\u00e9s del <\/span><a href=\"https:\/\/forms.gle\/zMk69eXDZMNGLBqB9\" target=\"_blank\" rel=\"noopener\"><span class=\"citation-14\">formulario de inscripci\u00f3n<\/span><\/a><\/span><span data-path-to-node=\"13,0,1,2\">.<\/span><\/p>\n<div class=\"source-inline-chip-container ng-star-inserted\">\u00a0<\/div>\n<\/li>\n<li>\n<p data-path-to-node=\"13,1,1\"><span data-path-to-node=\"13,1,1,0\"><b data-path-to-node=\"13,1,1,0\" data-index-in-node=\"0\"><span class=\"citation-13\">F\u00edsico:<\/span><\/b><span class=\"citation-13\"> Entregando tu obra en sobre cerrado en la secretar\u00eda del centro (C\/ Mairena, 36-38)<\/span><\/span><span data-path-to-node=\"13,1,1,2\">.<\/span><\/p>\n<\/li>\n<li>\u00a0<\/li>\n<\/ul>\n<p data-path-to-node=\"14\">\u00a1An\u00edmate a participar y ponle rostro a la ciencia! &#x1f9ec;&#x2728;<\/p>\n<p>[\/et_pb_text][\/et_pb_column][\/et_pb_row][\/et_pb_section]<\/p>\n","protected":false},"excerpt":{"rendered":"<p>\u00bfTe gusta la ciencia y el dibujo? Participa en el concurso \u00abLa Ciencia en Portada\u00bb y gana material art\u00edstico. Plazo: 26 de marzo de 2026 entreg\u00e1ndolo en nuestro centro o por el formulario.<\/p>\n","protected":false},"author":2,"featured_media":16944,"comment_status":"","ping_status":"open","sticky":false,"template":"","format":"standard","meta":{"_et_pb_use_builder":"on","_et_pb_old_content":"","_et_gb_content_width":"","footnotes":""},"categories":[12,13,15,16,1],"tags":[],"class_list":["post-16943","post","type-post","status-publish","format-standard","has-post-thumbnail","hentry","category-colegio","category-fasa","category-portada","category-secundaria","category-uncategorized"],"yoast_head":"<!-- This site is optimized with the Yoast SEO plugin v28.3 - https:\/\/yoast.com\/product\/yoast-seo-wordpress\/ -->\n<title>\u00a1Participa en el VIII Concurso de C\u00f3mic \u00abLa Ciencia en Portada\u00bb! - Colegio Salesiano Alcal\u00e1<\/title>\n<meta name=\"robots\" content=\"index, follow, max-snippet:-1, max-image-preview:large, max-video-preview:-1\" \/>\n<link rel=\"canonical\" href=\"https:\/\/alcala.salesianos.edu\/colegio\/blog\/2026\/03\/12\/participa-en-el-viii-concurso-de-comic-la-ciencia-en-portada\/\" \/>\n<meta property=\"og:locale\" content=\"es_ES\" \/>\n<meta property=\"og:type\" content=\"article\" \/>\n<meta property=\"og:title\" content=\"\u00a1Participa en el VIII Concurso de C\u00f3mic \u00abLa Ciencia en Portada\u00bb! - Colegio Salesiano Alcal\u00e1\" \/>\n<meta property=\"og:description\" content=\"\u00bfTe gusta la ciencia y el dibujo? Participa en el concurso &quot;La Ciencia en Portada&quot; y gana material art\u00edstico. Plazo: 26 de marzo de 2026 entreg\u00e1ndolo en nuestro centro o por el formulario.\" \/>\n<meta property=\"og:url\" content=\"https:\/\/alcala.salesianos.edu\/colegio\/blog\/2026\/03\/12\/participa-en-el-viii-concurso-de-comic-la-ciencia-en-portada\/\" \/>\n<meta property=\"og:site_name\" content=\"Colegio Salesiano Alcal\u00e1\" \/>\n<meta property=\"article:published_time\" content=\"2026-03-12T08:00:49+00:00\" \/>\n<meta property=\"og:image\" content=\"https:\/\/alcala.salesianos.edu\/colegio\/wp-content\/uploads\/sites\/2\/2026\/03\/Diseno-sin-titulo2-768x1024.png\" \/>\n\t<meta property=\"og:image:width\" content=\"768\" \/>\n\t<meta property=\"og:image:height\" content=\"1024\" \/>\n\t<meta property=\"og:image:type\" content=\"image\/png\" \/>\n<meta name=\"author\" content=\"Administrador Web\" \/>\n<meta name=\"twitter:card\" content=\"summary_large_image\" \/>\n<meta name=\"twitter:label1\" content=\"Escrito por\" \/>\n\t<meta name=\"twitter:data1\" content=\"Administrador Web\" \/>\n<script type=\"application\/ld+json\" class=\"yoast-schema-graph\">{\"@context\":\"https:\\\/\\\/schema.org\",\"@graph\":[{\"@type\":\"Article\",\"@id\":\"https:\\\/\\\/alcala.salesianos.edu\\\/colegio\\\/blog\\\/2026\\\/03\\\/12\\\/participa-en-el-viii-concurso-de-comic-la-ciencia-en-portada\\\/#article\",\"isPartOf\":{\"@id\":\"https:\\\/\\\/alcala.salesianos.edu\\\/colegio\\\/blog\\\/2026\\\/03\\\/12\\\/participa-en-el-viii-concurso-de-comic-la-ciencia-en-portada\\\/\"},\"author\":{\"name\":\"Administrador Web\",\"@id\":\"https:\\\/\\\/alcala.salesianos.edu\\\/colegio\\\/#\\\/schema\\\/person\\\/afcc24f776dc91fc2bf9afb0998fca77\"},\"headline\":\"\u00a1Participa en el VIII Concurso de C\u00f3mic \u00abLa Ciencia en Portada\u00bb!\",\"datePublished\":\"2026-03-12T08:00:49+00:00\",\"mainEntityOfPage\":{\"@id\":\"https:\\\/\\\/alcala.salesianos.edu\\\/colegio\\\/blog\\\/2026\\\/03\\\/12\\\/participa-en-el-viii-concurso-de-comic-la-ciencia-en-portada\\\/\"},\"wordCount\":380,\"image\":{\"@id\":\"https:\\\/\\\/alcala.salesianos.edu\\\/colegio\\\/blog\\\/2026\\\/03\\\/12\\\/participa-en-el-viii-concurso-de-comic-la-ciencia-en-portada\\\/#primaryimage\"},\"thumbnailUrl\":\"https:\\\/\\\/alcala.salesianos.edu\\\/colegio\\\/wp-content\\\/uploads\\\/sites\\\/2\\\/2026\\\/03\\\/Diseno-sin-titulo2.png\",\"articleSection\":[\"Colegio\",\"FASA\",\"Portada\",\"Secundaria\",\"Uncategorized\"],\"inLanguage\":\"es\"},{\"@type\":\"WebPage\",\"@id\":\"https:\\\/\\\/alcala.salesianos.edu\\\/colegio\\\/blog\\\/2026\\\/03\\\/12\\\/participa-en-el-viii-concurso-de-comic-la-ciencia-en-portada\\\/\",\"url\":\"https:\\\/\\\/alcala.salesianos.edu\\\/colegio\\\/blog\\\/2026\\\/03\\\/12\\\/participa-en-el-viii-concurso-de-comic-la-ciencia-en-portada\\\/\",\"name\":\"\u00a1Participa en el VIII Concurso de C\u00f3mic \u00abLa Ciencia en Portada\u00bb! - Colegio Salesiano Alcal\u00e1\",\"isPartOf\":{\"@id\":\"https:\\\/\\\/alcala.salesianos.edu\\\/colegio\\\/#website\"},\"primaryImageOfPage\":{\"@id\":\"https:\\\/\\\/alcala.salesianos.edu\\\/colegio\\\/blog\\\/2026\\\/03\\\/12\\\/participa-en-el-viii-concurso-de-comic-la-ciencia-en-portada\\\/#primaryimage\"},\"image\":{\"@id\":\"https:\\\/\\\/alcala.salesianos.edu\\\/colegio\\\/blog\\\/2026\\\/03\\\/12\\\/participa-en-el-viii-concurso-de-comic-la-ciencia-en-portada\\\/#primaryimage\"},\"thumbnailUrl\":\"https:\\\/\\\/alcala.salesianos.edu\\\/colegio\\\/wp-content\\\/uploads\\\/sites\\\/2\\\/2026\\\/03\\\/Diseno-sin-titulo2.png\",\"datePublished\":\"2026-03-12T08:00:49+00:00\",\"author\":{\"@id\":\"https:\\\/\\\/alcala.salesianos.edu\\\/colegio\\\/#\\\/schema\\\/person\\\/afcc24f776dc91fc2bf9afb0998fca77\"},\"breadcrumb\":{\"@id\":\"https:\\\/\\\/alcala.salesianos.edu\\\/colegio\\\/blog\\\/2026\\\/03\\\/12\\\/participa-en-el-viii-concurso-de-comic-la-ciencia-en-portada\\\/#breadcrumb\"},\"inLanguage\":\"es\",\"potentialAction\":[{\"@type\":\"ReadAction\",\"target\":[\"https:\\\/\\\/alcala.salesianos.edu\\\/colegio\\\/blog\\\/2026\\\/03\\\/12\\\/participa-en-el-viii-concurso-de-comic-la-ciencia-en-portada\\\/\"]}]},{\"@type\":\"ImageObject\",\"inLanguage\":\"es\",\"@id\":\"https:\\\/\\\/alcala.salesianos.edu\\\/colegio\\\/blog\\\/2026\\\/03\\\/12\\\/participa-en-el-viii-concurso-de-comic-la-ciencia-en-portada\\\/#primaryimage\",\"url\":\"https:\\\/\\\/alcala.salesianos.edu\\\/colegio\\\/wp-content\\\/uploads\\\/sites\\\/2\\\/2026\\\/03\\\/Diseno-sin-titulo2.png\",\"contentUrl\":\"https:\\\/\\\/alcala.salesianos.edu\\\/colegio\\\/wp-content\\\/uploads\\\/sites\\\/2\\\/2026\\\/03\\\/Diseno-sin-titulo2.png\",\"width\":1080,\"height\":1440},{\"@type\":\"BreadcrumbList\",\"@id\":\"https:\\\/\\\/alcala.salesianos.edu\\\/colegio\\\/blog\\\/2026\\\/03\\\/12\\\/participa-en-el-viii-concurso-de-comic-la-ciencia-en-portada\\\/#breadcrumb\",\"itemListElement\":[{\"@type\":\"ListItem\",\"position\":1,\"name\":\"Portada\",\"item\":\"https:\\\/\\\/alcala.salesianos.edu\\\/colegio\\\/\"},{\"@type\":\"ListItem\",\"position\":2,\"name\":\"\u00a1Participa en el VIII Concurso de C\u00f3mic \u00abLa Ciencia en Portada\u00bb!\"}]},{\"@type\":\"WebSite\",\"@id\":\"https:\\\/\\\/alcala.salesianos.edu\\\/colegio\\\/#website\",\"url\":\"https:\\\/\\\/alcala.salesianos.edu\\\/colegio\\\/\",\"name\":\"Colegio Salesiano Alcal\u00e1\",\"description\":\"P\u00e1gina oficial de Salesianos Alcal\u00e1 de Guadaira\",\"potentialAction\":[{\"@type\":\"SearchAction\",\"target\":{\"@type\":\"EntryPoint\",\"urlTemplate\":\"https:\\\/\\\/alcala.salesianos.edu\\\/colegio\\\/?s={search_term_string}\"},\"query-input\":{\"@type\":\"PropertyValueSpecification\",\"valueRequired\":true,\"valueName\":\"search_term_string\"}}],\"inLanguage\":\"es\"},{\"@type\":\"Person\",\"@id\":\"https:\\\/\\\/alcala.salesianos.edu\\\/colegio\\\/#\\\/schema\\\/person\\\/afcc24f776dc91fc2bf9afb0998fca77\",\"name\":\"Administrador Web\",\"image\":{\"@type\":\"ImageObject\",\"inLanguage\":\"es\",\"@id\":\"https:\\\/\\\/secure.gravatar.com\\\/avatar\\\/bc157e994689bd6da9645c00aa3bc4d55b727915b6652642660db0aef086585f?s=96&d=mm&r=g\",\"url\":\"https:\\\/\\\/secure.gravatar.com\\\/avatar\\\/bc157e994689bd6da9645c00aa3bc4d55b727915b6652642660db0aef086585f?s=96&d=mm&r=g\",\"contentUrl\":\"https:\\\/\\\/secure.gravatar.com\\\/avatar\\\/bc157e994689bd6da9645c00aa3bc4d55b727915b6652642660db0aef086585f?s=96&d=mm&r=g\",\"caption\":\"Administrador Web\"}}]}<\/script>\n<!-- \/ Yoast SEO plugin. -->","yoast_head_json":{"title":"\u00a1Participa en el VIII Concurso de C\u00f3mic \u00abLa Ciencia en Portada\u00bb! - Colegio Salesiano Alcal\u00e1","robots":{"index":"index","follow":"follow","max-snippet":"max-snippet:-1","max-image-preview":"max-image-preview:large","max-video-preview":"max-video-preview:-1"},"canonical":"https:\/\/alcala.salesianos.edu\/colegio\/blog\/2026\/03\/12\/participa-en-el-viii-concurso-de-comic-la-ciencia-en-portada\/","og_locale":"es_ES","og_type":"article","og_title":"\u00a1Participa en el VIII Concurso de C\u00f3mic \u00abLa Ciencia en Portada\u00bb! - Colegio Salesiano Alcal\u00e1","og_description":"\u00bfTe gusta la ciencia y el dibujo? Participa en el concurso \"La Ciencia en Portada\" y gana material art\u00edstico. Plazo: 26 de marzo de 2026 entreg\u00e1ndolo en nuestro centro o por el formulario.","og_url":"https:\/\/alcala.salesianos.edu\/colegio\/blog\/2026\/03\/12\/participa-en-el-viii-concurso-de-comic-la-ciencia-en-portada\/","og_site_name":"Colegio Salesiano Alcal\u00e1","article_published_time":"2026-03-12T08:00:49+00:00","og_image":[{"width":768,"height":1024,"url":"https:\/\/alcala.salesianos.edu\/colegio\/wp-content\/uploads\/sites\/2\/2026\/03\/Diseno-sin-titulo2-768x1024.png","type":"image\/png"}],"author":"Administrador Web","twitter_card":"summary_large_image","twitter_misc":{"Escrito por":"Administrador Web"},"schema":{"@context":"https:\/\/schema.org","@graph":[{"@type":"Article","@id":"https:\/\/alcala.salesianos.edu\/colegio\/blog\/2026\/03\/12\/participa-en-el-viii-concurso-de-comic-la-ciencia-en-portada\/#article","isPartOf":{"@id":"https:\/\/alcala.salesianos.edu\/colegio\/blog\/2026\/03\/12\/participa-en-el-viii-concurso-de-comic-la-ciencia-en-portada\/"},"author":{"name":"Administrador Web","@id":"https:\/\/alcala.salesianos.edu\/colegio\/#\/schema\/person\/afcc24f776dc91fc2bf9afb0998fca77"},"headline":"\u00a1Participa en el VIII Concurso de C\u00f3mic \u00abLa Ciencia en Portada\u00bb!","datePublished":"2026-03-12T08:00:49+00:00","mainEntityOfPage":{"@id":"https:\/\/alcala.salesianos.edu\/colegio\/blog\/2026\/03\/12\/participa-en-el-viii-concurso-de-comic-la-ciencia-en-portada\/"},"wordCount":380,"image":{"@id":"https:\/\/alcala.salesianos.edu\/colegio\/blog\/2026\/03\/12\/participa-en-el-viii-concurso-de-comic-la-ciencia-en-portada\/#primaryimage"},"thumbnailUrl":"https:\/\/alcala.salesianos.edu\/colegio\/wp-content\/uploads\/sites\/2\/2026\/03\/Diseno-sin-titulo2.png","articleSection":["Colegio","FASA","Portada","Secundaria","Uncategorized"],"inLanguage":"es"},{"@type":"WebPage","@id":"https:\/\/alcala.salesianos.edu\/colegio\/blog\/2026\/03\/12\/participa-en-el-viii-concurso-de-comic-la-ciencia-en-portada\/","url":"https:\/\/alcala.salesianos.edu\/colegio\/blog\/2026\/03\/12\/participa-en-el-viii-concurso-de-comic-la-ciencia-en-portada\/","name":"\u00a1Participa en el VIII Concurso de C\u00f3mic \u00abLa Ciencia en Portada\u00bb! - Colegio Salesiano Alcal\u00e1","isPartOf":{"@id":"https:\/\/alcala.salesianos.edu\/colegio\/#website"},"primaryImageOfPage":{"@id":"https:\/\/alcala.salesianos.edu\/colegio\/blog\/2026\/03\/12\/participa-en-el-viii-concurso-de-comic-la-ciencia-en-portada\/#primaryimage"},"image":{"@id":"https:\/\/alcala.salesianos.edu\/colegio\/blog\/2026\/03\/12\/participa-en-el-viii-concurso-de-comic-la-ciencia-en-portada\/#primaryimage"},"thumbnailUrl":"https:\/\/alcala.salesianos.edu\/colegio\/wp-content\/uploads\/sites\/2\/2026\/03\/Diseno-sin-titulo2.png","datePublished":"2026-03-12T08:00:49+00:00","author":{"@id":"https:\/\/alcala.salesianos.edu\/colegio\/#\/schema\/person\/afcc24f776dc91fc2bf9afb0998fca77"},"breadcrumb":{"@id":"https:\/\/alcala.salesianos.edu\/colegio\/blog\/2026\/03\/12\/participa-en-el-viii-concurso-de-comic-la-ciencia-en-portada\/#breadcrumb"},"inLanguage":"es","potentialAction":[{"@type":"ReadAction","target":["https:\/\/alcala.salesianos.edu\/colegio\/blog\/2026\/03\/12\/participa-en-el-viii-concurso-de-comic-la-ciencia-en-portada\/"]}]},{"@type":"ImageObject","inLanguage":"es","@id":"https:\/\/alcala.salesianos.edu\/colegio\/blog\/2026\/03\/12\/participa-en-el-viii-concurso-de-comic-la-ciencia-en-portada\/#primaryimage","url":"https:\/\/alcala.salesianos.edu\/colegio\/wp-content\/uploads\/sites\/2\/2026\/03\/Diseno-sin-titulo2.png","contentUrl":"https:\/\/alcala.salesianos.edu\/colegio\/wp-content\/uploads\/sites\/2\/2026\/03\/Diseno-sin-titulo2.png","width":1080,"height":1440},{"@type":"BreadcrumbList","@id":"https:\/\/alcala.salesianos.edu\/colegio\/blog\/2026\/03\/12\/participa-en-el-viii-concurso-de-comic-la-ciencia-en-portada\/#breadcrumb","itemListElement":[{"@type":"ListItem","position":1,"name":"Portada","item":"https:\/\/alcala.salesianos.edu\/colegio\/"},{"@type":"ListItem","position":2,"name":"\u00a1Participa en el VIII Concurso de C\u00f3mic \u00abLa Ciencia en Portada\u00bb!"}]},{"@type":"WebSite","@id":"https:\/\/alcala.salesianos.edu\/colegio\/#website","url":"https:\/\/alcala.salesianos.edu\/colegio\/","name":"Colegio Salesiano Alcal\u00e1","description":"P\u00e1gina oficial de Salesianos Alcal\u00e1 de Guadaira","potentialAction":[{"@type":"SearchAction","target":{"@type":"EntryPoint","urlTemplate":"https:\/\/alcala.salesianos.edu\/colegio\/?s={search_term_string}"},"query-input":{"@type":"PropertyValueSpecification","valueRequired":true,"valueName":"search_term_string"}}],"inLanguage":"es"},{"@type":"Person","@id":"https:\/\/alcala.salesianos.edu\/colegio\/#\/schema\/person\/afcc24f776dc91fc2bf9afb0998fca77","name":"Administrador Web","image":{"@type":"ImageObject","inLanguage":"es","@id":"https:\/\/secure.gravatar.com\/avatar\/bc157e994689bd6da9645c00aa3bc4d55b727915b6652642660db0aef086585f?s=96&d=mm&r=g","url":"https:\/\/secure.gravatar.com\/avatar\/bc157e994689bd6da9645c00aa3bc4d55b727915b6652642660db0aef086585f?s=96&d=mm&r=g","contentUrl":"https:\/\/secure.gravatar.com\/avatar\/bc157e994689bd6da9645c00aa3bc4d55b727915b6652642660db0aef086585f?s=96&d=mm&r=g","caption":"Administrador Web"}}]}},"_links":{"self":[{"href":"https:\/\/alcala.salesianos.edu\/colegio\/wp-json\/wp\/v2\/posts\/16943","targetHints":{"allow":["GET"]}}],"collection":[{"href":"https:\/\/alcala.salesianos.edu\/colegio\/wp-json\/wp\/v2\/posts"}],"about":[{"href":"https:\/\/alcala.salesianos.edu\/colegio\/wp-json\/wp\/v2\/types\/post"}],"author":[{"embeddable":true,"href":"https:\/\/alcala.salesianos.edu\/colegio\/wp-json\/wp\/v2\/users\/2"}],"replies":[{"embeddable":true,"href":"https:\/\/alcala.salesianos.edu\/colegio\/wp-json\/wp\/v2\/comments?post=16943"}],"version-history":[{"count":0,"href":"https:\/\/alcala.salesianos.edu\/colegio\/wp-json\/wp\/v2\/posts\/16943\/revisions"}],"wp:featuredmedia":[{"embeddable":true,"href":"https:\/\/alcala.salesianos.edu\/colegio\/wp-json\/wp\/v2\/media\/16944"}],"wp:attachment":[{"href":"https:\/\/alcala.salesianos.edu\/colegio\/wp-json\/wp\/v2\/media?parent=16943"}],"wp:term":[{"taxonomy":"category","embeddable":true,"href":"https:\/\/alcala.salesianos.edu\/colegio\/wp-json\/wp\/v2\/categories?post=16943"},{"taxonomy":"post_tag","embeddable":true,"href":"https:\/\/alcala.salesianos.edu\/colegio\/wp-json\/wp\/v2\/tags?post=16943"}],"curies":[{"name":"wp","href":"https:\/\/api.w.org\/{rel}","templated":true}]}}