{"id":16916,"date":"2026-02-04T16:52:36","date_gmt":"2026-02-04T15:52:36","guid":{"rendered":"https:\/\/alcala.salesianos.edu\/colegio\/blog\/2026\/02\/04\/la-vida-de-don-bosco-en-vinetas\/"},"modified":"2026-02-04T16:52:36","modified_gmt":"2026-02-04T15:52:36","slug":"la-vida-de-don-bosco-en-vinetas","status":"publish","type":"post","link":"https:\/\/alcala.salesianos.edu\/colegio\/blog\/2026\/02\/04\/la-vida-de-don-bosco-en-vinetas\/","title":{"rendered":"La vida de Don Bosco en vi\u00f1etas"},"content":{"rendered":"<div id=\"fb-root\"><\/div>\n<p>[et_pb_section fb_built=\u00bb1&#8243; admin_label=\u00bbsection\u00bb _builder_version=\u00bb4.16&#8243; global_colors_info=\u00bb{}\u00bb][et_pb_row admin_label=\u00bbrow\u00bb _builder_version=\u00bb4.16&#8243; background_size=\u00bbinitial\u00bb background_position=\u00bbtop_left\u00bb background_repeat=\u00bbrepeat\u00bb global_colors_info=\u00bb{}\u00bb][et_pb_column type=\u00bb4_4&#8243; _builder_version=\u00bb4.16&#8243; custom_padding=\u00bb|||\u00bb global_colors_info=\u00bb{}\u00bb custom_padding__hover=\u00bb|||\u00bb][et_pb_text _builder_version=\u00bb4.27.4&#8243; _module_preset=\u00bbdefault\u00bb hover_enabled=\u00bb0&#8243; sticky_enabled=\u00bb0&#8243;]<\/p>\n<p>El alumnado de sexto de Educaci\u00f3n Primaria ha llevado a cabo con gran \u00e9xito la actividad \u201cLa vida de Don Bosco en vi\u00f1etas\u201d, una propuesta educativa que ha permitido compartir su trabajo con los compa\u00f1eros y compa\u00f1eras de tercero de Primaria.<\/p>\n<p>Durante la actividad, los alumnos de sexto tuvieron la oportunidad de exponer y explicar sus trabajos, desarrollando habilidades como la expresi\u00f3n oral, la seguridad en s\u00ed mismos y el protagonismo en su propio aprendizaje. Por su parte, el alumnado de tercero mostr\u00f3 en todo momento gran inter\u00e9s, respeto y entusiasmo, convirtiendo la experiencia en un encuentro muy enriquecedor para ambos grupos.<\/p>\n<p>La actividad ha resultado especialmente significativa, no solo por el aprendizaje acad\u00e9mico, sino tambi\u00e9n por el valor educativo del intercambio entre niveles.<\/p>\n<p>[\/et_pb_text][\/et_pb_column][\/et_pb_row][et_pb_row _builder_version=\u00bb4.27.4&#8243; _module_preset=\u00bbdefault\u00bb column_structure=\u00bb1_3,1_3,1_3&#8243;][et_pb_column _builder_version=\u00bb4.27.4&#8243; _module_preset=\u00bbdefault\u00bb type=\u00bb1_3&#8243;][et_pb_image _builder_version=\u00bb4.27.4&#8243; _module_preset=\u00bbdefault\u00bb title_text=\u00bbWhatsApp Image 2026-02-04 at 14.44.48&#8243; src=\u00bbhttps:\/\/alcala.salesianos.edu\/wp-content\/uploads\/2026\/02\/WhatsApp-Image-2026-02-04-at-14.44.48-scaled.jpeg\u00bb hover_enabled=\u00bb0&#8243; sticky_enabled=\u00bb0&#8243;][\/et_pb_image][\/et_pb_column][et_pb_column _builder_version=\u00bb4.27.4&#8243; _module_preset=\u00bbdefault\u00bb type=\u00bb1_3&#8243;][et_pb_image _builder_version=\u00bb4.27.4&#8243; _module_preset=\u00bbdefault\u00bb title_text=\u00bbWhatsApp Image 2026-02-04 at 14.44.49&#8243; src=\u00bbhttps:\/\/alcala.salesianos.edu\/wp-content\/uploads\/2026\/02\/WhatsApp-Image-2026-02-04-at-14.44.49-scaled.jpeg\u00bb hover_enabled=\u00bb0&#8243; sticky_enabled=\u00bb0&#8243;][\/et_pb_image][\/et_pb_column][et_pb_column _builder_version=\u00bb4.27.4&#8243; _module_preset=\u00bbdefault\u00bb type=\u00bb1_3&#8243;][et_pb_image _builder_version=\u00bb4.27.4&#8243; _module_preset=\u00bbdefault\u00bb title_text=\u00bbWhatsApp Image 2026-02-04 at 14.44.49 (1)\u00bb src=\u00bbhttps:\/\/alcala.salesianos.edu\/wp-content\/uploads\/2026\/02\/WhatsApp-Image-2026-02-04-at-14.44.49-1-scaled.jpeg\u00bb hover_enabled=\u00bb0&#8243; sticky_enabled=\u00bb0&#8243;][\/et_pb_image][\/et_pb_column][\/et_pb_row][et_pb_row _builder_version=\u00bb4.27.4&#8243; _module_preset=\u00bbdefault\u00bb column_structure=\u00bb1_4,1_4,1_4,1_4&#8243;][et_pb_column _builder_version=\u00bb4.27.4&#8243; _module_preset=\u00bbdefault\u00bb type=\u00bb1_4&#8243;][et_pb_image _builder_version=\u00bb4.27.4&#8243; _module_preset=\u00bbdefault\u00bb title_text=\u00bbWhatsApp Image 2026-02-04 at 14.44.50&#8243; src=\u00bbhttps:\/\/alcala.salesianos.edu\/wp-content\/uploads\/2026\/02\/WhatsApp-Image-2026-02-04-at-14.44.50-scaled.jpeg\u00bb hover_enabled=\u00bb0&#8243; sticky_enabled=\u00bb0&#8243;][\/et_pb_image][\/et_pb_column][et_pb_column _builder_version=\u00bb4.27.4&#8243; _module_preset=\u00bbdefault\u00bb type=\u00bb1_4&#8243;][et_pb_image _builder_version=\u00bb4.27.4&#8243; _module_preset=\u00bbdefault\u00bb title_text=\u00bbWhatsApp Image 2026-02-04 at 14.45.00&#8243; src=\u00bbhttps:\/\/alcala.salesianos.edu\/wp-content\/uploads\/2026\/02\/WhatsApp-Image-2026-02-04-at-14.45.00-scaled.jpeg\u00bb hover_enabled=\u00bb0&#8243; sticky_enabled=\u00bb0&#8243;][\/et_pb_image][\/et_pb_column][et_pb_column _builder_version=\u00bb4.27.4&#8243; _module_preset=\u00bbdefault\u00bb type=\u00bb1_4&#8243;][et_pb_image _builder_version=\u00bb4.27.4&#8243; _module_preset=\u00bbdefault\u00bb title_text=\u00bbWhatsApp Image 2026-02-04 at 14.45.01&#8243; src=\u00bbhttps:\/\/alcala.salesianos.edu\/wp-content\/uploads\/2026\/02\/WhatsApp-Image-2026-02-04-at-14.45.01-scaled.jpeg\u00bb hover_enabled=\u00bb0&#8243; sticky_enabled=\u00bb0&#8243;][\/et_pb_image][\/et_pb_column][et_pb_column _builder_version=\u00bb4.27.4&#8243; _module_preset=\u00bbdefault\u00bb type=\u00bb1_4&#8243;][et_pb_image _builder_version=\u00bb4.27.4&#8243; _module_preset=\u00bbdefault\u00bb title_text=\u00bbWhatsApp Image 2026-02-04 at 14.45.02&#8243; src=\u00bbhttps:\/\/alcala.salesianos.edu\/wp-content\/uploads\/2026\/02\/WhatsApp-Image-2026-02-04-at-14.45.02-scaled.jpeg\u00bb hover_enabled=\u00bb0&#8243; sticky_enabled=\u00bb0&#8243;][\/et_pb_image][\/et_pb_column][\/et_pb_row][\/et_pb_section]<\/p>\n","protected":false},"excerpt":{"rendered":"<p>El alumnado de 6\u00ba de Primaria ha presentado la actividad \u201cLa vida de Don Bosco en vi\u00f1etas\u201d a sus compa\u00f1eros de 3\u00ba, viviendo una experiencia enriquecedora para todos.<\/p>\n","protected":false},"author":2,"featured_media":16917,"comment_status":"","ping_status":"open","sticky":false,"template":"","format":"standard","meta":{"_et_pb_use_builder":"on","_et_pb_old_content":"","_et_gb_content_width":"","footnotes":""},"categories":[12,23,13,14,15,18,1],"tags":[],"class_list":["post-16916","post","type-post","status-publish","format-standard","has-post-thumbnail","hentry","category-colegio","category-covid","category-fasa","category-pastoral","category-portada","category-primaria","category-uncategorized"],"yoast_head":"<!-- This site is optimized with the Yoast SEO plugin v28.3 - https:\/\/yoast.com\/product\/yoast-seo-wordpress\/ -->\n<title>La vida de Don Bosco en vi\u00f1etas - Colegio Salesiano Alcal\u00e1<\/title>\n<meta name=\"description\" content=\"El alumnado de 6\u00ba de Primaria ha presentado la actividad \u201cLa vida de Don Bosco en vi\u00f1etas\u201d a sus compa\u00f1eros de 3.\" \/>\n<meta name=\"robots\" content=\"index, follow, max-snippet:-1, max-image-preview:large, max-video-preview:-1\" \/>\n<link rel=\"canonical\" href=\"https:\/\/alcala.salesianos.edu\/colegio\/blog\/2026\/02\/04\/la-vida-de-don-bosco-en-vinetas\/\" \/>\n<meta property=\"og:locale\" content=\"es_ES\" \/>\n<meta property=\"og:type\" content=\"article\" \/>\n<meta property=\"og:title\" content=\"La vida de Don Bosco en vi\u00f1etas - Colegio Salesiano Alcal\u00e1\" \/>\n<meta property=\"og:description\" content=\"El alumnado de 6\u00ba de Primaria ha presentado la actividad \u201cLa vida de Don Bosco en vi\u00f1etas\u201d a sus compa\u00f1eros de 3.\" \/>\n<meta property=\"og:url\" content=\"https:\/\/alcala.salesianos.edu\/colegio\/blog\/2026\/02\/04\/la-vida-de-don-bosco-en-vinetas\/\" \/>\n<meta property=\"og:site_name\" content=\"Colegio Salesiano Alcal\u00e1\" \/>\n<meta property=\"article:published_time\" content=\"2026-02-04T15:52:36+00:00\" \/>\n<meta property=\"og:image\" content=\"https:\/\/alcala.salesianos.edu\/colegio\/wp-content\/uploads\/sites\/2\/2026\/02\/WhatsApp-Image-2026-02-04-at-14.45.05-scaled.jpeg\" \/>\n\t<meta property=\"og:image:width\" content=\"1920\" \/>\n\t<meta property=\"og:image:height\" content=\"2560\" \/>\n\t<meta property=\"og:image:type\" content=\"image\/jpeg\" \/>\n<meta name=\"author\" content=\"Administrador Web\" \/>\n<meta name=\"twitter:card\" content=\"summary_large_image\" \/>\n<meta name=\"twitter:label1\" content=\"Escrito por\" \/>\n\t<meta name=\"twitter:data1\" content=\"Administrador Web\" \/>\n\t<meta name=\"twitter:label2\" content=\"Tiempo de lectura\" \/>\n\t<meta name=\"twitter:data2\" content=\"3 minutos\" \/>\n<script type=\"application\/ld+json\" class=\"yoast-schema-graph\">{\"@context\":\"https:\\\/\\\/schema.org\",\"@graph\":[{\"@type\":\"Article\",\"@id\":\"https:\\\/\\\/alcala.salesianos.edu\\\/colegio\\\/blog\\\/2026\\\/02\\\/04\\\/la-vida-de-don-bosco-en-vinetas\\\/#article\",\"isPartOf\":{\"@id\":\"https:\\\/\\\/alcala.salesianos.edu\\\/colegio\\\/blog\\\/2026\\\/02\\\/04\\\/la-vida-de-don-bosco-en-vinetas\\\/\"},\"author\":{\"name\":\"Administrador Web\",\"@id\":\"https:\\\/\\\/alcala.salesianos.edu\\\/colegio\\\/#\\\/schema\\\/person\\\/afcc24f776dc91fc2bf9afb0998fca77\"},\"headline\":\"La vida de Don Bosco en vi\u00f1etas\",\"datePublished\":\"2026-02-04T15:52:36+00:00\",\"mainEntityOfPage\":{\"@id\":\"https:\\\/\\\/alcala.salesianos.edu\\\/colegio\\\/blog\\\/2026\\\/02\\\/04\\\/la-vida-de-don-bosco-en-vinetas\\\/\"},\"wordCount\":568,\"image\":{\"@id\":\"https:\\\/\\\/alcala.salesianos.edu\\\/colegio\\\/blog\\\/2026\\\/02\\\/04\\\/la-vida-de-don-bosco-en-vinetas\\\/#primaryimage\"},\"thumbnailUrl\":\"https:\\\/\\\/alcala.salesianos.edu\\\/colegio\\\/wp-content\\\/uploads\\\/sites\\\/2\\\/2026\\\/02\\\/WhatsApp-Image-2026-02-04-at-14.45.05-scaled.jpeg\",\"articleSection\":[\"Colegio\",\"covid\",\"FASA\",\"Pastoral\",\"Portada\",\"Primaria\",\"Uncategorized\"],\"inLanguage\":\"es\"},{\"@type\":\"WebPage\",\"@id\":\"https:\\\/\\\/alcala.salesianos.edu\\\/colegio\\\/blog\\\/2026\\\/02\\\/04\\\/la-vida-de-don-bosco-en-vinetas\\\/\",\"url\":\"https:\\\/\\\/alcala.salesianos.edu\\\/colegio\\\/blog\\\/2026\\\/02\\\/04\\\/la-vida-de-don-bosco-en-vinetas\\\/\",\"name\":\"La vida de Don Bosco en vi\u00f1etas - Colegio Salesiano Alcal\u00e1\",\"isPartOf\":{\"@id\":\"https:\\\/\\\/alcala.salesianos.edu\\\/colegio\\\/#website\"},\"primaryImageOfPage\":{\"@id\":\"https:\\\/\\\/alcala.salesianos.edu\\\/colegio\\\/blog\\\/2026\\\/02\\\/04\\\/la-vida-de-don-bosco-en-vinetas\\\/#primaryimage\"},\"image\":{\"@id\":\"https:\\\/\\\/alcala.salesianos.edu\\\/colegio\\\/blog\\\/2026\\\/02\\\/04\\\/la-vida-de-don-bosco-en-vinetas\\\/#primaryimage\"},\"thumbnailUrl\":\"https:\\\/\\\/alcala.salesianos.edu\\\/colegio\\\/wp-content\\\/uploads\\\/sites\\\/2\\\/2026\\\/02\\\/WhatsApp-Image-2026-02-04-at-14.45.05-scaled.jpeg\",\"datePublished\":\"2026-02-04T15:52:36+00:00\",\"author\":{\"@id\":\"https:\\\/\\\/alcala.salesianos.edu\\\/colegio\\\/#\\\/schema\\\/person\\\/afcc24f776dc91fc2bf9afb0998fca77\"},\"description\":\"El alumnado de 6\u00ba de Primaria ha presentado la actividad \u201cLa vida de Don Bosco en vi\u00f1etas\u201d a sus compa\u00f1eros de 3.\",\"breadcrumb\":{\"@id\":\"https:\\\/\\\/alcala.salesianos.edu\\\/colegio\\\/blog\\\/2026\\\/02\\\/04\\\/la-vida-de-don-bosco-en-vinetas\\\/#breadcrumb\"},\"inLanguage\":\"es\",\"potentialAction\":[{\"@type\":\"ReadAction\",\"target\":[\"https:\\\/\\\/alcala.salesianos.edu\\\/colegio\\\/blog\\\/2026\\\/02\\\/04\\\/la-vida-de-don-bosco-en-vinetas\\\/\"]}]},{\"@type\":\"ImageObject\",\"inLanguage\":\"es\",\"@id\":\"https:\\\/\\\/alcala.salesianos.edu\\\/colegio\\\/blog\\\/2026\\\/02\\\/04\\\/la-vida-de-don-bosco-en-vinetas\\\/#primaryimage\",\"url\":\"https:\\\/\\\/alcala.salesianos.edu\\\/colegio\\\/wp-content\\\/uploads\\\/sites\\\/2\\\/2026\\\/02\\\/WhatsApp-Image-2026-02-04-at-14.45.05-scaled.jpeg\",\"contentUrl\":\"https:\\\/\\\/alcala.salesianos.edu\\\/colegio\\\/wp-content\\\/uploads\\\/sites\\\/2\\\/2026\\\/02\\\/WhatsApp-Image-2026-02-04-at-14.45.05-scaled.jpeg\",\"width\":1920,\"height\":2560},{\"@type\":\"BreadcrumbList\",\"@id\":\"https:\\\/\\\/alcala.salesianos.edu\\\/colegio\\\/blog\\\/2026\\\/02\\\/04\\\/la-vida-de-don-bosco-en-vinetas\\\/#breadcrumb\",\"itemListElement\":[{\"@type\":\"ListItem\",\"position\":1,\"name\":\"Portada\",\"item\":\"https:\\\/\\\/alcala.salesianos.edu\\\/colegio\\\/\"},{\"@type\":\"ListItem\",\"position\":2,\"name\":\"La vida de Don Bosco en vi\u00f1etas\"}]},{\"@type\":\"WebSite\",\"@id\":\"https:\\\/\\\/alcala.salesianos.edu\\\/colegio\\\/#website\",\"url\":\"https:\\\/\\\/alcala.salesianos.edu\\\/colegio\\\/\",\"name\":\"Colegio Salesiano Alcal\u00e1\",\"description\":\"P\u00e1gina oficial de Salesianos Alcal\u00e1 de Guadaira\",\"potentialAction\":[{\"@type\":\"SearchAction\",\"target\":{\"@type\":\"EntryPoint\",\"urlTemplate\":\"https:\\\/\\\/alcala.salesianos.edu\\\/colegio\\\/?s={search_term_string}\"},\"query-input\":{\"@type\":\"PropertyValueSpecification\",\"valueRequired\":true,\"valueName\":\"search_term_string\"}}],\"inLanguage\":\"es\"},{\"@type\":\"Person\",\"@id\":\"https:\\\/\\\/alcala.salesianos.edu\\\/colegio\\\/#\\\/schema\\\/person\\\/afcc24f776dc91fc2bf9afb0998fca77\",\"name\":\"Administrador Web\",\"image\":{\"@type\":\"ImageObject\",\"inLanguage\":\"es\",\"@id\":\"https:\\\/\\\/secure.gravatar.com\\\/avatar\\\/bc157e994689bd6da9645c00aa3bc4d55b727915b6652642660db0aef086585f?s=96&d=mm&r=g\",\"url\":\"https:\\\/\\\/secure.gravatar.com\\\/avatar\\\/bc157e994689bd6da9645c00aa3bc4d55b727915b6652642660db0aef086585f?s=96&d=mm&r=g\",\"contentUrl\":\"https:\\\/\\\/secure.gravatar.com\\\/avatar\\\/bc157e994689bd6da9645c00aa3bc4d55b727915b6652642660db0aef086585f?s=96&d=mm&r=g\",\"caption\":\"Administrador Web\"}}]}<\/script>\n<!-- \/ Yoast SEO plugin. -->","yoast_head_json":{"title":"La vida de Don Bosco en vi\u00f1etas - Colegio Salesiano Alcal\u00e1","description":"El alumnado de 6\u00ba de Primaria ha presentado la actividad \u201cLa vida de Don Bosco en vi\u00f1etas\u201d a sus compa\u00f1eros de 3.","robots":{"index":"index","follow":"follow","max-snippet":"max-snippet:-1","max-image-preview":"max-image-preview:large","max-video-preview":"max-video-preview:-1"},"canonical":"https:\/\/alcala.salesianos.edu\/colegio\/blog\/2026\/02\/04\/la-vida-de-don-bosco-en-vinetas\/","og_locale":"es_ES","og_type":"article","og_title":"La vida de Don Bosco en vi\u00f1etas - Colegio Salesiano Alcal\u00e1","og_description":"El alumnado de 6\u00ba de Primaria ha presentado la actividad \u201cLa vida de Don Bosco en vi\u00f1etas\u201d a sus compa\u00f1eros de 3.","og_url":"https:\/\/alcala.salesianos.edu\/colegio\/blog\/2026\/02\/04\/la-vida-de-don-bosco-en-vinetas\/","og_site_name":"Colegio Salesiano Alcal\u00e1","article_published_time":"2026-02-04T15:52:36+00:00","og_image":[{"width":1920,"height":2560,"url":"https:\/\/alcala.salesianos.edu\/colegio\/wp-content\/uploads\/sites\/2\/2026\/02\/WhatsApp-Image-2026-02-04-at-14.45.05-scaled.jpeg","type":"image\/jpeg"}],"author":"Administrador Web","twitter_card":"summary_large_image","twitter_misc":{"Escrito por":"Administrador Web","Tiempo de lectura":"3 minutos"},"schema":{"@context":"https:\/\/schema.org","@graph":[{"@type":"Article","@id":"https:\/\/alcala.salesianos.edu\/colegio\/blog\/2026\/02\/04\/la-vida-de-don-bosco-en-vinetas\/#article","isPartOf":{"@id":"https:\/\/alcala.salesianos.edu\/colegio\/blog\/2026\/02\/04\/la-vida-de-don-bosco-en-vinetas\/"},"author":{"name":"Administrador Web","@id":"https:\/\/alcala.salesianos.edu\/colegio\/#\/schema\/person\/afcc24f776dc91fc2bf9afb0998fca77"},"headline":"La vida de Don Bosco en vi\u00f1etas","datePublished":"2026-02-04T15:52:36+00:00","mainEntityOfPage":{"@id":"https:\/\/alcala.salesianos.edu\/colegio\/blog\/2026\/02\/04\/la-vida-de-don-bosco-en-vinetas\/"},"wordCount":568,"image":{"@id":"https:\/\/alcala.salesianos.edu\/colegio\/blog\/2026\/02\/04\/la-vida-de-don-bosco-en-vinetas\/#primaryimage"},"thumbnailUrl":"https:\/\/alcala.salesianos.edu\/colegio\/wp-content\/uploads\/sites\/2\/2026\/02\/WhatsApp-Image-2026-02-04-at-14.45.05-scaled.jpeg","articleSection":["Colegio","covid","FASA","Pastoral","Portada","Primaria","Uncategorized"],"inLanguage":"es"},{"@type":"WebPage","@id":"https:\/\/alcala.salesianos.edu\/colegio\/blog\/2026\/02\/04\/la-vida-de-don-bosco-en-vinetas\/","url":"https:\/\/alcala.salesianos.edu\/colegio\/blog\/2026\/02\/04\/la-vida-de-don-bosco-en-vinetas\/","name":"La vida de Don Bosco en vi\u00f1etas - Colegio Salesiano Alcal\u00e1","isPartOf":{"@id":"https:\/\/alcala.salesianos.edu\/colegio\/#website"},"primaryImageOfPage":{"@id":"https:\/\/alcala.salesianos.edu\/colegio\/blog\/2026\/02\/04\/la-vida-de-don-bosco-en-vinetas\/#primaryimage"},"image":{"@id":"https:\/\/alcala.salesianos.edu\/colegio\/blog\/2026\/02\/04\/la-vida-de-don-bosco-en-vinetas\/#primaryimage"},"thumbnailUrl":"https:\/\/alcala.salesianos.edu\/colegio\/wp-content\/uploads\/sites\/2\/2026\/02\/WhatsApp-Image-2026-02-04-at-14.45.05-scaled.jpeg","datePublished":"2026-02-04T15:52:36+00:00","author":{"@id":"https:\/\/alcala.salesianos.edu\/colegio\/#\/schema\/person\/afcc24f776dc91fc2bf9afb0998fca77"},"description":"El alumnado de 6\u00ba de Primaria ha presentado la actividad \u201cLa vida de Don Bosco en vi\u00f1etas\u201d a sus compa\u00f1eros de 3.","breadcrumb":{"@id":"https:\/\/alcala.salesianos.edu\/colegio\/blog\/2026\/02\/04\/la-vida-de-don-bosco-en-vinetas\/#breadcrumb"},"inLanguage":"es","potentialAction":[{"@type":"ReadAction","target":["https:\/\/alcala.salesianos.edu\/colegio\/blog\/2026\/02\/04\/la-vida-de-don-bosco-en-vinetas\/"]}]},{"@type":"ImageObject","inLanguage":"es","@id":"https:\/\/alcala.salesianos.edu\/colegio\/blog\/2026\/02\/04\/la-vida-de-don-bosco-en-vinetas\/#primaryimage","url":"https:\/\/alcala.salesianos.edu\/colegio\/wp-content\/uploads\/sites\/2\/2026\/02\/WhatsApp-Image-2026-02-04-at-14.45.05-scaled.jpeg","contentUrl":"https:\/\/alcala.salesianos.edu\/colegio\/wp-content\/uploads\/sites\/2\/2026\/02\/WhatsApp-Image-2026-02-04-at-14.45.05-scaled.jpeg","width":1920,"height":2560},{"@type":"BreadcrumbList","@id":"https:\/\/alcala.salesianos.edu\/colegio\/blog\/2026\/02\/04\/la-vida-de-don-bosco-en-vinetas\/#breadcrumb","itemListElement":[{"@type":"ListItem","position":1,"name":"Portada","item":"https:\/\/alcala.salesianos.edu\/colegio\/"},{"@type":"ListItem","position":2,"name":"La vida de Don Bosco en vi\u00f1etas"}]},{"@type":"WebSite","@id":"https:\/\/alcala.salesianos.edu\/colegio\/#website","url":"https:\/\/alcala.salesianos.edu\/colegio\/","name":"Colegio Salesiano Alcal\u00e1","description":"P\u00e1gina oficial de Salesianos Alcal\u00e1 de Guadaira","potentialAction":[{"@type":"SearchAction","target":{"@type":"EntryPoint","urlTemplate":"https:\/\/alcala.salesianos.edu\/colegio\/?s={search_term_string}"},"query-input":{"@type":"PropertyValueSpecification","valueRequired":true,"valueName":"search_term_string"}}],"inLanguage":"es"},{"@type":"Person","@id":"https:\/\/alcala.salesianos.edu\/colegio\/#\/schema\/person\/afcc24f776dc91fc2bf9afb0998fca77","name":"Administrador Web","image":{"@type":"ImageObject","inLanguage":"es","@id":"https:\/\/secure.gravatar.com\/avatar\/bc157e994689bd6da9645c00aa3bc4d55b727915b6652642660db0aef086585f?s=96&d=mm&r=g","url":"https:\/\/secure.gravatar.com\/avatar\/bc157e994689bd6da9645c00aa3bc4d55b727915b6652642660db0aef086585f?s=96&d=mm&r=g","contentUrl":"https:\/\/secure.gravatar.com\/avatar\/bc157e994689bd6da9645c00aa3bc4d55b727915b6652642660db0aef086585f?s=96&d=mm&r=g","caption":"Administrador Web"}}]}},"_links":{"self":[{"href":"https:\/\/alcala.salesianos.edu\/colegio\/wp-json\/wp\/v2\/posts\/16916","targetHints":{"allow":["GET"]}}],"collection":[{"href":"https:\/\/alcala.salesianos.edu\/colegio\/wp-json\/wp\/v2\/posts"}],"about":[{"href":"https:\/\/alcala.salesianos.edu\/colegio\/wp-json\/wp\/v2\/types\/post"}],"author":[{"embeddable":true,"href":"https:\/\/alcala.salesianos.edu\/colegio\/wp-json\/wp\/v2\/users\/2"}],"replies":[{"embeddable":true,"href":"https:\/\/alcala.salesianos.edu\/colegio\/wp-json\/wp\/v2\/comments?post=16916"}],"version-history":[{"count":0,"href":"https:\/\/alcala.salesianos.edu\/colegio\/wp-json\/wp\/v2\/posts\/16916\/revisions"}],"wp:featuredmedia":[{"embeddable":true,"href":"https:\/\/alcala.salesianos.edu\/colegio\/wp-json\/wp\/v2\/media\/16917"}],"wp:attachment":[{"href":"https:\/\/alcala.salesianos.edu\/colegio\/wp-json\/wp\/v2\/media?parent=16916"}],"wp:term":[{"taxonomy":"category","embeddable":true,"href":"https:\/\/alcala.salesianos.edu\/colegio\/wp-json\/wp\/v2\/categories?post=16916"},{"taxonomy":"post_tag","embeddable":true,"href":"https:\/\/alcala.salesianos.edu\/colegio\/wp-json\/wp\/v2\/tags?post=16916"}],"curies":[{"name":"wp","href":"https:\/\/api.w.org\/{rel}","templated":true}]}}