{"id":16911,"date":"2026-01-19T15:57:36","date_gmt":"2026-01-19T14:57:36","guid":{"rendered":"https:\/\/alcala.salesianos.edu\/colegio\/blog\/2026\/01\/19\/celebraciones-don-bosco-2026-alcala-guadaira\/"},"modified":"2026-01-19T15:57:36","modified_gmt":"2026-01-19T14:57:36","slug":"celebraciones-don-bosco-2026-alcala-guadaira","status":"publish","type":"post","link":"https:\/\/alcala.salesianos.edu\/colegio\/blog\/2026\/01\/19\/celebraciones-don-bosco-2026-alcala-guadaira\/","title":{"rendered":"La Casa celebra a Don Bosco con un amplio programa de celebraciones y actos"},"content":{"rendered":"<div id=\"fb-root\"><\/div>\n<p>[et_pb_section fb_built=\u00bb1&#8243; admin_label=\u00bbsection\u00bb _builder_version=\u00bb4.16&#8243; global_colors_info=\u00bb{}\u00bb][et_pb_row admin_label=\u00bbrow\u00bb _builder_version=\u00bb4.16&#8243; background_size=\u00bbinitial\u00bb background_position=\u00bbtop_left\u00bb background_repeat=\u00bbrepeat\u00bb global_colors_info=\u00bb{}\u00bb][et_pb_column type=\u00bb4_4&#8243; _builder_version=\u00bb4.16&#8243; custom_padding=\u00bb|||\u00bb global_colors_info=\u00bb{}\u00bb custom_padding__hover=\u00bb|||\u00bb][et_pb_image _builder_version=\u00bb4.27.4&#8243; _module_preset=\u00bbdefault\u00bb title_text=\u00bb2&#8243; src=\u00bbhttps:\/\/alcala.salesianos.edu\/wp-content\/uploads\/2026\/01\/2.png\u00bb hover_enabled=\u00bb0&#8243; sticky_enabled=\u00bb0&#8243;][\/et_pb_image][et_pb_text _builder_version=\u00bb4.27.4&#8243; _module_preset=\u00bbdefault\u00bb hover_enabled=\u00bb0&#8243; sticky_enabled=\u00bb0&#8243;]<\/p>\n<p data-start=\"455\" data-end=\"742\">La Casa Salesiana de Alcal\u00e1 de Guada\u00edra se prepara para vivir intensamente las celebraciones en honor a <strong data-start=\"559\" data-end=\"577\">San Juan Bosco<\/strong>, con un completo programa de actos pastorales, educativos, culturales y festivos que se desarrollar\u00e1n a lo largo del mes de enero y culminar\u00e1n a finales de febrero.<\/p>\n<p data-start=\"744\" data-end=\"1081\">Durante estas semanas, alumnos, familias, educadores y miembros de la Familia Salesiana participar\u00e1n en diversas <strong data-start=\"857\" data-end=\"893\">actividades formativas y l\u00fadicas<\/strong>, como concursos sobre la vida de Don Bosco, decoraci\u00f3n de espacios, proyecci\u00f3n de la pel\u00edcula del santo y jornadas de cine, fomentando la vida comunitaria en torno a la figura de nuestro santo fundador.<\/p>\n<p data-start=\"1083\" data-end=\"1520\">El programa incluye tambi\u00e9n momentos de especial relevancia espiritual, como\u00a0la celebraci\u00f3n de la <strong data-start=\"1233\" data-end=\"1269\">fiesta de San Francisco de Sales<\/strong>, la <strong data-start=\"1274\" data-end=\"1296\">Vigilia de Oraci\u00f3n<\/strong>, y el <strong data-start=\"1350\" data-end=\"1372\">Triduo a Don Bosco<\/strong>, que se celebrar\u00e1 del mi\u00e9rcoles 28 al viernes 30 de enero a las 20:00 h., animado cada d\u00eda por distintos grupos de la comunidad educativo-pastoral.<\/p>\n<p data-start=\"1522\" data-end=\"1893\">El viernes 30 de enero tendr\u00e1 lugar la <strong data-start=\"1561\" data-end=\"1593\">Festividad de San Juan Bosco escolar<\/strong>, con eucarist\u00eda, desayuno tradicional, juegos oratorianos, concursos y el gran baile final. Como viene siendo tradicional, la <strong data-start=\"1803\" data-end=\"1825\">Eucarist\u00eda escolar<\/strong> se realizar\u00e1 en la Parroquia de San Agust\u00edn.<\/p>\n<p data-start=\"1895\" data-end=\"2312\">Los cultos solemnes a San Juan Bosco culminar\u00e1n el <strong data-start=\"2120\" data-end=\"2142\">s\u00e1bado 31 de enero<\/strong> con la <strong data-start=\"2150\" data-end=\"2212\">Solemne Eucarist\u00eda a las 12:00 h. en la Capilla del Carmen<\/strong>, seguida del tradicional <strong data-start=\"2238\" data-end=\"2271\">Guiso de la Familia Salesiana<\/strong>, que contar\u00e1 como viene siendo tradicional con los juegos de patios oratorianos.<\/p>\n<p data-start=\"2314\" data-end=\"2489\">El calendario se cerrar\u00e1 el <strong data-start=\"2342\" data-end=\"2366\">s\u00e1bado 21 de febrero<\/strong> con la celebraci\u00f3n de las <strong data-start=\"2393\" data-end=\"2443\">Jornadas de Pastoral de la zona Sevilla-Huelva<\/strong>, que tendr\u00e1n lugar en nuestra Casa Salesiana.<\/p>\n<p data-start=\"2491\" data-end=\"2737\">La Casa Salesiana de Alcal\u00e1 invita a toda la comunidad educativa, familias, antiguos alumnos y alcalare\u00f1os a participar activamente en estas celebraciones, que son expresi\u00f3n viva del esp\u00edritu de Don Bosco en nuestra ciudad.<\/p>\n<p>[\/et_pb_text][\/et_pb_column][\/et_pb_row][\/et_pb_section]<\/p>\n","protected":false},"excerpt":{"rendered":"<p>La Casa Salesiana de Alcal\u00e1 de Guada\u00edra celebra la fiesta de San Juan Bosco con un completo programa de cultos, actividades educativas, juegos, peregrinaci\u00f3n y encuentros pastorales.<\/p>\n","protected":false},"author":2,"featured_media":16912,"comment_status":"","ping_status":"open","sticky":false,"template":"","format":"standard","meta":{"_et_pb_use_builder":"on","_et_pb_old_content":"","_et_gb_content_width":"","footnotes":""},"categories":[12,23,19,13,17,14,15,18,16,1],"tags":[],"class_list":["post-16911","post","type-post","status-publish","format-standard","has-post-thumbnail","hentry","category-colegio","category-covid","category-escuela-abierta","category-fasa","category-infantil","category-pastoral","category-portada","category-primaria","category-secundaria","category-uncategorized"],"yoast_head":"<!-- This site is optimized with the Yoast SEO plugin v28.3 - https:\/\/yoast.com\/product\/yoast-seo-wordpress\/ -->\n<title>La Casa celebra a Don Bosco con un amplio programa de celebraciones y actos - Colegio Salesiano Alcal\u00e1<\/title>\n<meta name=\"robots\" content=\"index, follow, max-snippet:-1, max-image-preview:large, max-video-preview:-1\" \/>\n<link rel=\"canonical\" href=\"https:\/\/alcala.salesianos.edu\/colegio\/blog\/2026\/01\/19\/celebraciones-don-bosco-2026-alcala-guadaira\/\" \/>\n<meta property=\"og:locale\" content=\"es_ES\" \/>\n<meta property=\"og:type\" content=\"article\" \/>\n<meta property=\"og:title\" content=\"La Casa celebra a Don Bosco con un amplio programa de celebraciones y actos - Colegio Salesiano Alcal\u00e1\" \/>\n<meta property=\"og:description\" content=\"La Casa Salesiana de Alcal\u00e1 de Guada\u00edra celebra la fiesta de San Juan Bosco con un completo programa de cultos, actividades educativas, juegos, peregrinaci\u00f3n y encuentros pastorales.\" \/>\n<meta property=\"og:url\" content=\"https:\/\/alcala.salesianos.edu\/colegio\/blog\/2026\/01\/19\/celebraciones-don-bosco-2026-alcala-guadaira\/\" \/>\n<meta property=\"og:site_name\" content=\"Colegio Salesiano Alcal\u00e1\" \/>\n<meta property=\"article:published_time\" content=\"2026-01-19T14:57:36+00:00\" \/>\n<meta property=\"og:image\" content=\"https:\/\/alcala.salesianos.edu\/colegio\/wp-content\/uploads\/sites\/2\/2026\/01\/1-1024x724.png\" \/>\n\t<meta property=\"og:image:width\" content=\"1024\" \/>\n\t<meta property=\"og:image:height\" content=\"724\" \/>\n\t<meta property=\"og:image:type\" content=\"image\/png\" \/>\n<meta name=\"author\" content=\"Administrador Web\" \/>\n<meta name=\"twitter:card\" content=\"summary_large_image\" \/>\n<meta name=\"twitter:label1\" content=\"Escrito por\" \/>\n\t<meta name=\"twitter:data1\" content=\"Administrador Web\" \/>\n<script type=\"application\/ld+json\" class=\"yoast-schema-graph\">{\"@context\":\"https:\\\/\\\/schema.org\",\"@graph\":[{\"@type\":\"Article\",\"@id\":\"https:\\\/\\\/alcala.salesianos.edu\\\/colegio\\\/blog\\\/2026\\\/01\\\/19\\\/celebraciones-don-bosco-2026-alcala-guadaira\\\/#article\",\"isPartOf\":{\"@id\":\"https:\\\/\\\/alcala.salesianos.edu\\\/colegio\\\/blog\\\/2026\\\/01\\\/19\\\/celebraciones-don-bosco-2026-alcala-guadaira\\\/\"},\"author\":{\"name\":\"Administrador Web\",\"@id\":\"https:\\\/\\\/alcala.salesianos.edu\\\/colegio\\\/#\\\/schema\\\/person\\\/afcc24f776dc91fc2bf9afb0998fca77\"},\"headline\":\"La Casa celebra a Don Bosco con un amplio programa de celebraciones y actos\",\"datePublished\":\"2026-01-19T14:57:36+00:00\",\"mainEntityOfPage\":{\"@id\":\"https:\\\/\\\/alcala.salesianos.edu\\\/colegio\\\/blog\\\/2026\\\/01\\\/19\\\/celebraciones-don-bosco-2026-alcala-guadaira\\\/\"},\"wordCount\":433,\"image\":{\"@id\":\"https:\\\/\\\/alcala.salesianos.edu\\\/colegio\\\/blog\\\/2026\\\/01\\\/19\\\/celebraciones-don-bosco-2026-alcala-guadaira\\\/#primaryimage\"},\"thumbnailUrl\":\"https:\\\/\\\/alcala.salesianos.edu\\\/colegio\\\/wp-content\\\/uploads\\\/sites\\\/2\\\/2026\\\/01\\\/1.png\",\"articleSection\":[\"Colegio\",\"covid\",\"Escuela abierta\",\"FASA\",\"Infantil\",\"Pastoral\",\"Portada\",\"Primaria\",\"Secundaria\",\"Uncategorized\"],\"inLanguage\":\"es\"},{\"@type\":\"WebPage\",\"@id\":\"https:\\\/\\\/alcala.salesianos.edu\\\/colegio\\\/blog\\\/2026\\\/01\\\/19\\\/celebraciones-don-bosco-2026-alcala-guadaira\\\/\",\"url\":\"https:\\\/\\\/alcala.salesianos.edu\\\/colegio\\\/blog\\\/2026\\\/01\\\/19\\\/celebraciones-don-bosco-2026-alcala-guadaira\\\/\",\"name\":\"La Casa celebra a Don Bosco con un amplio programa de celebraciones y actos - Colegio Salesiano Alcal\u00e1\",\"isPartOf\":{\"@id\":\"https:\\\/\\\/alcala.salesianos.edu\\\/colegio\\\/#website\"},\"primaryImageOfPage\":{\"@id\":\"https:\\\/\\\/alcala.salesianos.edu\\\/colegio\\\/blog\\\/2026\\\/01\\\/19\\\/celebraciones-don-bosco-2026-alcala-guadaira\\\/#primaryimage\"},\"image\":{\"@id\":\"https:\\\/\\\/alcala.salesianos.edu\\\/colegio\\\/blog\\\/2026\\\/01\\\/19\\\/celebraciones-don-bosco-2026-alcala-guadaira\\\/#primaryimage\"},\"thumbnailUrl\":\"https:\\\/\\\/alcala.salesianos.edu\\\/colegio\\\/wp-content\\\/uploads\\\/sites\\\/2\\\/2026\\\/01\\\/1.png\",\"datePublished\":\"2026-01-19T14:57:36+00:00\",\"author\":{\"@id\":\"https:\\\/\\\/alcala.salesianos.edu\\\/colegio\\\/#\\\/schema\\\/person\\\/afcc24f776dc91fc2bf9afb0998fca77\"},\"breadcrumb\":{\"@id\":\"https:\\\/\\\/alcala.salesianos.edu\\\/colegio\\\/blog\\\/2026\\\/01\\\/19\\\/celebraciones-don-bosco-2026-alcala-guadaira\\\/#breadcrumb\"},\"inLanguage\":\"es\",\"potentialAction\":[{\"@type\":\"ReadAction\",\"target\":[\"https:\\\/\\\/alcala.salesianos.edu\\\/colegio\\\/blog\\\/2026\\\/01\\\/19\\\/celebraciones-don-bosco-2026-alcala-guadaira\\\/\"]}]},{\"@type\":\"ImageObject\",\"inLanguage\":\"es\",\"@id\":\"https:\\\/\\\/alcala.salesianos.edu\\\/colegio\\\/blog\\\/2026\\\/01\\\/19\\\/celebraciones-don-bosco-2026-alcala-guadaira\\\/#primaryimage\",\"url\":\"https:\\\/\\\/alcala.salesianos.edu\\\/colegio\\\/wp-content\\\/uploads\\\/sites\\\/2\\\/2026\\\/01\\\/1.png\",\"contentUrl\":\"https:\\\/\\\/alcala.salesianos.edu\\\/colegio\\\/wp-content\\\/uploads\\\/sites\\\/2\\\/2026\\\/01\\\/1.png\",\"width\":2000,\"height\":1414},{\"@type\":\"BreadcrumbList\",\"@id\":\"https:\\\/\\\/alcala.salesianos.edu\\\/colegio\\\/blog\\\/2026\\\/01\\\/19\\\/celebraciones-don-bosco-2026-alcala-guadaira\\\/#breadcrumb\",\"itemListElement\":[{\"@type\":\"ListItem\",\"position\":1,\"name\":\"Portada\",\"item\":\"https:\\\/\\\/alcala.salesianos.edu\\\/colegio\\\/\"},{\"@type\":\"ListItem\",\"position\":2,\"name\":\"La Casa celebra a Don Bosco con un amplio programa de celebraciones y actos\"}]},{\"@type\":\"WebSite\",\"@id\":\"https:\\\/\\\/alcala.salesianos.edu\\\/colegio\\\/#website\",\"url\":\"https:\\\/\\\/alcala.salesianos.edu\\\/colegio\\\/\",\"name\":\"Colegio Salesiano Alcal\u00e1\",\"description\":\"P\u00e1gina oficial de Salesianos Alcal\u00e1 de Guadaira\",\"potentialAction\":[{\"@type\":\"SearchAction\",\"target\":{\"@type\":\"EntryPoint\",\"urlTemplate\":\"https:\\\/\\\/alcala.salesianos.edu\\\/colegio\\\/?s={search_term_string}\"},\"query-input\":{\"@type\":\"PropertyValueSpecification\",\"valueRequired\":true,\"valueName\":\"search_term_string\"}}],\"inLanguage\":\"es\"},{\"@type\":\"Person\",\"@id\":\"https:\\\/\\\/alcala.salesianos.edu\\\/colegio\\\/#\\\/schema\\\/person\\\/afcc24f776dc91fc2bf9afb0998fca77\",\"name\":\"Administrador Web\",\"image\":{\"@type\":\"ImageObject\",\"inLanguage\":\"es\",\"@id\":\"https:\\\/\\\/secure.gravatar.com\\\/avatar\\\/bc157e994689bd6da9645c00aa3bc4d55b727915b6652642660db0aef086585f?s=96&d=mm&r=g\",\"url\":\"https:\\\/\\\/secure.gravatar.com\\\/avatar\\\/bc157e994689bd6da9645c00aa3bc4d55b727915b6652642660db0aef086585f?s=96&d=mm&r=g\",\"contentUrl\":\"https:\\\/\\\/secure.gravatar.com\\\/avatar\\\/bc157e994689bd6da9645c00aa3bc4d55b727915b6652642660db0aef086585f?s=96&d=mm&r=g\",\"caption\":\"Administrador Web\"}}]}<\/script>\n<!-- \/ Yoast SEO plugin. -->","yoast_head_json":{"title":"La Casa celebra a Don Bosco con un amplio programa de celebraciones y actos - Colegio Salesiano Alcal\u00e1","robots":{"index":"index","follow":"follow","max-snippet":"max-snippet:-1","max-image-preview":"max-image-preview:large","max-video-preview":"max-video-preview:-1"},"canonical":"https:\/\/alcala.salesianos.edu\/colegio\/blog\/2026\/01\/19\/celebraciones-don-bosco-2026-alcala-guadaira\/","og_locale":"es_ES","og_type":"article","og_title":"La Casa celebra a Don Bosco con un amplio programa de celebraciones y actos - Colegio Salesiano Alcal\u00e1","og_description":"La Casa Salesiana de Alcal\u00e1 de Guada\u00edra celebra la fiesta de San Juan Bosco con un completo programa de cultos, actividades educativas, juegos, peregrinaci\u00f3n y encuentros pastorales.","og_url":"https:\/\/alcala.salesianos.edu\/colegio\/blog\/2026\/01\/19\/celebraciones-don-bosco-2026-alcala-guadaira\/","og_site_name":"Colegio Salesiano Alcal\u00e1","article_published_time":"2026-01-19T14:57:36+00:00","og_image":[{"width":1024,"height":724,"url":"https:\/\/alcala.salesianos.edu\/colegio\/wp-content\/uploads\/sites\/2\/2026\/01\/1-1024x724.png","type":"image\/png"}],"author":"Administrador Web","twitter_card":"summary_large_image","twitter_misc":{"Escrito por":"Administrador Web"},"schema":{"@context":"https:\/\/schema.org","@graph":[{"@type":"Article","@id":"https:\/\/alcala.salesianos.edu\/colegio\/blog\/2026\/01\/19\/celebraciones-don-bosco-2026-alcala-guadaira\/#article","isPartOf":{"@id":"https:\/\/alcala.salesianos.edu\/colegio\/blog\/2026\/01\/19\/celebraciones-don-bosco-2026-alcala-guadaira\/"},"author":{"name":"Administrador Web","@id":"https:\/\/alcala.salesianos.edu\/colegio\/#\/schema\/person\/afcc24f776dc91fc2bf9afb0998fca77"},"headline":"La Casa celebra a Don Bosco con un amplio programa de celebraciones y actos","datePublished":"2026-01-19T14:57:36+00:00","mainEntityOfPage":{"@id":"https:\/\/alcala.salesianos.edu\/colegio\/blog\/2026\/01\/19\/celebraciones-don-bosco-2026-alcala-guadaira\/"},"wordCount":433,"image":{"@id":"https:\/\/alcala.salesianos.edu\/colegio\/blog\/2026\/01\/19\/celebraciones-don-bosco-2026-alcala-guadaira\/#primaryimage"},"thumbnailUrl":"https:\/\/alcala.salesianos.edu\/colegio\/wp-content\/uploads\/sites\/2\/2026\/01\/1.png","articleSection":["Colegio","covid","Escuela abierta","FASA","Infantil","Pastoral","Portada","Primaria","Secundaria","Uncategorized"],"inLanguage":"es"},{"@type":"WebPage","@id":"https:\/\/alcala.salesianos.edu\/colegio\/blog\/2026\/01\/19\/celebraciones-don-bosco-2026-alcala-guadaira\/","url":"https:\/\/alcala.salesianos.edu\/colegio\/blog\/2026\/01\/19\/celebraciones-don-bosco-2026-alcala-guadaira\/","name":"La Casa celebra a Don Bosco con un amplio programa de celebraciones y actos - Colegio Salesiano Alcal\u00e1","isPartOf":{"@id":"https:\/\/alcala.salesianos.edu\/colegio\/#website"},"primaryImageOfPage":{"@id":"https:\/\/alcala.salesianos.edu\/colegio\/blog\/2026\/01\/19\/celebraciones-don-bosco-2026-alcala-guadaira\/#primaryimage"},"image":{"@id":"https:\/\/alcala.salesianos.edu\/colegio\/blog\/2026\/01\/19\/celebraciones-don-bosco-2026-alcala-guadaira\/#primaryimage"},"thumbnailUrl":"https:\/\/alcala.salesianos.edu\/colegio\/wp-content\/uploads\/sites\/2\/2026\/01\/1.png","datePublished":"2026-01-19T14:57:36+00:00","author":{"@id":"https:\/\/alcala.salesianos.edu\/colegio\/#\/schema\/person\/afcc24f776dc91fc2bf9afb0998fca77"},"breadcrumb":{"@id":"https:\/\/alcala.salesianos.edu\/colegio\/blog\/2026\/01\/19\/celebraciones-don-bosco-2026-alcala-guadaira\/#breadcrumb"},"inLanguage":"es","potentialAction":[{"@type":"ReadAction","target":["https:\/\/alcala.salesianos.edu\/colegio\/blog\/2026\/01\/19\/celebraciones-don-bosco-2026-alcala-guadaira\/"]}]},{"@type":"ImageObject","inLanguage":"es","@id":"https:\/\/alcala.salesianos.edu\/colegio\/blog\/2026\/01\/19\/celebraciones-don-bosco-2026-alcala-guadaira\/#primaryimage","url":"https:\/\/alcala.salesianos.edu\/colegio\/wp-content\/uploads\/sites\/2\/2026\/01\/1.png","contentUrl":"https:\/\/alcala.salesianos.edu\/colegio\/wp-content\/uploads\/sites\/2\/2026\/01\/1.png","width":2000,"height":1414},{"@type":"BreadcrumbList","@id":"https:\/\/alcala.salesianos.edu\/colegio\/blog\/2026\/01\/19\/celebraciones-don-bosco-2026-alcala-guadaira\/#breadcrumb","itemListElement":[{"@type":"ListItem","position":1,"name":"Portada","item":"https:\/\/alcala.salesianos.edu\/colegio\/"},{"@type":"ListItem","position":2,"name":"La Casa celebra a Don Bosco con un amplio programa de celebraciones y actos"}]},{"@type":"WebSite","@id":"https:\/\/alcala.salesianos.edu\/colegio\/#website","url":"https:\/\/alcala.salesianos.edu\/colegio\/","name":"Colegio Salesiano Alcal\u00e1","description":"P\u00e1gina oficial de Salesianos Alcal\u00e1 de Guadaira","potentialAction":[{"@type":"SearchAction","target":{"@type":"EntryPoint","urlTemplate":"https:\/\/alcala.salesianos.edu\/colegio\/?s={search_term_string}"},"query-input":{"@type":"PropertyValueSpecification","valueRequired":true,"valueName":"search_term_string"}}],"inLanguage":"es"},{"@type":"Person","@id":"https:\/\/alcala.salesianos.edu\/colegio\/#\/schema\/person\/afcc24f776dc91fc2bf9afb0998fca77","name":"Administrador Web","image":{"@type":"ImageObject","inLanguage":"es","@id":"https:\/\/secure.gravatar.com\/avatar\/bc157e994689bd6da9645c00aa3bc4d55b727915b6652642660db0aef086585f?s=96&d=mm&r=g","url":"https:\/\/secure.gravatar.com\/avatar\/bc157e994689bd6da9645c00aa3bc4d55b727915b6652642660db0aef086585f?s=96&d=mm&r=g","contentUrl":"https:\/\/secure.gravatar.com\/avatar\/bc157e994689bd6da9645c00aa3bc4d55b727915b6652642660db0aef086585f?s=96&d=mm&r=g","caption":"Administrador Web"}}]}},"_links":{"self":[{"href":"https:\/\/alcala.salesianos.edu\/colegio\/wp-json\/wp\/v2\/posts\/16911","targetHints":{"allow":["GET"]}}],"collection":[{"href":"https:\/\/alcala.salesianos.edu\/colegio\/wp-json\/wp\/v2\/posts"}],"about":[{"href":"https:\/\/alcala.salesianos.edu\/colegio\/wp-json\/wp\/v2\/types\/post"}],"author":[{"embeddable":true,"href":"https:\/\/alcala.salesianos.edu\/colegio\/wp-json\/wp\/v2\/users\/2"}],"replies":[{"embeddable":true,"href":"https:\/\/alcala.salesianos.edu\/colegio\/wp-json\/wp\/v2\/comments?post=16911"}],"version-history":[{"count":0,"href":"https:\/\/alcala.salesianos.edu\/colegio\/wp-json\/wp\/v2\/posts\/16911\/revisions"}],"wp:featuredmedia":[{"embeddable":true,"href":"https:\/\/alcala.salesianos.edu\/colegio\/wp-json\/wp\/v2\/media\/16912"}],"wp:attachment":[{"href":"https:\/\/alcala.salesianos.edu\/colegio\/wp-json\/wp\/v2\/media?parent=16911"}],"wp:term":[{"taxonomy":"category","embeddable":true,"href":"https:\/\/alcala.salesianos.edu\/colegio\/wp-json\/wp\/v2\/categories?post=16911"},{"taxonomy":"post_tag","embeddable":true,"href":"https:\/\/alcala.salesianos.edu\/colegio\/wp-json\/wp\/v2\/tags?post=16911"}],"curies":[{"name":"wp","href":"https:\/\/api.w.org\/{rel}","templated":true}]}}