{"id":16802,"date":"2025-11-05T16:16:38","date_gmt":"2025-11-05T15:16:38","guid":{"rendered":"https:\/\/alcala.salesianos.edu\/colegio\/blog\/2025\/11\/05\/la-comunidad-educativa-se-vuelca-con-el-domund\/"},"modified":"2025-11-05T16:16:38","modified_gmt":"2025-11-05T15:16:38","slug":"la-comunidad-educativa-se-vuelca-con-el-domund","status":"publish","type":"post","link":"https:\/\/alcala.salesianos.edu\/colegio\/blog\/2025\/11\/05\/la-comunidad-educativa-se-vuelca-con-el-domund\/","title":{"rendered":"La Comunidad Educativa se vuelca con el DOMUND"},"content":{"rendered":"<div id=\"fb-root\"><\/div>\n<p>[et_pb_section fb_built=\u00bb1&#8243; admin_label=\u00bbsection\u00bb _builder_version=\u00bb4.16&#8243; global_colors_info=\u00bb{}\u00bb][et_pb_row admin_label=\u00bbrow\u00bb _builder_version=\u00bb4.16&#8243; background_size=\u00bbinitial\u00bb background_position=\u00bbtop_left\u00bb background_repeat=\u00bbrepeat\u00bb global_colors_info=\u00bb{}\u00bb][et_pb_column type=\u00bb4_4&#8243; _builder_version=\u00bb4.16&#8243; custom_padding=\u00bb|||\u00bb global_colors_info=\u00bb{}\u00bb custom_padding__hover=\u00bb|||\u00bb][et_pb_text _builder_version=\u00bb4.27.4&#8243; _module_preset=\u00bbdefault\u00bb global_colors_info=\u00bb{}\u00bb]<\/p>\n<p data-start=\"286\" data-end=\"666\">La comunidad educativa de nuestro centro ha vuelto a demostrar, una vez m\u00e1s, su compromiso con la solidaridad y la misi\u00f3n. Gracias a la colaboraci\u00f3n y la implicaci\u00f3n de todos en la <strong data-start=\"495\" data-end=\"522\">campa\u00f1a del DOMUND 2025<\/strong>, se ha conseguido recaudar un total de <strong data-start=\"562\" data-end=\"580\">2.519,66 euros<\/strong>, que se destinar\u00e1n \u00edntegramente a apoyar la labor de los misioneros en todo el mundo.<\/p>\n<p data-start=\"668\" data-end=\"860\">Esta recaudaci\u00f3n permitir\u00e1 continuar llevando <strong data-start=\"714\" data-end=\"746\">esperanza, educaci\u00f3n y ayuda<\/strong> a quienes m\u00e1s lo necesitan, contribuyendo as\u00ed a mejorar las condiciones de vida de muchas personas y comunidades.<\/p>\n<p data-start=\"862\" data-end=\"1121\">Desde la Casa, queremos expresar nuestro <strong data-start=\"923\" data-end=\"954\">m\u00e1s profundo agradecimiento<\/strong> a todas las personas que, con su generosidad, han hecho posible esta gran muestra de fraternidad. Gracias a todos por mantener <strong data-start=\"1152\" data-end=\"1182\">vivo el esp\u00edritu misionero<\/strong> que nos une y nos impulsa a construir un mundo m\u00e1s justo y solidario.<\/p>\n<p data-start=\"1254\" data-end=\"1301\"><strong data-start=\"1254\" data-end=\"1301\">\u00a1Enhorabuena y gracias por hacerlo posible!<\/strong><\/p>\n<p>[\/et_pb_text][\/et_pb_column][\/et_pb_row][\/et_pb_section]<\/p>\n","protected":false},"excerpt":{"rendered":"<p>Gracias a la implicaci\u00f3n de todos, nuestra Casa ha recaudado 2.519,66 \u20ac en la campa\u00f1a del DOMUND 2025, apoyando la labor de los misioneros en el mundo.<\/p>\n","protected":false},"author":2,"featured_media":16803,"comment_status":"","ping_status":"open","sticky":false,"template":"","format":"standard","meta":{"_et_pb_use_builder":"on","_et_pb_old_content":"","_et_gb_content_width":"","footnotes":""},"categories":[12,23,19,13,17,14,15,18,16,1],"tags":[],"class_list":["post-16802","post","type-post","status-publish","format-standard","has-post-thumbnail","hentry","category-colegio","category-covid","category-escuela-abierta","category-fasa","category-infantil","category-pastoral","category-portada","category-primaria","category-secundaria","category-uncategorized"],"yoast_head":"<!-- This site is optimized with the Yoast SEO plugin v28.3 - https:\/\/yoast.com\/product\/yoast-seo-wordpress\/ -->\n<title>La Comunidad Educativa se vuelca con el DOMUND - Colegio Salesiano Alcal\u00e1<\/title>\n<meta name=\"description\" content=\"Gracias a la implicaci\u00f3n de todos, nuestra Casa ha recaudado 2.519,66 \u20ac en la campa\u00f1a del DOMUND 2025, apoyando la labor de los misioneros.\" \/>\n<meta name=\"robots\" content=\"index, follow, max-snippet:-1, max-image-preview:large, max-video-preview:-1\" \/>\n<link rel=\"canonical\" href=\"https:\/\/alcala.salesianos.edu\/colegio\/blog\/2025\/11\/05\/la-comunidad-educativa-se-vuelca-con-el-domund\/\" \/>\n<meta property=\"og:locale\" content=\"es_ES\" \/>\n<meta property=\"og:type\" content=\"article\" \/>\n<meta property=\"og:title\" content=\"La Comunidad Educativa se vuelca con el DOMUND - Colegio Salesiano Alcal\u00e1\" \/>\n<meta property=\"og:description\" content=\"Gracias a la implicaci\u00f3n de todos, nuestra Casa ha recaudado 2.519,66 \u20ac en la campa\u00f1a del DOMUND 2025, apoyando la labor de los misioneros.\" \/>\n<meta property=\"og:url\" content=\"https:\/\/alcala.salesianos.edu\/colegio\/blog\/2025\/11\/05\/la-comunidad-educativa-se-vuelca-con-el-domund\/\" \/>\n<meta property=\"og:site_name\" content=\"Colegio Salesiano Alcal\u00e1\" \/>\n<meta property=\"article:published_time\" content=\"2025-11-05T15:16:38+00:00\" \/>\n<meta property=\"og:image\" content=\"https:\/\/alcala.salesianos.edu\/colegio\/wp-content\/uploads\/sites\/2\/2025\/11\/Domund-2025.jpg\" \/>\n\t<meta property=\"og:image:width\" content=\"1635\" \/>\n\t<meta property=\"og:image:height\" content=\"806\" \/>\n\t<meta property=\"og:image:type\" content=\"image\/jpeg\" \/>\n<meta name=\"author\" content=\"Administrador Web\" \/>\n<meta name=\"twitter:card\" content=\"summary_large_image\" \/>\n<meta name=\"twitter:label1\" content=\"Escrito por\" \/>\n\t<meta name=\"twitter:data1\" content=\"Administrador Web\" \/>\n\t<meta name=\"twitter:label2\" content=\"Tiempo de lectura\" \/>\n\t<meta name=\"twitter:data2\" content=\"1 minuto\" \/>\n<script type=\"application\/ld+json\" class=\"yoast-schema-graph\">{\"@context\":\"https:\\\/\\\/schema.org\",\"@graph\":[{\"@type\":\"Article\",\"@id\":\"https:\\\/\\\/alcala.salesianos.edu\\\/colegio\\\/blog\\\/2025\\\/11\\\/05\\\/la-comunidad-educativa-se-vuelca-con-el-domund\\\/#article\",\"isPartOf\":{\"@id\":\"https:\\\/\\\/alcala.salesianos.edu\\\/colegio\\\/blog\\\/2025\\\/11\\\/05\\\/la-comunidad-educativa-se-vuelca-con-el-domund\\\/\"},\"author\":{\"name\":\"Administrador Web\",\"@id\":\"https:\\\/\\\/alcala.salesianos.edu\\\/colegio\\\/#\\\/schema\\\/person\\\/afcc24f776dc91fc2bf9afb0998fca77\"},\"headline\":\"La Comunidad Educativa se vuelca con el DOMUND\",\"datePublished\":\"2025-11-05T15:16:38+00:00\",\"mainEntityOfPage\":{\"@id\":\"https:\\\/\\\/alcala.salesianos.edu\\\/colegio\\\/blog\\\/2025\\\/11\\\/05\\\/la-comunidad-educativa-se-vuelca-con-el-domund\\\/\"},\"wordCount\":230,\"image\":{\"@id\":\"https:\\\/\\\/alcala.salesianos.edu\\\/colegio\\\/blog\\\/2025\\\/11\\\/05\\\/la-comunidad-educativa-se-vuelca-con-el-domund\\\/#primaryimage\"},\"thumbnailUrl\":\"https:\\\/\\\/alcala.salesianos.edu\\\/colegio\\\/wp-content\\\/uploads\\\/sites\\\/2\\\/2025\\\/11\\\/Domund-2025.jpg\",\"articleSection\":[\"Colegio\",\"covid\",\"Escuela abierta\",\"FASA\",\"Infantil\",\"Pastoral\",\"Portada\",\"Primaria\",\"Secundaria\",\"Uncategorized\"],\"inLanguage\":\"es\"},{\"@type\":\"WebPage\",\"@id\":\"https:\\\/\\\/alcala.salesianos.edu\\\/colegio\\\/blog\\\/2025\\\/11\\\/05\\\/la-comunidad-educativa-se-vuelca-con-el-domund\\\/\",\"url\":\"https:\\\/\\\/alcala.salesianos.edu\\\/colegio\\\/blog\\\/2025\\\/11\\\/05\\\/la-comunidad-educativa-se-vuelca-con-el-domund\\\/\",\"name\":\"La Comunidad Educativa se vuelca con el DOMUND - Colegio Salesiano Alcal\u00e1\",\"isPartOf\":{\"@id\":\"https:\\\/\\\/alcala.salesianos.edu\\\/colegio\\\/#website\"},\"primaryImageOfPage\":{\"@id\":\"https:\\\/\\\/alcala.salesianos.edu\\\/colegio\\\/blog\\\/2025\\\/11\\\/05\\\/la-comunidad-educativa-se-vuelca-con-el-domund\\\/#primaryimage\"},\"image\":{\"@id\":\"https:\\\/\\\/alcala.salesianos.edu\\\/colegio\\\/blog\\\/2025\\\/11\\\/05\\\/la-comunidad-educativa-se-vuelca-con-el-domund\\\/#primaryimage\"},\"thumbnailUrl\":\"https:\\\/\\\/alcala.salesianos.edu\\\/colegio\\\/wp-content\\\/uploads\\\/sites\\\/2\\\/2025\\\/11\\\/Domund-2025.jpg\",\"datePublished\":\"2025-11-05T15:16:38+00:00\",\"author\":{\"@id\":\"https:\\\/\\\/alcala.salesianos.edu\\\/colegio\\\/#\\\/schema\\\/person\\\/afcc24f776dc91fc2bf9afb0998fca77\"},\"description\":\"Gracias a la implicaci\u00f3n de todos, nuestra Casa ha recaudado 2.519,66 \u20ac en la campa\u00f1a del DOMUND 2025, apoyando la labor de los misioneros.\",\"breadcrumb\":{\"@id\":\"https:\\\/\\\/alcala.salesianos.edu\\\/colegio\\\/blog\\\/2025\\\/11\\\/05\\\/la-comunidad-educativa-se-vuelca-con-el-domund\\\/#breadcrumb\"},\"inLanguage\":\"es\",\"potentialAction\":[{\"@type\":\"ReadAction\",\"target\":[\"https:\\\/\\\/alcala.salesianos.edu\\\/colegio\\\/blog\\\/2025\\\/11\\\/05\\\/la-comunidad-educativa-se-vuelca-con-el-domund\\\/\"]}]},{\"@type\":\"ImageObject\",\"inLanguage\":\"es\",\"@id\":\"https:\\\/\\\/alcala.salesianos.edu\\\/colegio\\\/blog\\\/2025\\\/11\\\/05\\\/la-comunidad-educativa-se-vuelca-con-el-domund\\\/#primaryimage\",\"url\":\"https:\\\/\\\/alcala.salesianos.edu\\\/colegio\\\/wp-content\\\/uploads\\\/sites\\\/2\\\/2025\\\/11\\\/Domund-2025.jpg\",\"contentUrl\":\"https:\\\/\\\/alcala.salesianos.edu\\\/colegio\\\/wp-content\\\/uploads\\\/sites\\\/2\\\/2025\\\/11\\\/Domund-2025.jpg\",\"width\":1635,\"height\":806},{\"@type\":\"BreadcrumbList\",\"@id\":\"https:\\\/\\\/alcala.salesianos.edu\\\/colegio\\\/blog\\\/2025\\\/11\\\/05\\\/la-comunidad-educativa-se-vuelca-con-el-domund\\\/#breadcrumb\",\"itemListElement\":[{\"@type\":\"ListItem\",\"position\":1,\"name\":\"Portada\",\"item\":\"https:\\\/\\\/alcala.salesianos.edu\\\/colegio\\\/\"},{\"@type\":\"ListItem\",\"position\":2,\"name\":\"La Comunidad Educativa se vuelca con el DOMUND\"}]},{\"@type\":\"WebSite\",\"@id\":\"https:\\\/\\\/alcala.salesianos.edu\\\/colegio\\\/#website\",\"url\":\"https:\\\/\\\/alcala.salesianos.edu\\\/colegio\\\/\",\"name\":\"Colegio Salesiano Alcal\u00e1\",\"description\":\"P\u00e1gina oficial de Salesianos Alcal\u00e1 de Guadaira\",\"potentialAction\":[{\"@type\":\"SearchAction\",\"target\":{\"@type\":\"EntryPoint\",\"urlTemplate\":\"https:\\\/\\\/alcala.salesianos.edu\\\/colegio\\\/?s={search_term_string}\"},\"query-input\":{\"@type\":\"PropertyValueSpecification\",\"valueRequired\":true,\"valueName\":\"search_term_string\"}}],\"inLanguage\":\"es\"},{\"@type\":\"Person\",\"@id\":\"https:\\\/\\\/alcala.salesianos.edu\\\/colegio\\\/#\\\/schema\\\/person\\\/afcc24f776dc91fc2bf9afb0998fca77\",\"name\":\"Administrador Web\",\"image\":{\"@type\":\"ImageObject\",\"inLanguage\":\"es\",\"@id\":\"https:\\\/\\\/secure.gravatar.com\\\/avatar\\\/bc157e994689bd6da9645c00aa3bc4d55b727915b6652642660db0aef086585f?s=96&d=mm&r=g\",\"url\":\"https:\\\/\\\/secure.gravatar.com\\\/avatar\\\/bc157e994689bd6da9645c00aa3bc4d55b727915b6652642660db0aef086585f?s=96&d=mm&r=g\",\"contentUrl\":\"https:\\\/\\\/secure.gravatar.com\\\/avatar\\\/bc157e994689bd6da9645c00aa3bc4d55b727915b6652642660db0aef086585f?s=96&d=mm&r=g\",\"caption\":\"Administrador Web\"}}]}<\/script>\n<!-- \/ Yoast SEO plugin. -->","yoast_head_json":{"title":"La Comunidad Educativa se vuelca con el DOMUND - Colegio Salesiano Alcal\u00e1","description":"Gracias a la implicaci\u00f3n de todos, nuestra Casa ha recaudado 2.519,66 \u20ac en la campa\u00f1a del DOMUND 2025, apoyando la labor de los misioneros.","robots":{"index":"index","follow":"follow","max-snippet":"max-snippet:-1","max-image-preview":"max-image-preview:large","max-video-preview":"max-video-preview:-1"},"canonical":"https:\/\/alcala.salesianos.edu\/colegio\/blog\/2025\/11\/05\/la-comunidad-educativa-se-vuelca-con-el-domund\/","og_locale":"es_ES","og_type":"article","og_title":"La Comunidad Educativa se vuelca con el DOMUND - Colegio Salesiano Alcal\u00e1","og_description":"Gracias a la implicaci\u00f3n de todos, nuestra Casa ha recaudado 2.519,66 \u20ac en la campa\u00f1a del DOMUND 2025, apoyando la labor de los misioneros.","og_url":"https:\/\/alcala.salesianos.edu\/colegio\/blog\/2025\/11\/05\/la-comunidad-educativa-se-vuelca-con-el-domund\/","og_site_name":"Colegio Salesiano Alcal\u00e1","article_published_time":"2025-11-05T15:16:38+00:00","og_image":[{"width":1635,"height":806,"url":"https:\/\/alcala.salesianos.edu\/colegio\/wp-content\/uploads\/sites\/2\/2025\/11\/Domund-2025.jpg","type":"image\/jpeg"}],"author":"Administrador Web","twitter_card":"summary_large_image","twitter_misc":{"Escrito por":"Administrador Web","Tiempo de lectura":"1 minuto"},"schema":{"@context":"https:\/\/schema.org","@graph":[{"@type":"Article","@id":"https:\/\/alcala.salesianos.edu\/colegio\/blog\/2025\/11\/05\/la-comunidad-educativa-se-vuelca-con-el-domund\/#article","isPartOf":{"@id":"https:\/\/alcala.salesianos.edu\/colegio\/blog\/2025\/11\/05\/la-comunidad-educativa-se-vuelca-con-el-domund\/"},"author":{"name":"Administrador Web","@id":"https:\/\/alcala.salesianos.edu\/colegio\/#\/schema\/person\/afcc24f776dc91fc2bf9afb0998fca77"},"headline":"La Comunidad Educativa se vuelca con el DOMUND","datePublished":"2025-11-05T15:16:38+00:00","mainEntityOfPage":{"@id":"https:\/\/alcala.salesianos.edu\/colegio\/blog\/2025\/11\/05\/la-comunidad-educativa-se-vuelca-con-el-domund\/"},"wordCount":230,"image":{"@id":"https:\/\/alcala.salesianos.edu\/colegio\/blog\/2025\/11\/05\/la-comunidad-educativa-se-vuelca-con-el-domund\/#primaryimage"},"thumbnailUrl":"https:\/\/alcala.salesianos.edu\/colegio\/wp-content\/uploads\/sites\/2\/2025\/11\/Domund-2025.jpg","articleSection":["Colegio","covid","Escuela abierta","FASA","Infantil","Pastoral","Portada","Primaria","Secundaria","Uncategorized"],"inLanguage":"es"},{"@type":"WebPage","@id":"https:\/\/alcala.salesianos.edu\/colegio\/blog\/2025\/11\/05\/la-comunidad-educativa-se-vuelca-con-el-domund\/","url":"https:\/\/alcala.salesianos.edu\/colegio\/blog\/2025\/11\/05\/la-comunidad-educativa-se-vuelca-con-el-domund\/","name":"La Comunidad Educativa se vuelca con el DOMUND - Colegio Salesiano Alcal\u00e1","isPartOf":{"@id":"https:\/\/alcala.salesianos.edu\/colegio\/#website"},"primaryImageOfPage":{"@id":"https:\/\/alcala.salesianos.edu\/colegio\/blog\/2025\/11\/05\/la-comunidad-educativa-se-vuelca-con-el-domund\/#primaryimage"},"image":{"@id":"https:\/\/alcala.salesianos.edu\/colegio\/blog\/2025\/11\/05\/la-comunidad-educativa-se-vuelca-con-el-domund\/#primaryimage"},"thumbnailUrl":"https:\/\/alcala.salesianos.edu\/colegio\/wp-content\/uploads\/sites\/2\/2025\/11\/Domund-2025.jpg","datePublished":"2025-11-05T15:16:38+00:00","author":{"@id":"https:\/\/alcala.salesianos.edu\/colegio\/#\/schema\/person\/afcc24f776dc91fc2bf9afb0998fca77"},"description":"Gracias a la implicaci\u00f3n de todos, nuestra Casa ha recaudado 2.519,66 \u20ac en la campa\u00f1a del DOMUND 2025, apoyando la labor de los misioneros.","breadcrumb":{"@id":"https:\/\/alcala.salesianos.edu\/colegio\/blog\/2025\/11\/05\/la-comunidad-educativa-se-vuelca-con-el-domund\/#breadcrumb"},"inLanguage":"es","potentialAction":[{"@type":"ReadAction","target":["https:\/\/alcala.salesianos.edu\/colegio\/blog\/2025\/11\/05\/la-comunidad-educativa-se-vuelca-con-el-domund\/"]}]},{"@type":"ImageObject","inLanguage":"es","@id":"https:\/\/alcala.salesianos.edu\/colegio\/blog\/2025\/11\/05\/la-comunidad-educativa-se-vuelca-con-el-domund\/#primaryimage","url":"https:\/\/alcala.salesianos.edu\/colegio\/wp-content\/uploads\/sites\/2\/2025\/11\/Domund-2025.jpg","contentUrl":"https:\/\/alcala.salesianos.edu\/colegio\/wp-content\/uploads\/sites\/2\/2025\/11\/Domund-2025.jpg","width":1635,"height":806},{"@type":"BreadcrumbList","@id":"https:\/\/alcala.salesianos.edu\/colegio\/blog\/2025\/11\/05\/la-comunidad-educativa-se-vuelca-con-el-domund\/#breadcrumb","itemListElement":[{"@type":"ListItem","position":1,"name":"Portada","item":"https:\/\/alcala.salesianos.edu\/colegio\/"},{"@type":"ListItem","position":2,"name":"La Comunidad Educativa se vuelca con el DOMUND"}]},{"@type":"WebSite","@id":"https:\/\/alcala.salesianos.edu\/colegio\/#website","url":"https:\/\/alcala.salesianos.edu\/colegio\/","name":"Colegio Salesiano Alcal\u00e1","description":"P\u00e1gina oficial de Salesianos Alcal\u00e1 de Guadaira","potentialAction":[{"@type":"SearchAction","target":{"@type":"EntryPoint","urlTemplate":"https:\/\/alcala.salesianos.edu\/colegio\/?s={search_term_string}"},"query-input":{"@type":"PropertyValueSpecification","valueRequired":true,"valueName":"search_term_string"}}],"inLanguage":"es"},{"@type":"Person","@id":"https:\/\/alcala.salesianos.edu\/colegio\/#\/schema\/person\/afcc24f776dc91fc2bf9afb0998fca77","name":"Administrador Web","image":{"@type":"ImageObject","inLanguage":"es","@id":"https:\/\/secure.gravatar.com\/avatar\/bc157e994689bd6da9645c00aa3bc4d55b727915b6652642660db0aef086585f?s=96&d=mm&r=g","url":"https:\/\/secure.gravatar.com\/avatar\/bc157e994689bd6da9645c00aa3bc4d55b727915b6652642660db0aef086585f?s=96&d=mm&r=g","contentUrl":"https:\/\/secure.gravatar.com\/avatar\/bc157e994689bd6da9645c00aa3bc4d55b727915b6652642660db0aef086585f?s=96&d=mm&r=g","caption":"Administrador Web"}}]}},"_links":{"self":[{"href":"https:\/\/alcala.salesianos.edu\/colegio\/wp-json\/wp\/v2\/posts\/16802","targetHints":{"allow":["GET"]}}],"collection":[{"href":"https:\/\/alcala.salesianos.edu\/colegio\/wp-json\/wp\/v2\/posts"}],"about":[{"href":"https:\/\/alcala.salesianos.edu\/colegio\/wp-json\/wp\/v2\/types\/post"}],"author":[{"embeddable":true,"href":"https:\/\/alcala.salesianos.edu\/colegio\/wp-json\/wp\/v2\/users\/2"}],"replies":[{"embeddable":true,"href":"https:\/\/alcala.salesianos.edu\/colegio\/wp-json\/wp\/v2\/comments?post=16802"}],"version-history":[{"count":0,"href":"https:\/\/alcala.salesianos.edu\/colegio\/wp-json\/wp\/v2\/posts\/16802\/revisions"}],"wp:featuredmedia":[{"embeddable":true,"href":"https:\/\/alcala.salesianos.edu\/colegio\/wp-json\/wp\/v2\/media\/16803"}],"wp:attachment":[{"href":"https:\/\/alcala.salesianos.edu\/colegio\/wp-json\/wp\/v2\/media?parent=16802"}],"wp:term":[{"taxonomy":"category","embeddable":true,"href":"https:\/\/alcala.salesianos.edu\/colegio\/wp-json\/wp\/v2\/categories?post=16802"},{"taxonomy":"post_tag","embeddable":true,"href":"https:\/\/alcala.salesianos.edu\/colegio\/wp-json\/wp\/v2\/tags?post=16802"}],"curies":[{"name":"wp","href":"https:\/\/api.w.org\/{rel}","templated":true}]}}