{"id":16762,"date":"2025-09-09T09:24:23","date_gmt":"2025-09-09T08:24:23","guid":{"rendered":"https:\/\/alcala.salesianos.edu\/colegio\/blog\/2025\/09\/09\/cambio-importante-horario-primer-dia-3-anos\/"},"modified":"2025-09-09T09:24:23","modified_gmt":"2025-09-09T08:24:23","slug":"cambio-importante-horario-primer-dia-3-anos","status":"publish","type":"post","link":"https:\/\/alcala.salesianos.edu\/colegio\/blog\/2025\/09\/09\/cambio-importante-horario-primer-dia-3-anos\/","title":{"rendered":"Cambio importante: horario primer d\u00eda 3 a\u00f1os"},"content":{"rendered":"<div id=\"fb-root\"><\/div>\n<p>[et_pb_section fb_built=\u00bb1&#8243; admin_label=\u00bbsection\u00bb _builder_version=\u00bb4.16&#8243; global_colors_info=\u00bb{}\u00bb][et_pb_row admin_label=\u00bbrow\u00bb _builder_version=\u00bb4.16&#8243; background_size=\u00bbinitial\u00bb background_position=\u00bbtop_left\u00bb background_repeat=\u00bbrepeat\u00bb global_colors_info=\u00bb{}\u00bb][et_pb_column type=\u00bb4_4&#8243; _builder_version=\u00bb4.16&#8243; custom_padding=\u00bb|||\u00bb global_colors_info=\u00bb{}\u00bb custom_padding__hover=\u00bb|||\u00bb][et_pb_text _builder_version=\u00bb4.27.4&#8243; _module_preset=\u00bbdefault\u00bb hover_enabled=\u00bb0&#8243; sticky_enabled=\u00bb0&#8243;]<\/p>\n<div class=\"v-label v-widget v-has-width\">\n<p><b>Estimadas familias:<\/b><\/p>\n<p>Por medio de la presente, se les comunica que, por razones organizativas de \u00faltima hora, ha sido necesario modificar el horario previsto para la jornada del <b>primer d\u00eda<\/b> del alumnado de <b>3 a\u00f1os<\/b>.<\/p>\n<p>Se ha resuelto unificar la entrada en <b>un solo grupo<\/b>, estableciendo el nuevo horario de <b>13:00 a 14:00 horas<\/b> <b>para todos los alumnos<\/b>.<\/p>\n<p>Lamentamos los inconvenientes que esta modificaci\u00f3n pueda causar y agradecemos su colaboraci\u00f3n.<\/p>\n<p>Atentamente:<\/p>\n<p>Mateo Barrera Mac\u00edas<br \/>Director de Centro<\/p>\n<\/div>\n<p>[\/et_pb_text][\/et_pb_column][\/et_pb_row][\/et_pb_section]<\/p>\n","protected":false},"excerpt":{"rendered":"<p>Se ha resuelto unificar la entrada en un solo grupo, estableciendo el nuevo horario de 13:00 a 14:00 horas para todos los alumnos para ma\u00f1ana 10 de septiembre.<\/p>\n","protected":false},"author":2,"featured_media":16763,"comment_status":"","ping_status":"open","sticky":false,"template":"","format":"standard","meta":{"_et_pb_use_builder":"on","_et_pb_old_content":"","_et_gb_content_width":"","footnotes":""},"categories":[12,13,17,15,1],"tags":[],"class_list":["post-16762","post","type-post","status-publish","format-standard","has-post-thumbnail","hentry","category-colegio","category-fasa","category-infantil","category-portada","category-uncategorized"],"yoast_head":"<!-- This site is optimized with the Yoast SEO plugin v28.3 - https:\/\/yoast.com\/product\/yoast-seo-wordpress\/ -->\n<title>Cambio importante: horario primer d\u00eda 3 a\u00f1os - Colegio Salesiano Alcal\u00e1<\/title>\n<meta name=\"robots\" content=\"index, follow, max-snippet:-1, max-image-preview:large, max-video-preview:-1\" \/>\n<link rel=\"canonical\" href=\"https:\/\/alcala.salesianos.edu\/colegio\/blog\/2025\/09\/09\/cambio-importante-horario-primer-dia-3-anos\/\" \/>\n<meta property=\"og:locale\" content=\"es_ES\" \/>\n<meta property=\"og:type\" content=\"article\" \/>\n<meta property=\"og:title\" content=\"Cambio importante: horario primer d\u00eda 3 a\u00f1os - Colegio Salesiano Alcal\u00e1\" \/>\n<meta property=\"og:description\" content=\"Se ha resuelto unificar la entrada en un solo grupo, estableciendo el nuevo horario de 13:00 a 14:00 horas para todos los alumnos para ma\u00f1ana 10 de septiembre.\" \/>\n<meta property=\"og:url\" content=\"https:\/\/alcala.salesianos.edu\/colegio\/blog\/2025\/09\/09\/cambio-importante-horario-primer-dia-3-anos\/\" \/>\n<meta property=\"og:site_name\" content=\"Colegio Salesiano Alcal\u00e1\" \/>\n<meta property=\"article:published_time\" content=\"2025-09-09T08:24:23+00:00\" \/>\n<meta property=\"og:image\" content=\"https:\/\/alcala.salesianos.edu\/colegio\/wp-content\/uploads\/sites\/2\/2025\/09\/Copia-de-Comunicacion-a-las-familias5.png\" \/>\n\t<meta property=\"og:image:width\" content=\"1080\" \/>\n\t<meta property=\"og:image:height\" content=\"1080\" \/>\n\t<meta property=\"og:image:type\" content=\"image\/png\" \/>\n<meta name=\"author\" content=\"Administrador Web\" \/>\n<meta name=\"twitter:card\" content=\"summary_large_image\" \/>\n<meta name=\"twitter:label1\" content=\"Escrito por\" \/>\n\t<meta name=\"twitter:data1\" content=\"Administrador Web\" \/>\n<script type=\"application\/ld+json\" class=\"yoast-schema-graph\">{\"@context\":\"https:\\\/\\\/schema.org\",\"@graph\":[{\"@type\":\"Article\",\"@id\":\"https:\\\/\\\/alcala.salesianos.edu\\\/colegio\\\/blog\\\/2025\\\/09\\\/09\\\/cambio-importante-horario-primer-dia-3-anos\\\/#article\",\"isPartOf\":{\"@id\":\"https:\\\/\\\/alcala.salesianos.edu\\\/colegio\\\/blog\\\/2025\\\/09\\\/09\\\/cambio-importante-horario-primer-dia-3-anos\\\/\"},\"author\":{\"name\":\"Administrador Web\",\"@id\":\"https:\\\/\\\/alcala.salesianos.edu\\\/colegio\\\/#\\\/schema\\\/person\\\/afcc24f776dc91fc2bf9afb0998fca77\"},\"headline\":\"Cambio importante: horario primer d\u00eda 3 a\u00f1os\",\"datePublished\":\"2025-09-09T08:24:23+00:00\",\"mainEntityOfPage\":{\"@id\":\"https:\\\/\\\/alcala.salesianos.edu\\\/colegio\\\/blog\\\/2025\\\/09\\\/09\\\/cambio-importante-horario-primer-dia-3-anos\\\/\"},\"wordCount\":158,\"image\":{\"@id\":\"https:\\\/\\\/alcala.salesianos.edu\\\/colegio\\\/blog\\\/2025\\\/09\\\/09\\\/cambio-importante-horario-primer-dia-3-anos\\\/#primaryimage\"},\"thumbnailUrl\":\"https:\\\/\\\/alcala.salesianos.edu\\\/colegio\\\/wp-content\\\/uploads\\\/sites\\\/2\\\/2025\\\/09\\\/Copia-de-Comunicacion-a-las-familias5.png\",\"articleSection\":[\"Colegio\",\"FASA\",\"Infantil\",\"Portada\",\"Uncategorized\"],\"inLanguage\":\"es\"},{\"@type\":\"WebPage\",\"@id\":\"https:\\\/\\\/alcala.salesianos.edu\\\/colegio\\\/blog\\\/2025\\\/09\\\/09\\\/cambio-importante-horario-primer-dia-3-anos\\\/\",\"url\":\"https:\\\/\\\/alcala.salesianos.edu\\\/colegio\\\/blog\\\/2025\\\/09\\\/09\\\/cambio-importante-horario-primer-dia-3-anos\\\/\",\"name\":\"Cambio importante: horario primer d\u00eda 3 a\u00f1os - Colegio Salesiano Alcal\u00e1\",\"isPartOf\":{\"@id\":\"https:\\\/\\\/alcala.salesianos.edu\\\/colegio\\\/#website\"},\"primaryImageOfPage\":{\"@id\":\"https:\\\/\\\/alcala.salesianos.edu\\\/colegio\\\/blog\\\/2025\\\/09\\\/09\\\/cambio-importante-horario-primer-dia-3-anos\\\/#primaryimage\"},\"image\":{\"@id\":\"https:\\\/\\\/alcala.salesianos.edu\\\/colegio\\\/blog\\\/2025\\\/09\\\/09\\\/cambio-importante-horario-primer-dia-3-anos\\\/#primaryimage\"},\"thumbnailUrl\":\"https:\\\/\\\/alcala.salesianos.edu\\\/colegio\\\/wp-content\\\/uploads\\\/sites\\\/2\\\/2025\\\/09\\\/Copia-de-Comunicacion-a-las-familias5.png\",\"datePublished\":\"2025-09-09T08:24:23+00:00\",\"author\":{\"@id\":\"https:\\\/\\\/alcala.salesianos.edu\\\/colegio\\\/#\\\/schema\\\/person\\\/afcc24f776dc91fc2bf9afb0998fca77\"},\"breadcrumb\":{\"@id\":\"https:\\\/\\\/alcala.salesianos.edu\\\/colegio\\\/blog\\\/2025\\\/09\\\/09\\\/cambio-importante-horario-primer-dia-3-anos\\\/#breadcrumb\"},\"inLanguage\":\"es\",\"potentialAction\":[{\"@type\":\"ReadAction\",\"target\":[\"https:\\\/\\\/alcala.salesianos.edu\\\/colegio\\\/blog\\\/2025\\\/09\\\/09\\\/cambio-importante-horario-primer-dia-3-anos\\\/\"]}]},{\"@type\":\"ImageObject\",\"inLanguage\":\"es\",\"@id\":\"https:\\\/\\\/alcala.salesianos.edu\\\/colegio\\\/blog\\\/2025\\\/09\\\/09\\\/cambio-importante-horario-primer-dia-3-anos\\\/#primaryimage\",\"url\":\"https:\\\/\\\/alcala.salesianos.edu\\\/colegio\\\/wp-content\\\/uploads\\\/sites\\\/2\\\/2025\\\/09\\\/Copia-de-Comunicacion-a-las-familias5.png\",\"contentUrl\":\"https:\\\/\\\/alcala.salesianos.edu\\\/colegio\\\/wp-content\\\/uploads\\\/sites\\\/2\\\/2025\\\/09\\\/Copia-de-Comunicacion-a-las-familias5.png\",\"width\":1080,\"height\":1080},{\"@type\":\"BreadcrumbList\",\"@id\":\"https:\\\/\\\/alcala.salesianos.edu\\\/colegio\\\/blog\\\/2025\\\/09\\\/09\\\/cambio-importante-horario-primer-dia-3-anos\\\/#breadcrumb\",\"itemListElement\":[{\"@type\":\"ListItem\",\"position\":1,\"name\":\"Portada\",\"item\":\"https:\\\/\\\/alcala.salesianos.edu\\\/colegio\\\/\"},{\"@type\":\"ListItem\",\"position\":2,\"name\":\"Cambio importante: horario primer d\u00eda 3 a\u00f1os\"}]},{\"@type\":\"WebSite\",\"@id\":\"https:\\\/\\\/alcala.salesianos.edu\\\/colegio\\\/#website\",\"url\":\"https:\\\/\\\/alcala.salesianos.edu\\\/colegio\\\/\",\"name\":\"Colegio Salesiano Alcal\u00e1\",\"description\":\"P\u00e1gina oficial de Salesianos Alcal\u00e1 de Guadaira\",\"potentialAction\":[{\"@type\":\"SearchAction\",\"target\":{\"@type\":\"EntryPoint\",\"urlTemplate\":\"https:\\\/\\\/alcala.salesianos.edu\\\/colegio\\\/?s={search_term_string}\"},\"query-input\":{\"@type\":\"PropertyValueSpecification\",\"valueRequired\":true,\"valueName\":\"search_term_string\"}}],\"inLanguage\":\"es\"},{\"@type\":\"Person\",\"@id\":\"https:\\\/\\\/alcala.salesianos.edu\\\/colegio\\\/#\\\/schema\\\/person\\\/afcc24f776dc91fc2bf9afb0998fca77\",\"name\":\"Administrador Web\",\"image\":{\"@type\":\"ImageObject\",\"inLanguage\":\"es\",\"@id\":\"https:\\\/\\\/secure.gravatar.com\\\/avatar\\\/bc157e994689bd6da9645c00aa3bc4d55b727915b6652642660db0aef086585f?s=96&d=mm&r=g\",\"url\":\"https:\\\/\\\/secure.gravatar.com\\\/avatar\\\/bc157e994689bd6da9645c00aa3bc4d55b727915b6652642660db0aef086585f?s=96&d=mm&r=g\",\"contentUrl\":\"https:\\\/\\\/secure.gravatar.com\\\/avatar\\\/bc157e994689bd6da9645c00aa3bc4d55b727915b6652642660db0aef086585f?s=96&d=mm&r=g\",\"caption\":\"Administrador Web\"}}]}<\/script>\n<!-- \/ Yoast SEO plugin. -->","yoast_head_json":{"title":"Cambio importante: horario primer d\u00eda 3 a\u00f1os - Colegio Salesiano Alcal\u00e1","robots":{"index":"index","follow":"follow","max-snippet":"max-snippet:-1","max-image-preview":"max-image-preview:large","max-video-preview":"max-video-preview:-1"},"canonical":"https:\/\/alcala.salesianos.edu\/colegio\/blog\/2025\/09\/09\/cambio-importante-horario-primer-dia-3-anos\/","og_locale":"es_ES","og_type":"article","og_title":"Cambio importante: horario primer d\u00eda 3 a\u00f1os - Colegio Salesiano Alcal\u00e1","og_description":"Se ha resuelto unificar la entrada en un solo grupo, estableciendo el nuevo horario de 13:00 a 14:00 horas para todos los alumnos para ma\u00f1ana 10 de septiembre.","og_url":"https:\/\/alcala.salesianos.edu\/colegio\/blog\/2025\/09\/09\/cambio-importante-horario-primer-dia-3-anos\/","og_site_name":"Colegio Salesiano Alcal\u00e1","article_published_time":"2025-09-09T08:24:23+00:00","og_image":[{"width":1080,"height":1080,"url":"https:\/\/alcala.salesianos.edu\/colegio\/wp-content\/uploads\/sites\/2\/2025\/09\/Copia-de-Comunicacion-a-las-familias5.png","type":"image\/png"}],"author":"Administrador Web","twitter_card":"summary_large_image","twitter_misc":{"Escrito por":"Administrador Web"},"schema":{"@context":"https:\/\/schema.org","@graph":[{"@type":"Article","@id":"https:\/\/alcala.salesianos.edu\/colegio\/blog\/2025\/09\/09\/cambio-importante-horario-primer-dia-3-anos\/#article","isPartOf":{"@id":"https:\/\/alcala.salesianos.edu\/colegio\/blog\/2025\/09\/09\/cambio-importante-horario-primer-dia-3-anos\/"},"author":{"name":"Administrador Web","@id":"https:\/\/alcala.salesianos.edu\/colegio\/#\/schema\/person\/afcc24f776dc91fc2bf9afb0998fca77"},"headline":"Cambio importante: horario primer d\u00eda 3 a\u00f1os","datePublished":"2025-09-09T08:24:23+00:00","mainEntityOfPage":{"@id":"https:\/\/alcala.salesianos.edu\/colegio\/blog\/2025\/09\/09\/cambio-importante-horario-primer-dia-3-anos\/"},"wordCount":158,"image":{"@id":"https:\/\/alcala.salesianos.edu\/colegio\/blog\/2025\/09\/09\/cambio-importante-horario-primer-dia-3-anos\/#primaryimage"},"thumbnailUrl":"https:\/\/alcala.salesianos.edu\/colegio\/wp-content\/uploads\/sites\/2\/2025\/09\/Copia-de-Comunicacion-a-las-familias5.png","articleSection":["Colegio","FASA","Infantil","Portada","Uncategorized"],"inLanguage":"es"},{"@type":"WebPage","@id":"https:\/\/alcala.salesianos.edu\/colegio\/blog\/2025\/09\/09\/cambio-importante-horario-primer-dia-3-anos\/","url":"https:\/\/alcala.salesianos.edu\/colegio\/blog\/2025\/09\/09\/cambio-importante-horario-primer-dia-3-anos\/","name":"Cambio importante: horario primer d\u00eda 3 a\u00f1os - Colegio Salesiano Alcal\u00e1","isPartOf":{"@id":"https:\/\/alcala.salesianos.edu\/colegio\/#website"},"primaryImageOfPage":{"@id":"https:\/\/alcala.salesianos.edu\/colegio\/blog\/2025\/09\/09\/cambio-importante-horario-primer-dia-3-anos\/#primaryimage"},"image":{"@id":"https:\/\/alcala.salesianos.edu\/colegio\/blog\/2025\/09\/09\/cambio-importante-horario-primer-dia-3-anos\/#primaryimage"},"thumbnailUrl":"https:\/\/alcala.salesianos.edu\/colegio\/wp-content\/uploads\/sites\/2\/2025\/09\/Copia-de-Comunicacion-a-las-familias5.png","datePublished":"2025-09-09T08:24:23+00:00","author":{"@id":"https:\/\/alcala.salesianos.edu\/colegio\/#\/schema\/person\/afcc24f776dc91fc2bf9afb0998fca77"},"breadcrumb":{"@id":"https:\/\/alcala.salesianos.edu\/colegio\/blog\/2025\/09\/09\/cambio-importante-horario-primer-dia-3-anos\/#breadcrumb"},"inLanguage":"es","potentialAction":[{"@type":"ReadAction","target":["https:\/\/alcala.salesianos.edu\/colegio\/blog\/2025\/09\/09\/cambio-importante-horario-primer-dia-3-anos\/"]}]},{"@type":"ImageObject","inLanguage":"es","@id":"https:\/\/alcala.salesianos.edu\/colegio\/blog\/2025\/09\/09\/cambio-importante-horario-primer-dia-3-anos\/#primaryimage","url":"https:\/\/alcala.salesianos.edu\/colegio\/wp-content\/uploads\/sites\/2\/2025\/09\/Copia-de-Comunicacion-a-las-familias5.png","contentUrl":"https:\/\/alcala.salesianos.edu\/colegio\/wp-content\/uploads\/sites\/2\/2025\/09\/Copia-de-Comunicacion-a-las-familias5.png","width":1080,"height":1080},{"@type":"BreadcrumbList","@id":"https:\/\/alcala.salesianos.edu\/colegio\/blog\/2025\/09\/09\/cambio-importante-horario-primer-dia-3-anos\/#breadcrumb","itemListElement":[{"@type":"ListItem","position":1,"name":"Portada","item":"https:\/\/alcala.salesianos.edu\/colegio\/"},{"@type":"ListItem","position":2,"name":"Cambio importante: horario primer d\u00eda 3 a\u00f1os"}]},{"@type":"WebSite","@id":"https:\/\/alcala.salesianos.edu\/colegio\/#website","url":"https:\/\/alcala.salesianos.edu\/colegio\/","name":"Colegio Salesiano Alcal\u00e1","description":"P\u00e1gina oficial de Salesianos Alcal\u00e1 de Guadaira","potentialAction":[{"@type":"SearchAction","target":{"@type":"EntryPoint","urlTemplate":"https:\/\/alcala.salesianos.edu\/colegio\/?s={search_term_string}"},"query-input":{"@type":"PropertyValueSpecification","valueRequired":true,"valueName":"search_term_string"}}],"inLanguage":"es"},{"@type":"Person","@id":"https:\/\/alcala.salesianos.edu\/colegio\/#\/schema\/person\/afcc24f776dc91fc2bf9afb0998fca77","name":"Administrador Web","image":{"@type":"ImageObject","inLanguage":"es","@id":"https:\/\/secure.gravatar.com\/avatar\/bc157e994689bd6da9645c00aa3bc4d55b727915b6652642660db0aef086585f?s=96&d=mm&r=g","url":"https:\/\/secure.gravatar.com\/avatar\/bc157e994689bd6da9645c00aa3bc4d55b727915b6652642660db0aef086585f?s=96&d=mm&r=g","contentUrl":"https:\/\/secure.gravatar.com\/avatar\/bc157e994689bd6da9645c00aa3bc4d55b727915b6652642660db0aef086585f?s=96&d=mm&r=g","caption":"Administrador Web"}}]}},"_links":{"self":[{"href":"https:\/\/alcala.salesianos.edu\/colegio\/wp-json\/wp\/v2\/posts\/16762","targetHints":{"allow":["GET"]}}],"collection":[{"href":"https:\/\/alcala.salesianos.edu\/colegio\/wp-json\/wp\/v2\/posts"}],"about":[{"href":"https:\/\/alcala.salesianos.edu\/colegio\/wp-json\/wp\/v2\/types\/post"}],"author":[{"embeddable":true,"href":"https:\/\/alcala.salesianos.edu\/colegio\/wp-json\/wp\/v2\/users\/2"}],"replies":[{"embeddable":true,"href":"https:\/\/alcala.salesianos.edu\/colegio\/wp-json\/wp\/v2\/comments?post=16762"}],"version-history":[{"count":0,"href":"https:\/\/alcala.salesianos.edu\/colegio\/wp-json\/wp\/v2\/posts\/16762\/revisions"}],"wp:featuredmedia":[{"embeddable":true,"href":"https:\/\/alcala.salesianos.edu\/colegio\/wp-json\/wp\/v2\/media\/16763"}],"wp:attachment":[{"href":"https:\/\/alcala.salesianos.edu\/colegio\/wp-json\/wp\/v2\/media?parent=16762"}],"wp:term":[{"taxonomy":"category","embeddable":true,"href":"https:\/\/alcala.salesianos.edu\/colegio\/wp-json\/wp\/v2\/categories?post=16762"},{"taxonomy":"post_tag","embeddable":true,"href":"https:\/\/alcala.salesianos.edu\/colegio\/wp-json\/wp\/v2\/tags?post=16762"}],"curies":[{"name":"wp","href":"https:\/\/api.w.org\/{rel}","templated":true}]}}