{"id":16336,"date":"2025-06-09T11:13:24","date_gmt":"2025-06-09T10:13:24","guid":{"rendered":"https:\/\/alcala.salesianos.edu\/colegio\/blog\/2025\/06\/09\/gracias-por-hacer-de-la-verbena-2025-un-exito-inolvidable\/"},"modified":"2025-08-27T08:46:11","modified_gmt":"2025-08-27T07:46:11","slug":"gracias-por-hacer-de-la-verbena-2025-un-exito-inolvidable","status":"publish","type":"post","link":"https:\/\/alcala.salesianos.edu\/colegio\/blog\/2025\/06\/09\/gracias-por-hacer-de-la-verbena-2025-un-exito-inolvidable\/","title":{"rendered":"\u00a1Gracias por hacer de la Verbena 2025 un \u00e9xito inolvidable!"},"content":{"rendered":"<div id=\"fb-root\"><\/div>\n<p>[et_pb_section fb_built=\u00bb1&#8243; admin_label=\u00bbsection\u00bb _builder_version=\u00bb4.16&#8243; global_colors_info=\u00bb{}\u00bb][et_pb_row admin_label=\u00bbrow\u00bb _builder_version=\u00bb4.16&#8243; background_size=\u00bbinitial\u00bb background_position=\u00bbtop_left\u00bb background_repeat=\u00bbrepeat\u00bb global_colors_info=\u00bb{}\u00bb][et_pb_column type=\u00bb4_4&#8243; _builder_version=\u00bb4.16&#8243; custom_padding=\u00bb|||\u00bb global_colors_info=\u00bb{}\u00bb custom_padding__hover=\u00bb|||\u00bb][et_pb_text _builder_version=\u00bb4.27.4&#8243; _module_preset=\u00bbdefault\u00bb hover_enabled=\u00bb0&#8243; sticky_enabled=\u00bb0&#8243;]<\/p>\n<p>Desde la Casa Salesiana de \u00a0Alcal\u00e1 de Guada\u00edra queremos expresar nuestro m\u00e1s sincero agradecimiento a toda la comunidad educativa por su participaci\u00f3n y entrega en la <strong data-start=\"378\" data-end=\"394\">Verbena 2025<\/strong>, celebrada los d\u00edas 6 y 7 de junio.<\/p>\n<p data-start=\"432\" data-end=\"761\">Gracias al compromiso de familias, alumnado y voluntarios de los grupos de la Familia salesiana, hemos vivido dos noches llenas de alegr\u00eda y esp\u00edritu salesiano. Las actuaciones, la t\u00f3mbola, el bar y todas las actividades preparadas han sido todo un \u00e9xito, creando un ambiente familiar y festivo en el patio del colegio.<\/p>\n<p data-start=\"763\" data-end=\"927\">Ver a tantos rostros felices es la mejor recompensa al esfuerzo compartido.<\/p>\n<p data-start=\"929\" data-end=\"984\">\u00a1Seguimos construyendo Comunidad con ilusi\u00f3n y alegr\u00eda!<\/p>\n<p data-start=\"986\" data-end=\"1013\"><strong data-start=\"986\" data-end=\"1013\">\u00a1Gracias de coraz\u00f3n! <\/strong><\/p>\n<p>[\/et_pb_text][et_pb_image _builder_version=\u00bb4.27.4&#8243; _module_preset=\u00bbdefault\u00bb title_text=\u00bbWhatsApp Image 2025-06-09 at 09.46.26&#8243; src=\u00bbhttps:\/\/alcala.salesianos.edu\/wp-content\/uploads\/2025\/06\/WhatsApp-Image-2025-06-09-at-09.46.26.jpeg\u00bb hover_enabled=\u00bb0&#8243; sticky_enabled=\u00bb0&#8243;][\/et_pb_image][\/et_pb_column][\/et_pb_row][\/et_pb_section]<\/p>\n","protected":false},"excerpt":{"rendered":"<p>Desde la Casa Salesiana de  Alcal\u00e1 de Guada\u00edra queremos expresar nuestro m\u00e1s sincero agradecimiento a toda la comunidad educativa por su participaci\u00f3n y entrega.<\/p>\n","protected":false},"author":2,"featured_media":16337,"comment_status":"closed","ping_status":"open","sticky":false,"template":"","format":"standard","meta":{"_et_pb_use_builder":"on","_et_pb_old_content":"","_et_gb_content_width":"","footnotes":""},"categories":[12,23,19,13,17,14,15,18,16,1],"tags":[],"class_list":["post-16336","post","type-post","status-publish","format-standard","has-post-thumbnail","hentry","category-colegio","category-covid","category-escuela-abierta","category-fasa","category-infantil","category-pastoral","category-portada","category-primaria","category-secundaria","category-uncategorized"],"yoast_head":"<!-- This site is optimized with the Yoast SEO plugin v28.3 - https:\/\/yoast.com\/product\/yoast-seo-wordpress\/ -->\n<title>\u00a1Gracias por hacer de la Verbena 2025 un \u00e9xito inolvidable! - Colegio Salesiano Alcal\u00e1<\/title>\n<meta name=\"robots\" content=\"index, follow, max-snippet:-1, max-image-preview:large, max-video-preview:-1\" \/>\n<link rel=\"canonical\" href=\"https:\/\/alcala.salesianos.edu\/colegio\/blog\/2025\/06\/09\/gracias-por-hacer-de-la-verbena-2025-un-exito-inolvidable\/\" \/>\n<meta property=\"og:locale\" content=\"es_ES\" \/>\n<meta property=\"og:type\" content=\"article\" \/>\n<meta property=\"og:title\" content=\"\u00a1Gracias por hacer de la Verbena 2025 un \u00e9xito inolvidable! - Colegio Salesiano Alcal\u00e1\" \/>\n<meta property=\"og:description\" content=\"Desde la Casa Salesiana de Alcal\u00e1 de Guada\u00edra queremos expresar nuestro m\u00e1s sincero agradecimiento a toda la comunidad educativa por su participaci\u00f3n y entrega.\" \/>\n<meta property=\"og:url\" content=\"https:\/\/alcala.salesianos.edu\/colegio\/blog\/2025\/06\/09\/gracias-por-hacer-de-la-verbena-2025-un-exito-inolvidable\/\" \/>\n<meta property=\"og:site_name\" content=\"Colegio Salesiano Alcal\u00e1\" \/>\n<meta property=\"article:published_time\" content=\"2025-06-09T10:13:24+00:00\" \/>\n<meta property=\"article:modified_time\" content=\"2025-08-27T07:46:11+00:00\" \/>\n<meta property=\"og:image\" content=\"https:\/\/alcala.salesianos.edu\/colegio\/wp-content\/uploads\/sites\/2\/2025\/06\/Copia-de-verbena-2025.png\" \/>\n\t<meta property=\"og:image:width\" content=\"1080\" \/>\n\t<meta property=\"og:image:height\" content=\"1350\" \/>\n\t<meta property=\"og:image:type\" content=\"image\/png\" \/>\n<meta name=\"author\" content=\"Administrador Web\" \/>\n<meta name=\"twitter:card\" content=\"summary_large_image\" \/>\n<meta name=\"twitter:label1\" content=\"Escrito por\" \/>\n\t<meta name=\"twitter:data1\" content=\"Administrador Web\" \/>\n<script type=\"application\/ld+json\" class=\"yoast-schema-graph\">{\"@context\":\"https:\\\/\\\/schema.org\",\"@graph\":[{\"@type\":\"Article\",\"@id\":\"https:\\\/\\\/alcala.salesianos.edu\\\/colegio\\\/blog\\\/2025\\\/06\\\/09\\\/gracias-por-hacer-de-la-verbena-2025-un-exito-inolvidable\\\/#article\",\"isPartOf\":{\"@id\":\"https:\\\/\\\/alcala.salesianos.edu\\\/colegio\\\/blog\\\/2025\\\/06\\\/09\\\/gracias-por-hacer-de-la-verbena-2025-un-exito-inolvidable\\\/\"},\"author\":{\"name\":\"Administrador Web\",\"@id\":\"https:\\\/\\\/alcala.salesianos.edu\\\/colegio\\\/#\\\/schema\\\/person\\\/afcc24f776dc91fc2bf9afb0998fca77\"},\"headline\":\"\u00a1Gracias por hacer de la Verbena 2025 un \u00e9xito inolvidable!\",\"datePublished\":\"2025-06-09T10:13:24+00:00\",\"dateModified\":\"2025-08-27T07:46:11+00:00\",\"mainEntityOfPage\":{\"@id\":\"https:\\\/\\\/alcala.salesianos.edu\\\/colegio\\\/blog\\\/2025\\\/06\\\/09\\\/gracias-por-hacer-de-la-verbena-2025-un-exito-inolvidable\\\/\"},\"wordCount\":232,\"image\":{\"@id\":\"https:\\\/\\\/alcala.salesianos.edu\\\/colegio\\\/blog\\\/2025\\\/06\\\/09\\\/gracias-por-hacer-de-la-verbena-2025-un-exito-inolvidable\\\/#primaryimage\"},\"thumbnailUrl\":\"https:\\\/\\\/alcala.salesianos.edu\\\/colegio\\\/wp-content\\\/uploads\\\/sites\\\/2\\\/2025\\\/06\\\/Copia-de-verbena-2025.png\",\"articleSection\":[\"Colegio\",\"covid\",\"Escuela abierta\",\"FASA\",\"Infantil\",\"Pastoral\",\"Portada\",\"Primaria\",\"Secundaria\",\"Uncategorized\"],\"inLanguage\":\"es\"},{\"@type\":\"WebPage\",\"@id\":\"https:\\\/\\\/alcala.salesianos.edu\\\/colegio\\\/blog\\\/2025\\\/06\\\/09\\\/gracias-por-hacer-de-la-verbena-2025-un-exito-inolvidable\\\/\",\"url\":\"https:\\\/\\\/alcala.salesianos.edu\\\/colegio\\\/blog\\\/2025\\\/06\\\/09\\\/gracias-por-hacer-de-la-verbena-2025-un-exito-inolvidable\\\/\",\"name\":\"\u00a1Gracias por hacer de la Verbena 2025 un \u00e9xito inolvidable! - Colegio Salesiano Alcal\u00e1\",\"isPartOf\":{\"@id\":\"https:\\\/\\\/alcala.salesianos.edu\\\/colegio\\\/#website\"},\"primaryImageOfPage\":{\"@id\":\"https:\\\/\\\/alcala.salesianos.edu\\\/colegio\\\/blog\\\/2025\\\/06\\\/09\\\/gracias-por-hacer-de-la-verbena-2025-un-exito-inolvidable\\\/#primaryimage\"},\"image\":{\"@id\":\"https:\\\/\\\/alcala.salesianos.edu\\\/colegio\\\/blog\\\/2025\\\/06\\\/09\\\/gracias-por-hacer-de-la-verbena-2025-un-exito-inolvidable\\\/#primaryimage\"},\"thumbnailUrl\":\"https:\\\/\\\/alcala.salesianos.edu\\\/colegio\\\/wp-content\\\/uploads\\\/sites\\\/2\\\/2025\\\/06\\\/Copia-de-verbena-2025.png\",\"datePublished\":\"2025-06-09T10:13:24+00:00\",\"dateModified\":\"2025-08-27T07:46:11+00:00\",\"author\":{\"@id\":\"https:\\\/\\\/alcala.salesianos.edu\\\/colegio\\\/#\\\/schema\\\/person\\\/afcc24f776dc91fc2bf9afb0998fca77\"},\"breadcrumb\":{\"@id\":\"https:\\\/\\\/alcala.salesianos.edu\\\/colegio\\\/blog\\\/2025\\\/06\\\/09\\\/gracias-por-hacer-de-la-verbena-2025-un-exito-inolvidable\\\/#breadcrumb\"},\"inLanguage\":\"es\",\"potentialAction\":[{\"@type\":\"ReadAction\",\"target\":[\"https:\\\/\\\/alcala.salesianos.edu\\\/colegio\\\/blog\\\/2025\\\/06\\\/09\\\/gracias-por-hacer-de-la-verbena-2025-un-exito-inolvidable\\\/\"]}]},{\"@type\":\"ImageObject\",\"inLanguage\":\"es\",\"@id\":\"https:\\\/\\\/alcala.salesianos.edu\\\/colegio\\\/blog\\\/2025\\\/06\\\/09\\\/gracias-por-hacer-de-la-verbena-2025-un-exito-inolvidable\\\/#primaryimage\",\"url\":\"https:\\\/\\\/alcala.salesianos.edu\\\/colegio\\\/wp-content\\\/uploads\\\/sites\\\/2\\\/2025\\\/06\\\/Copia-de-verbena-2025.png\",\"contentUrl\":\"https:\\\/\\\/alcala.salesianos.edu\\\/colegio\\\/wp-content\\\/uploads\\\/sites\\\/2\\\/2025\\\/06\\\/Copia-de-verbena-2025.png\",\"width\":1080,\"height\":1350},{\"@type\":\"BreadcrumbList\",\"@id\":\"https:\\\/\\\/alcala.salesianos.edu\\\/colegio\\\/blog\\\/2025\\\/06\\\/09\\\/gracias-por-hacer-de-la-verbena-2025-un-exito-inolvidable\\\/#breadcrumb\",\"itemListElement\":[{\"@type\":\"ListItem\",\"position\":1,\"name\":\"Portada\",\"item\":\"https:\\\/\\\/alcala.salesianos.edu\\\/colegio\\\/\"},{\"@type\":\"ListItem\",\"position\":2,\"name\":\"\u00a1Gracias por hacer de la Verbena 2025 un \u00e9xito inolvidable!\"}]},{\"@type\":\"WebSite\",\"@id\":\"https:\\\/\\\/alcala.salesianos.edu\\\/colegio\\\/#website\",\"url\":\"https:\\\/\\\/alcala.salesianos.edu\\\/colegio\\\/\",\"name\":\"Colegio Salesiano Alcal\u00e1\",\"description\":\"P\u00e1gina oficial de Salesianos Alcal\u00e1 de Guadaira\",\"potentialAction\":[{\"@type\":\"SearchAction\",\"target\":{\"@type\":\"EntryPoint\",\"urlTemplate\":\"https:\\\/\\\/alcala.salesianos.edu\\\/colegio\\\/?s={search_term_string}\"},\"query-input\":{\"@type\":\"PropertyValueSpecification\",\"valueRequired\":true,\"valueName\":\"search_term_string\"}}],\"inLanguage\":\"es\"},{\"@type\":\"Person\",\"@id\":\"https:\\\/\\\/alcala.salesianos.edu\\\/colegio\\\/#\\\/schema\\\/person\\\/afcc24f776dc91fc2bf9afb0998fca77\",\"name\":\"Administrador Web\",\"image\":{\"@type\":\"ImageObject\",\"inLanguage\":\"es\",\"@id\":\"https:\\\/\\\/secure.gravatar.com\\\/avatar\\\/bc157e994689bd6da9645c00aa3bc4d55b727915b6652642660db0aef086585f?s=96&d=mm&r=g\",\"url\":\"https:\\\/\\\/secure.gravatar.com\\\/avatar\\\/bc157e994689bd6da9645c00aa3bc4d55b727915b6652642660db0aef086585f?s=96&d=mm&r=g\",\"contentUrl\":\"https:\\\/\\\/secure.gravatar.com\\\/avatar\\\/bc157e994689bd6da9645c00aa3bc4d55b727915b6652642660db0aef086585f?s=96&d=mm&r=g\",\"caption\":\"Administrador Web\"}}]}<\/script>\n<!-- \/ Yoast SEO plugin. -->","yoast_head_json":{"title":"\u00a1Gracias por hacer de la Verbena 2025 un \u00e9xito inolvidable! - Colegio Salesiano Alcal\u00e1","robots":{"index":"index","follow":"follow","max-snippet":"max-snippet:-1","max-image-preview":"max-image-preview:large","max-video-preview":"max-video-preview:-1"},"canonical":"https:\/\/alcala.salesianos.edu\/colegio\/blog\/2025\/06\/09\/gracias-por-hacer-de-la-verbena-2025-un-exito-inolvidable\/","og_locale":"es_ES","og_type":"article","og_title":"\u00a1Gracias por hacer de la Verbena 2025 un \u00e9xito inolvidable! - Colegio Salesiano Alcal\u00e1","og_description":"Desde la Casa Salesiana de Alcal\u00e1 de Guada\u00edra queremos expresar nuestro m\u00e1s sincero agradecimiento a toda la comunidad educativa por su participaci\u00f3n y entrega.","og_url":"https:\/\/alcala.salesianos.edu\/colegio\/blog\/2025\/06\/09\/gracias-por-hacer-de-la-verbena-2025-un-exito-inolvidable\/","og_site_name":"Colegio Salesiano Alcal\u00e1","article_published_time":"2025-06-09T10:13:24+00:00","article_modified_time":"2025-08-27T07:46:11+00:00","og_image":[{"width":1080,"height":1350,"url":"https:\/\/alcala.salesianos.edu\/colegio\/wp-content\/uploads\/sites\/2\/2025\/06\/Copia-de-verbena-2025.png","type":"image\/png"}],"author":"Administrador Web","twitter_card":"summary_large_image","twitter_misc":{"Escrito por":"Administrador Web"},"schema":{"@context":"https:\/\/schema.org","@graph":[{"@type":"Article","@id":"https:\/\/alcala.salesianos.edu\/colegio\/blog\/2025\/06\/09\/gracias-por-hacer-de-la-verbena-2025-un-exito-inolvidable\/#article","isPartOf":{"@id":"https:\/\/alcala.salesianos.edu\/colegio\/blog\/2025\/06\/09\/gracias-por-hacer-de-la-verbena-2025-un-exito-inolvidable\/"},"author":{"name":"Administrador Web","@id":"https:\/\/alcala.salesianos.edu\/colegio\/#\/schema\/person\/afcc24f776dc91fc2bf9afb0998fca77"},"headline":"\u00a1Gracias por hacer de la Verbena 2025 un \u00e9xito inolvidable!","datePublished":"2025-06-09T10:13:24+00:00","dateModified":"2025-08-27T07:46:11+00:00","mainEntityOfPage":{"@id":"https:\/\/alcala.salesianos.edu\/colegio\/blog\/2025\/06\/09\/gracias-por-hacer-de-la-verbena-2025-un-exito-inolvidable\/"},"wordCount":232,"image":{"@id":"https:\/\/alcala.salesianos.edu\/colegio\/blog\/2025\/06\/09\/gracias-por-hacer-de-la-verbena-2025-un-exito-inolvidable\/#primaryimage"},"thumbnailUrl":"https:\/\/alcala.salesianos.edu\/colegio\/wp-content\/uploads\/sites\/2\/2025\/06\/Copia-de-verbena-2025.png","articleSection":["Colegio","covid","Escuela abierta","FASA","Infantil","Pastoral","Portada","Primaria","Secundaria","Uncategorized"],"inLanguage":"es"},{"@type":"WebPage","@id":"https:\/\/alcala.salesianos.edu\/colegio\/blog\/2025\/06\/09\/gracias-por-hacer-de-la-verbena-2025-un-exito-inolvidable\/","url":"https:\/\/alcala.salesianos.edu\/colegio\/blog\/2025\/06\/09\/gracias-por-hacer-de-la-verbena-2025-un-exito-inolvidable\/","name":"\u00a1Gracias por hacer de la Verbena 2025 un \u00e9xito inolvidable! - Colegio Salesiano Alcal\u00e1","isPartOf":{"@id":"https:\/\/alcala.salesianos.edu\/colegio\/#website"},"primaryImageOfPage":{"@id":"https:\/\/alcala.salesianos.edu\/colegio\/blog\/2025\/06\/09\/gracias-por-hacer-de-la-verbena-2025-un-exito-inolvidable\/#primaryimage"},"image":{"@id":"https:\/\/alcala.salesianos.edu\/colegio\/blog\/2025\/06\/09\/gracias-por-hacer-de-la-verbena-2025-un-exito-inolvidable\/#primaryimage"},"thumbnailUrl":"https:\/\/alcala.salesianos.edu\/colegio\/wp-content\/uploads\/sites\/2\/2025\/06\/Copia-de-verbena-2025.png","datePublished":"2025-06-09T10:13:24+00:00","dateModified":"2025-08-27T07:46:11+00:00","author":{"@id":"https:\/\/alcala.salesianos.edu\/colegio\/#\/schema\/person\/afcc24f776dc91fc2bf9afb0998fca77"},"breadcrumb":{"@id":"https:\/\/alcala.salesianos.edu\/colegio\/blog\/2025\/06\/09\/gracias-por-hacer-de-la-verbena-2025-un-exito-inolvidable\/#breadcrumb"},"inLanguage":"es","potentialAction":[{"@type":"ReadAction","target":["https:\/\/alcala.salesianos.edu\/colegio\/blog\/2025\/06\/09\/gracias-por-hacer-de-la-verbena-2025-un-exito-inolvidable\/"]}]},{"@type":"ImageObject","inLanguage":"es","@id":"https:\/\/alcala.salesianos.edu\/colegio\/blog\/2025\/06\/09\/gracias-por-hacer-de-la-verbena-2025-un-exito-inolvidable\/#primaryimage","url":"https:\/\/alcala.salesianos.edu\/colegio\/wp-content\/uploads\/sites\/2\/2025\/06\/Copia-de-verbena-2025.png","contentUrl":"https:\/\/alcala.salesianos.edu\/colegio\/wp-content\/uploads\/sites\/2\/2025\/06\/Copia-de-verbena-2025.png","width":1080,"height":1350},{"@type":"BreadcrumbList","@id":"https:\/\/alcala.salesianos.edu\/colegio\/blog\/2025\/06\/09\/gracias-por-hacer-de-la-verbena-2025-un-exito-inolvidable\/#breadcrumb","itemListElement":[{"@type":"ListItem","position":1,"name":"Portada","item":"https:\/\/alcala.salesianos.edu\/colegio\/"},{"@type":"ListItem","position":2,"name":"\u00a1Gracias por hacer de la Verbena 2025 un \u00e9xito inolvidable!"}]},{"@type":"WebSite","@id":"https:\/\/alcala.salesianos.edu\/colegio\/#website","url":"https:\/\/alcala.salesianos.edu\/colegio\/","name":"Colegio Salesiano Alcal\u00e1","description":"P\u00e1gina oficial de Salesianos Alcal\u00e1 de Guadaira","potentialAction":[{"@type":"SearchAction","target":{"@type":"EntryPoint","urlTemplate":"https:\/\/alcala.salesianos.edu\/colegio\/?s={search_term_string}"},"query-input":{"@type":"PropertyValueSpecification","valueRequired":true,"valueName":"search_term_string"}}],"inLanguage":"es"},{"@type":"Person","@id":"https:\/\/alcala.salesianos.edu\/colegio\/#\/schema\/person\/afcc24f776dc91fc2bf9afb0998fca77","name":"Administrador Web","image":{"@type":"ImageObject","inLanguage":"es","@id":"https:\/\/secure.gravatar.com\/avatar\/bc157e994689bd6da9645c00aa3bc4d55b727915b6652642660db0aef086585f?s=96&d=mm&r=g","url":"https:\/\/secure.gravatar.com\/avatar\/bc157e994689bd6da9645c00aa3bc4d55b727915b6652642660db0aef086585f?s=96&d=mm&r=g","contentUrl":"https:\/\/secure.gravatar.com\/avatar\/bc157e994689bd6da9645c00aa3bc4d55b727915b6652642660db0aef086585f?s=96&d=mm&r=g","caption":"Administrador Web"}}]}},"_links":{"self":[{"href":"https:\/\/alcala.salesianos.edu\/colegio\/wp-json\/wp\/v2\/posts\/16336","targetHints":{"allow":["GET"]}}],"collection":[{"href":"https:\/\/alcala.salesianos.edu\/colegio\/wp-json\/wp\/v2\/posts"}],"about":[{"href":"https:\/\/alcala.salesianos.edu\/colegio\/wp-json\/wp\/v2\/types\/post"}],"author":[{"embeddable":true,"href":"https:\/\/alcala.salesianos.edu\/colegio\/wp-json\/wp\/v2\/users\/2"}],"replies":[{"embeddable":true,"href":"https:\/\/alcala.salesianos.edu\/colegio\/wp-json\/wp\/v2\/comments?post=16336"}],"version-history":[{"count":1,"href":"https:\/\/alcala.salesianos.edu\/colegio\/wp-json\/wp\/v2\/posts\/16336\/revisions"}],"predecessor-version":[{"id":16561,"href":"https:\/\/alcala.salesianos.edu\/colegio\/wp-json\/wp\/v2\/posts\/16336\/revisions\/16561"}],"wp:featuredmedia":[{"embeddable":true,"href":"https:\/\/alcala.salesianos.edu\/colegio\/wp-json\/wp\/v2\/media\/16337"}],"wp:attachment":[{"href":"https:\/\/alcala.salesianos.edu\/colegio\/wp-json\/wp\/v2\/media?parent=16336"}],"wp:term":[{"taxonomy":"category","embeddable":true,"href":"https:\/\/alcala.salesianos.edu\/colegio\/wp-json\/wp\/v2\/categories?post=16336"},{"taxonomy":"post_tag","embeddable":true,"href":"https:\/\/alcala.salesianos.edu\/colegio\/wp-json\/wp\/v2\/tags?post=16336"}],"curies":[{"name":"wp","href":"https:\/\/api.w.org\/{rel}","templated":true}]}}