{"id":16297,"date":"2025-04-28T08:41:43","date_gmt":"2025-04-28T07:41:43","guid":{"rendered":"https:\/\/alcala.salesianos.edu\/colegio\/blog\/2025\/04\/28\/ganadores-de-la-vii-edicion-de-la-ciencia-en-portada\/"},"modified":"2025-08-27T08:46:17","modified_gmt":"2025-08-27T07:46:17","slug":"ganadores-de-la-vii-edicion-de-la-ciencia-en-portada","status":"publish","type":"post","link":"https:\/\/alcala.salesianos.edu\/colegio\/blog\/2025\/04\/28\/ganadores-de-la-vii-edicion-de-la-ciencia-en-portada\/","title":{"rendered":"Ganadores de la VII edici\u00f3n de \u00abLa  Ciencia en portada\u00bb"},"content":{"rendered":"<div id=\"fb-root\"><\/div>\n<p>[et_pb_section fb_built=\u00bb1&#8243; admin_label=\u00bbsection\u00bb _builder_version=\u00bb4.16&#8243; global_colors_info=\u00bb{}\u00bb][et_pb_row admin_label=\u00bbrow\u00bb _builder_version=\u00bb4.16&#8243; background_size=\u00bbinitial\u00bb background_position=\u00bbtop_left\u00bb background_repeat=\u00bbrepeat\u00bb global_colors_info=\u00bb{}\u00bb][et_pb_column type=\u00bb4_4&#8243; _builder_version=\u00bb4.16&#8243; custom_padding=\u00bb|||\u00bb global_colors_info=\u00bb{}\u00bb custom_padding__hover=\u00bb|||\u00bb][et_pb_text _builder_version=\u00bb4.27.4&#8243; _module_preset=\u00bbdefault\u00bb global_colors_info=\u00bb{}\u00bb]<\/p>\n<p>Ya tenemos ganadores de la VII edici\u00f3n del concurso de portada de c\u00f3mic \u00abLa Ciencia en portada\u00bb. En esta edici\u00f3n se recibieron 27 trabajos de seis centros educativos de Sevilla. Los ganadores han sido:<\/p>\n<ul>\n<li><strong>1\u00ba premio:<\/strong> Los rostros de la Tierra. ALBA SHUYAO XIA. SALESIANOS TRIANA<\/li>\n<li><strong>2\u00b0 premio:<\/strong> Being Jane. SARA NAVEIRAS CALVO. SALESIANOS ALCAL\u00c1<\/li>\n<li><strong>3\u00ba premio:<\/strong> The Chaos Alchemist. XIALE ANA ZHU. IES ALBERO<\/li>\n<\/ul>\n<p>&nbsp;<\/p>\n<ul>\n<li><strong>Menciones especiales:<br \/><\/strong><br \/>El pensamiento de la Ciencia. LAURA PACHECO S\u00c1NCHEZ. IES CRIST\u00d3BAL DE MONROY\n<p>&nbsp;<\/p>\n<p>Magma man. CLAUDIA S\u00c1NCHEZ GUTI\u00c9RREZ. IES ALBERO\u00a0<\/p>\n<p>Exploring new horizons. CECILIA JIM\u00c9NEZ RODR\u00cdGUEZ DE ALMANSA. IES CRIST\u00d3BAL DE MONROY<\/p>\n<\/li>\n<\/ul>\n<p>[\/et_pb_text][\/et_pb_column][\/et_pb_row][et_pb_row column_structure=\u00bb1_3,1_3,1_3&#8243; _builder_version=\u00bb4.27.4&#8243; _module_preset=\u00bbdefault\u00bb global_colors_info=\u00bb{}\u00bb][et_pb_column type=\u00bb1_3&#8243; _builder_version=\u00bb4.27.4&#8243; _module_preset=\u00bbdefault\u00bb global_colors_info=\u00bb{}\u00bb][et_pb_image src=\u00bbhttps:\/\/alcala.salesianos.edu\/wp-content\/uploads\/2025\/04\/WhatsApp-Image-2025-04-26-at-10.12.59.jpeg\u00bb title_text=\u00bbWhatsApp Image 2025-04-26 at 10.12.59&#8243; _builder_version=\u00bb4.27.4&#8243; _module_preset=\u00bbdefault\u00bb global_colors_info=\u00bb{}\u00bb][\/et_pb_image][et_pb_text _builder_version=\u00bb4.27.4&#8243; _module_preset=\u00bbdefault\u00bb global_colors_info=\u00bb{}\u00bb]<\/p>\n<p style=\"text-align: center;\"><strong>1\u00ba premio: Los rostros de la Tierra.<\/strong><\/p>\n<p style=\"text-align: center;\">ALBA SHUYAO XIA. SALESIANOS TRIANA<\/p>\n<p>[\/et_pb_text][\/et_pb_column][et_pb_column type=\u00bb1_3&#8243; _builder_version=\u00bb4.27.4&#8243; _module_preset=\u00bbdefault\u00bb global_colors_info=\u00bb{}\u00bb][et_pb_image src=\u00bbhttps:\/\/alcala.salesianos.edu\/wp-content\/uploads\/2025\/04\/WhatsApp-Image-2025-04-26-at-10.15.13.jpeg\u00bb title_text=\u00bbWhatsApp Image 2025-04-26 at 10.15.13&#8243; admin_label=\u00bbImagen\u00bb _builder_version=\u00bb4.27.4&#8243; _module_preset=\u00bbdefault\u00bb global_colors_info=\u00bb{}\u00bb][\/et_pb_image][et_pb_text _builder_version=\u00bb4.27.4&#8243; _module_preset=\u00bbdefault\u00bb global_colors_info=\u00bb{}\u00bb]<\/p>\n<p style=\"text-align: center;\"><strong>2\u00b0 premio: Being Jane.<\/strong><\/p>\n<p style=\"text-align: center;\">SARA NAVEIRAS CALVO. SALESIANOS ALCAL\u00c1<\/p>\n<p>[\/et_pb_text][\/et_pb_column][et_pb_column type=\u00bb1_3&#8243; _builder_version=\u00bb4.27.4&#8243; _module_preset=\u00bbdefault\u00bb global_colors_info=\u00bb{}\u00bb][et_pb_image src=\u00bbhttps:\/\/alcala.salesianos.edu\/wp-content\/uploads\/2025\/04\/WhatsApp-Image-2025-04-26-at-10.16.31.jpeg\u00bb title_text=\u00bbWhatsApp Image 2025-04-26 at 10.16.31&#8243; admin_label=\u00bbImagen\u00bb _builder_version=\u00bb4.27.4&#8243; _module_preset=\u00bbdefault\u00bb global_colors_info=\u00bb{}\u00bb][\/et_pb_image][et_pb_text _builder_version=\u00bb4.27.4&#8243; _module_preset=\u00bbdefault\u00bb global_colors_info=\u00bb{}\u00bb]<\/p>\n<p style=\"text-align: center;\"><strong>3\u00ba premio: The Chaos Alchemist.<\/strong><\/p>\n<p style=\"text-align: center;\">XIALE ANA ZHU. IES ALBERO<\/p>\n<p>[\/et_pb_text][\/et_pb_column][\/et_pb_row][et_pb_row column_structure=\u00bb1_3,1_3,1_3&#8243; _builder_version=\u00bb4.27.4&#8243; _module_preset=\u00bbdefault\u00bb global_colors_info=\u00bb{}\u00bb][et_pb_column type=\u00bb1_3&#8243; _builder_version=\u00bb4.27.4&#8243; _module_preset=\u00bbdefault\u00bb global_colors_info=\u00bb{}\u00bb][et_pb_image src=\u00bbhttps:\/\/alcala.salesianos.edu\/wp-content\/uploads\/2025\/04\/WhatsApp-Image-2025-04-26-at-10.17.10.jpeg\u00bb title_text=\u00bbWhatsApp Image 2025-04-26 at 10.17.10&#8243; _builder_version=\u00bb4.27.4&#8243; _module_preset=\u00bbdefault\u00bb global_colors_info=\u00bb{}\u00bb][\/et_pb_image][et_pb_text _builder_version=\u00bb4.27.4&#8243; _module_preset=\u00bbdefault\u00bb global_colors_info=\u00bb{}\u00bb]<\/p>\n<p style=\"text-align: center;\"><strong>El pensamiento de la Ciencia.<\/strong><\/p>\n<p style=\"text-align: center;\">LAURA PACHECO S\u00c1NCHEZ. IES CRIST\u00d3BAL DE MONROY<\/p>\n<p>[\/et_pb_text][\/et_pb_column][et_pb_column type=\u00bb1_3&#8243; _builder_version=\u00bb4.27.4&#8243; _module_preset=\u00bbdefault\u00bb global_colors_info=\u00bb{}\u00bb][et_pb_image src=\u00bbhttps:\/\/alcala.salesianos.edu\/wp-content\/uploads\/2025\/04\/WhatsApp-Image-2025-04-26-at-10.17.10-1.jpeg\u00bb title_text=\u00bbWhatsApp Image 2025-04-26 at 10.17.10 (1)\u00bb admin_label=\u00bbImagen\u00bb _builder_version=\u00bb4.27.4&#8243; _module_preset=\u00bbdefault\u00bb global_colors_info=\u00bb{}\u00bb][\/et_pb_image][et_pb_text _builder_version=\u00bb4.27.4&#8243; _module_preset=\u00bbdefault\u00bb global_colors_info=\u00bb{}\u00bb]<\/p>\n<p style=\"text-align: center;\"><strong>Magma man.<\/strong><\/p>\n<p style=\"text-align: center;\">CLAUDIA S\u00c1NCHEZ GUTI\u00c9RREZ. IES ALBERO<\/p>\n<p style=\"text-align: center;\">[\/et_pb_text][\/et_pb_column][et_pb_column type=\u00bb1_3&#8243; _builder_version=\u00bb4.27.4&#8243; _module_preset=\u00bbdefault\u00bb global_colors_info=\u00bb{}\u00bb][et_pb_image src=\u00bbhttps:\/\/alcala.salesianos.edu\/wp-content\/uploads\/2025\/04\/WhatsApp-Image-2025-04-26-at-10.17.09.jpeg\u00bb title_text=\u00bbWhatsApp Image 2025-04-26 at 10.17.09&#8243; admin_label=\u00bbImagen\u00bb _builder_version=\u00bb4.27.4&#8243; _module_preset=\u00bbdefault\u00bb global_colors_info=\u00bb{}\u00bb][\/et_pb_image][et_pb_text _builder_version=\u00bb4.27.4&#8243; _module_preset=\u00bbdefault\u00bb global_colors_info=\u00bb{}\u00bb]<\/p>\n<p style=\"text-align: center;\"><strong>Exploring new horizons.<\/strong><\/p>\n<p style=\"text-align: center;\">CECILIA JIM\u00c9NEZ RODR\u00cdGUEZ DE ALMANSA. IES CRIST\u00d3BAL DE MONROY<\/p>\n<p>[\/et_pb_text][\/et_pb_column][\/et_pb_row][\/et_pb_section]<\/p>\n","protected":false},"excerpt":{"rendered":"<p>Ya tenemos ganadores de la VII edici\u00f3n del concurso de portada de c\u00f3mic \u00abLa Ciencia en portada\u00bb. En esta edici\u00f3n se recibieron 27 trabajos de seis centros educativos de Sevilla. <\/p>\n","protected":false},"author":2,"featured_media":16298,"comment_status":"closed","ping_status":"open","sticky":false,"template":"","format":"standard","meta":{"_et_pb_use_builder":"on","_et_pb_old_content":"","_et_gb_content_width":"","footnotes":""},"categories":[12,23,19,13,14,15,16,1],"tags":[],"class_list":["post-16297","post","type-post","status-publish","format-standard","has-post-thumbnail","hentry","category-colegio","category-covid","category-escuela-abierta","category-fasa","category-pastoral","category-portada","category-secundaria","category-uncategorized"],"yoast_head":"<!-- This site is optimized with the Yoast SEO plugin v28.3 - https:\/\/yoast.com\/product\/yoast-seo-wordpress\/ -->\n<title>Ganadores de la VII edici\u00f3n de \u00abLa Ciencia en portada\u00bb - Colegio Salesiano Alcal\u00e1<\/title>\n<meta name=\"description\" content=\"En esta VII edici\u00f3n del concurso &quot;La Ciencia en Portada&quot; se recibieron 27 trabajos de seis centros educativos de Sevilla\" \/>\n<meta name=\"robots\" content=\"index, follow, max-snippet:-1, max-image-preview:large, max-video-preview:-1\" \/>\n<link rel=\"canonical\" href=\"https:\/\/alcala.salesianos.edu\/colegio\/blog\/2025\/04\/28\/ganadores-de-la-vii-edicion-de-la-ciencia-en-portada\/\" \/>\n<meta property=\"og:locale\" content=\"es_ES\" \/>\n<meta property=\"og:type\" content=\"article\" \/>\n<meta property=\"og:title\" content=\"Ganadores de la VII edici\u00f3n de \u00abLa Ciencia en portada\u00bb - Colegio Salesiano Alcal\u00e1\" \/>\n<meta property=\"og:description\" content=\"En esta VII edici\u00f3n del concurso &quot;La Ciencia en Portada&quot; se recibieron 27 trabajos de seis centros educativos de Sevilla\" \/>\n<meta property=\"og:url\" content=\"https:\/\/alcala.salesianos.edu\/colegio\/blog\/2025\/04\/28\/ganadores-de-la-vii-edicion-de-la-ciencia-en-portada\/\" \/>\n<meta property=\"og:site_name\" content=\"Colegio Salesiano Alcal\u00e1\" \/>\n<meta property=\"article:published_time\" content=\"2025-04-28T07:41:43+00:00\" \/>\n<meta property=\"article:modified_time\" content=\"2025-08-27T07:46:17+00:00\" \/>\n<meta property=\"og:image\" content=\"https:\/\/alcala.salesianos.edu\/colegio\/wp-content\/uploads\/sites\/2\/2025\/04\/WhatsApp-Image-2025-04-26-at-10.12.59.jpeg\" \/>\n\t<meta property=\"og:image:width\" content=\"894\" \/>\n\t<meta property=\"og:image:height\" content=\"1471\" \/>\n\t<meta property=\"og:image:type\" content=\"image\/jpeg\" \/>\n<meta name=\"author\" content=\"Administrador Web\" \/>\n<meta name=\"twitter:card\" content=\"summary_large_image\" \/>\n<meta name=\"twitter:label1\" content=\"Escrito por\" \/>\n\t<meta name=\"twitter:data1\" content=\"Administrador Web\" \/>\n\t<meta name=\"twitter:label2\" content=\"Tiempo de lectura\" \/>\n\t<meta name=\"twitter:data2\" content=\"3 minutos\" \/>\n<script type=\"application\/ld+json\" class=\"yoast-schema-graph\">{\"@context\":\"https:\\\/\\\/schema.org\",\"@graph\":[{\"@type\":\"Article\",\"@id\":\"https:\\\/\\\/alcala.salesianos.edu\\\/colegio\\\/blog\\\/2025\\\/04\\\/28\\\/ganadores-de-la-vii-edicion-de-la-ciencia-en-portada\\\/#article\",\"isPartOf\":{\"@id\":\"https:\\\/\\\/alcala.salesianos.edu\\\/colegio\\\/blog\\\/2025\\\/04\\\/28\\\/ganadores-de-la-vii-edicion-de-la-ciencia-en-portada\\\/\"},\"author\":{\"name\":\"Administrador Web\",\"@id\":\"https:\\\/\\\/alcala.salesianos.edu\\\/colegio\\\/#\\\/schema\\\/person\\\/afcc24f776dc91fc2bf9afb0998fca77\"},\"headline\":\"Ganadores de la VII edici\u00f3n de \u00abLa Ciencia en portada\u00bb\",\"datePublished\":\"2025-04-28T07:41:43+00:00\",\"dateModified\":\"2025-08-27T07:46:17+00:00\",\"mainEntityOfPage\":{\"@id\":\"https:\\\/\\\/alcala.salesianos.edu\\\/colegio\\\/blog\\\/2025\\\/04\\\/28\\\/ganadores-de-la-vii-edicion-de-la-ciencia-en-portada\\\/\"},\"wordCount\":671,\"image\":{\"@id\":\"https:\\\/\\\/alcala.salesianos.edu\\\/colegio\\\/blog\\\/2025\\\/04\\\/28\\\/ganadores-de-la-vii-edicion-de-la-ciencia-en-portada\\\/#primaryimage\"},\"thumbnailUrl\":\"https:\\\/\\\/alcala.salesianos.edu\\\/colegio\\\/wp-content\\\/uploads\\\/sites\\\/2\\\/2025\\\/04\\\/WhatsApp-Image-2025-04-26-at-10.12.59.jpeg\",\"articleSection\":[\"Colegio\",\"covid\",\"Escuela abierta\",\"FASA\",\"Pastoral\",\"Portada\",\"Secundaria\",\"Uncategorized\"],\"inLanguage\":\"es\"},{\"@type\":\"WebPage\",\"@id\":\"https:\\\/\\\/alcala.salesianos.edu\\\/colegio\\\/blog\\\/2025\\\/04\\\/28\\\/ganadores-de-la-vii-edicion-de-la-ciencia-en-portada\\\/\",\"url\":\"https:\\\/\\\/alcala.salesianos.edu\\\/colegio\\\/blog\\\/2025\\\/04\\\/28\\\/ganadores-de-la-vii-edicion-de-la-ciencia-en-portada\\\/\",\"name\":\"Ganadores de la VII edici\u00f3n de \u00abLa Ciencia en portada\u00bb - Colegio Salesiano Alcal\u00e1\",\"isPartOf\":{\"@id\":\"https:\\\/\\\/alcala.salesianos.edu\\\/colegio\\\/#website\"},\"primaryImageOfPage\":{\"@id\":\"https:\\\/\\\/alcala.salesianos.edu\\\/colegio\\\/blog\\\/2025\\\/04\\\/28\\\/ganadores-de-la-vii-edicion-de-la-ciencia-en-portada\\\/#primaryimage\"},\"image\":{\"@id\":\"https:\\\/\\\/alcala.salesianos.edu\\\/colegio\\\/blog\\\/2025\\\/04\\\/28\\\/ganadores-de-la-vii-edicion-de-la-ciencia-en-portada\\\/#primaryimage\"},\"thumbnailUrl\":\"https:\\\/\\\/alcala.salesianos.edu\\\/colegio\\\/wp-content\\\/uploads\\\/sites\\\/2\\\/2025\\\/04\\\/WhatsApp-Image-2025-04-26-at-10.12.59.jpeg\",\"datePublished\":\"2025-04-28T07:41:43+00:00\",\"dateModified\":\"2025-08-27T07:46:17+00:00\",\"author\":{\"@id\":\"https:\\\/\\\/alcala.salesianos.edu\\\/colegio\\\/#\\\/schema\\\/person\\\/afcc24f776dc91fc2bf9afb0998fca77\"},\"description\":\"En esta VII edici\u00f3n del concurso \\\"La Ciencia en Portada\\\" se recibieron 27 trabajos de seis centros educativos de Sevilla\",\"breadcrumb\":{\"@id\":\"https:\\\/\\\/alcala.salesianos.edu\\\/colegio\\\/blog\\\/2025\\\/04\\\/28\\\/ganadores-de-la-vii-edicion-de-la-ciencia-en-portada\\\/#breadcrumb\"},\"inLanguage\":\"es\",\"potentialAction\":[{\"@type\":\"ReadAction\",\"target\":[\"https:\\\/\\\/alcala.salesianos.edu\\\/colegio\\\/blog\\\/2025\\\/04\\\/28\\\/ganadores-de-la-vii-edicion-de-la-ciencia-en-portada\\\/\"]}]},{\"@type\":\"ImageObject\",\"inLanguage\":\"es\",\"@id\":\"https:\\\/\\\/alcala.salesianos.edu\\\/colegio\\\/blog\\\/2025\\\/04\\\/28\\\/ganadores-de-la-vii-edicion-de-la-ciencia-en-portada\\\/#primaryimage\",\"url\":\"https:\\\/\\\/alcala.salesianos.edu\\\/colegio\\\/wp-content\\\/uploads\\\/sites\\\/2\\\/2025\\\/04\\\/WhatsApp-Image-2025-04-26-at-10.12.59.jpeg\",\"contentUrl\":\"https:\\\/\\\/alcala.salesianos.edu\\\/colegio\\\/wp-content\\\/uploads\\\/sites\\\/2\\\/2025\\\/04\\\/WhatsApp-Image-2025-04-26-at-10.12.59.jpeg\",\"width\":894,\"height\":1471},{\"@type\":\"BreadcrumbList\",\"@id\":\"https:\\\/\\\/alcala.salesianos.edu\\\/colegio\\\/blog\\\/2025\\\/04\\\/28\\\/ganadores-de-la-vii-edicion-de-la-ciencia-en-portada\\\/#breadcrumb\",\"itemListElement\":[{\"@type\":\"ListItem\",\"position\":1,\"name\":\"Portada\",\"item\":\"https:\\\/\\\/alcala.salesianos.edu\\\/colegio\\\/\"},{\"@type\":\"ListItem\",\"position\":2,\"name\":\"Ganadores de la VII edici\u00f3n de \u00abLa Ciencia en portada\u00bb\"}]},{\"@type\":\"WebSite\",\"@id\":\"https:\\\/\\\/alcala.salesianos.edu\\\/colegio\\\/#website\",\"url\":\"https:\\\/\\\/alcala.salesianos.edu\\\/colegio\\\/\",\"name\":\"Colegio Salesiano Alcal\u00e1\",\"description\":\"P\u00e1gina oficial de Salesianos Alcal\u00e1 de Guadaira\",\"potentialAction\":[{\"@type\":\"SearchAction\",\"target\":{\"@type\":\"EntryPoint\",\"urlTemplate\":\"https:\\\/\\\/alcala.salesianos.edu\\\/colegio\\\/?s={search_term_string}\"},\"query-input\":{\"@type\":\"PropertyValueSpecification\",\"valueRequired\":true,\"valueName\":\"search_term_string\"}}],\"inLanguage\":\"es\"},{\"@type\":\"Person\",\"@id\":\"https:\\\/\\\/alcala.salesianos.edu\\\/colegio\\\/#\\\/schema\\\/person\\\/afcc24f776dc91fc2bf9afb0998fca77\",\"name\":\"Administrador Web\",\"image\":{\"@type\":\"ImageObject\",\"inLanguage\":\"es\",\"@id\":\"https:\\\/\\\/secure.gravatar.com\\\/avatar\\\/bc157e994689bd6da9645c00aa3bc4d55b727915b6652642660db0aef086585f?s=96&d=mm&r=g\",\"url\":\"https:\\\/\\\/secure.gravatar.com\\\/avatar\\\/bc157e994689bd6da9645c00aa3bc4d55b727915b6652642660db0aef086585f?s=96&d=mm&r=g\",\"contentUrl\":\"https:\\\/\\\/secure.gravatar.com\\\/avatar\\\/bc157e994689bd6da9645c00aa3bc4d55b727915b6652642660db0aef086585f?s=96&d=mm&r=g\",\"caption\":\"Administrador Web\"}}]}<\/script>\n<!-- \/ Yoast SEO plugin. -->","yoast_head_json":{"title":"Ganadores de la VII edici\u00f3n de \u00abLa Ciencia en portada\u00bb - Colegio Salesiano Alcal\u00e1","description":"En esta VII edici\u00f3n del concurso \"La Ciencia en Portada\" se recibieron 27 trabajos de seis centros educativos de Sevilla","robots":{"index":"index","follow":"follow","max-snippet":"max-snippet:-1","max-image-preview":"max-image-preview:large","max-video-preview":"max-video-preview:-1"},"canonical":"https:\/\/alcala.salesianos.edu\/colegio\/blog\/2025\/04\/28\/ganadores-de-la-vii-edicion-de-la-ciencia-en-portada\/","og_locale":"es_ES","og_type":"article","og_title":"Ganadores de la VII edici\u00f3n de \u00abLa Ciencia en portada\u00bb - Colegio Salesiano Alcal\u00e1","og_description":"En esta VII edici\u00f3n del concurso \"La Ciencia en Portada\" se recibieron 27 trabajos de seis centros educativos de Sevilla","og_url":"https:\/\/alcala.salesianos.edu\/colegio\/blog\/2025\/04\/28\/ganadores-de-la-vii-edicion-de-la-ciencia-en-portada\/","og_site_name":"Colegio Salesiano Alcal\u00e1","article_published_time":"2025-04-28T07:41:43+00:00","article_modified_time":"2025-08-27T07:46:17+00:00","og_image":[{"width":894,"height":1471,"url":"https:\/\/alcala.salesianos.edu\/colegio\/wp-content\/uploads\/sites\/2\/2025\/04\/WhatsApp-Image-2025-04-26-at-10.12.59.jpeg","type":"image\/jpeg"}],"author":"Administrador Web","twitter_card":"summary_large_image","twitter_misc":{"Escrito por":"Administrador Web","Tiempo de lectura":"3 minutos"},"schema":{"@context":"https:\/\/schema.org","@graph":[{"@type":"Article","@id":"https:\/\/alcala.salesianos.edu\/colegio\/blog\/2025\/04\/28\/ganadores-de-la-vii-edicion-de-la-ciencia-en-portada\/#article","isPartOf":{"@id":"https:\/\/alcala.salesianos.edu\/colegio\/blog\/2025\/04\/28\/ganadores-de-la-vii-edicion-de-la-ciencia-en-portada\/"},"author":{"name":"Administrador Web","@id":"https:\/\/alcala.salesianos.edu\/colegio\/#\/schema\/person\/afcc24f776dc91fc2bf9afb0998fca77"},"headline":"Ganadores de la VII edici\u00f3n de \u00abLa Ciencia en portada\u00bb","datePublished":"2025-04-28T07:41:43+00:00","dateModified":"2025-08-27T07:46:17+00:00","mainEntityOfPage":{"@id":"https:\/\/alcala.salesianos.edu\/colegio\/blog\/2025\/04\/28\/ganadores-de-la-vii-edicion-de-la-ciencia-en-portada\/"},"wordCount":671,"image":{"@id":"https:\/\/alcala.salesianos.edu\/colegio\/blog\/2025\/04\/28\/ganadores-de-la-vii-edicion-de-la-ciencia-en-portada\/#primaryimage"},"thumbnailUrl":"https:\/\/alcala.salesianos.edu\/colegio\/wp-content\/uploads\/sites\/2\/2025\/04\/WhatsApp-Image-2025-04-26-at-10.12.59.jpeg","articleSection":["Colegio","covid","Escuela abierta","FASA","Pastoral","Portada","Secundaria","Uncategorized"],"inLanguage":"es"},{"@type":"WebPage","@id":"https:\/\/alcala.salesianos.edu\/colegio\/blog\/2025\/04\/28\/ganadores-de-la-vii-edicion-de-la-ciencia-en-portada\/","url":"https:\/\/alcala.salesianos.edu\/colegio\/blog\/2025\/04\/28\/ganadores-de-la-vii-edicion-de-la-ciencia-en-portada\/","name":"Ganadores de la VII edici\u00f3n de \u00abLa Ciencia en portada\u00bb - Colegio Salesiano Alcal\u00e1","isPartOf":{"@id":"https:\/\/alcala.salesianos.edu\/colegio\/#website"},"primaryImageOfPage":{"@id":"https:\/\/alcala.salesianos.edu\/colegio\/blog\/2025\/04\/28\/ganadores-de-la-vii-edicion-de-la-ciencia-en-portada\/#primaryimage"},"image":{"@id":"https:\/\/alcala.salesianos.edu\/colegio\/blog\/2025\/04\/28\/ganadores-de-la-vii-edicion-de-la-ciencia-en-portada\/#primaryimage"},"thumbnailUrl":"https:\/\/alcala.salesianos.edu\/colegio\/wp-content\/uploads\/sites\/2\/2025\/04\/WhatsApp-Image-2025-04-26-at-10.12.59.jpeg","datePublished":"2025-04-28T07:41:43+00:00","dateModified":"2025-08-27T07:46:17+00:00","author":{"@id":"https:\/\/alcala.salesianos.edu\/colegio\/#\/schema\/person\/afcc24f776dc91fc2bf9afb0998fca77"},"description":"En esta VII edici\u00f3n del concurso \"La Ciencia en Portada\" se recibieron 27 trabajos de seis centros educativos de Sevilla","breadcrumb":{"@id":"https:\/\/alcala.salesianos.edu\/colegio\/blog\/2025\/04\/28\/ganadores-de-la-vii-edicion-de-la-ciencia-en-portada\/#breadcrumb"},"inLanguage":"es","potentialAction":[{"@type":"ReadAction","target":["https:\/\/alcala.salesianos.edu\/colegio\/blog\/2025\/04\/28\/ganadores-de-la-vii-edicion-de-la-ciencia-en-portada\/"]}]},{"@type":"ImageObject","inLanguage":"es","@id":"https:\/\/alcala.salesianos.edu\/colegio\/blog\/2025\/04\/28\/ganadores-de-la-vii-edicion-de-la-ciencia-en-portada\/#primaryimage","url":"https:\/\/alcala.salesianos.edu\/colegio\/wp-content\/uploads\/sites\/2\/2025\/04\/WhatsApp-Image-2025-04-26-at-10.12.59.jpeg","contentUrl":"https:\/\/alcala.salesianos.edu\/colegio\/wp-content\/uploads\/sites\/2\/2025\/04\/WhatsApp-Image-2025-04-26-at-10.12.59.jpeg","width":894,"height":1471},{"@type":"BreadcrumbList","@id":"https:\/\/alcala.salesianos.edu\/colegio\/blog\/2025\/04\/28\/ganadores-de-la-vii-edicion-de-la-ciencia-en-portada\/#breadcrumb","itemListElement":[{"@type":"ListItem","position":1,"name":"Portada","item":"https:\/\/alcala.salesianos.edu\/colegio\/"},{"@type":"ListItem","position":2,"name":"Ganadores de la VII edici\u00f3n de \u00abLa Ciencia en portada\u00bb"}]},{"@type":"WebSite","@id":"https:\/\/alcala.salesianos.edu\/colegio\/#website","url":"https:\/\/alcala.salesianos.edu\/colegio\/","name":"Colegio Salesiano Alcal\u00e1","description":"P\u00e1gina oficial de Salesianos Alcal\u00e1 de Guadaira","potentialAction":[{"@type":"SearchAction","target":{"@type":"EntryPoint","urlTemplate":"https:\/\/alcala.salesianos.edu\/colegio\/?s={search_term_string}"},"query-input":{"@type":"PropertyValueSpecification","valueRequired":true,"valueName":"search_term_string"}}],"inLanguage":"es"},{"@type":"Person","@id":"https:\/\/alcala.salesianos.edu\/colegio\/#\/schema\/person\/afcc24f776dc91fc2bf9afb0998fca77","name":"Administrador Web","image":{"@type":"ImageObject","inLanguage":"es","@id":"https:\/\/secure.gravatar.com\/avatar\/bc157e994689bd6da9645c00aa3bc4d55b727915b6652642660db0aef086585f?s=96&d=mm&r=g","url":"https:\/\/secure.gravatar.com\/avatar\/bc157e994689bd6da9645c00aa3bc4d55b727915b6652642660db0aef086585f?s=96&d=mm&r=g","contentUrl":"https:\/\/secure.gravatar.com\/avatar\/bc157e994689bd6da9645c00aa3bc4d55b727915b6652642660db0aef086585f?s=96&d=mm&r=g","caption":"Administrador Web"}}]}},"_links":{"self":[{"href":"https:\/\/alcala.salesianos.edu\/colegio\/wp-json\/wp\/v2\/posts\/16297","targetHints":{"allow":["GET"]}}],"collection":[{"href":"https:\/\/alcala.salesianos.edu\/colegio\/wp-json\/wp\/v2\/posts"}],"about":[{"href":"https:\/\/alcala.salesianos.edu\/colegio\/wp-json\/wp\/v2\/types\/post"}],"author":[{"embeddable":true,"href":"https:\/\/alcala.salesianos.edu\/colegio\/wp-json\/wp\/v2\/users\/2"}],"replies":[{"embeddable":true,"href":"https:\/\/alcala.salesianos.edu\/colegio\/wp-json\/wp\/v2\/comments?post=16297"}],"version-history":[{"count":1,"href":"https:\/\/alcala.salesianos.edu\/colegio\/wp-json\/wp\/v2\/posts\/16297\/revisions"}],"predecessor-version":[{"id":16565,"href":"https:\/\/alcala.salesianos.edu\/colegio\/wp-json\/wp\/v2\/posts\/16297\/revisions\/16565"}],"wp:featuredmedia":[{"embeddable":true,"href":"https:\/\/alcala.salesianos.edu\/colegio\/wp-json\/wp\/v2\/media\/16298"}],"wp:attachment":[{"href":"https:\/\/alcala.salesianos.edu\/colegio\/wp-json\/wp\/v2\/media?parent=16297"}],"wp:term":[{"taxonomy":"category","embeddable":true,"href":"https:\/\/alcala.salesianos.edu\/colegio\/wp-json\/wp\/v2\/categories?post=16297"},{"taxonomy":"post_tag","embeddable":true,"href":"https:\/\/alcala.salesianos.edu\/colegio\/wp-json\/wp\/v2\/tags?post=16297"}],"curies":[{"name":"wp","href":"https:\/\/api.w.org\/{rel}","templated":true}]}}