{"id":16248,"date":"2025-03-27T13:16:47","date_gmt":"2025-03-27T12:16:47","guid":{"rendered":"https:\/\/alcala.salesianos.edu\/colegio\/blog\/2025\/03\/27\/intercambio-cultural-en-salesianos-alcala\/"},"modified":"2025-08-27T08:46:23","modified_gmt":"2025-08-27T07:46:23","slug":"intercambio-cultural-en-salesianos-alcala","status":"publish","type":"post","link":"https:\/\/alcala.salesianos.edu\/colegio\/blog\/2025\/03\/27\/intercambio-cultural-en-salesianos-alcala\/","title":{"rendered":"Intercambio Cultural en Salesianos Alcal\u00e1"},"content":{"rendered":"<div id=\"fb-root\"><\/div>\n<p>[et_pb_section fb_built=\u00bb1&#8243; admin_label=\u00bbsection\u00bb _builder_version=\u00bb4.16&#8243; global_colors_info=\u00bb{}\u00bb][et_pb_row admin_label=\u00bbrow\u00bb _builder_version=\u00bb4.16&#8243; background_size=\u00bbinitial\u00bb background_position=\u00bbtop_left\u00bb background_repeat=\u00bbrepeat\u00bb global_colors_info=\u00bb{}\u00bb][et_pb_column type=\u00bb4_4&#8243; _builder_version=\u00bb4.16&#8243; custom_padding=\u00bb|||\u00bb global_colors_info=\u00bb{}\u00bb custom_padding__hover=\u00bb|||\u00bb][et_pb_text _builder_version=\u00bb4.27.4&#8243; _module_preset=\u00bbdefault\u00bb hover_enabled=\u00bb0&#8243; sticky_enabled=\u00bb0&#8243;]<\/p>\n<p class=\"\" data-start=\"52\" data-end=\"312\">&#x1f393; Un grupo de estudiantes de Polonia ha visitado nuestro centro dentro del <strong data-start=\"128\" data-end=\"149\">Proyecto Erasmus+<\/strong>. Junto a los alumnos de <strong data-start=\"174\" data-end=\"184\">3\u00b0 ESO<\/strong>, han participado en <strong data-start=\"205\" data-end=\"242\">talleres de tecnolog\u00eda y ecolog\u00eda<\/strong>, fomentando el aprendizaje pr\u00e1ctico y la cooperaci\u00f3n internacional.<\/p>\n<p class=\"\" data-start=\"314\" data-end=\"531\">&#x1f30d; Durante el recreo, todos los estudiantes de secundaria han tenido la oportunidad de intercambiar experiencias, utilizando el <strong data-start=\"442\" data-end=\"470\">ingl\u00e9s como lengua com\u00fan<\/strong>, reforzando as\u00ed sus habilidades ling\u00fc\u00edsticas y culturales.<\/p>\n<p class=\"\" data-start=\"533\" data-end=\"615\">&#x1f91d; Una experiencia enriquecedora que fortalece lazos y abre nuevas perspectivas.<\/p>\n<p class=\"\" data-start=\"617\" data-end=\"657\">#SomosFuturo #SalesianosAlcal\u00e1 #Erasmus+<\/p>\n<p>[\/et_pb_text][\/et_pb_column][\/et_pb_row][et_pb_row _builder_version=\u00bb4.27.4&#8243; _module_preset=\u00bbdefault\u00bb column_structure=\u00bb1_3,1_3,1_3&#8243;][et_pb_column _builder_version=\u00bb4.27.4&#8243; _module_preset=\u00bbdefault\u00bb type=\u00bb1_3&#8243;][et_pb_image _builder_version=\u00bb4.27.4&#8243; _module_preset=\u00bbdefault\u00bb title_text=\u00bb486673230_18299931082232629_7239236501588656104_n\u00bb src=\u00bbhttps:\/\/alcala.salesianos.edu\/wp-content\/uploads\/2025\/03\/486673230_18299931082232629_7239236501588656104_n.jpg\u00bb hover_enabled=\u00bb0&#8243; sticky_enabled=\u00bb0&#8243;][\/et_pb_image][\/et_pb_column][et_pb_column _builder_version=\u00bb4.27.4&#8243; _module_preset=\u00bbdefault\u00bb type=\u00bb1_3&#8243;][et_pb_image _builder_version=\u00bb4.27.4&#8243; _module_preset=\u00bbdefault\u00bb title_text=\u00bb486570099_18299930947232629_6109552734663077630_n\u00bb src=\u00bbhttps:\/\/alcala.salesianos.edu\/wp-content\/uploads\/2025\/03\/486570099_18299930947232629_6109552734663077630_n.jpg\u00bb hover_enabled=\u00bb0&#8243; sticky_enabled=\u00bb0&#8243;][\/et_pb_image][\/et_pb_column][et_pb_column _builder_version=\u00bb4.27.4&#8243; _module_preset=\u00bbdefault\u00bb type=\u00bb1_3&#8243;][et_pb_image _builder_version=\u00bb4.27.4&#8243; _module_preset=\u00bbdefault\u00bb title_text=\u00bb486866424_18299930920232629_1512481032522929636_n\u00bb src=\u00bbhttps:\/\/alcala.salesianos.edu\/wp-content\/uploads\/2025\/03\/486866424_18299930920232629_1512481032522929636_n.jpg\u00bb hover_enabled=\u00bb0&#8243; sticky_enabled=\u00bb0&#8243;][\/et_pb_image][\/et_pb_column][\/et_pb_row][\/et_pb_section]<\/p>\n","protected":false},"excerpt":{"rendered":"<p>Un grupo de estudiantes de Polonia ha visitado nuestro centro dentro del Proyecto Erasmus+. Junto a los alumnos de 3\u00b0 ESO, han participado en talleres de tecnolog\u00eda y ecolog\u00eda.<\/p>\n","protected":false},"author":2,"featured_media":16249,"comment_status":"closed","ping_status":"open","sticky":false,"template":"","format":"standard","meta":{"_et_pb_use_builder":"on","_et_pb_old_content":"","_et_gb_content_width":"","footnotes":""},"categories":[12,23,19,13,14,15,16,1],"tags":[],"class_list":["post-16248","post","type-post","status-publish","format-standard","has-post-thumbnail","hentry","category-colegio","category-covid","category-escuela-abierta","category-fasa","category-pastoral","category-portada","category-secundaria","category-uncategorized"],"yoast_head":"<!-- This site is optimized with the Yoast SEO plugin v28.3 - https:\/\/yoast.com\/product\/yoast-seo-wordpress\/ -->\n<title>Intercambio Cultural en Salesianos Alcal\u00e1 - Colegio Salesiano Alcal\u00e1<\/title>\n<meta name=\"robots\" content=\"index, follow, max-snippet:-1, max-image-preview:large, max-video-preview:-1\" \/>\n<link rel=\"canonical\" href=\"https:\/\/alcala.salesianos.edu\/colegio\/blog\/2025\/03\/27\/intercambio-cultural-en-salesianos-alcala\/\" \/>\n<meta property=\"og:locale\" content=\"es_ES\" \/>\n<meta property=\"og:type\" content=\"article\" \/>\n<meta property=\"og:title\" content=\"Intercambio Cultural en Salesianos Alcal\u00e1 - Colegio Salesiano Alcal\u00e1\" \/>\n<meta property=\"og:description\" content=\"Un grupo de estudiantes de Polonia ha visitado nuestro centro dentro del Proyecto Erasmus+. Junto a los alumnos de 3\u00b0 ESO, han participado en talleres de tecnolog\u00eda y ecolog\u00eda.\" \/>\n<meta property=\"og:url\" content=\"https:\/\/alcala.salesianos.edu\/colegio\/blog\/2025\/03\/27\/intercambio-cultural-en-salesianos-alcala\/\" \/>\n<meta property=\"og:site_name\" content=\"Colegio Salesiano Alcal\u00e1\" \/>\n<meta property=\"article:published_time\" content=\"2025-03-27T12:16:47+00:00\" \/>\n<meta property=\"article:modified_time\" content=\"2025-08-27T07:46:23+00:00\" \/>\n<meta property=\"og:image\" content=\"https:\/\/alcala.salesianos.edu\/colegio\/wp-content\/uploads\/sites\/2\/2025\/03\/487297551_18299930911232629_1454566953261495584_n.jpg\" \/>\n\t<meta property=\"og:image:width\" content=\"1440\" \/>\n\t<meta property=\"og:image:height\" content=\"1800\" \/>\n\t<meta property=\"og:image:type\" content=\"image\/jpeg\" \/>\n<meta name=\"author\" content=\"Administrador Web\" \/>\n<meta name=\"twitter:card\" content=\"summary_large_image\" \/>\n<meta name=\"twitter:label1\" content=\"Escrito por\" \/>\n\t<meta name=\"twitter:data1\" content=\"Administrador Web\" \/>\n\t<meta name=\"twitter:label2\" content=\"Tiempo de lectura\" \/>\n\t<meta name=\"twitter:data2\" content=\"1 minuto\" \/>\n<script type=\"application\/ld+json\" class=\"yoast-schema-graph\">{\"@context\":\"https:\\\/\\\/schema.org\",\"@graph\":[{\"@type\":\"Article\",\"@id\":\"https:\\\/\\\/alcala.salesianos.edu\\\/colegio\\\/blog\\\/2025\\\/03\\\/27\\\/intercambio-cultural-en-salesianos-alcala\\\/#article\",\"isPartOf\":{\"@id\":\"https:\\\/\\\/alcala.salesianos.edu\\\/colegio\\\/blog\\\/2025\\\/03\\\/27\\\/intercambio-cultural-en-salesianos-alcala\\\/\"},\"author\":{\"name\":\"Administrador Web\",\"@id\":\"https:\\\/\\\/alcala.salesianos.edu\\\/colegio\\\/#\\\/schema\\\/person\\\/afcc24f776dc91fc2bf9afb0998fca77\"},\"headline\":\"Intercambio Cultural en Salesianos Alcal\u00e1\",\"datePublished\":\"2025-03-27T12:16:47+00:00\",\"dateModified\":\"2025-08-27T07:46:23+00:00\",\"mainEntityOfPage\":{\"@id\":\"https:\\\/\\\/alcala.salesianos.edu\\\/colegio\\\/blog\\\/2025\\\/03\\\/27\\\/intercambio-cultural-en-salesianos-alcala\\\/\"},\"wordCount\":299,\"image\":{\"@id\":\"https:\\\/\\\/alcala.salesianos.edu\\\/colegio\\\/blog\\\/2025\\\/03\\\/27\\\/intercambio-cultural-en-salesianos-alcala\\\/#primaryimage\"},\"thumbnailUrl\":\"https:\\\/\\\/alcala.salesianos.edu\\\/colegio\\\/wp-content\\\/uploads\\\/sites\\\/2\\\/2025\\\/03\\\/487297551_18299930911232629_1454566953261495584_n.jpg\",\"articleSection\":[\"Colegio\",\"covid\",\"Escuela abierta\",\"FASA\",\"Pastoral\",\"Portada\",\"Secundaria\",\"Uncategorized\"],\"inLanguage\":\"es\"},{\"@type\":\"WebPage\",\"@id\":\"https:\\\/\\\/alcala.salesianos.edu\\\/colegio\\\/blog\\\/2025\\\/03\\\/27\\\/intercambio-cultural-en-salesianos-alcala\\\/\",\"url\":\"https:\\\/\\\/alcala.salesianos.edu\\\/colegio\\\/blog\\\/2025\\\/03\\\/27\\\/intercambio-cultural-en-salesianos-alcala\\\/\",\"name\":\"Intercambio Cultural en Salesianos Alcal\u00e1 - Colegio Salesiano Alcal\u00e1\",\"isPartOf\":{\"@id\":\"https:\\\/\\\/alcala.salesianos.edu\\\/colegio\\\/#website\"},\"primaryImageOfPage\":{\"@id\":\"https:\\\/\\\/alcala.salesianos.edu\\\/colegio\\\/blog\\\/2025\\\/03\\\/27\\\/intercambio-cultural-en-salesianos-alcala\\\/#primaryimage\"},\"image\":{\"@id\":\"https:\\\/\\\/alcala.salesianos.edu\\\/colegio\\\/blog\\\/2025\\\/03\\\/27\\\/intercambio-cultural-en-salesianos-alcala\\\/#primaryimage\"},\"thumbnailUrl\":\"https:\\\/\\\/alcala.salesianos.edu\\\/colegio\\\/wp-content\\\/uploads\\\/sites\\\/2\\\/2025\\\/03\\\/487297551_18299930911232629_1454566953261495584_n.jpg\",\"datePublished\":\"2025-03-27T12:16:47+00:00\",\"dateModified\":\"2025-08-27T07:46:23+00:00\",\"author\":{\"@id\":\"https:\\\/\\\/alcala.salesianos.edu\\\/colegio\\\/#\\\/schema\\\/person\\\/afcc24f776dc91fc2bf9afb0998fca77\"},\"breadcrumb\":{\"@id\":\"https:\\\/\\\/alcala.salesianos.edu\\\/colegio\\\/blog\\\/2025\\\/03\\\/27\\\/intercambio-cultural-en-salesianos-alcala\\\/#breadcrumb\"},\"inLanguage\":\"es\",\"potentialAction\":[{\"@type\":\"ReadAction\",\"target\":[\"https:\\\/\\\/alcala.salesianos.edu\\\/colegio\\\/blog\\\/2025\\\/03\\\/27\\\/intercambio-cultural-en-salesianos-alcala\\\/\"]}]},{\"@type\":\"ImageObject\",\"inLanguage\":\"es\",\"@id\":\"https:\\\/\\\/alcala.salesianos.edu\\\/colegio\\\/blog\\\/2025\\\/03\\\/27\\\/intercambio-cultural-en-salesianos-alcala\\\/#primaryimage\",\"url\":\"https:\\\/\\\/alcala.salesianos.edu\\\/colegio\\\/wp-content\\\/uploads\\\/sites\\\/2\\\/2025\\\/03\\\/487297551_18299930911232629_1454566953261495584_n.jpg\",\"contentUrl\":\"https:\\\/\\\/alcala.salesianos.edu\\\/colegio\\\/wp-content\\\/uploads\\\/sites\\\/2\\\/2025\\\/03\\\/487297551_18299930911232629_1454566953261495584_n.jpg\",\"width\":1440,\"height\":1800},{\"@type\":\"BreadcrumbList\",\"@id\":\"https:\\\/\\\/alcala.salesianos.edu\\\/colegio\\\/blog\\\/2025\\\/03\\\/27\\\/intercambio-cultural-en-salesianos-alcala\\\/#breadcrumb\",\"itemListElement\":[{\"@type\":\"ListItem\",\"position\":1,\"name\":\"Portada\",\"item\":\"https:\\\/\\\/alcala.salesianos.edu\\\/colegio\\\/\"},{\"@type\":\"ListItem\",\"position\":2,\"name\":\"Intercambio Cultural en Salesianos Alcal\u00e1\"}]},{\"@type\":\"WebSite\",\"@id\":\"https:\\\/\\\/alcala.salesianos.edu\\\/colegio\\\/#website\",\"url\":\"https:\\\/\\\/alcala.salesianos.edu\\\/colegio\\\/\",\"name\":\"Colegio Salesiano Alcal\u00e1\",\"description\":\"P\u00e1gina oficial de Salesianos Alcal\u00e1 de Guadaira\",\"potentialAction\":[{\"@type\":\"SearchAction\",\"target\":{\"@type\":\"EntryPoint\",\"urlTemplate\":\"https:\\\/\\\/alcala.salesianos.edu\\\/colegio\\\/?s={search_term_string}\"},\"query-input\":{\"@type\":\"PropertyValueSpecification\",\"valueRequired\":true,\"valueName\":\"search_term_string\"}}],\"inLanguage\":\"es\"},{\"@type\":\"Person\",\"@id\":\"https:\\\/\\\/alcala.salesianos.edu\\\/colegio\\\/#\\\/schema\\\/person\\\/afcc24f776dc91fc2bf9afb0998fca77\",\"name\":\"Administrador Web\",\"image\":{\"@type\":\"ImageObject\",\"inLanguage\":\"es\",\"@id\":\"https:\\\/\\\/secure.gravatar.com\\\/avatar\\\/bc157e994689bd6da9645c00aa3bc4d55b727915b6652642660db0aef086585f?s=96&d=mm&r=g\",\"url\":\"https:\\\/\\\/secure.gravatar.com\\\/avatar\\\/bc157e994689bd6da9645c00aa3bc4d55b727915b6652642660db0aef086585f?s=96&d=mm&r=g\",\"contentUrl\":\"https:\\\/\\\/secure.gravatar.com\\\/avatar\\\/bc157e994689bd6da9645c00aa3bc4d55b727915b6652642660db0aef086585f?s=96&d=mm&r=g\",\"caption\":\"Administrador Web\"}}]}<\/script>\n<!-- \/ Yoast SEO plugin. -->","yoast_head_json":{"title":"Intercambio Cultural en Salesianos Alcal\u00e1 - Colegio Salesiano Alcal\u00e1","robots":{"index":"index","follow":"follow","max-snippet":"max-snippet:-1","max-image-preview":"max-image-preview:large","max-video-preview":"max-video-preview:-1"},"canonical":"https:\/\/alcala.salesianos.edu\/colegio\/blog\/2025\/03\/27\/intercambio-cultural-en-salesianos-alcala\/","og_locale":"es_ES","og_type":"article","og_title":"Intercambio Cultural en Salesianos Alcal\u00e1 - Colegio Salesiano Alcal\u00e1","og_description":"Un grupo de estudiantes de Polonia ha visitado nuestro centro dentro del Proyecto Erasmus+. Junto a los alumnos de 3\u00b0 ESO, han participado en talleres de tecnolog\u00eda y ecolog\u00eda.","og_url":"https:\/\/alcala.salesianos.edu\/colegio\/blog\/2025\/03\/27\/intercambio-cultural-en-salesianos-alcala\/","og_site_name":"Colegio Salesiano Alcal\u00e1","article_published_time":"2025-03-27T12:16:47+00:00","article_modified_time":"2025-08-27T07:46:23+00:00","og_image":[{"width":1440,"height":1800,"url":"https:\/\/alcala.salesianos.edu\/colegio\/wp-content\/uploads\/sites\/2\/2025\/03\/487297551_18299930911232629_1454566953261495584_n.jpg","type":"image\/jpeg"}],"author":"Administrador Web","twitter_card":"summary_large_image","twitter_misc":{"Escrito por":"Administrador Web","Tiempo de lectura":"1 minuto"},"schema":{"@context":"https:\/\/schema.org","@graph":[{"@type":"Article","@id":"https:\/\/alcala.salesianos.edu\/colegio\/blog\/2025\/03\/27\/intercambio-cultural-en-salesianos-alcala\/#article","isPartOf":{"@id":"https:\/\/alcala.salesianos.edu\/colegio\/blog\/2025\/03\/27\/intercambio-cultural-en-salesianos-alcala\/"},"author":{"name":"Administrador Web","@id":"https:\/\/alcala.salesianos.edu\/colegio\/#\/schema\/person\/afcc24f776dc91fc2bf9afb0998fca77"},"headline":"Intercambio Cultural en Salesianos Alcal\u00e1","datePublished":"2025-03-27T12:16:47+00:00","dateModified":"2025-08-27T07:46:23+00:00","mainEntityOfPage":{"@id":"https:\/\/alcala.salesianos.edu\/colegio\/blog\/2025\/03\/27\/intercambio-cultural-en-salesianos-alcala\/"},"wordCount":299,"image":{"@id":"https:\/\/alcala.salesianos.edu\/colegio\/blog\/2025\/03\/27\/intercambio-cultural-en-salesianos-alcala\/#primaryimage"},"thumbnailUrl":"https:\/\/alcala.salesianos.edu\/colegio\/wp-content\/uploads\/sites\/2\/2025\/03\/487297551_18299930911232629_1454566953261495584_n.jpg","articleSection":["Colegio","covid","Escuela abierta","FASA","Pastoral","Portada","Secundaria","Uncategorized"],"inLanguage":"es"},{"@type":"WebPage","@id":"https:\/\/alcala.salesianos.edu\/colegio\/blog\/2025\/03\/27\/intercambio-cultural-en-salesianos-alcala\/","url":"https:\/\/alcala.salesianos.edu\/colegio\/blog\/2025\/03\/27\/intercambio-cultural-en-salesianos-alcala\/","name":"Intercambio Cultural en Salesianos Alcal\u00e1 - Colegio Salesiano Alcal\u00e1","isPartOf":{"@id":"https:\/\/alcala.salesianos.edu\/colegio\/#website"},"primaryImageOfPage":{"@id":"https:\/\/alcala.salesianos.edu\/colegio\/blog\/2025\/03\/27\/intercambio-cultural-en-salesianos-alcala\/#primaryimage"},"image":{"@id":"https:\/\/alcala.salesianos.edu\/colegio\/blog\/2025\/03\/27\/intercambio-cultural-en-salesianos-alcala\/#primaryimage"},"thumbnailUrl":"https:\/\/alcala.salesianos.edu\/colegio\/wp-content\/uploads\/sites\/2\/2025\/03\/487297551_18299930911232629_1454566953261495584_n.jpg","datePublished":"2025-03-27T12:16:47+00:00","dateModified":"2025-08-27T07:46:23+00:00","author":{"@id":"https:\/\/alcala.salesianos.edu\/colegio\/#\/schema\/person\/afcc24f776dc91fc2bf9afb0998fca77"},"breadcrumb":{"@id":"https:\/\/alcala.salesianos.edu\/colegio\/blog\/2025\/03\/27\/intercambio-cultural-en-salesianos-alcala\/#breadcrumb"},"inLanguage":"es","potentialAction":[{"@type":"ReadAction","target":["https:\/\/alcala.salesianos.edu\/colegio\/blog\/2025\/03\/27\/intercambio-cultural-en-salesianos-alcala\/"]}]},{"@type":"ImageObject","inLanguage":"es","@id":"https:\/\/alcala.salesianos.edu\/colegio\/blog\/2025\/03\/27\/intercambio-cultural-en-salesianos-alcala\/#primaryimage","url":"https:\/\/alcala.salesianos.edu\/colegio\/wp-content\/uploads\/sites\/2\/2025\/03\/487297551_18299930911232629_1454566953261495584_n.jpg","contentUrl":"https:\/\/alcala.salesianos.edu\/colegio\/wp-content\/uploads\/sites\/2\/2025\/03\/487297551_18299930911232629_1454566953261495584_n.jpg","width":1440,"height":1800},{"@type":"BreadcrumbList","@id":"https:\/\/alcala.salesianos.edu\/colegio\/blog\/2025\/03\/27\/intercambio-cultural-en-salesianos-alcala\/#breadcrumb","itemListElement":[{"@type":"ListItem","position":1,"name":"Portada","item":"https:\/\/alcala.salesianos.edu\/colegio\/"},{"@type":"ListItem","position":2,"name":"Intercambio Cultural en Salesianos Alcal\u00e1"}]},{"@type":"WebSite","@id":"https:\/\/alcala.salesianos.edu\/colegio\/#website","url":"https:\/\/alcala.salesianos.edu\/colegio\/","name":"Colegio Salesiano Alcal\u00e1","description":"P\u00e1gina oficial de Salesianos Alcal\u00e1 de Guadaira","potentialAction":[{"@type":"SearchAction","target":{"@type":"EntryPoint","urlTemplate":"https:\/\/alcala.salesianos.edu\/colegio\/?s={search_term_string}"},"query-input":{"@type":"PropertyValueSpecification","valueRequired":true,"valueName":"search_term_string"}}],"inLanguage":"es"},{"@type":"Person","@id":"https:\/\/alcala.salesianos.edu\/colegio\/#\/schema\/person\/afcc24f776dc91fc2bf9afb0998fca77","name":"Administrador Web","image":{"@type":"ImageObject","inLanguage":"es","@id":"https:\/\/secure.gravatar.com\/avatar\/bc157e994689bd6da9645c00aa3bc4d55b727915b6652642660db0aef086585f?s=96&d=mm&r=g","url":"https:\/\/secure.gravatar.com\/avatar\/bc157e994689bd6da9645c00aa3bc4d55b727915b6652642660db0aef086585f?s=96&d=mm&r=g","contentUrl":"https:\/\/secure.gravatar.com\/avatar\/bc157e994689bd6da9645c00aa3bc4d55b727915b6652642660db0aef086585f?s=96&d=mm&r=g","caption":"Administrador Web"}}]}},"_links":{"self":[{"href":"https:\/\/alcala.salesianos.edu\/colegio\/wp-json\/wp\/v2\/posts\/16248","targetHints":{"allow":["GET"]}}],"collection":[{"href":"https:\/\/alcala.salesianos.edu\/colegio\/wp-json\/wp\/v2\/posts"}],"about":[{"href":"https:\/\/alcala.salesianos.edu\/colegio\/wp-json\/wp\/v2\/types\/post"}],"author":[{"embeddable":true,"href":"https:\/\/alcala.salesianos.edu\/colegio\/wp-json\/wp\/v2\/users\/2"}],"replies":[{"embeddable":true,"href":"https:\/\/alcala.salesianos.edu\/colegio\/wp-json\/wp\/v2\/comments?post=16248"}],"version-history":[{"count":1,"href":"https:\/\/alcala.salesianos.edu\/colegio\/wp-json\/wp\/v2\/posts\/16248\/revisions"}],"predecessor-version":[{"id":16569,"href":"https:\/\/alcala.salesianos.edu\/colegio\/wp-json\/wp\/v2\/posts\/16248\/revisions\/16569"}],"wp:featuredmedia":[{"embeddable":true,"href":"https:\/\/alcala.salesianos.edu\/colegio\/wp-json\/wp\/v2\/media\/16249"}],"wp:attachment":[{"href":"https:\/\/alcala.salesianos.edu\/colegio\/wp-json\/wp\/v2\/media?parent=16248"}],"wp:term":[{"taxonomy":"category","embeddable":true,"href":"https:\/\/alcala.salesianos.edu\/colegio\/wp-json\/wp\/v2\/categories?post=16248"},{"taxonomy":"post_tag","embeddable":true,"href":"https:\/\/alcala.salesianos.edu\/colegio\/wp-json\/wp\/v2\/tags?post=16248"}],"curies":[{"name":"wp","href":"https:\/\/api.w.org\/{rel}","templated":true}]}}