{"id":16236,"date":"2025-03-12T10:04:43","date_gmt":"2025-03-12T09:04:43","guid":{"rendered":"https:\/\/alcala.salesianos.edu\/colegio\/blog\/2025\/03\/12\/oferta-de-empleo-de-educacion-secundaria\/"},"modified":"2025-08-27T08:46:24","modified_gmt":"2025-08-27T07:46:24","slug":"oferta-de-empleo-de-educacion-secundaria","status":"publish","type":"post","link":"https:\/\/alcala.salesianos.edu\/colegio\/blog\/2025\/03\/12\/oferta-de-empleo-de-educacion-secundaria\/","title":{"rendered":"Oferta de empleo de Educaci\u00f3n Secundaria"},"content":{"rendered":"<div id=\"fb-root\"><\/div>\n<p>[et_pb_section fb_built=\u00bb1&#8243; admin_label=\u00bbsection\u00bb _builder_version=\u00bb4.16&#8243; global_colors_info=\u00bb{}\u00bb theme_builder_area=\u00bbpost_content\u00bb][et_pb_row admin_label=\u00bbrow\u00bb _builder_version=\u00bb4.16&#8243; background_size=\u00bbinitial\u00bb background_position=\u00bbtop_left\u00bb background_repeat=\u00bbrepeat\u00bb global_colors_info=\u00bb{}\u00bb theme_builder_area=\u00bbpost_content\u00bb][et_pb_column type=\u00bb4_4&#8243; _builder_version=\u00bb4.16&#8243; custom_padding=\u00bb|||\u00bb global_colors_info=\u00bb{}\u00bb custom_padding__hover=\u00bb|||\u00bb theme_builder_area=\u00bbpost_content\u00bb][et_pb_text _builder_version=\u00bb4.27.4&#8243; _module_preset=\u00bbdefault\u00bb global_colors_info=\u00bb{}\u00bb theme_builder_area=\u00bbpost_content\u00bb]<\/p>\n<p data-start=\"98\" data-end=\"441\">El Colegio Salesiano de Alcal\u00e1 de Guada\u00edra ha publicado una oferta de empleo dirigida a profesionales apasionados por la educaci\u00f3n. La vacante es para el puesto de docente en las asignaturas de Matem\u00e1ticas y F\u00edsica y Qu\u00edmica en Educaci\u00f3n Secundaria Obligatoria (ESO).<\/p>\n<p data-start=\"443\" data-end=\"469\"><strong data-start=\"443\" data-end=\"469\">Detalles de la oferta:<\/strong><\/p>\n<ul data-start=\"471\" data-end=\"876\">\n<li data-start=\"471\" data-end=\"521\"><strong data-start=\"473\" data-end=\"486\">Contrato:<\/strong> Contrato en Pr\u00e1cticas por 6 meses.<\/li>\n<li data-start=\"522\" data-end=\"556\"><strong data-start=\"524\" data-end=\"536\">Jornada:<\/strong> 18 horas semanales.<\/li>\n<li data-start=\"557\" data-end=\"876\"><strong data-start=\"559\" data-end=\"574\">Requisitos:<\/strong>\n<ul data-start=\"577\" data-end=\"876\">\n<li data-start=\"577\" data-end=\"602\">Graduado en Ingenier\u00eda.<\/li>\n<li data-start=\"605\" data-end=\"644\">Capacitaci\u00f3n pedag\u00f3gica (CAP \/ MAES).<\/li>\n<li data-start=\"647\" data-end=\"679\">Nivel de ingl\u00e9s B2 acreditado.<\/li>\n<li data-start=\"682\" data-end=\"814\">Identidad y compromiso con el proyecto institucional, gesti\u00f3n emocional, responsabilidad y competencias profesionales pedag\u00f3gicas.<\/li>\n<li data-start=\"817\" data-end=\"876\">Se valorar\u00e1 estar en posesi\u00f3n de la tarjeta de desempleo.<\/li>\n<\/ul>\n<\/li>\n<\/ul>\n<p data-start=\"878\" data-end=\"903\"><strong data-start=\"878\" data-end=\"903\">Proceso de selecci\u00f3n:<\/strong><\/p>\n<ol data-start=\"905\" data-end=\"1078\">\n<li data-start=\"905\" data-end=\"1002\">Estudio y preselecci\u00f3n de candidaturas por parte del Director Titular y el Director de Centro.<\/li>\n<li data-start=\"1003\" data-end=\"1035\">Elecci\u00f3n del candidato final.<\/li>\n<li data-start=\"1036\" data-end=\"1078\">Notificaci\u00f3n al candidato seleccionado.<\/li>\n<\/ol>\n<p data-start=\"1080\" data-end=\"1122\"><strong data-start=\"1080\" data-end=\"1122\">Plazo de presentaci\u00f3n de candidaturas:<\/strong><\/p>\n<p data-start=\"1124\" data-end=\"1197\">Los interesados deben enviar su curr\u00edculum antes del 13 de marzo de 2025.<\/p>\n<p data-start=\"1199\" data-end=\"1273\">Para m\u00e1s informaci\u00f3n y env\u00edo de candidaturas, visite el siguiente enlace:<\/p>\n<p>[\/et_pb_text][et_pb_button button_url=\u00bbhttps:\/\/bolsatrabajo.salesianos.edu\/alcala-docente-eso-ingenieria-fisica-tBcZBKWSbO8u\/\u00bb url_new_window=\u00bbon\u00bb button_text=\u00bbAcceso a la oferta de empleo\u00bb button_alignment=\u00bbcenter\u00bb _builder_version=\u00bb4.27.4&#8243; _module_preset=\u00bbdefault\u00bb custom_button=\u00bbon\u00bb button_text_color=\u00bb#FFFFFF\u00bb button_bg_color=\u00bb#dc001b\u00bb global_colors_info=\u00bb{}\u00bb theme_builder_area=\u00bbpost_content\u00bb][\/et_pb_button][\/et_pb_column][\/et_pb_row][\/et_pb_section]<\/p>\n","protected":false},"excerpt":{"rendered":"<p>Buscamos personas apasionadas por la educaci\u00f3n que quieran crecer personal y profesionalmente en un proyecto educativo alegre, profundo, comprometido y transformador. . <\/p>\n","protected":false},"author":2,"featured_media":16237,"comment_status":"closed","ping_status":"open","sticky":false,"template":"","format":"standard","meta":{"_et_pb_use_builder":"on","_et_pb_old_content":"","_et_gb_content_width":"","footnotes":""},"categories":[12,23,19,13,14,15,16,1],"tags":[],"class_list":["post-16236","post","type-post","status-publish","format-standard","has-post-thumbnail","hentry","category-colegio","category-covid","category-escuela-abierta","category-fasa","category-pastoral","category-portada","category-secundaria","category-uncategorized"],"yoast_head":"<!-- This site is optimized with the Yoast SEO plugin v28.3 - https:\/\/yoast.com\/product\/yoast-seo-wordpress\/ -->\n<title>Oferta de empleo de Educaci\u00f3n Secundaria - Colegio Salesiano Alcal\u00e1<\/title>\n<meta name=\"description\" content=\"Buscamos personas apasionadas que quieran crecer personal y profesionalmente en un proyecto educativo alegre y transformador.\" \/>\n<meta name=\"robots\" content=\"index, follow, max-snippet:-1, max-image-preview:large, max-video-preview:-1\" \/>\n<link rel=\"canonical\" href=\"https:\/\/alcala.salesianos.edu\/colegio\/blog\/2025\/03\/12\/oferta-de-empleo-de-educacion-secundaria\/\" \/>\n<meta property=\"og:locale\" content=\"es_ES\" \/>\n<meta property=\"og:type\" content=\"article\" \/>\n<meta property=\"og:title\" content=\"Oferta de empleo de Educaci\u00f3n Secundaria - Colegio Salesiano Alcal\u00e1\" \/>\n<meta property=\"og:description\" content=\"Buscamos personas apasionadas que quieran crecer personal y profesionalmente en un proyecto educativo alegre y transformador.\" \/>\n<meta property=\"og:url\" content=\"https:\/\/alcala.salesianos.edu\/colegio\/blog\/2025\/03\/12\/oferta-de-empleo-de-educacion-secundaria\/\" \/>\n<meta property=\"og:site_name\" content=\"Colegio Salesiano Alcal\u00e1\" \/>\n<meta property=\"article:published_time\" content=\"2025-03-12T09:04:43+00:00\" \/>\n<meta property=\"article:modified_time\" content=\"2025-08-27T07:46:24+00:00\" \/>\n<meta property=\"og:image\" content=\"https:\/\/alcala.salesianos.edu\/colegio\/wp-content\/uploads\/sites\/2\/2025\/03\/ALCALAcoleVN2-scaled.jpg\" \/>\n\t<meta property=\"og:image:width\" content=\"1\" \/>\n\t<meta property=\"og:image:height\" content=\"1\" \/>\n\t<meta property=\"og:image:type\" content=\"image\/jpeg\" \/>\n<meta name=\"author\" content=\"Administrador Web\" \/>\n<meta name=\"twitter:card\" content=\"summary_large_image\" \/>\n<meta name=\"twitter:label1\" content=\"Escrito por\" \/>\n\t<meta name=\"twitter:data1\" content=\"Administrador Web\" \/>\n\t<meta name=\"twitter:label2\" content=\"Tiempo de lectura\" \/>\n\t<meta name=\"twitter:data2\" content=\"1 minuto\" \/>\n<script type=\"application\/ld+json\" class=\"yoast-schema-graph\">{\"@context\":\"https:\\\/\\\/schema.org\",\"@graph\":[{\"@type\":\"Article\",\"@id\":\"https:\\\/\\\/alcala.salesianos.edu\\\/colegio\\\/blog\\\/2025\\\/03\\\/12\\\/oferta-de-empleo-de-educacion-secundaria\\\/#article\",\"isPartOf\":{\"@id\":\"https:\\\/\\\/alcala.salesianos.edu\\\/colegio\\\/blog\\\/2025\\\/03\\\/12\\\/oferta-de-empleo-de-educacion-secundaria\\\/\"},\"author\":{\"name\":\"Administrador Web\",\"@id\":\"https:\\\/\\\/alcala.salesianos.edu\\\/colegio\\\/#\\\/schema\\\/person\\\/afcc24f776dc91fc2bf9afb0998fca77\"},\"headline\":\"Oferta de empleo de Educaci\u00f3n Secundaria\",\"datePublished\":\"2025-03-12T09:04:43+00:00\",\"dateModified\":\"2025-08-27T07:46:24+00:00\",\"mainEntityOfPage\":{\"@id\":\"https:\\\/\\\/alcala.salesianos.edu\\\/colegio\\\/blog\\\/2025\\\/03\\\/12\\\/oferta-de-empleo-de-educacion-secundaria\\\/\"},\"wordCount\":320,\"image\":{\"@id\":\"https:\\\/\\\/alcala.salesianos.edu\\\/colegio\\\/blog\\\/2025\\\/03\\\/12\\\/oferta-de-empleo-de-educacion-secundaria\\\/#primaryimage\"},\"thumbnailUrl\":\"https:\\\/\\\/alcala.salesianos.edu\\\/colegio\\\/wp-content\\\/uploads\\\/sites\\\/2\\\/2025\\\/03\\\/ALCALAcoleVN2-scaled.jpg\",\"articleSection\":[\"Colegio\",\"covid\",\"Escuela abierta\",\"FASA\",\"Pastoral\",\"Portada\",\"Secundaria\",\"Uncategorized\"],\"inLanguage\":\"es\"},{\"@type\":\"WebPage\",\"@id\":\"https:\\\/\\\/alcala.salesianos.edu\\\/colegio\\\/blog\\\/2025\\\/03\\\/12\\\/oferta-de-empleo-de-educacion-secundaria\\\/\",\"url\":\"https:\\\/\\\/alcala.salesianos.edu\\\/colegio\\\/blog\\\/2025\\\/03\\\/12\\\/oferta-de-empleo-de-educacion-secundaria\\\/\",\"name\":\"Oferta de empleo de Educaci\u00f3n Secundaria - Colegio Salesiano Alcal\u00e1\",\"isPartOf\":{\"@id\":\"https:\\\/\\\/alcala.salesianos.edu\\\/colegio\\\/#website\"},\"primaryImageOfPage\":{\"@id\":\"https:\\\/\\\/alcala.salesianos.edu\\\/colegio\\\/blog\\\/2025\\\/03\\\/12\\\/oferta-de-empleo-de-educacion-secundaria\\\/#primaryimage\"},\"image\":{\"@id\":\"https:\\\/\\\/alcala.salesianos.edu\\\/colegio\\\/blog\\\/2025\\\/03\\\/12\\\/oferta-de-empleo-de-educacion-secundaria\\\/#primaryimage\"},\"thumbnailUrl\":\"https:\\\/\\\/alcala.salesianos.edu\\\/colegio\\\/wp-content\\\/uploads\\\/sites\\\/2\\\/2025\\\/03\\\/ALCALAcoleVN2-scaled.jpg\",\"datePublished\":\"2025-03-12T09:04:43+00:00\",\"dateModified\":\"2025-08-27T07:46:24+00:00\",\"author\":{\"@id\":\"https:\\\/\\\/alcala.salesianos.edu\\\/colegio\\\/#\\\/schema\\\/person\\\/afcc24f776dc91fc2bf9afb0998fca77\"},\"description\":\"Buscamos personas apasionadas que quieran crecer personal y profesionalmente en un proyecto educativo alegre y transformador.\",\"breadcrumb\":{\"@id\":\"https:\\\/\\\/alcala.salesianos.edu\\\/colegio\\\/blog\\\/2025\\\/03\\\/12\\\/oferta-de-empleo-de-educacion-secundaria\\\/#breadcrumb\"},\"inLanguage\":\"es\",\"potentialAction\":[{\"@type\":\"ReadAction\",\"target\":[\"https:\\\/\\\/alcala.salesianos.edu\\\/colegio\\\/blog\\\/2025\\\/03\\\/12\\\/oferta-de-empleo-de-educacion-secundaria\\\/\"]}]},{\"@type\":\"ImageObject\",\"inLanguage\":\"es\",\"@id\":\"https:\\\/\\\/alcala.salesianos.edu\\\/colegio\\\/blog\\\/2025\\\/03\\\/12\\\/oferta-de-empleo-de-educacion-secundaria\\\/#primaryimage\",\"url\":\"https:\\\/\\\/alcala.salesianos.edu\\\/colegio\\\/wp-content\\\/uploads\\\/sites\\\/2\\\/2025\\\/03\\\/ALCALAcoleVN2-scaled.jpg\",\"contentUrl\":\"https:\\\/\\\/alcala.salesianos.edu\\\/colegio\\\/wp-content\\\/uploads\\\/sites\\\/2\\\/2025\\\/03\\\/ALCALAcoleVN2-scaled.jpg\"},{\"@type\":\"BreadcrumbList\",\"@id\":\"https:\\\/\\\/alcala.salesianos.edu\\\/colegio\\\/blog\\\/2025\\\/03\\\/12\\\/oferta-de-empleo-de-educacion-secundaria\\\/#breadcrumb\",\"itemListElement\":[{\"@type\":\"ListItem\",\"position\":1,\"name\":\"Portada\",\"item\":\"https:\\\/\\\/alcala.salesianos.edu\\\/colegio\\\/\"},{\"@type\":\"ListItem\",\"position\":2,\"name\":\"Oferta de empleo de Educaci\u00f3n Secundaria\"}]},{\"@type\":\"WebSite\",\"@id\":\"https:\\\/\\\/alcala.salesianos.edu\\\/colegio\\\/#website\",\"url\":\"https:\\\/\\\/alcala.salesianos.edu\\\/colegio\\\/\",\"name\":\"Colegio Salesiano Alcal\u00e1\",\"description\":\"P\u00e1gina oficial de Salesianos Alcal\u00e1 de Guadaira\",\"potentialAction\":[{\"@type\":\"SearchAction\",\"target\":{\"@type\":\"EntryPoint\",\"urlTemplate\":\"https:\\\/\\\/alcala.salesianos.edu\\\/colegio\\\/?s={search_term_string}\"},\"query-input\":{\"@type\":\"PropertyValueSpecification\",\"valueRequired\":true,\"valueName\":\"search_term_string\"}}],\"inLanguage\":\"es\"},{\"@type\":\"Person\",\"@id\":\"https:\\\/\\\/alcala.salesianos.edu\\\/colegio\\\/#\\\/schema\\\/person\\\/afcc24f776dc91fc2bf9afb0998fca77\",\"name\":\"Administrador Web\",\"image\":{\"@type\":\"ImageObject\",\"inLanguage\":\"es\",\"@id\":\"https:\\\/\\\/secure.gravatar.com\\\/avatar\\\/bc157e994689bd6da9645c00aa3bc4d55b727915b6652642660db0aef086585f?s=96&d=mm&r=g\",\"url\":\"https:\\\/\\\/secure.gravatar.com\\\/avatar\\\/bc157e994689bd6da9645c00aa3bc4d55b727915b6652642660db0aef086585f?s=96&d=mm&r=g\",\"contentUrl\":\"https:\\\/\\\/secure.gravatar.com\\\/avatar\\\/bc157e994689bd6da9645c00aa3bc4d55b727915b6652642660db0aef086585f?s=96&d=mm&r=g\",\"caption\":\"Administrador Web\"}}]}<\/script>\n<!-- \/ Yoast SEO plugin. -->","yoast_head_json":{"title":"Oferta de empleo de Educaci\u00f3n Secundaria - Colegio Salesiano Alcal\u00e1","description":"Buscamos personas apasionadas que quieran crecer personal y profesionalmente en un proyecto educativo alegre y transformador.","robots":{"index":"index","follow":"follow","max-snippet":"max-snippet:-1","max-image-preview":"max-image-preview:large","max-video-preview":"max-video-preview:-1"},"canonical":"https:\/\/alcala.salesianos.edu\/colegio\/blog\/2025\/03\/12\/oferta-de-empleo-de-educacion-secundaria\/","og_locale":"es_ES","og_type":"article","og_title":"Oferta de empleo de Educaci\u00f3n Secundaria - Colegio Salesiano Alcal\u00e1","og_description":"Buscamos personas apasionadas que quieran crecer personal y profesionalmente en un proyecto educativo alegre y transformador.","og_url":"https:\/\/alcala.salesianos.edu\/colegio\/blog\/2025\/03\/12\/oferta-de-empleo-de-educacion-secundaria\/","og_site_name":"Colegio Salesiano Alcal\u00e1","article_published_time":"2025-03-12T09:04:43+00:00","article_modified_time":"2025-08-27T07:46:24+00:00","og_image":[{"url":"https:\/\/alcala.salesianos.edu\/colegio\/wp-content\/uploads\/sites\/2\/2025\/03\/ALCALAcoleVN2-scaled.jpg","width":1,"height":1,"type":"image\/jpeg"}],"author":"Administrador Web","twitter_card":"summary_large_image","twitter_misc":{"Escrito por":"Administrador Web","Tiempo de lectura":"1 minuto"},"schema":{"@context":"https:\/\/schema.org","@graph":[{"@type":"Article","@id":"https:\/\/alcala.salesianos.edu\/colegio\/blog\/2025\/03\/12\/oferta-de-empleo-de-educacion-secundaria\/#article","isPartOf":{"@id":"https:\/\/alcala.salesianos.edu\/colegio\/blog\/2025\/03\/12\/oferta-de-empleo-de-educacion-secundaria\/"},"author":{"name":"Administrador Web","@id":"https:\/\/alcala.salesianos.edu\/colegio\/#\/schema\/person\/afcc24f776dc91fc2bf9afb0998fca77"},"headline":"Oferta de empleo de Educaci\u00f3n Secundaria","datePublished":"2025-03-12T09:04:43+00:00","dateModified":"2025-08-27T07:46:24+00:00","mainEntityOfPage":{"@id":"https:\/\/alcala.salesianos.edu\/colegio\/blog\/2025\/03\/12\/oferta-de-empleo-de-educacion-secundaria\/"},"wordCount":320,"image":{"@id":"https:\/\/alcala.salesianos.edu\/colegio\/blog\/2025\/03\/12\/oferta-de-empleo-de-educacion-secundaria\/#primaryimage"},"thumbnailUrl":"https:\/\/alcala.salesianos.edu\/colegio\/wp-content\/uploads\/sites\/2\/2025\/03\/ALCALAcoleVN2-scaled.jpg","articleSection":["Colegio","covid","Escuela abierta","FASA","Pastoral","Portada","Secundaria","Uncategorized"],"inLanguage":"es"},{"@type":"WebPage","@id":"https:\/\/alcala.salesianos.edu\/colegio\/blog\/2025\/03\/12\/oferta-de-empleo-de-educacion-secundaria\/","url":"https:\/\/alcala.salesianos.edu\/colegio\/blog\/2025\/03\/12\/oferta-de-empleo-de-educacion-secundaria\/","name":"Oferta de empleo de Educaci\u00f3n Secundaria - Colegio Salesiano Alcal\u00e1","isPartOf":{"@id":"https:\/\/alcala.salesianos.edu\/colegio\/#website"},"primaryImageOfPage":{"@id":"https:\/\/alcala.salesianos.edu\/colegio\/blog\/2025\/03\/12\/oferta-de-empleo-de-educacion-secundaria\/#primaryimage"},"image":{"@id":"https:\/\/alcala.salesianos.edu\/colegio\/blog\/2025\/03\/12\/oferta-de-empleo-de-educacion-secundaria\/#primaryimage"},"thumbnailUrl":"https:\/\/alcala.salesianos.edu\/colegio\/wp-content\/uploads\/sites\/2\/2025\/03\/ALCALAcoleVN2-scaled.jpg","datePublished":"2025-03-12T09:04:43+00:00","dateModified":"2025-08-27T07:46:24+00:00","author":{"@id":"https:\/\/alcala.salesianos.edu\/colegio\/#\/schema\/person\/afcc24f776dc91fc2bf9afb0998fca77"},"description":"Buscamos personas apasionadas que quieran crecer personal y profesionalmente en un proyecto educativo alegre y transformador.","breadcrumb":{"@id":"https:\/\/alcala.salesianos.edu\/colegio\/blog\/2025\/03\/12\/oferta-de-empleo-de-educacion-secundaria\/#breadcrumb"},"inLanguage":"es","potentialAction":[{"@type":"ReadAction","target":["https:\/\/alcala.salesianos.edu\/colegio\/blog\/2025\/03\/12\/oferta-de-empleo-de-educacion-secundaria\/"]}]},{"@type":"ImageObject","inLanguage":"es","@id":"https:\/\/alcala.salesianos.edu\/colegio\/blog\/2025\/03\/12\/oferta-de-empleo-de-educacion-secundaria\/#primaryimage","url":"https:\/\/alcala.salesianos.edu\/colegio\/wp-content\/uploads\/sites\/2\/2025\/03\/ALCALAcoleVN2-scaled.jpg","contentUrl":"https:\/\/alcala.salesianos.edu\/colegio\/wp-content\/uploads\/sites\/2\/2025\/03\/ALCALAcoleVN2-scaled.jpg"},{"@type":"BreadcrumbList","@id":"https:\/\/alcala.salesianos.edu\/colegio\/blog\/2025\/03\/12\/oferta-de-empleo-de-educacion-secundaria\/#breadcrumb","itemListElement":[{"@type":"ListItem","position":1,"name":"Portada","item":"https:\/\/alcala.salesianos.edu\/colegio\/"},{"@type":"ListItem","position":2,"name":"Oferta de empleo de Educaci\u00f3n Secundaria"}]},{"@type":"WebSite","@id":"https:\/\/alcala.salesianos.edu\/colegio\/#website","url":"https:\/\/alcala.salesianos.edu\/colegio\/","name":"Colegio Salesiano Alcal\u00e1","description":"P\u00e1gina oficial de Salesianos Alcal\u00e1 de Guadaira","potentialAction":[{"@type":"SearchAction","target":{"@type":"EntryPoint","urlTemplate":"https:\/\/alcala.salesianos.edu\/colegio\/?s={search_term_string}"},"query-input":{"@type":"PropertyValueSpecification","valueRequired":true,"valueName":"search_term_string"}}],"inLanguage":"es"},{"@type":"Person","@id":"https:\/\/alcala.salesianos.edu\/colegio\/#\/schema\/person\/afcc24f776dc91fc2bf9afb0998fca77","name":"Administrador Web","image":{"@type":"ImageObject","inLanguage":"es","@id":"https:\/\/secure.gravatar.com\/avatar\/bc157e994689bd6da9645c00aa3bc4d55b727915b6652642660db0aef086585f?s=96&d=mm&r=g","url":"https:\/\/secure.gravatar.com\/avatar\/bc157e994689bd6da9645c00aa3bc4d55b727915b6652642660db0aef086585f?s=96&d=mm&r=g","contentUrl":"https:\/\/secure.gravatar.com\/avatar\/bc157e994689bd6da9645c00aa3bc4d55b727915b6652642660db0aef086585f?s=96&d=mm&r=g","caption":"Administrador Web"}}]}},"_links":{"self":[{"href":"https:\/\/alcala.salesianos.edu\/colegio\/wp-json\/wp\/v2\/posts\/16236","targetHints":{"allow":["GET"]}}],"collection":[{"href":"https:\/\/alcala.salesianos.edu\/colegio\/wp-json\/wp\/v2\/posts"}],"about":[{"href":"https:\/\/alcala.salesianos.edu\/colegio\/wp-json\/wp\/v2\/types\/post"}],"author":[{"embeddable":true,"href":"https:\/\/alcala.salesianos.edu\/colegio\/wp-json\/wp\/v2\/users\/2"}],"replies":[{"embeddable":true,"href":"https:\/\/alcala.salesianos.edu\/colegio\/wp-json\/wp\/v2\/comments?post=16236"}],"version-history":[{"count":2,"href":"https:\/\/alcala.salesianos.edu\/colegio\/wp-json\/wp\/v2\/posts\/16236\/revisions"}],"predecessor-version":[{"id":16239,"href":"https:\/\/alcala.salesianos.edu\/colegio\/wp-json\/wp\/v2\/posts\/16236\/revisions\/16239"}],"wp:featuredmedia":[{"embeddable":true,"href":"https:\/\/alcala.salesianos.edu\/colegio\/wp-json\/wp\/v2\/media\/16237"}],"wp:attachment":[{"href":"https:\/\/alcala.salesianos.edu\/colegio\/wp-json\/wp\/v2\/media?parent=16236"}],"wp:term":[{"taxonomy":"category","embeddable":true,"href":"https:\/\/alcala.salesianos.edu\/colegio\/wp-json\/wp\/v2\/categories?post=16236"},{"taxonomy":"post_tag","embeddable":true,"href":"https:\/\/alcala.salesianos.edu\/colegio\/wp-json\/wp\/v2\/tags?post=16236"}],"curies":[{"name":"wp","href":"https:\/\/api.w.org\/{rel}","templated":true}]}}