{"id":16203,"date":"2025-02-17T11:53:46","date_gmt":"2025-02-17T10:53:46","guid":{"rendered":"https:\/\/alcala.salesianos.edu\/colegio\/blog\/2025\/02\/17\/comunicar-hoy-mirando-al-manana\/"},"modified":"2025-08-27T08:46:28","modified_gmt":"2025-08-27T07:46:28","slug":"comunicar-hoy-mirando-al-manana","status":"publish","type":"post","link":"https:\/\/alcala.salesianos.edu\/colegio\/blog\/2025\/02\/17\/comunicar-hoy-mirando-al-manana\/","title":{"rendered":"\u00abComunicar hoy, mirando al ma\u00f1ana.\u00bb"},"content":{"rendered":"<div id=\"fb-root\"><\/div>\n<p>[et_pb_section fb_built=\u00bb1&#8243; admin_label=\u00bbsection\u00bb _builder_version=\u00bb4.16&#8243; global_colors_info=\u00bb{}\u00bb][et_pb_row admin_label=\u00bbrow\u00bb _builder_version=\u00bb4.16&#8243; background_size=\u00bbinitial\u00bb background_position=\u00bbtop_left\u00bb background_repeat=\u00bbrepeat\u00bb global_colors_info=\u00bb{}\u00bb][et_pb_column type=\u00bb4_4&#8243; _builder_version=\u00bb4.16&#8243; custom_padding=\u00bb|||\u00bb global_colors_info=\u00bb{}\u00bb custom_padding__hover=\u00bb|||\u00bb][et_pb_text _builder_version=\u00bb4.27.4&#8243; _module_preset=\u00bbdefault\u00bb global_colors_info=\u00bb{}\u00bb]<\/p>\n<div id=\"post-box\" class=\"et_pb_module et_pb_post_content et_pb_post_content_0_tb_body\">\n<div class=\"et-l et-l--post\">\n<div class=\"et_builder_inner_content et_pb_gutters3\">\n<div class=\"et_pb_section et_pb_section_0 et_section_regular\">\n<div class=\"et_pb_row et_pb_row_0\">\n<div class=\"et_pb_column et_pb_column_4_4 et_pb_column_0  et_pb_css_mix_blend_mode_passthrough et-last-child\">\n<div class=\"et_pb_module et_pb_text et_pb_text_0  et_pb_text_align_left et_pb_bg_layout_light\">\n<div class=\"et_pb_text_inner\">\n<p>La 11\u00aa Jornada de Comunicaci\u00f3n Salesiana, promovida por los Salesianos de Espa\u00f1a, ofreci\u00f3 claves y retos para mejorar la comunicaci\u00f3n de las entidades y presencias salesianas.\u00a0<\/p>\n<p>Esta cita permiti\u00f3 reunir a m\u00e1s de un centenar de referentes de la materia para profundizar temas fundamentales para el presente y el futuro de la comunicaci\u00f3n, y posibilitar el caminar juntos en el dise\u00f1o de proyectos para mejorar la comunicaci\u00f3n salesiana hoy.<\/p>\n<h2>\u00abTED talks\u00bb inspiradoras<\/h2>\n<p>El programa de dos d\u00edas de formaci\u00f3n y debate cont\u00f3 con diversas conferencias y talleres de alto nivel.<\/p>\n<p>Comenzaba en la ma\u00f1ana del jueves 13 con la bienvenida y la presentaci\u00f3n del sentido de la jornada a cargo del Delegado Nacional para la Comunicaci\u00f3n Social de los salesianos de Espa\u00f1a,\u00a0Javier Valiente, quien tom\u00f3 como punto de partida\u00a0dos preguntas: \u00bfC\u00f3mo nos preparamos para los nuevos escenarios? \u00bfQu\u00e9 papel juega la evangelizaci\u00f3n digital?<\/p>\n<p>Afirmaba que est\u00e1 siendo muy importante el itinerario que se est\u00e1 recorriendo. \u201cEs un camino que nos est\u00e1 preparando para esos nuevos escenarios. Un recorrido que busca crear mentalidad, trabajar en torno al pensamiento salesiano de la comunicaci\u00f3n\u201d. Siendo importante el cambio tecnol\u00f3gico, lo es m\u00e1s esa mentalidad, la red que en Salesianos Espa\u00f1a se est\u00e1 creando, el di\u00e1logo que se mantiene con la sociedad y cultura de cada momento y el inter\u00e9s por estar a la vanguardia pensando en el servicio a los j\u00f3venes.<\/p>\n<p>El delegado nacional de Comunicaci\u00f3n cerraba su intervenci\u00f3n animando a los presentes a reflexionar sobre c\u00f3mo afecta la tecnolog\u00eda al ser humano, a los destinatarios del mensaje salesiano, a la iglesia. Siendo sujetos activos en el trabajo de formar la mentalidad salesiana de comunicaci\u00f3n en este mundo digital.<\/p>\n<p>La jornada de comunicaci\u00f3n vivida, tal y como presentaba Carlos Martin, delegado de Comunicaci\u00f3n de Salesianos SMX, \u00a0sirvi\u00f3 para recapitular todo el camino recorrido hasta el momento y propon\u00eda inspirar sobre la evangelizaci\u00f3n digital, sobre la Inteligencia Artificial, sobre la protecci\u00f3n de datos y sobre la marca en un mundo eminentemente tecnol\u00f3gico.<\/p>\n<\/div>\n<\/div>\n<div class=\"et_pb_module et_pb_divider_0 et_pb_space et_pb_divider_hidden\">\u00a0<\/div>\n<div class=\"et_pb_module et_pb_text et_pb_text_1  et_pb_text_align_left et_pb_bg_layout_light\">\n<div class=\"et_pb_text_inner\">\n<h3>Evangelizaci\u00f3n Digital: \u00bfC\u00f3mo estar ah\u00ed y no morir en el intento?<\/h3>\n<p>El salesiano sacerdote, <strong>Sergio Codera,<\/strong> p\u00e1rroco en la presencia salesiana de Jes\u00fas Obrero, en el barrio de las 3.000 viviendas en Sevilla, cog\u00eda el testigo de Javier Valiente para presentar una experiencia pr\u00e1ctica de evangelizaci\u00f3n digital: su experiencia <a href=\"https:\/\/www.instagram.com\/sercode\/\" target=\"_blank\" rel=\"noopener\">@\u200csercode.<\/a><\/p>\n<p><strong>Sergio animaba a los presentes a \u201cpetar\u201d el grupo de influencers cat\u00f3licos de Espa\u00f1a, porque \u201cc\u00f3mo nos propone Don Bosco, donde ellos est\u00e9n estar\u00e9, y es ah\u00ed donde est\u00e1n los j\u00f3venes hoy\u201d.<\/strong> Su presencia en las redes alcanza el nivel de influencer por n\u00famero de seguidores, por \u201clikes\u201d, por presencia en medios de comunicaci\u00f3n.<\/p>\n<p>Ense\u00f1\u00f3 sus rutinas, ofreci\u00f3 sus \u201ctips\u201d y m\u00e9todo de su presencia en las redes y reflexion\u00f3 sobre ese trabajo de mentalidad salesiana esbozado por Javier Valiente. <strong>\u201cNo podemos olvidar que somos educadores. Somos ciudadanos activos, ayudando a los j\u00f3venes en el conocimiento de las herramientas, ense\u00f1ando c\u00f3mo usarlas con pensamiento cr\u00edtico\u201d.<\/strong><\/p>\n<p>El influencer salesiano conclu\u00eda que su presencia en las redes le permite contar con opciones de interactuar muy interesantes, \u201ccuando me encuentro con haters, me da la opci\u00f3n de vivir el evangelio devolviendo bien por mal\u201d.<\/p>\n<\/div>\n<\/div>\n<div class=\"et_pb_module et_pb_divider_1 et_pb_space et_pb_divider_hidden\">\u00a0<\/div>\n<div class=\"et_pb_module et_pb_text et_pb_text_2  et_pb_text_align_left et_pb_bg_layout_light\">\n<div class=\"et_pb_text_inner\">\n<h3>La IA puede iluminar el camino o quemarlo<\/h3>\n<p>En estas jornadas de \u2018recapitular\u2019 para comunicar en futuro hubiera sido impensable no tocar, nuevamente, algo relacionado con la Inteligencia Artificial (IA). Se ha contado con <strong>Andr\u00e9s Corbacho<\/strong>, referente del ambiente escuelas y experto en la materia, para poner sobre la mesa ideas y reflexiones sobre el buen uso de la IA que ha venido para quedarse.<\/p>\n<p>La propuesta educativa del uso de la IA permiti\u00f3 hablar de nuevas profesiones, como la de entrenador de la IA o experto en preguntarle, porque como dijo el propio Andr\u00e9s,<strong> \u201cestamos en un momento de la historia en la que se demuestra que lo importante para tener una buena respuesta es hacer una buena pregunta\u201d.<\/strong> Un gran reto para la educaci\u00f3n.<\/p>\n<p>Adem\u00e1s de ofrecer m\u00faltiples herramientas y orientaciones para la integraci\u00f3n de esta revoluci\u00f3n en la educaci\u00f3n el ponente comparaba a la IA con el fuego que puede iluminar o quemar. <strong>\u201cLos educadores tenemos que dar un paso adelante en la forma de preguntar, de pedir, de evaluar. Para buscar educar a j\u00f3venes bien preparados y formados\u201d.<\/strong><\/p>\n<\/div>\n<\/div>\n<div class=\"et_pb_module et_pb_image et_pb_image_0\"><span class=\"et_pb_image_wrap \"><img loading=\"lazy\" decoding=\"async\" class=\"wp-image-134711\" title=\"11- Jornada-Salesianoa de Comunicacion-SEVIILLA-2025-03\" src=\"https:\/\/salesianos.info\/wp-content\/uploads\/2025\/02\/11-Jornada-Salesianoa-de-Comunicacion-SEVIILLA-2025-03.jpg\" sizes=\"(max-width: 1200px) 100vw, 1200px\" srcset=\"https:\/\/salesianos.info\/wp-content\/uploads\/2025\/02\/11-Jornada-Salesianoa-de-Comunicacion-SEVIILLA-2025-03.jpg 1200w, https:\/\/salesianos.info\/wp-content\/uploads\/2025\/02\/11-Jornada-Salesianoa-de-Comunicacion-SEVIILLA-2025-03-300x169.jpg 300w, https:\/\/salesianos.info\/wp-content\/uploads\/2025\/02\/11-Jornada-Salesianoa-de-Comunicacion-SEVIILLA-2025-03-1024x576.jpg 1024w, https:\/\/salesianos.info\/wp-content\/uploads\/2025\/02\/11-Jornada-Salesianoa-de-Comunicacion-SEVIILLA-2025-03-768x432.jpg 768w, https:\/\/salesianos.info\/wp-content\/uploads\/2025\/02\/11-Jornada-Salesianoa-de-Comunicacion-SEVIILLA-2025-03-610x343.jpg 610w, https:\/\/salesianos.info\/wp-content\/uploads\/2025\/02\/11-Jornada-Salesianoa-de-Comunicacion-SEVIILLA-2025-03-1080x608.jpg 1080w, https:\/\/salesianos.info\/wp-content\/uploads\/2025\/02\/11-Jornada-Salesianoa-de-Comunicacion-SEVIILLA-2025-03-480x270.jpg 480w, https:\/\/salesianos.info\/wp-content\/uploads\/2025\/02\/11-Jornada-Salesianoa-de-Comunicacion-SEVIILLA-2025-03-980x551.jpg 980w\" alt=\"\" width=\"1200\" height=\"675\" \/><\/span><\/div>\n<div class=\"et_pb_module et_pb_divider_2 et_pb_space et_pb_divider_hidden\">\u00a0<\/div>\n<div class=\"et_pb_module et_pb_text et_pb_text_3  et_pb_text_align_left et_pb_bg_layout_light\">\n<div class=\"et_pb_text_inner\">\n<h3>Apasionante \u00abTED Talk\u00bb sobre protecci\u00f3n de datos<\/h3>\n<p><strong>Laura Davara,<\/strong> abogada, formadora y escritora, fue la persona encargada de la ponencia sobre protecci\u00f3n de datos y tuvo que enfrentarse a un tema legal y complejo.<\/p>\n<p>Su pasi\u00f3n y cocimiento del tema hicieron magia y las 3 de la tarde fue la mejor hora para hablar de consentimiento informado, derechos fundamentales, normativa e instrucciones, obligaciones legales, relaciones contractuales, art\u00edculos de la LOPD, casos y soluciones, derechos y deberes.<\/p>\n<p>Comenzaba su intervenci\u00f3n diciendo a los participantes que para ella era un tema divertido y atractivo y <strong>traslad\u00f3 su pasi\u00f3n al auditorio quien no par\u00f3 de plantear preguntas, casos y de sorprenderse con las posibles situaciones que pueden llegar a vivir.<\/strong><\/p>\n<p>Una idea quiso dejar clara Laura en su intervenci\u00f3n:<strong> \u201ccuando utilicemos un dato tenemos que pensar si es NECESARIO para la finalidad de lo que estamos realizando. Esta pregunta es la importante para, al menos, comenzar a hacerlo bien\u201d.<\/strong><\/p>\n<\/div>\n<\/div>\n<div class=\"et_pb_module et_pb_divider_3 et_pb_space et_pb_divider_hidden\">\u00a0<\/div>\n<div class=\"et_pb_module et_pb_text et_pb_text_4  et_pb_text_align_left et_pb_bg_layout_light\">\n<div class=\"et_pb_text_inner\">\n<h3>De la protecci\u00f3n a la difusi\u00f3n de la MARCA<\/h3>\n<p>Se cerraba el s\u00e1bado con las intervenciones de <strong>Felipe y Andy Stalman<\/strong>. Este \u00faltimo un referente en el mundo del branding, quien el d\u00eda anterior hab\u00eda recogido el premio\u00a0 influencer en la categor\u00eda Corporativa en los premios <a href=\"https:\/\/influencerawardsspain.com\/categoria\/corporativo%E2%80%8B%E2%80%8B%E2%80%8B%E2%80%8B%E2%80%8B%E2%80%8B\" target=\"_blank\" rel=\"noopener\">Influencer Awards Spain<\/a>. Y <strong>Felipe<\/strong>, hijo de Andy, quien situ\u00f3 a los participantes en<strong> cu\u00e1les son los intereses, la forma de informarse, los valores, el lenguaje que prefiere la Generaci\u00f3n Z, los j\u00f3venes.<\/strong><\/p>\n<p>Ambos dejaron en el aire el concepto de autenticidad, honestidad y Andy Stalman resalt\u00f3 la necesidad de estar conectados. Concepto con el que <strong>Carlos Mart\u00edn,<\/strong> delegado Inspectorial de Comunicaci\u00f3n en Salesianos SMX hab\u00eda comenzado la jornada: <strong>\u201cnecesitamos conexi\u00f3n\u201d<\/strong>.<\/p>\n<p>Hablando de MARCA, Mr. Branding, \u00a0como se le conoce en Redes Sociales, compart\u00eda con los presentes m\u00e1ximas e intenciones que contribuir\u00e1n a mejorar la comunicaci\u00f3n en todas las casas salesianas: <strong>\u201cNecesitamos el alimento f\u00edsico, el emocional y el espiritual\u201d. En una sociedad en pleno cambio, en el que la transformaci\u00f3n digital est\u00e1 omnipresente \u00e9sta no funcionar\u00e1 sino va precedida y acompa\u00f1ada de una transformaci\u00f3n cultural y eso hay que comunicarlo y hacerlo de forma aut\u00e9ntica.<\/strong><\/p>\n<p>\u201cPoner en valor lo humano en un contexto hiperdigitalizado nos va a poner como referentes\u201d. Detr\u00e1s de cada cuenta hay personas, a las que movilizar y escuchar. <strong>\u201cLa marca salesianos son ustedes, sus acciones. Tiene que ver con el prop\u00f3sito, los valores, el compromiso. Lo que est\u00e1 bajo la sala de m\u00e1quinas, es lo que da sentido y sentimiento a la marca\u201d.<\/strong><\/p>\n<p>Cerraba afirmando \u201csi me preguntan por el futuro, no tengo ninguna duda de que para los salesianos este va a ser un a\u00f1o extraordinario y lo mejor est\u00e1 por venir\u201d.<\/p>\n<\/div>\n<\/div>\n<div class=\"et_pb_module et_pb_divider_4 et_pb_space et_pb_divider_hidden\">\u00a0<\/div>\n<div class=\"et_pb_module et_pb_text et_pb_text_5  et_pb_text_align_left et_pb_bg_layout_light\">\n<div class=\"et_pb_text_inner\">\n<h2>Manos a la obra y protagonismo juvenil<\/h2>\n<p>En la primer hora del viernes 14 los protagonistas fueron los propios participantes aportando sus ideas sobre todo lo vivido el d\u00eda anterior y sobre las intenciones de futuro. Adem\u00e1s, el equipo de comunicaci\u00f3n de Salesianos Espa\u00f1a ofrec\u00eda p\u00edldoras formativas en 4 talleres pr\u00e1ticos sobre posicionamiento web, edici\u00f3n en Capcut, gesti\u00f3n de rese\u00f1as y dinamizaci\u00f3n de redes sociales.<\/p>\n<p>Se cerraba la 11\u00aa Jornada de Comunicaci\u00f3n Salesiana dando la voz a los j\u00f3venes con una mesa redonda en la que se pudieron conocer alguna de las experiencias de diferentes casas salesianas de\u00a0 Espa\u00f1a donde estos j\u00f3venes son los protagonistas en la comunicaci\u00f3n.<\/p>\n<p>La experiencia \u201cNos comunicamos\u201d de Rota; el Podcast \u2018Con voz joven\u2019 de Salesianos Triana, el proyecto Electroweek de Salesianos P. Aramburu de Burgos, Amics Media de Valencia San Antonio Abad, la presencia en redes Sociales de Jes\u00fas Rodr\u00edguez de Huelva, un influencer salesiano crecido en el Centro Juvenil Carabela con m\u00e1s de 200.000 seguidores y presencia en diferentes medios de comunicaci\u00f3n y el grupo de Teatro Amorevo de Salesianos, Paseo en Madrid fueron los proyectos presentados por sus propios protagonistas.<\/p>\n<\/div>\n<\/div>\n<div class=\"et_pb_module et_pb_image et_pb_image_1\"><span class=\"et_pb_image_wrap \"><img loading=\"lazy\" decoding=\"async\" class=\"wp-image-134714\" title=\"jornada-Comunicacio\u0301n-Salesiana-SEVILLA-2025-4\" src=\"https:\/\/salesianos.info\/wp-content\/uploads\/2025\/02\/jornada-Comunicacion-Salesiana-SEVILLA-2025-4.jpg\" sizes=\"(max-width: 1200px) 100vw, 1200px\" srcset=\"https:\/\/salesianos.info\/wp-content\/uploads\/2025\/02\/jornada-Comunicacion-Salesiana-SEVILLA-2025-4.jpg 1200w, https:\/\/salesianos.info\/wp-content\/uploads\/2025\/02\/jornada-Comunicacion-Salesiana-SEVILLA-2025-4-300x169.jpg 300w, https:\/\/salesianos.info\/wp-content\/uploads\/2025\/02\/jornada-Comunicacion-Salesiana-SEVILLA-2025-4-1024x576.jpg 1024w, https:\/\/salesianos.info\/wp-content\/uploads\/2025\/02\/jornada-Comunicacion-Salesiana-SEVILLA-2025-4-768x432.jpg 768w, https:\/\/salesianos.info\/wp-content\/uploads\/2025\/02\/jornada-Comunicacion-Salesiana-SEVILLA-2025-4-610x343.jpg 610w, https:\/\/salesianos.info\/wp-content\/uploads\/2025\/02\/jornada-Comunicacion-Salesiana-SEVILLA-2025-4-1080x608.jpg 1080w, https:\/\/salesianos.info\/wp-content\/uploads\/2025\/02\/jornada-Comunicacion-Salesiana-SEVILLA-2025-4-480x270.jpg 480w, https:\/\/salesianos.info\/wp-content\/uploads\/2025\/02\/jornada-Comunicacion-Salesiana-SEVILLA-2025-4-980x551.jpg 980w\" alt=\"\" width=\"1200\" height=\"675\" \/><\/span><\/div>\n<div class=\"et_pb_module et_pb_divider_5 et_pb_space et_pb_divider_hidden\">\u00a0<\/div>\n<div class=\"et_pb_module et_pb_text et_pb_text_6  et_pb_text_align_left et_pb_bg_layout_light\">\n<div class=\"et_pb_text_inner\">\n<h3>Algunas de las propuestas de los propios j\u00f3venes:<\/h3>\n<ul>\n<li>Ser aut\u00e9nticos y usar de vez en cuando las tendencias (pero no dejarse llevar siempre por ellas). \u00bfY usar las Redes Sociales para cambiar las propias Redes Sociales?<\/li>\n<li>Dejar el protagonismo a los j\u00f3venes en el hacer y organizar.<\/li>\n<li>Tratar temas actuales, dar visibilidad a la opini\u00f3n de los j\u00f3venes. Todo esto les hace aprender desde la propia experiencia.<\/li>\n<li>Adem\u00e1s dar voz a todos los j\u00f3venes, incluso aquellos que est\u00e1n poco representados en la iglesia.<\/li>\n<li>Los mejores creadores de contenidos son quienes luego consumir\u00e1n ese contenido.<\/li>\n<li>\u00bfY por qu\u00e9 no crear una Televisi\u00f3n Salesiana?<\/li>\n<li>Fomentar encuentros como el vivido, donde se tienen puentes entre casas salesianas, entre j\u00f3venes y adultos, entre la instituci\u00f3n y las presencias.<\/li>\n<li>Implicar a los j\u00f3venes en los equipos de comunicaci\u00f3n de las casas y no tener miedo a las modas.<\/li>\n<\/ul>\n<\/div>\n<\/div>\n<div class=\"et_pb_module et_pb_image et_pb_image_2\"><span class=\"et_pb_image_wrap \"><img loading=\"lazy\" decoding=\"async\" class=\"wp-image-134712\" title=\"11- Jornada-Salesianoa de Comunicacion-SEVIILLA-2025-01\" src=\"https:\/\/salesianos.info\/wp-content\/uploads\/2025\/02\/11-Jornada-Salesianoa-de-Comunicacion-SEVIILLA-2025-01.jpg\" sizes=\"(max-width: 1200px) 100vw, 1200px\" srcset=\"https:\/\/salesianos.info\/wp-content\/uploads\/2025\/02\/11-Jornada-Salesianoa-de-Comunicacion-SEVIILLA-2025-01.jpg 1200w, https:\/\/salesianos.info\/wp-content\/uploads\/2025\/02\/11-Jornada-Salesianoa-de-Comunicacion-SEVIILLA-2025-01-300x169.jpg 300w, https:\/\/salesianos.info\/wp-content\/uploads\/2025\/02\/11-Jornada-Salesianoa-de-Comunicacion-SEVIILLA-2025-01-1024x576.jpg 1024w, https:\/\/salesianos.info\/wp-content\/uploads\/2025\/02\/11-Jornada-Salesianoa-de-Comunicacion-SEVIILLA-2025-01-768x432.jpg 768w, https:\/\/salesianos.info\/wp-content\/uploads\/2025\/02\/11-Jornada-Salesianoa-de-Comunicacion-SEVIILLA-2025-01-610x343.jpg 610w, https:\/\/salesianos.info\/wp-content\/uploads\/2025\/02\/11-Jornada-Salesianoa-de-Comunicacion-SEVIILLA-2025-01-1080x608.jpg 1080w, https:\/\/salesianos.info\/wp-content\/uploads\/2025\/02\/11-Jornada-Salesianoa-de-Comunicacion-SEVIILLA-2025-01-480x270.jpg 480w, https:\/\/salesianos.info\/wp-content\/uploads\/2025\/02\/11-Jornada-Salesianoa-de-Comunicacion-SEVIILLA-2025-01-980x551.jpg 980w\" alt=\"\" width=\"1200\" height=\"675\" \/><\/span><\/div>\n<div class=\"et_pb_module et_pb_text et_pb_text_7  et_pb_text_align_left et_pb_bg_layout_light\">\n<div class=\"et_pb_text_inner\">\n<p><strong>Carlos Mart\u00edn<\/strong> y <strong>Javier Valiente<\/strong>, delegados de Comunicaci\u00f3n agradec\u00edan la participaci\u00f3n de todos, la implicaci\u00f3n, la claridad de los m\u00e1s j\u00f3venes en su propuesta.<\/p>\n<p>Clausuraba la Jornada, <strong>Fernando Miranda<\/strong>, inspector de Salesianos Mar\u00eda Auxiliadora, en sus palabras el agradecimiento volv\u00eda a ser una m\u00e1xima y animaba a todos a seguir apasion\u00e1ndose por la comunicaci\u00f3n, que en ocasiones tiene mucho de rutina, protocolo y procesos pero que siempre es una invitaci\u00f3n a comunicar y compartir algo bueno, a trabajar en red, a contar la vida y ser altavoces de esperanza. \u201c<strong>La comunicaci\u00f3n tiene que ser ese buen aroma que est\u00e1 en todos los sitios y deja un recuerdo agradable\u201d.<\/strong><\/p>\n<\/div>\n<\/div>\n<div class=\"et_pb_button_module_wrapper et_pb_button_0_wrapper et_pb_button_alignment_center et_pb_module \"><a class=\"et_pb_button et_pb_button_0 et_pb_bg_layout_light\" href=\"https:\/\/salesianos.info\/jornadadecomunicacion\/\" target=\"_blank\" rel=\"noopener\" data-icon=\"I\">P\u00e1gina WEB 11\u00aa JORNADA DE COMUNICACI\u00d3N SALESIANA<\/a><\/div>\n<\/div>\n<\/div>\n<\/div>\n<\/div>\n<div>\u00a0<\/div>\n<div class=\"et_builder_inner_content et_pb_gutters3\">\n<div class=\"et_pb_section et_pb_section_0 et_section_regular\">\n<div class=\"et_pb_row et_pb_row_0\">\n<div class=\"et_pb_column et_pb_column_4_4 et_pb_column_0  et_pb_css_mix_blend_mode_passthrough et-last-child\">\u00a0<\/div>\n<div>Noticia de <a href=\"http:\/\/salesianos.info\">salesianos.info<\/a><\/div>\n<\/div>\n<\/div>\n<div>\u00a0<\/div>\n<div class=\"et_pb_section et_pb_section_0 et_section_regular\">\n<div class=\"et_pb_row et_pb_row_0\">\n<div><a href=\"https:\/\/salesianos.info\/blog\/comunicar-hoy-mirando-al-manana\/?fbclid=IwY2xjawIf6ApleHRuA2FlbQIxMQABHTJZHl_OtsTZSsrHkeKyrycSnjgOkNAOyTSyn3ihtp2gCR1NMHAhlPObmw_aem_0kXzfYk-E2UFWpwcPtjLuQ\">https:\/\/salesianos.info\/blog\/comunicar-hoy-mirando-al-manana\/?fbclid=IwY2xjawIf6ApleHRuA2FlbQIxMQABHTJZHl_OtsTZSsrHkeKyrycSnjgOkNAOyTSyn3ihtp2gCR1NMHAhlPObmw_aem_0kXzfYk-E2UFWpwcPtjLuQ<\/a><\/div>\n<\/div>\n<\/div>\n<\/div>\n<\/div>\n<\/div>\n<p>[\/et_pb_text][\/et_pb_column][\/et_pb_row][\/et_pb_section]<\/p>\n","protected":false},"excerpt":{"rendered":"<p>La 11\u00aa Jornada de Comunicaci\u00f3n Salesiana, promovida por los Salesianos de Espa\u00f1a, ofreci\u00f3 claves y retos para mejorar la comunicaci\u00f3n de las entidades y presencias salesianas.<\/p>\n","protected":false},"author":2,"featured_media":16204,"comment_status":"closed","ping_status":"open","sticky":false,"template":"","format":"standard","meta":{"_et_pb_use_builder":"on","_et_pb_old_content":"","_et_gb_content_width":"","footnotes":""},"categories":[12,23,19,13,17,14,15,18,16,1],"tags":[],"class_list":["post-16203","post","type-post","status-publish","format-standard","has-post-thumbnail","hentry","category-colegio","category-covid","category-escuela-abierta","category-fasa","category-infantil","category-pastoral","category-portada","category-primaria","category-secundaria","category-uncategorized"],"yoast_head":"<!-- This site is optimized with the Yoast SEO plugin v28.3 - https:\/\/yoast.com\/product\/yoast-seo-wordpress\/ -->\n<title>\u00abComunicar hoy, mirando al ma\u00f1ana.\u00bb - Colegio Salesiano Alcal\u00e1<\/title>\n<meta name=\"description\" content=\"Promovida por los Salesianos de Espa\u00f1a, ofreci\u00f3 claves y retos para mejorar la comunicaci\u00f3n de las entidades y presencias salesianas.\" \/>\n<meta name=\"robots\" content=\"index, follow, max-snippet:-1, max-image-preview:large, max-video-preview:-1\" \/>\n<link rel=\"canonical\" href=\"https:\/\/alcala.salesianos.edu\/colegio\/blog\/2025\/02\/17\/comunicar-hoy-mirando-al-manana\/\" \/>\n<meta property=\"og:locale\" content=\"es_ES\" \/>\n<meta property=\"og:type\" content=\"article\" \/>\n<meta property=\"og:title\" content=\"\u00abComunicar hoy, mirando al ma\u00f1ana.\u00bb - Colegio Salesiano Alcal\u00e1\" \/>\n<meta property=\"og:description\" content=\"Promovida por los Salesianos de Espa\u00f1a, ofreci\u00f3 claves y retos para mejorar la comunicaci\u00f3n de las entidades y presencias salesianas.\" \/>\n<meta property=\"og:url\" content=\"https:\/\/alcala.salesianos.edu\/colegio\/blog\/2025\/02\/17\/comunicar-hoy-mirando-al-manana\/\" \/>\n<meta property=\"og:site_name\" content=\"Colegio Salesiano Alcal\u00e1\" \/>\n<meta property=\"article:published_time\" content=\"2025-02-17T10:53:46+00:00\" \/>\n<meta property=\"article:modified_time\" content=\"2025-08-27T07:46:28+00:00\" \/>\n<meta property=\"og:image\" content=\"https:\/\/alcala.salesianos.edu\/colegio\/wp-content\/uploads\/sites\/2\/2025\/02\/11-Jornada-Salesianoa-de-Comunicacion-SEVIILLA-2025.jpg\" \/>\n\t<meta property=\"og:image:width\" content=\"1200\" \/>\n\t<meta property=\"og:image:height\" content=\"675\" \/>\n\t<meta property=\"og:image:type\" content=\"image\/jpeg\" \/>\n<meta name=\"author\" content=\"Administrador Web\" \/>\n<meta name=\"twitter:card\" content=\"summary_large_image\" \/>\n<meta name=\"twitter:label1\" content=\"Escrito por\" \/>\n\t<meta name=\"twitter:data1\" content=\"Administrador Web\" \/>\n\t<meta name=\"twitter:label2\" content=\"Tiempo de lectura\" \/>\n\t<meta name=\"twitter:data2\" content=\"9 minutos\" \/>\n<script type=\"application\/ld+json\" class=\"yoast-schema-graph\">{\"@context\":\"https:\\\/\\\/schema.org\",\"@graph\":[{\"@type\":\"Article\",\"@id\":\"https:\\\/\\\/alcala.salesianos.edu\\\/colegio\\\/blog\\\/2025\\\/02\\\/17\\\/comunicar-hoy-mirando-al-manana\\\/#article\",\"isPartOf\":{\"@id\":\"https:\\\/\\\/alcala.salesianos.edu\\\/colegio\\\/blog\\\/2025\\\/02\\\/17\\\/comunicar-hoy-mirando-al-manana\\\/\"},\"author\":{\"name\":\"Administrador Web\",\"@id\":\"https:\\\/\\\/alcala.salesianos.edu\\\/colegio\\\/#\\\/schema\\\/person\\\/afcc24f776dc91fc2bf9afb0998fca77\"},\"headline\":\"\u00abComunicar hoy, mirando al ma\u00f1ana.\u00bb\",\"datePublished\":\"2025-02-17T10:53:46+00:00\",\"dateModified\":\"2025-08-27T07:46:28+00:00\",\"mainEntityOfPage\":{\"@id\":\"https:\\\/\\\/alcala.salesianos.edu\\\/colegio\\\/blog\\\/2025\\\/02\\\/17\\\/comunicar-hoy-mirando-al-manana\\\/\"},\"wordCount\":1825,\"image\":{\"@id\":\"https:\\\/\\\/alcala.salesianos.edu\\\/colegio\\\/blog\\\/2025\\\/02\\\/17\\\/comunicar-hoy-mirando-al-manana\\\/#primaryimage\"},\"thumbnailUrl\":\"https:\\\/\\\/alcala.salesianos.edu\\\/colegio\\\/wp-content\\\/uploads\\\/sites\\\/2\\\/2025\\\/02\\\/11-Jornada-Salesianoa-de-Comunicacion-SEVIILLA-2025.jpg\",\"articleSection\":[\"Colegio\",\"covid\",\"Escuela abierta\",\"FASA\",\"Infantil\",\"Pastoral\",\"Portada\",\"Primaria\",\"Secundaria\",\"Uncategorized\"],\"inLanguage\":\"es\"},{\"@type\":\"WebPage\",\"@id\":\"https:\\\/\\\/alcala.salesianos.edu\\\/colegio\\\/blog\\\/2025\\\/02\\\/17\\\/comunicar-hoy-mirando-al-manana\\\/\",\"url\":\"https:\\\/\\\/alcala.salesianos.edu\\\/colegio\\\/blog\\\/2025\\\/02\\\/17\\\/comunicar-hoy-mirando-al-manana\\\/\",\"name\":\"\u00abComunicar hoy, mirando al ma\u00f1ana.\u00bb - Colegio Salesiano Alcal\u00e1\",\"isPartOf\":{\"@id\":\"https:\\\/\\\/alcala.salesianos.edu\\\/colegio\\\/#website\"},\"primaryImageOfPage\":{\"@id\":\"https:\\\/\\\/alcala.salesianos.edu\\\/colegio\\\/blog\\\/2025\\\/02\\\/17\\\/comunicar-hoy-mirando-al-manana\\\/#primaryimage\"},\"image\":{\"@id\":\"https:\\\/\\\/alcala.salesianos.edu\\\/colegio\\\/blog\\\/2025\\\/02\\\/17\\\/comunicar-hoy-mirando-al-manana\\\/#primaryimage\"},\"thumbnailUrl\":\"https:\\\/\\\/alcala.salesianos.edu\\\/colegio\\\/wp-content\\\/uploads\\\/sites\\\/2\\\/2025\\\/02\\\/11-Jornada-Salesianoa-de-Comunicacion-SEVIILLA-2025.jpg\",\"datePublished\":\"2025-02-17T10:53:46+00:00\",\"dateModified\":\"2025-08-27T07:46:28+00:00\",\"author\":{\"@id\":\"https:\\\/\\\/alcala.salesianos.edu\\\/colegio\\\/#\\\/schema\\\/person\\\/afcc24f776dc91fc2bf9afb0998fca77\"},\"description\":\"Promovida por los Salesianos de Espa\u00f1a, ofreci\u00f3 claves y retos para mejorar la comunicaci\u00f3n de las entidades y presencias salesianas.\",\"breadcrumb\":{\"@id\":\"https:\\\/\\\/alcala.salesianos.edu\\\/colegio\\\/blog\\\/2025\\\/02\\\/17\\\/comunicar-hoy-mirando-al-manana\\\/#breadcrumb\"},\"inLanguage\":\"es\",\"potentialAction\":[{\"@type\":\"ReadAction\",\"target\":[\"https:\\\/\\\/alcala.salesianos.edu\\\/colegio\\\/blog\\\/2025\\\/02\\\/17\\\/comunicar-hoy-mirando-al-manana\\\/\"]}]},{\"@type\":\"ImageObject\",\"inLanguage\":\"es\",\"@id\":\"https:\\\/\\\/alcala.salesianos.edu\\\/colegio\\\/blog\\\/2025\\\/02\\\/17\\\/comunicar-hoy-mirando-al-manana\\\/#primaryimage\",\"url\":\"https:\\\/\\\/alcala.salesianos.edu\\\/colegio\\\/wp-content\\\/uploads\\\/sites\\\/2\\\/2025\\\/02\\\/11-Jornada-Salesianoa-de-Comunicacion-SEVIILLA-2025.jpg\",\"contentUrl\":\"https:\\\/\\\/alcala.salesianos.edu\\\/colegio\\\/wp-content\\\/uploads\\\/sites\\\/2\\\/2025\\\/02\\\/11-Jornada-Salesianoa-de-Comunicacion-SEVIILLA-2025.jpg\",\"width\":1200,\"height\":675},{\"@type\":\"BreadcrumbList\",\"@id\":\"https:\\\/\\\/alcala.salesianos.edu\\\/colegio\\\/blog\\\/2025\\\/02\\\/17\\\/comunicar-hoy-mirando-al-manana\\\/#breadcrumb\",\"itemListElement\":[{\"@type\":\"ListItem\",\"position\":1,\"name\":\"Portada\",\"item\":\"https:\\\/\\\/alcala.salesianos.edu\\\/colegio\\\/\"},{\"@type\":\"ListItem\",\"position\":2,\"name\":\"\u00abComunicar hoy, mirando al ma\u00f1ana.\u00bb\"}]},{\"@type\":\"WebSite\",\"@id\":\"https:\\\/\\\/alcala.salesianos.edu\\\/colegio\\\/#website\",\"url\":\"https:\\\/\\\/alcala.salesianos.edu\\\/colegio\\\/\",\"name\":\"Colegio Salesiano Alcal\u00e1\",\"description\":\"P\u00e1gina oficial de Salesianos Alcal\u00e1 de Guadaira\",\"potentialAction\":[{\"@type\":\"SearchAction\",\"target\":{\"@type\":\"EntryPoint\",\"urlTemplate\":\"https:\\\/\\\/alcala.salesianos.edu\\\/colegio\\\/?s={search_term_string}\"},\"query-input\":{\"@type\":\"PropertyValueSpecification\",\"valueRequired\":true,\"valueName\":\"search_term_string\"}}],\"inLanguage\":\"es\"},{\"@type\":\"Person\",\"@id\":\"https:\\\/\\\/alcala.salesianos.edu\\\/colegio\\\/#\\\/schema\\\/person\\\/afcc24f776dc91fc2bf9afb0998fca77\",\"name\":\"Administrador Web\",\"image\":{\"@type\":\"ImageObject\",\"inLanguage\":\"es\",\"@id\":\"https:\\\/\\\/secure.gravatar.com\\\/avatar\\\/bc157e994689bd6da9645c00aa3bc4d55b727915b6652642660db0aef086585f?s=96&d=mm&r=g\",\"url\":\"https:\\\/\\\/secure.gravatar.com\\\/avatar\\\/bc157e994689bd6da9645c00aa3bc4d55b727915b6652642660db0aef086585f?s=96&d=mm&r=g\",\"contentUrl\":\"https:\\\/\\\/secure.gravatar.com\\\/avatar\\\/bc157e994689bd6da9645c00aa3bc4d55b727915b6652642660db0aef086585f?s=96&d=mm&r=g\",\"caption\":\"Administrador Web\"}}]}<\/script>\n<!-- \/ Yoast SEO plugin. -->","yoast_head_json":{"title":"\u00abComunicar hoy, mirando al ma\u00f1ana.\u00bb - Colegio Salesiano Alcal\u00e1","description":"Promovida por los Salesianos de Espa\u00f1a, ofreci\u00f3 claves y retos para mejorar la comunicaci\u00f3n de las entidades y presencias salesianas.","robots":{"index":"index","follow":"follow","max-snippet":"max-snippet:-1","max-image-preview":"max-image-preview:large","max-video-preview":"max-video-preview:-1"},"canonical":"https:\/\/alcala.salesianos.edu\/colegio\/blog\/2025\/02\/17\/comunicar-hoy-mirando-al-manana\/","og_locale":"es_ES","og_type":"article","og_title":"\u00abComunicar hoy, mirando al ma\u00f1ana.\u00bb - Colegio Salesiano Alcal\u00e1","og_description":"Promovida por los Salesianos de Espa\u00f1a, ofreci\u00f3 claves y retos para mejorar la comunicaci\u00f3n de las entidades y presencias salesianas.","og_url":"https:\/\/alcala.salesianos.edu\/colegio\/blog\/2025\/02\/17\/comunicar-hoy-mirando-al-manana\/","og_site_name":"Colegio Salesiano Alcal\u00e1","article_published_time":"2025-02-17T10:53:46+00:00","article_modified_time":"2025-08-27T07:46:28+00:00","og_image":[{"width":1200,"height":675,"url":"https:\/\/alcala.salesianos.edu\/colegio\/wp-content\/uploads\/sites\/2\/2025\/02\/11-Jornada-Salesianoa-de-Comunicacion-SEVIILLA-2025.jpg","type":"image\/jpeg"}],"author":"Administrador Web","twitter_card":"summary_large_image","twitter_misc":{"Escrito por":"Administrador Web","Tiempo de lectura":"9 minutos"},"schema":{"@context":"https:\/\/schema.org","@graph":[{"@type":"Article","@id":"https:\/\/alcala.salesianos.edu\/colegio\/blog\/2025\/02\/17\/comunicar-hoy-mirando-al-manana\/#article","isPartOf":{"@id":"https:\/\/alcala.salesianos.edu\/colegio\/blog\/2025\/02\/17\/comunicar-hoy-mirando-al-manana\/"},"author":{"name":"Administrador Web","@id":"https:\/\/alcala.salesianos.edu\/colegio\/#\/schema\/person\/afcc24f776dc91fc2bf9afb0998fca77"},"headline":"\u00abComunicar hoy, mirando al ma\u00f1ana.\u00bb","datePublished":"2025-02-17T10:53:46+00:00","dateModified":"2025-08-27T07:46:28+00:00","mainEntityOfPage":{"@id":"https:\/\/alcala.salesianos.edu\/colegio\/blog\/2025\/02\/17\/comunicar-hoy-mirando-al-manana\/"},"wordCount":1825,"image":{"@id":"https:\/\/alcala.salesianos.edu\/colegio\/blog\/2025\/02\/17\/comunicar-hoy-mirando-al-manana\/#primaryimage"},"thumbnailUrl":"https:\/\/alcala.salesianos.edu\/colegio\/wp-content\/uploads\/sites\/2\/2025\/02\/11-Jornada-Salesianoa-de-Comunicacion-SEVIILLA-2025.jpg","articleSection":["Colegio","covid","Escuela abierta","FASA","Infantil","Pastoral","Portada","Primaria","Secundaria","Uncategorized"],"inLanguage":"es"},{"@type":"WebPage","@id":"https:\/\/alcala.salesianos.edu\/colegio\/blog\/2025\/02\/17\/comunicar-hoy-mirando-al-manana\/","url":"https:\/\/alcala.salesianos.edu\/colegio\/blog\/2025\/02\/17\/comunicar-hoy-mirando-al-manana\/","name":"\u00abComunicar hoy, mirando al ma\u00f1ana.\u00bb - Colegio Salesiano Alcal\u00e1","isPartOf":{"@id":"https:\/\/alcala.salesianos.edu\/colegio\/#website"},"primaryImageOfPage":{"@id":"https:\/\/alcala.salesianos.edu\/colegio\/blog\/2025\/02\/17\/comunicar-hoy-mirando-al-manana\/#primaryimage"},"image":{"@id":"https:\/\/alcala.salesianos.edu\/colegio\/blog\/2025\/02\/17\/comunicar-hoy-mirando-al-manana\/#primaryimage"},"thumbnailUrl":"https:\/\/alcala.salesianos.edu\/colegio\/wp-content\/uploads\/sites\/2\/2025\/02\/11-Jornada-Salesianoa-de-Comunicacion-SEVIILLA-2025.jpg","datePublished":"2025-02-17T10:53:46+00:00","dateModified":"2025-08-27T07:46:28+00:00","author":{"@id":"https:\/\/alcala.salesianos.edu\/colegio\/#\/schema\/person\/afcc24f776dc91fc2bf9afb0998fca77"},"description":"Promovida por los Salesianos de Espa\u00f1a, ofreci\u00f3 claves y retos para mejorar la comunicaci\u00f3n de las entidades y presencias salesianas.","breadcrumb":{"@id":"https:\/\/alcala.salesianos.edu\/colegio\/blog\/2025\/02\/17\/comunicar-hoy-mirando-al-manana\/#breadcrumb"},"inLanguage":"es","potentialAction":[{"@type":"ReadAction","target":["https:\/\/alcala.salesianos.edu\/colegio\/blog\/2025\/02\/17\/comunicar-hoy-mirando-al-manana\/"]}]},{"@type":"ImageObject","inLanguage":"es","@id":"https:\/\/alcala.salesianos.edu\/colegio\/blog\/2025\/02\/17\/comunicar-hoy-mirando-al-manana\/#primaryimage","url":"https:\/\/alcala.salesianos.edu\/colegio\/wp-content\/uploads\/sites\/2\/2025\/02\/11-Jornada-Salesianoa-de-Comunicacion-SEVIILLA-2025.jpg","contentUrl":"https:\/\/alcala.salesianos.edu\/colegio\/wp-content\/uploads\/sites\/2\/2025\/02\/11-Jornada-Salesianoa-de-Comunicacion-SEVIILLA-2025.jpg","width":1200,"height":675},{"@type":"BreadcrumbList","@id":"https:\/\/alcala.salesianos.edu\/colegio\/blog\/2025\/02\/17\/comunicar-hoy-mirando-al-manana\/#breadcrumb","itemListElement":[{"@type":"ListItem","position":1,"name":"Portada","item":"https:\/\/alcala.salesianos.edu\/colegio\/"},{"@type":"ListItem","position":2,"name":"\u00abComunicar hoy, mirando al ma\u00f1ana.\u00bb"}]},{"@type":"WebSite","@id":"https:\/\/alcala.salesianos.edu\/colegio\/#website","url":"https:\/\/alcala.salesianos.edu\/colegio\/","name":"Colegio Salesiano Alcal\u00e1","description":"P\u00e1gina oficial de Salesianos Alcal\u00e1 de Guadaira","potentialAction":[{"@type":"SearchAction","target":{"@type":"EntryPoint","urlTemplate":"https:\/\/alcala.salesianos.edu\/colegio\/?s={search_term_string}"},"query-input":{"@type":"PropertyValueSpecification","valueRequired":true,"valueName":"search_term_string"}}],"inLanguage":"es"},{"@type":"Person","@id":"https:\/\/alcala.salesianos.edu\/colegio\/#\/schema\/person\/afcc24f776dc91fc2bf9afb0998fca77","name":"Administrador Web","image":{"@type":"ImageObject","inLanguage":"es","@id":"https:\/\/secure.gravatar.com\/avatar\/bc157e994689bd6da9645c00aa3bc4d55b727915b6652642660db0aef086585f?s=96&d=mm&r=g","url":"https:\/\/secure.gravatar.com\/avatar\/bc157e994689bd6da9645c00aa3bc4d55b727915b6652642660db0aef086585f?s=96&d=mm&r=g","contentUrl":"https:\/\/secure.gravatar.com\/avatar\/bc157e994689bd6da9645c00aa3bc4d55b727915b6652642660db0aef086585f?s=96&d=mm&r=g","caption":"Administrador Web"}}]}},"_links":{"self":[{"href":"https:\/\/alcala.salesianos.edu\/colegio\/wp-json\/wp\/v2\/posts\/16203","targetHints":{"allow":["GET"]}}],"collection":[{"href":"https:\/\/alcala.salesianos.edu\/colegio\/wp-json\/wp\/v2\/posts"}],"about":[{"href":"https:\/\/alcala.salesianos.edu\/colegio\/wp-json\/wp\/v2\/types\/post"}],"author":[{"embeddable":true,"href":"https:\/\/alcala.salesianos.edu\/colegio\/wp-json\/wp\/v2\/users\/2"}],"replies":[{"embeddable":true,"href":"https:\/\/alcala.salesianos.edu\/colegio\/wp-json\/wp\/v2\/comments?post=16203"}],"version-history":[{"count":1,"href":"https:\/\/alcala.salesianos.edu\/colegio\/wp-json\/wp\/v2\/posts\/16203\/revisions"}],"predecessor-version":[{"id":16573,"href":"https:\/\/alcala.salesianos.edu\/colegio\/wp-json\/wp\/v2\/posts\/16203\/revisions\/16573"}],"wp:featuredmedia":[{"embeddable":true,"href":"https:\/\/alcala.salesianos.edu\/colegio\/wp-json\/wp\/v2\/media\/16204"}],"wp:attachment":[{"href":"https:\/\/alcala.salesianos.edu\/colegio\/wp-json\/wp\/v2\/media?parent=16203"}],"wp:term":[{"taxonomy":"category","embeddable":true,"href":"https:\/\/alcala.salesianos.edu\/colegio\/wp-json\/wp\/v2\/categories?post=16203"},{"taxonomy":"post_tag","embeddable":true,"href":"https:\/\/alcala.salesianos.edu\/colegio\/wp-json\/wp\/v2\/tags?post=16203"}],"curies":[{"name":"wp","href":"https:\/\/api.w.org\/{rel}","templated":true}]}}