{"id":15955,"date":"2024-11-13T18:19:25","date_gmt":"2024-11-13T17:19:25","guid":{"rendered":"https:\/\/alcala.salesianos.edu\/colegio\/blog\/2024\/11\/13\/alfonso-casado-trigo-leccion-inaugural-visita\/"},"modified":"2025-08-27T08:46:40","modified_gmt":"2025-08-27T07:46:40","slug":"alfonso-casado-trigo-leccion-inaugural-visita","status":"publish","type":"post","link":"https:\/\/alcala.salesianos.edu\/colegio\/blog\/2024\/11\/13\/alfonso-casado-trigo-leccion-inaugural-visita\/","title":{"rendered":"Lecci\u00f3n inaugural con Alfonso Casado Trigo"},"content":{"rendered":"<div id=\"fb-root\"><\/div>\n<p>[et_pb_section fb_built=\u00bb1&#8243; admin_label=\u00bbsection\u00bb _builder_version=\u00bb4.16&#8243; global_colors_info=\u00bb{}\u00bb][et_pb_row admin_label=\u00bbrow\u00bb _builder_version=\u00bb4.16&#8243; background_size=\u00bbinitial\u00bb background_position=\u00bbtop_left\u00bb background_repeat=\u00bbrepeat\u00bb global_colors_info=\u00bb{}\u00bb][et_pb_column type=\u00bb4_4&#8243; _builder_version=\u00bb4.16&#8243; custom_padding=\u00bb|||\u00bb global_colors_info=\u00bb{}\u00bb custom_padding__hover=\u00bb|||\u00bb][et_pb_text _builder_version=\u00bb4.27.3&#8243; _module_preset=\u00bbdefault\u00bb global_colors_info=\u00bb{}\u00bb]<\/p>\n<p>Alfonso Casado Trigo nos ha visitado este lunes 11 de noviembre y ha sido el encargado de dar la tradicional lecci\u00f3n inaugural que cada a\u00f1o organiza la Asociaci\u00f3n de Antiguos Alumnos de nuestra Casa.<\/p>\n<p>El reconocido m\u00fasico, antiguo alumno de nuestro colegio, realiz\u00f3 una inspiradora visita el pasado. Durante su encuentro con estudiantes y profesores, comparti\u00f3 an\u00e9cdotas sobre su vida y su trayectoria profesional en el mundo de la m\u00fasica.<\/p>\n<p>Alfonso habl\u00f3 sobre los desaf\u00edos que ha enfrentado y las lecciones aprendidas a lo largo de su carrera, motivando a los j\u00f3venes a perseguir sus sue\u00f1os con pasi\u00f3n y dedicaci\u00f3n. La charla fue un recordatorio del impacto que la educaci\u00f3n y la comunidad pueden tener en el desarrollo personal y profesional.<\/p>\n<p>La visita fue muy bien recibida, dejando a los estudiantes con un mensaje positivo sobre la importancia de seguir sus aspiraciones.<\/p>\n<p>[\/et_pb_text][\/et_pb_column][\/et_pb_row][\/et_pb_section]<\/p>\n","protected":false},"excerpt":{"rendered":"<p>El reconocido m\u00fasico Alfonso Casado Trigo visit\u00f3 su antiguo colegio el 11 de noviembre para impartir la lecci\u00f3n inaugural organizada por la Asociaci\u00f3n de Antiguos Alumnos.<\/p>\n","protected":false},"author":2,"featured_media":15956,"comment_status":"closed","ping_status":"open","sticky":false,"template":"","format":"standard","meta":{"_et_pb_use_builder":"on","_et_pb_old_content":"","_et_gb_content_width":"","footnotes":""},"categories":[12,23,13,14,15,16,1],"tags":[],"class_list":["post-15955","post","type-post","status-publish","format-standard","has-post-thumbnail","hentry","category-colegio","category-covid","category-fasa","category-pastoral","category-portada","category-secundaria","category-uncategorized"],"yoast_head":"<!-- This site is optimized with the Yoast SEO plugin v28.3 - https:\/\/yoast.com\/product\/yoast-seo-wordpress\/ -->\n<title>Lecci\u00f3n inaugural con Alfonso Casado Trigo - Colegio Salesiano Alcal\u00e1<\/title>\n<meta name=\"description\" content=\"El reconocido m\u00fasico Alfonso Casado Trigo visit\u00f3 su antiguo colegio el 11 de noviembre para impartir la lecci\u00f3n inaugural.\" \/>\n<meta name=\"robots\" content=\"index, follow, max-snippet:-1, max-image-preview:large, max-video-preview:-1\" \/>\n<link rel=\"canonical\" href=\"https:\/\/alcala.salesianos.edu\/colegio\/blog\/2024\/11\/13\/alfonso-casado-trigo-leccion-inaugural-visita\/\" \/>\n<meta property=\"og:locale\" content=\"es_ES\" \/>\n<meta property=\"og:type\" content=\"article\" \/>\n<meta property=\"og:title\" content=\"Lecci\u00f3n inaugural con Alfonso Casado Trigo - Colegio Salesiano Alcal\u00e1\" \/>\n<meta property=\"og:description\" content=\"El reconocido m\u00fasico Alfonso Casado Trigo visit\u00f3 su antiguo colegio el 11 de noviembre para impartir la lecci\u00f3n inaugural.\" \/>\n<meta property=\"og:url\" content=\"https:\/\/alcala.salesianos.edu\/colegio\/blog\/2024\/11\/13\/alfonso-casado-trigo-leccion-inaugural-visita\/\" \/>\n<meta property=\"og:site_name\" content=\"Colegio Salesiano Alcal\u00e1\" \/>\n<meta property=\"article:published_time\" content=\"2024-11-13T17:19:25+00:00\" \/>\n<meta property=\"article:modified_time\" content=\"2025-08-27T07:46:40+00:00\" \/>\n<meta property=\"og:image\" content=\"https:\/\/alcala.salesianos.edu\/colegio\/wp-content\/uploads\/sites\/2\/2024\/11\/2b4da95b-d7b9-4d52-84e0-1d2c82b2d98c.jpg\" \/>\n\t<meta property=\"og:image:width\" content=\"1600\" \/>\n\t<meta property=\"og:image:height\" content=\"1200\" \/>\n\t<meta property=\"og:image:type\" content=\"image\/jpeg\" \/>\n<meta name=\"author\" content=\"Administrador Web\" \/>\n<meta name=\"twitter:card\" content=\"summary_large_image\" \/>\n<meta name=\"twitter:label1\" content=\"Escrito por\" \/>\n\t<meta name=\"twitter:data1\" content=\"Administrador Web\" \/>\n\t<meta name=\"twitter:label2\" content=\"Tiempo de lectura\" \/>\n\t<meta name=\"twitter:data2\" content=\"1 minuto\" \/>\n<script type=\"application\/ld+json\" class=\"yoast-schema-graph\">{\"@context\":\"https:\\\/\\\/schema.org\",\"@graph\":[{\"@type\":\"Article\",\"@id\":\"https:\\\/\\\/alcala.salesianos.edu\\\/colegio\\\/blog\\\/2024\\\/11\\\/13\\\/alfonso-casado-trigo-leccion-inaugural-visita\\\/#article\",\"isPartOf\":{\"@id\":\"https:\\\/\\\/alcala.salesianos.edu\\\/colegio\\\/blog\\\/2024\\\/11\\\/13\\\/alfonso-casado-trigo-leccion-inaugural-visita\\\/\"},\"author\":{\"name\":\"Administrador Web\",\"@id\":\"https:\\\/\\\/alcala.salesianos.edu\\\/colegio\\\/#\\\/schema\\\/person\\\/afcc24f776dc91fc2bf9afb0998fca77\"},\"headline\":\"Lecci\u00f3n inaugural con Alfonso Casado Trigo\",\"datePublished\":\"2024-11-13T17:19:25+00:00\",\"dateModified\":\"2025-08-27T07:46:40+00:00\",\"mainEntityOfPage\":{\"@id\":\"https:\\\/\\\/alcala.salesianos.edu\\\/colegio\\\/blog\\\/2024\\\/11\\\/13\\\/alfonso-casado-trigo-leccion-inaugural-visita\\\/\"},\"wordCount\":231,\"image\":{\"@id\":\"https:\\\/\\\/alcala.salesianos.edu\\\/colegio\\\/blog\\\/2024\\\/11\\\/13\\\/alfonso-casado-trigo-leccion-inaugural-visita\\\/#primaryimage\"},\"thumbnailUrl\":\"https:\\\/\\\/alcala.salesianos.edu\\\/colegio\\\/wp-content\\\/uploads\\\/sites\\\/2\\\/2024\\\/11\\\/2b4da95b-d7b9-4d52-84e0-1d2c82b2d98c.jpg\",\"articleSection\":[\"Colegio\",\"covid\",\"FASA\",\"Pastoral\",\"Portada\",\"Secundaria\",\"Uncategorized\"],\"inLanguage\":\"es\"},{\"@type\":\"WebPage\",\"@id\":\"https:\\\/\\\/alcala.salesianos.edu\\\/colegio\\\/blog\\\/2024\\\/11\\\/13\\\/alfonso-casado-trigo-leccion-inaugural-visita\\\/\",\"url\":\"https:\\\/\\\/alcala.salesianos.edu\\\/colegio\\\/blog\\\/2024\\\/11\\\/13\\\/alfonso-casado-trigo-leccion-inaugural-visita\\\/\",\"name\":\"Lecci\u00f3n inaugural con Alfonso Casado Trigo - Colegio Salesiano Alcal\u00e1\",\"isPartOf\":{\"@id\":\"https:\\\/\\\/alcala.salesianos.edu\\\/colegio\\\/#website\"},\"primaryImageOfPage\":{\"@id\":\"https:\\\/\\\/alcala.salesianos.edu\\\/colegio\\\/blog\\\/2024\\\/11\\\/13\\\/alfonso-casado-trigo-leccion-inaugural-visita\\\/#primaryimage\"},\"image\":{\"@id\":\"https:\\\/\\\/alcala.salesianos.edu\\\/colegio\\\/blog\\\/2024\\\/11\\\/13\\\/alfonso-casado-trigo-leccion-inaugural-visita\\\/#primaryimage\"},\"thumbnailUrl\":\"https:\\\/\\\/alcala.salesianos.edu\\\/colegio\\\/wp-content\\\/uploads\\\/sites\\\/2\\\/2024\\\/11\\\/2b4da95b-d7b9-4d52-84e0-1d2c82b2d98c.jpg\",\"datePublished\":\"2024-11-13T17:19:25+00:00\",\"dateModified\":\"2025-08-27T07:46:40+00:00\",\"author\":{\"@id\":\"https:\\\/\\\/alcala.salesianos.edu\\\/colegio\\\/#\\\/schema\\\/person\\\/afcc24f776dc91fc2bf9afb0998fca77\"},\"description\":\"El reconocido m\u00fasico Alfonso Casado Trigo visit\u00f3 su antiguo colegio el 11 de noviembre para impartir la lecci\u00f3n inaugural.\",\"breadcrumb\":{\"@id\":\"https:\\\/\\\/alcala.salesianos.edu\\\/colegio\\\/blog\\\/2024\\\/11\\\/13\\\/alfonso-casado-trigo-leccion-inaugural-visita\\\/#breadcrumb\"},\"inLanguage\":\"es\",\"potentialAction\":[{\"@type\":\"ReadAction\",\"target\":[\"https:\\\/\\\/alcala.salesianos.edu\\\/colegio\\\/blog\\\/2024\\\/11\\\/13\\\/alfonso-casado-trigo-leccion-inaugural-visita\\\/\"]}]},{\"@type\":\"ImageObject\",\"inLanguage\":\"es\",\"@id\":\"https:\\\/\\\/alcala.salesianos.edu\\\/colegio\\\/blog\\\/2024\\\/11\\\/13\\\/alfonso-casado-trigo-leccion-inaugural-visita\\\/#primaryimage\",\"url\":\"https:\\\/\\\/alcala.salesianos.edu\\\/colegio\\\/wp-content\\\/uploads\\\/sites\\\/2\\\/2024\\\/11\\\/2b4da95b-d7b9-4d52-84e0-1d2c82b2d98c.jpg\",\"contentUrl\":\"https:\\\/\\\/alcala.salesianos.edu\\\/colegio\\\/wp-content\\\/uploads\\\/sites\\\/2\\\/2024\\\/11\\\/2b4da95b-d7b9-4d52-84e0-1d2c82b2d98c.jpg\",\"width\":1600,\"height\":1200},{\"@type\":\"BreadcrumbList\",\"@id\":\"https:\\\/\\\/alcala.salesianos.edu\\\/colegio\\\/blog\\\/2024\\\/11\\\/13\\\/alfonso-casado-trigo-leccion-inaugural-visita\\\/#breadcrumb\",\"itemListElement\":[{\"@type\":\"ListItem\",\"position\":1,\"name\":\"Portada\",\"item\":\"https:\\\/\\\/alcala.salesianos.edu\\\/colegio\\\/\"},{\"@type\":\"ListItem\",\"position\":2,\"name\":\"Lecci\u00f3n inaugural con Alfonso Casado Trigo\"}]},{\"@type\":\"WebSite\",\"@id\":\"https:\\\/\\\/alcala.salesianos.edu\\\/colegio\\\/#website\",\"url\":\"https:\\\/\\\/alcala.salesianos.edu\\\/colegio\\\/\",\"name\":\"Colegio Salesiano Alcal\u00e1\",\"description\":\"P\u00e1gina oficial de Salesianos Alcal\u00e1 de Guadaira\",\"potentialAction\":[{\"@type\":\"SearchAction\",\"target\":{\"@type\":\"EntryPoint\",\"urlTemplate\":\"https:\\\/\\\/alcala.salesianos.edu\\\/colegio\\\/?s={search_term_string}\"},\"query-input\":{\"@type\":\"PropertyValueSpecification\",\"valueRequired\":true,\"valueName\":\"search_term_string\"}}],\"inLanguage\":\"es\"},{\"@type\":\"Person\",\"@id\":\"https:\\\/\\\/alcala.salesianos.edu\\\/colegio\\\/#\\\/schema\\\/person\\\/afcc24f776dc91fc2bf9afb0998fca77\",\"name\":\"Administrador Web\",\"image\":{\"@type\":\"ImageObject\",\"inLanguage\":\"es\",\"@id\":\"https:\\\/\\\/secure.gravatar.com\\\/avatar\\\/bc157e994689bd6da9645c00aa3bc4d55b727915b6652642660db0aef086585f?s=96&d=mm&r=g\",\"url\":\"https:\\\/\\\/secure.gravatar.com\\\/avatar\\\/bc157e994689bd6da9645c00aa3bc4d55b727915b6652642660db0aef086585f?s=96&d=mm&r=g\",\"contentUrl\":\"https:\\\/\\\/secure.gravatar.com\\\/avatar\\\/bc157e994689bd6da9645c00aa3bc4d55b727915b6652642660db0aef086585f?s=96&d=mm&r=g\",\"caption\":\"Administrador Web\"}}]}<\/script>\n<!-- \/ Yoast SEO plugin. -->","yoast_head_json":{"title":"Lecci\u00f3n inaugural con Alfonso Casado Trigo - Colegio Salesiano Alcal\u00e1","description":"El reconocido m\u00fasico Alfonso Casado Trigo visit\u00f3 su antiguo colegio el 11 de noviembre para impartir la lecci\u00f3n inaugural.","robots":{"index":"index","follow":"follow","max-snippet":"max-snippet:-1","max-image-preview":"max-image-preview:large","max-video-preview":"max-video-preview:-1"},"canonical":"https:\/\/alcala.salesianos.edu\/colegio\/blog\/2024\/11\/13\/alfonso-casado-trigo-leccion-inaugural-visita\/","og_locale":"es_ES","og_type":"article","og_title":"Lecci\u00f3n inaugural con Alfonso Casado Trigo - Colegio Salesiano Alcal\u00e1","og_description":"El reconocido m\u00fasico Alfonso Casado Trigo visit\u00f3 su antiguo colegio el 11 de noviembre para impartir la lecci\u00f3n inaugural.","og_url":"https:\/\/alcala.salesianos.edu\/colegio\/blog\/2024\/11\/13\/alfonso-casado-trigo-leccion-inaugural-visita\/","og_site_name":"Colegio Salesiano Alcal\u00e1","article_published_time":"2024-11-13T17:19:25+00:00","article_modified_time":"2025-08-27T07:46:40+00:00","og_image":[{"width":1600,"height":1200,"url":"https:\/\/alcala.salesianos.edu\/colegio\/wp-content\/uploads\/sites\/2\/2024\/11\/2b4da95b-d7b9-4d52-84e0-1d2c82b2d98c.jpg","type":"image\/jpeg"}],"author":"Administrador Web","twitter_card":"summary_large_image","twitter_misc":{"Escrito por":"Administrador Web","Tiempo de lectura":"1 minuto"},"schema":{"@context":"https:\/\/schema.org","@graph":[{"@type":"Article","@id":"https:\/\/alcala.salesianos.edu\/colegio\/blog\/2024\/11\/13\/alfonso-casado-trigo-leccion-inaugural-visita\/#article","isPartOf":{"@id":"https:\/\/alcala.salesianos.edu\/colegio\/blog\/2024\/11\/13\/alfonso-casado-trigo-leccion-inaugural-visita\/"},"author":{"name":"Administrador Web","@id":"https:\/\/alcala.salesianos.edu\/colegio\/#\/schema\/person\/afcc24f776dc91fc2bf9afb0998fca77"},"headline":"Lecci\u00f3n inaugural con Alfonso Casado Trigo","datePublished":"2024-11-13T17:19:25+00:00","dateModified":"2025-08-27T07:46:40+00:00","mainEntityOfPage":{"@id":"https:\/\/alcala.salesianos.edu\/colegio\/blog\/2024\/11\/13\/alfonso-casado-trigo-leccion-inaugural-visita\/"},"wordCount":231,"image":{"@id":"https:\/\/alcala.salesianos.edu\/colegio\/blog\/2024\/11\/13\/alfonso-casado-trigo-leccion-inaugural-visita\/#primaryimage"},"thumbnailUrl":"https:\/\/alcala.salesianos.edu\/colegio\/wp-content\/uploads\/sites\/2\/2024\/11\/2b4da95b-d7b9-4d52-84e0-1d2c82b2d98c.jpg","articleSection":["Colegio","covid","FASA","Pastoral","Portada","Secundaria","Uncategorized"],"inLanguage":"es"},{"@type":"WebPage","@id":"https:\/\/alcala.salesianos.edu\/colegio\/blog\/2024\/11\/13\/alfonso-casado-trigo-leccion-inaugural-visita\/","url":"https:\/\/alcala.salesianos.edu\/colegio\/blog\/2024\/11\/13\/alfonso-casado-trigo-leccion-inaugural-visita\/","name":"Lecci\u00f3n inaugural con Alfonso Casado Trigo - Colegio Salesiano Alcal\u00e1","isPartOf":{"@id":"https:\/\/alcala.salesianos.edu\/colegio\/#website"},"primaryImageOfPage":{"@id":"https:\/\/alcala.salesianos.edu\/colegio\/blog\/2024\/11\/13\/alfonso-casado-trigo-leccion-inaugural-visita\/#primaryimage"},"image":{"@id":"https:\/\/alcala.salesianos.edu\/colegio\/blog\/2024\/11\/13\/alfonso-casado-trigo-leccion-inaugural-visita\/#primaryimage"},"thumbnailUrl":"https:\/\/alcala.salesianos.edu\/colegio\/wp-content\/uploads\/sites\/2\/2024\/11\/2b4da95b-d7b9-4d52-84e0-1d2c82b2d98c.jpg","datePublished":"2024-11-13T17:19:25+00:00","dateModified":"2025-08-27T07:46:40+00:00","author":{"@id":"https:\/\/alcala.salesianos.edu\/colegio\/#\/schema\/person\/afcc24f776dc91fc2bf9afb0998fca77"},"description":"El reconocido m\u00fasico Alfonso Casado Trigo visit\u00f3 su antiguo colegio el 11 de noviembre para impartir la lecci\u00f3n inaugural.","breadcrumb":{"@id":"https:\/\/alcala.salesianos.edu\/colegio\/blog\/2024\/11\/13\/alfonso-casado-trigo-leccion-inaugural-visita\/#breadcrumb"},"inLanguage":"es","potentialAction":[{"@type":"ReadAction","target":["https:\/\/alcala.salesianos.edu\/colegio\/blog\/2024\/11\/13\/alfonso-casado-trigo-leccion-inaugural-visita\/"]}]},{"@type":"ImageObject","inLanguage":"es","@id":"https:\/\/alcala.salesianos.edu\/colegio\/blog\/2024\/11\/13\/alfonso-casado-trigo-leccion-inaugural-visita\/#primaryimage","url":"https:\/\/alcala.salesianos.edu\/colegio\/wp-content\/uploads\/sites\/2\/2024\/11\/2b4da95b-d7b9-4d52-84e0-1d2c82b2d98c.jpg","contentUrl":"https:\/\/alcala.salesianos.edu\/colegio\/wp-content\/uploads\/sites\/2\/2024\/11\/2b4da95b-d7b9-4d52-84e0-1d2c82b2d98c.jpg","width":1600,"height":1200},{"@type":"BreadcrumbList","@id":"https:\/\/alcala.salesianos.edu\/colegio\/blog\/2024\/11\/13\/alfonso-casado-trigo-leccion-inaugural-visita\/#breadcrumb","itemListElement":[{"@type":"ListItem","position":1,"name":"Portada","item":"https:\/\/alcala.salesianos.edu\/colegio\/"},{"@type":"ListItem","position":2,"name":"Lecci\u00f3n inaugural con Alfonso Casado Trigo"}]},{"@type":"WebSite","@id":"https:\/\/alcala.salesianos.edu\/colegio\/#website","url":"https:\/\/alcala.salesianos.edu\/colegio\/","name":"Colegio Salesiano Alcal\u00e1","description":"P\u00e1gina oficial de Salesianos Alcal\u00e1 de Guadaira","potentialAction":[{"@type":"SearchAction","target":{"@type":"EntryPoint","urlTemplate":"https:\/\/alcala.salesianos.edu\/colegio\/?s={search_term_string}"},"query-input":{"@type":"PropertyValueSpecification","valueRequired":true,"valueName":"search_term_string"}}],"inLanguage":"es"},{"@type":"Person","@id":"https:\/\/alcala.salesianos.edu\/colegio\/#\/schema\/person\/afcc24f776dc91fc2bf9afb0998fca77","name":"Administrador Web","image":{"@type":"ImageObject","inLanguage":"es","@id":"https:\/\/secure.gravatar.com\/avatar\/bc157e994689bd6da9645c00aa3bc4d55b727915b6652642660db0aef086585f?s=96&d=mm&r=g","url":"https:\/\/secure.gravatar.com\/avatar\/bc157e994689bd6da9645c00aa3bc4d55b727915b6652642660db0aef086585f?s=96&d=mm&r=g","contentUrl":"https:\/\/secure.gravatar.com\/avatar\/bc157e994689bd6da9645c00aa3bc4d55b727915b6652642660db0aef086585f?s=96&d=mm&r=g","caption":"Administrador Web"}}]}},"_links":{"self":[{"href":"https:\/\/alcala.salesianos.edu\/colegio\/wp-json\/wp\/v2\/posts\/15955","targetHints":{"allow":["GET"]}}],"collection":[{"href":"https:\/\/alcala.salesianos.edu\/colegio\/wp-json\/wp\/v2\/posts"}],"about":[{"href":"https:\/\/alcala.salesianos.edu\/colegio\/wp-json\/wp\/v2\/types\/post"}],"author":[{"embeddable":true,"href":"https:\/\/alcala.salesianos.edu\/colegio\/wp-json\/wp\/v2\/users\/2"}],"replies":[{"embeddable":true,"href":"https:\/\/alcala.salesianos.edu\/colegio\/wp-json\/wp\/v2\/comments?post=15955"}],"version-history":[{"count":1,"href":"https:\/\/alcala.salesianos.edu\/colegio\/wp-json\/wp\/v2\/posts\/15955\/revisions"}],"predecessor-version":[{"id":16581,"href":"https:\/\/alcala.salesianos.edu\/colegio\/wp-json\/wp\/v2\/posts\/15955\/revisions\/16581"}],"wp:featuredmedia":[{"embeddable":true,"href":"https:\/\/alcala.salesianos.edu\/colegio\/wp-json\/wp\/v2\/media\/15956"}],"wp:attachment":[{"href":"https:\/\/alcala.salesianos.edu\/colegio\/wp-json\/wp\/v2\/media?parent=15955"}],"wp:term":[{"taxonomy":"category","embeddable":true,"href":"https:\/\/alcala.salesianos.edu\/colegio\/wp-json\/wp\/v2\/categories?post=15955"},{"taxonomy":"post_tag","embeddable":true,"href":"https:\/\/alcala.salesianos.edu\/colegio\/wp-json\/wp\/v2\/tags?post=15955"}],"curies":[{"name":"wp","href":"https:\/\/api.w.org\/{rel}","templated":true}]}}