{"id":15932,"date":"2024-11-07T10:19:08","date_gmt":"2024-11-07T09:19:08","guid":{"rendered":"https:\/\/alcala.salesianos.edu\/colegio\/blog\/2024\/11\/07\/votacion-al-consejo-escolar\/"},"modified":"2025-08-27T08:46:44","modified_gmt":"2025-08-27T07:46:44","slug":"votacion-al-consejo-escolar","status":"publish","type":"post","link":"https:\/\/alcala.salesianos.edu\/colegio\/blog\/2024\/11\/07\/votacion-al-consejo-escolar\/","title":{"rendered":"Votaci\u00f3n al Consejo Escolar"},"content":{"rendered":"<div id=\"fb-root\"><\/div>\n<p>[et_pb_section fb_built=\u00bb1&#8243; admin_label=\u00bbsection\u00bb _builder_version=\u00bb4.16&#8243; global_colors_info=\u00bb{}\u00bb][et_pb_row admin_label=\u00bbrow\u00bb _builder_version=\u00bb4.16&#8243; background_size=\u00bbinitial\u00bb background_position=\u00bbtop_left\u00bb background_repeat=\u00bbrepeat\u00bb global_colors_info=\u00bb{}\u00bb][et_pb_column type=\u00bb4_4&#8243; _builder_version=\u00bb4.16&#8243; custom_padding=\u00bb|||\u00bb global_colors_info=\u00bb{}\u00bb custom_padding__hover=\u00bb|||\u00bb][et_pb_text _builder_version=\u00bb4.27.2&#8243; _module_preset=\u00bbdefault\u00bb global_colors_info=\u00bb{}\u00bb]<\/p>\n<div class=\"v-label v-widget v-has-width\">\n<p>Estimadas familias:<\/p>\n<p>A continuaci\u00f3n, les informamos de las distintas posibilidades para ejercer su derecho al voto en las elecciones al Consejo Escolar:<\/p>\n<p><b>Presencial:<\/b> martes, 19 de noviembre, en horario de 13:30 h a 20:00 h.<\/p>\n<p><b>Correo:<\/b> del 12 al 18 de noviembre, con el sistema de doble sobre. El sobre exterior se dirigir\u00e1 por correo certificado a la Mesa electoral de madres, padres y representantes legales del alumnado, o bien, se entregar\u00e1 durante los cinco d\u00edas h\u00e1biles anteriores al de la votaci\u00f3n a la persona titular de la Direcci\u00f3n del centro que lo custodiar\u00e1 hasta su entrega a dicha Mesa electoral. El sobre contendr\u00e1 firma manuscrita y coincidente con la que aparece en el documento de identificaci\u00f3n que aporte, fotocopia del DNI o de otro documento acreditativo equivalente, y un segundo sobre en blanco y cerrado en cuyo interior se habr\u00e1 incluido la papeleta de voto.<\/p>\n<p><b>Ipasen:<\/b> hasta el 18 de noviembre. En este caso, debido a un problema t\u00e9cnico, les dar\u00e1 la opci\u00f3n de marcar 4 candidatos, <b>solo <\/b><b>se deben marcar 3<\/b>. En caso de marcar los 4 el voto seguir\u00e1 siendo v\u00e1lido.<\/p>\n<p>Atentamente:<\/p>\n<p>Mateo Barrera Mac\u00edas<\/p>\n<p>Presidente de la Junta Electoral<\/p>\n<\/div>\n<p>[\/et_pb_text][\/et_pb_column][\/et_pb_row][\/et_pb_section]<\/p>\n","protected":false},"excerpt":{"rendered":"<p>A continuaci\u00f3n, les informamos de las distintas posibilidades para ejercer su derecho al voto en las elecciones al Consejo Escolar que ser\u00e1 renovado este curso escolar.<\/p>\n","protected":false},"author":2,"featured_media":11499,"comment_status":"closed","ping_status":"open","sticky":false,"template":"","format":"standard","meta":{"_et_pb_use_builder":"on","_et_pb_old_content":"","_et_gb_content_width":"","footnotes":""},"categories":[12,23,19,13,17,15,18,16,1],"tags":[],"class_list":["post-15932","post","type-post","status-publish","format-standard","has-post-thumbnail","hentry","category-colegio","category-covid","category-escuela-abierta","category-fasa","category-infantil","category-portada","category-primaria","category-secundaria","category-uncategorized"],"yoast_head":"<!-- This site is optimized with the Yoast SEO plugin v28.3 - https:\/\/yoast.com\/product\/yoast-seo-wordpress\/ -->\n<title>Votaci\u00f3n al Consejo Escolar - Colegio Salesiano Alcal\u00e1<\/title>\n<meta name=\"description\" content=\"A continuaci\u00f3n, les informamos de las distintas posibilidades para ejercer su derecho al voto en las elecciones al Consejo Escolar.\" \/>\n<meta name=\"robots\" content=\"index, follow, max-snippet:-1, max-image-preview:large, max-video-preview:-1\" \/>\n<link rel=\"canonical\" href=\"https:\/\/alcala.salesianos.edu\/colegio\/blog\/2024\/11\/07\/votacion-al-consejo-escolar\/\" \/>\n<meta property=\"og:locale\" content=\"es_ES\" \/>\n<meta property=\"og:type\" content=\"article\" \/>\n<meta property=\"og:title\" content=\"Votaci\u00f3n al Consejo Escolar - Colegio Salesiano Alcal\u00e1\" \/>\n<meta property=\"og:description\" content=\"A continuaci\u00f3n, les informamos de las distintas posibilidades para ejercer su derecho al voto en las elecciones al Consejo Escolar.\" \/>\n<meta property=\"og:url\" content=\"https:\/\/alcala.salesianos.edu\/colegio\/blog\/2024\/11\/07\/votacion-al-consejo-escolar\/\" \/>\n<meta property=\"og:site_name\" content=\"Colegio Salesiano Alcal\u00e1\" \/>\n<meta property=\"article:published_time\" content=\"2024-11-07T09:19:08+00:00\" \/>\n<meta property=\"article:modified_time\" content=\"2025-08-27T07:46:44+00:00\" \/>\n<meta property=\"og:image\" content=\"https:\/\/alcala.salesianos.edu\/colegio\/wp-content\/uploads\/sites\/2\/2019\/07\/LogoSalesianosTransp-300x297.png\" \/>\n\t<meta property=\"og:image:width\" content=\"1\" \/>\n\t<meta property=\"og:image:height\" content=\"1\" \/>\n\t<meta property=\"og:image:type\" content=\"image\/png\" \/>\n<meta name=\"author\" content=\"Administrador Web\" \/>\n<meta name=\"twitter:card\" content=\"summary_large_image\" \/>\n<meta name=\"twitter:label1\" content=\"Escrito por\" \/>\n\t<meta name=\"twitter:data1\" content=\"Administrador Web\" \/>\n\t<meta name=\"twitter:label2\" content=\"Tiempo de lectura\" \/>\n\t<meta name=\"twitter:data2\" content=\"2 minutos\" \/>\n<script type=\"application\/ld+json\" class=\"yoast-schema-graph\">{\"@context\":\"https:\\\/\\\/schema.org\",\"@graph\":[{\"@type\":\"Article\",\"@id\":\"https:\\\/\\\/alcala.salesianos.edu\\\/colegio\\\/blog\\\/2024\\\/11\\\/07\\\/votacion-al-consejo-escolar\\\/#article\",\"isPartOf\":{\"@id\":\"https:\\\/\\\/alcala.salesianos.edu\\\/colegio\\\/blog\\\/2024\\\/11\\\/07\\\/votacion-al-consejo-escolar\\\/\"},\"author\":{\"name\":\"Administrador Web\",\"@id\":\"https:\\\/\\\/alcala.salesianos.edu\\\/colegio\\\/#\\\/schema\\\/person\\\/afcc24f776dc91fc2bf9afb0998fca77\"},\"headline\":\"Votaci\u00f3n al Consejo Escolar\",\"datePublished\":\"2024-11-07T09:19:08+00:00\",\"dateModified\":\"2025-08-27T07:46:44+00:00\",\"mainEntityOfPage\":{\"@id\":\"https:\\\/\\\/alcala.salesianos.edu\\\/colegio\\\/blog\\\/2024\\\/11\\\/07\\\/votacion-al-consejo-escolar\\\/\"},\"wordCount\":270,\"image\":{\"@id\":\"https:\\\/\\\/alcala.salesianos.edu\\\/colegio\\\/blog\\\/2024\\\/11\\\/07\\\/votacion-al-consejo-escolar\\\/#primaryimage\"},\"thumbnailUrl\":\"https:\\\/\\\/alcala.salesianos.edu\\\/colegio\\\/wp-content\\\/uploads\\\/sites\\\/2\\\/2019\\\/07\\\/LogoSalesianosTransp-300x297.png\",\"articleSection\":[\"Colegio\",\"covid\",\"Escuela abierta\",\"FASA\",\"Infantil\",\"Portada\",\"Primaria\",\"Secundaria\",\"Uncategorized\"],\"inLanguage\":\"es\"},{\"@type\":\"WebPage\",\"@id\":\"https:\\\/\\\/alcala.salesianos.edu\\\/colegio\\\/blog\\\/2024\\\/11\\\/07\\\/votacion-al-consejo-escolar\\\/\",\"url\":\"https:\\\/\\\/alcala.salesianos.edu\\\/colegio\\\/blog\\\/2024\\\/11\\\/07\\\/votacion-al-consejo-escolar\\\/\",\"name\":\"Votaci\u00f3n al Consejo Escolar - Colegio Salesiano Alcal\u00e1\",\"isPartOf\":{\"@id\":\"https:\\\/\\\/alcala.salesianos.edu\\\/colegio\\\/#website\"},\"primaryImageOfPage\":{\"@id\":\"https:\\\/\\\/alcala.salesianos.edu\\\/colegio\\\/blog\\\/2024\\\/11\\\/07\\\/votacion-al-consejo-escolar\\\/#primaryimage\"},\"image\":{\"@id\":\"https:\\\/\\\/alcala.salesianos.edu\\\/colegio\\\/blog\\\/2024\\\/11\\\/07\\\/votacion-al-consejo-escolar\\\/#primaryimage\"},\"thumbnailUrl\":\"https:\\\/\\\/alcala.salesianos.edu\\\/colegio\\\/wp-content\\\/uploads\\\/sites\\\/2\\\/2019\\\/07\\\/LogoSalesianosTransp-300x297.png\",\"datePublished\":\"2024-11-07T09:19:08+00:00\",\"dateModified\":\"2025-08-27T07:46:44+00:00\",\"author\":{\"@id\":\"https:\\\/\\\/alcala.salesianos.edu\\\/colegio\\\/#\\\/schema\\\/person\\\/afcc24f776dc91fc2bf9afb0998fca77\"},\"description\":\"A continuaci\u00f3n, les informamos de las distintas posibilidades para ejercer su derecho al voto en las elecciones al Consejo Escolar.\",\"breadcrumb\":{\"@id\":\"https:\\\/\\\/alcala.salesianos.edu\\\/colegio\\\/blog\\\/2024\\\/11\\\/07\\\/votacion-al-consejo-escolar\\\/#breadcrumb\"},\"inLanguage\":\"es\",\"potentialAction\":[{\"@type\":\"ReadAction\",\"target\":[\"https:\\\/\\\/alcala.salesianos.edu\\\/colegio\\\/blog\\\/2024\\\/11\\\/07\\\/votacion-al-consejo-escolar\\\/\"]}]},{\"@type\":\"ImageObject\",\"inLanguage\":\"es\",\"@id\":\"https:\\\/\\\/alcala.salesianos.edu\\\/colegio\\\/blog\\\/2024\\\/11\\\/07\\\/votacion-al-consejo-escolar\\\/#primaryimage\",\"url\":\"https:\\\/\\\/alcala.salesianos.edu\\\/colegio\\\/wp-content\\\/uploads\\\/sites\\\/2\\\/2019\\\/07\\\/LogoSalesianosTransp-300x297.png\",\"contentUrl\":\"https:\\\/\\\/alcala.salesianos.edu\\\/colegio\\\/wp-content\\\/uploads\\\/sites\\\/2\\\/2019\\\/07\\\/LogoSalesianosTransp-300x297.png\"},{\"@type\":\"BreadcrumbList\",\"@id\":\"https:\\\/\\\/alcala.salesianos.edu\\\/colegio\\\/blog\\\/2024\\\/11\\\/07\\\/votacion-al-consejo-escolar\\\/#breadcrumb\",\"itemListElement\":[{\"@type\":\"ListItem\",\"position\":1,\"name\":\"Portada\",\"item\":\"https:\\\/\\\/alcala.salesianos.edu\\\/colegio\\\/\"},{\"@type\":\"ListItem\",\"position\":2,\"name\":\"Votaci\u00f3n al Consejo Escolar\"}]},{\"@type\":\"WebSite\",\"@id\":\"https:\\\/\\\/alcala.salesianos.edu\\\/colegio\\\/#website\",\"url\":\"https:\\\/\\\/alcala.salesianos.edu\\\/colegio\\\/\",\"name\":\"Colegio Salesiano Alcal\u00e1\",\"description\":\"P\u00e1gina oficial de Salesianos Alcal\u00e1 de Guadaira\",\"potentialAction\":[{\"@type\":\"SearchAction\",\"target\":{\"@type\":\"EntryPoint\",\"urlTemplate\":\"https:\\\/\\\/alcala.salesianos.edu\\\/colegio\\\/?s={search_term_string}\"},\"query-input\":{\"@type\":\"PropertyValueSpecification\",\"valueRequired\":true,\"valueName\":\"search_term_string\"}}],\"inLanguage\":\"es\"},{\"@type\":\"Person\",\"@id\":\"https:\\\/\\\/alcala.salesianos.edu\\\/colegio\\\/#\\\/schema\\\/person\\\/afcc24f776dc91fc2bf9afb0998fca77\",\"name\":\"Administrador Web\",\"image\":{\"@type\":\"ImageObject\",\"inLanguage\":\"es\",\"@id\":\"https:\\\/\\\/secure.gravatar.com\\\/avatar\\\/bc157e994689bd6da9645c00aa3bc4d55b727915b6652642660db0aef086585f?s=96&d=mm&r=g\",\"url\":\"https:\\\/\\\/secure.gravatar.com\\\/avatar\\\/bc157e994689bd6da9645c00aa3bc4d55b727915b6652642660db0aef086585f?s=96&d=mm&r=g\",\"contentUrl\":\"https:\\\/\\\/secure.gravatar.com\\\/avatar\\\/bc157e994689bd6da9645c00aa3bc4d55b727915b6652642660db0aef086585f?s=96&d=mm&r=g\",\"caption\":\"Administrador Web\"}}]}<\/script>\n<!-- \/ Yoast SEO plugin. -->","yoast_head_json":{"title":"Votaci\u00f3n al Consejo Escolar - Colegio Salesiano Alcal\u00e1","description":"A continuaci\u00f3n, les informamos de las distintas posibilidades para ejercer su derecho al voto en las elecciones al Consejo Escolar.","robots":{"index":"index","follow":"follow","max-snippet":"max-snippet:-1","max-image-preview":"max-image-preview:large","max-video-preview":"max-video-preview:-1"},"canonical":"https:\/\/alcala.salesianos.edu\/colegio\/blog\/2024\/11\/07\/votacion-al-consejo-escolar\/","og_locale":"es_ES","og_type":"article","og_title":"Votaci\u00f3n al Consejo Escolar - Colegio Salesiano Alcal\u00e1","og_description":"A continuaci\u00f3n, les informamos de las distintas posibilidades para ejercer su derecho al voto en las elecciones al Consejo Escolar.","og_url":"https:\/\/alcala.salesianos.edu\/colegio\/blog\/2024\/11\/07\/votacion-al-consejo-escolar\/","og_site_name":"Colegio Salesiano Alcal\u00e1","article_published_time":"2024-11-07T09:19:08+00:00","article_modified_time":"2025-08-27T07:46:44+00:00","og_image":[{"url":"https:\/\/alcala.salesianos.edu\/colegio\/wp-content\/uploads\/sites\/2\/2019\/07\/LogoSalesianosTransp-300x297.png","width":1,"height":1,"type":"image\/png"}],"author":"Administrador Web","twitter_card":"summary_large_image","twitter_misc":{"Escrito por":"Administrador Web","Tiempo de lectura":"2 minutos"},"schema":{"@context":"https:\/\/schema.org","@graph":[{"@type":"Article","@id":"https:\/\/alcala.salesianos.edu\/colegio\/blog\/2024\/11\/07\/votacion-al-consejo-escolar\/#article","isPartOf":{"@id":"https:\/\/alcala.salesianos.edu\/colegio\/blog\/2024\/11\/07\/votacion-al-consejo-escolar\/"},"author":{"name":"Administrador Web","@id":"https:\/\/alcala.salesianos.edu\/colegio\/#\/schema\/person\/afcc24f776dc91fc2bf9afb0998fca77"},"headline":"Votaci\u00f3n al Consejo Escolar","datePublished":"2024-11-07T09:19:08+00:00","dateModified":"2025-08-27T07:46:44+00:00","mainEntityOfPage":{"@id":"https:\/\/alcala.salesianos.edu\/colegio\/blog\/2024\/11\/07\/votacion-al-consejo-escolar\/"},"wordCount":270,"image":{"@id":"https:\/\/alcala.salesianos.edu\/colegio\/blog\/2024\/11\/07\/votacion-al-consejo-escolar\/#primaryimage"},"thumbnailUrl":"https:\/\/alcala.salesianos.edu\/colegio\/wp-content\/uploads\/sites\/2\/2019\/07\/LogoSalesianosTransp-300x297.png","articleSection":["Colegio","covid","Escuela abierta","FASA","Infantil","Portada","Primaria","Secundaria","Uncategorized"],"inLanguage":"es"},{"@type":"WebPage","@id":"https:\/\/alcala.salesianos.edu\/colegio\/blog\/2024\/11\/07\/votacion-al-consejo-escolar\/","url":"https:\/\/alcala.salesianos.edu\/colegio\/blog\/2024\/11\/07\/votacion-al-consejo-escolar\/","name":"Votaci\u00f3n al Consejo Escolar - Colegio Salesiano Alcal\u00e1","isPartOf":{"@id":"https:\/\/alcala.salesianos.edu\/colegio\/#website"},"primaryImageOfPage":{"@id":"https:\/\/alcala.salesianos.edu\/colegio\/blog\/2024\/11\/07\/votacion-al-consejo-escolar\/#primaryimage"},"image":{"@id":"https:\/\/alcala.salesianos.edu\/colegio\/blog\/2024\/11\/07\/votacion-al-consejo-escolar\/#primaryimage"},"thumbnailUrl":"https:\/\/alcala.salesianos.edu\/colegio\/wp-content\/uploads\/sites\/2\/2019\/07\/LogoSalesianosTransp-300x297.png","datePublished":"2024-11-07T09:19:08+00:00","dateModified":"2025-08-27T07:46:44+00:00","author":{"@id":"https:\/\/alcala.salesianos.edu\/colegio\/#\/schema\/person\/afcc24f776dc91fc2bf9afb0998fca77"},"description":"A continuaci\u00f3n, les informamos de las distintas posibilidades para ejercer su derecho al voto en las elecciones al Consejo Escolar.","breadcrumb":{"@id":"https:\/\/alcala.salesianos.edu\/colegio\/blog\/2024\/11\/07\/votacion-al-consejo-escolar\/#breadcrumb"},"inLanguage":"es","potentialAction":[{"@type":"ReadAction","target":["https:\/\/alcala.salesianos.edu\/colegio\/blog\/2024\/11\/07\/votacion-al-consejo-escolar\/"]}]},{"@type":"ImageObject","inLanguage":"es","@id":"https:\/\/alcala.salesianos.edu\/colegio\/blog\/2024\/11\/07\/votacion-al-consejo-escolar\/#primaryimage","url":"https:\/\/alcala.salesianos.edu\/colegio\/wp-content\/uploads\/sites\/2\/2019\/07\/LogoSalesianosTransp-300x297.png","contentUrl":"https:\/\/alcala.salesianos.edu\/colegio\/wp-content\/uploads\/sites\/2\/2019\/07\/LogoSalesianosTransp-300x297.png"},{"@type":"BreadcrumbList","@id":"https:\/\/alcala.salesianos.edu\/colegio\/blog\/2024\/11\/07\/votacion-al-consejo-escolar\/#breadcrumb","itemListElement":[{"@type":"ListItem","position":1,"name":"Portada","item":"https:\/\/alcala.salesianos.edu\/colegio\/"},{"@type":"ListItem","position":2,"name":"Votaci\u00f3n al Consejo Escolar"}]},{"@type":"WebSite","@id":"https:\/\/alcala.salesianos.edu\/colegio\/#website","url":"https:\/\/alcala.salesianos.edu\/colegio\/","name":"Colegio Salesiano Alcal\u00e1","description":"P\u00e1gina oficial de Salesianos Alcal\u00e1 de Guadaira","potentialAction":[{"@type":"SearchAction","target":{"@type":"EntryPoint","urlTemplate":"https:\/\/alcala.salesianos.edu\/colegio\/?s={search_term_string}"},"query-input":{"@type":"PropertyValueSpecification","valueRequired":true,"valueName":"search_term_string"}}],"inLanguage":"es"},{"@type":"Person","@id":"https:\/\/alcala.salesianos.edu\/colegio\/#\/schema\/person\/afcc24f776dc91fc2bf9afb0998fca77","name":"Administrador Web","image":{"@type":"ImageObject","inLanguage":"es","@id":"https:\/\/secure.gravatar.com\/avatar\/bc157e994689bd6da9645c00aa3bc4d55b727915b6652642660db0aef086585f?s=96&d=mm&r=g","url":"https:\/\/secure.gravatar.com\/avatar\/bc157e994689bd6da9645c00aa3bc4d55b727915b6652642660db0aef086585f?s=96&d=mm&r=g","contentUrl":"https:\/\/secure.gravatar.com\/avatar\/bc157e994689bd6da9645c00aa3bc4d55b727915b6652642660db0aef086585f?s=96&d=mm&r=g","caption":"Administrador Web"}}]}},"_links":{"self":[{"href":"https:\/\/alcala.salesianos.edu\/colegio\/wp-json\/wp\/v2\/posts\/15932","targetHints":{"allow":["GET"]}}],"collection":[{"href":"https:\/\/alcala.salesianos.edu\/colegio\/wp-json\/wp\/v2\/posts"}],"about":[{"href":"https:\/\/alcala.salesianos.edu\/colegio\/wp-json\/wp\/v2\/types\/post"}],"author":[{"embeddable":true,"href":"https:\/\/alcala.salesianos.edu\/colegio\/wp-json\/wp\/v2\/users\/2"}],"replies":[{"embeddable":true,"href":"https:\/\/alcala.salesianos.edu\/colegio\/wp-json\/wp\/v2\/comments?post=15932"}],"version-history":[{"count":1,"href":"https:\/\/alcala.salesianos.edu\/colegio\/wp-json\/wp\/v2\/posts\/15932\/revisions"}],"predecessor-version":[{"id":16584,"href":"https:\/\/alcala.salesianos.edu\/colegio\/wp-json\/wp\/v2\/posts\/15932\/revisions\/16584"}],"wp:featuredmedia":[{"embeddable":true,"href":"https:\/\/alcala.salesianos.edu\/colegio\/wp-json\/wp\/v2\/media\/11499"}],"wp:attachment":[{"href":"https:\/\/alcala.salesianos.edu\/colegio\/wp-json\/wp\/v2\/media?parent=15932"}],"wp:term":[{"taxonomy":"category","embeddable":true,"href":"https:\/\/alcala.salesianos.edu\/colegio\/wp-json\/wp\/v2\/categories?post=15932"},{"taxonomy":"post_tag","embeddable":true,"href":"https:\/\/alcala.salesianos.edu\/colegio\/wp-json\/wp\/v2\/tags?post=15932"}],"curies":[{"name":"wp","href":"https:\/\/api.w.org\/{rel}","templated":true}]}}