{"id":15912,"date":"2024-10-11T10:01:15","date_gmt":"2024-10-11T09:01:15","guid":{"rendered":"https:\/\/alcala.salesianos.edu\/colegio\/blog\/2024\/10\/11\/elecciones-al-consejo-escolar-sector-padres-y-madres-3\/"},"modified":"2025-08-27T08:46:46","modified_gmt":"2025-08-27T07:46:46","slug":"elecciones-al-consejo-escolar-sector-padres-y-madres-3","status":"publish","type":"post","link":"https:\/\/alcala.salesianos.edu\/colegio\/blog\/2024\/10\/11\/elecciones-al-consejo-escolar-sector-padres-y-madres-3\/","title":{"rendered":"Elecciones al Consejo Escolar (sector padres y madres)"},"content":{"rendered":"<div id=\"fb-root\"><\/div>\n<p>[et_pb_section fb_built=\u00bb1&#8243; admin_label=\u00bbsection\u00bb _builder_version=\u00bb4.16&#8243; global_colors_info=\u00bb{}\u00bb][et_pb_row admin_label=\u00bbrow\u00bb _builder_version=\u00bb4.16&#8243; background_size=\u00bbinitial\u00bb background_position=\u00bbtop_left\u00bb background_repeat=\u00bbrepeat\u00bb global_colors_info=\u00bb{}\u00bb][et_pb_column type=\u00bb4_4&#8243; _builder_version=\u00bb4.16&#8243; custom_padding=\u00bb|||\u00bb global_colors_info=\u00bb{}\u00bb custom_padding__hover=\u00bb|||\u00bb][et_pb_text _builder_version=\u00bb4.27.2&#8243; _module_preset=\u00bbdefault\u00bb hover_enabled=\u00bb0&#8243; sticky_enabled=\u00bb0&#8243;]<\/p>\n<div class=\"v-label v-widget v-has-width\">\n<p>Estimadas familias.<\/p>\n<p>Se informa que a partir del pr\u00f3ximo lunes, 14 de octubre, estar\u00e1 disponible para su consulta el censo definitivo de tutores legales.<\/p>\n<p>Les informamos tambi\u00e9n de que el plazo para presentar candidaturas al Consejo Escolar quedar\u00e1 abierto desde el 14 hasta el 25 de octubre, ambos inclusive. Las candidaturas deber\u00e1n dirigirse por escrito a la Direcci\u00f3n del Centro, a trav\u00e9s de Secretar\u00eda o de la plataforma Qe.<\/p>\n<p>Se adjunta un modelo de candidatura para su orientaci\u00f3n.<\/p>\n<p>Les invitamos a participar activamente en la vida del centro formando parte del Consejo Escolar.<\/p>\n<p>Atentamente:<\/p>\n<p>Mateo Barrera Mac\u00edas.<\/p>\n<p>Director de Centro<\/p>\n<\/div>\n<p>[\/et_pb_text][et_pb_button _builder_version=\u00bb4.27.2&#8243; _module_preset=\u00bbdefault\u00bb button_text=\u00bbDocumento de presentaci\u00f3n de candidatura\u00bb button_url=\u00bbhttps:\/\/alcala.salesianos.edu\/wp-content\/uploads\/2024\/10\/presentacioncandidaturapadres.pdf\u00bb url_new_window=\u00bbon\u00bb button_alignment=\u00bbcenter\u00bb custom_button=\u00bbon\u00bb button_text_color=\u00bb#FFFFFF\u00bb button_bg_color=\u00bb#dc001b\u00bb button_bg_enable_color=\u00bbon\u00bb hover_enabled=\u00bb0&#8243; sticky_enabled=\u00bb0&#8243;][\/et_pb_button][\/et_pb_column][\/et_pb_row][\/et_pb_section]<\/p>\n","protected":false},"excerpt":{"rendered":"<p>Les informamos tambi\u00e9n de que el plazo para presentar candidaturas al Consejo Escolar quedar\u00e1 abierto desde el 14 hasta el 25 de octubre, ambos inclusive. <\/p>\n","protected":false},"author":2,"featured_media":15911,"comment_status":"closed","ping_status":"open","sticky":false,"template":"","format":"standard","meta":{"_et_pb_use_builder":"on","_et_pb_old_content":"","_et_gb_content_width":"","footnotes":""},"categories":[12,23,19,13,17,15,18,16,1],"tags":[],"class_list":["post-15912","post","type-post","status-publish","format-standard","has-post-thumbnail","hentry","category-colegio","category-covid","category-escuela-abierta","category-fasa","category-infantil","category-portada","category-primaria","category-secundaria","category-uncategorized"],"yoast_head":"<!-- This site is optimized with the Yoast SEO plugin v28.3 - https:\/\/yoast.com\/product\/yoast-seo-wordpress\/ -->\n<title>Elecciones al Consejo Escolar (sector padres y madres) - Colegio Salesiano Alcal\u00e1<\/title>\n<meta name=\"description\" content=\"Les informamos tambi\u00e9n de que el plazo para presentar candidaturas al Consejo Escolar quedar\u00e1 abierto desde el 14 hasta el 25 de octubre.\" \/>\n<meta name=\"robots\" content=\"index, follow, max-snippet:-1, max-image-preview:large, max-video-preview:-1\" \/>\n<link rel=\"canonical\" href=\"https:\/\/alcala.salesianos.edu\/colegio\/blog\/2024\/10\/11\/elecciones-al-consejo-escolar-sector-padres-y-madres-3\/\" \/>\n<meta property=\"og:locale\" content=\"es_ES\" \/>\n<meta property=\"og:type\" content=\"article\" \/>\n<meta property=\"og:title\" content=\"Elecciones al Consejo Escolar (sector padres y madres) - Colegio Salesiano Alcal\u00e1\" \/>\n<meta property=\"og:description\" content=\"Les informamos tambi\u00e9n de que el plazo para presentar candidaturas al Consejo Escolar quedar\u00e1 abierto desde el 14 hasta el 25 de octubre.\" \/>\n<meta property=\"og:url\" content=\"https:\/\/alcala.salesianos.edu\/colegio\/blog\/2024\/10\/11\/elecciones-al-consejo-escolar-sector-padres-y-madres-3\/\" \/>\n<meta property=\"og:site_name\" content=\"Colegio Salesiano Alcal\u00e1\" \/>\n<meta property=\"article:published_time\" content=\"2024-10-11T09:01:15+00:00\" \/>\n<meta property=\"article:modified_time\" content=\"2025-08-27T07:46:46+00:00\" \/>\n<meta property=\"og:image\" content=\"https:\/\/alcala.salesianos.edu\/colegio\/wp-content\/uploads\/sites\/2\/2024\/10\/logo-trans-copia.png\" \/>\n\t<meta property=\"og:image:width\" content=\"2758\" \/>\n\t<meta property=\"og:image:height\" content=\"1613\" \/>\n\t<meta property=\"og:image:type\" content=\"image\/png\" \/>\n<meta name=\"author\" content=\"Administrador Web\" \/>\n<meta name=\"twitter:card\" content=\"summary_large_image\" \/>\n<meta name=\"twitter:label1\" content=\"Escrito por\" \/>\n\t<meta name=\"twitter:data1\" content=\"Administrador Web\" \/>\n\t<meta name=\"twitter:label2\" content=\"Tiempo de lectura\" \/>\n\t<meta name=\"twitter:data2\" content=\"1 minuto\" \/>\n<script type=\"application\/ld+json\" class=\"yoast-schema-graph\">{\"@context\":\"https:\\\/\\\/schema.org\",\"@graph\":[{\"@type\":\"Article\",\"@id\":\"https:\\\/\\\/alcala.salesianos.edu\\\/colegio\\\/blog\\\/2024\\\/10\\\/11\\\/elecciones-al-consejo-escolar-sector-padres-y-madres-3\\\/#article\",\"isPartOf\":{\"@id\":\"https:\\\/\\\/alcala.salesianos.edu\\\/colegio\\\/blog\\\/2024\\\/10\\\/11\\\/elecciones-al-consejo-escolar-sector-padres-y-madres-3\\\/\"},\"author\":{\"name\":\"Administrador Web\",\"@id\":\"https:\\\/\\\/alcala.salesianos.edu\\\/colegio\\\/#\\\/schema\\\/person\\\/afcc24f776dc91fc2bf9afb0998fca77\"},\"headline\":\"Elecciones al Consejo Escolar (sector padres y madres)\",\"datePublished\":\"2024-10-11T09:01:15+00:00\",\"dateModified\":\"2025-08-27T07:46:46+00:00\",\"mainEntityOfPage\":{\"@id\":\"https:\\\/\\\/alcala.salesianos.edu\\\/colegio\\\/blog\\\/2024\\\/10\\\/11\\\/elecciones-al-consejo-escolar-sector-padres-y-madres-3\\\/\"},\"wordCount\":242,\"image\":{\"@id\":\"https:\\\/\\\/alcala.salesianos.edu\\\/colegio\\\/blog\\\/2024\\\/10\\\/11\\\/elecciones-al-consejo-escolar-sector-padres-y-madres-3\\\/#primaryimage\"},\"thumbnailUrl\":\"https:\\\/\\\/alcala.salesianos.edu\\\/colegio\\\/wp-content\\\/uploads\\\/sites\\\/2\\\/2024\\\/10\\\/logo-trans-copia.png\",\"articleSection\":[\"Colegio\",\"covid\",\"Escuela abierta\",\"FASA\",\"Infantil\",\"Portada\",\"Primaria\",\"Secundaria\",\"Uncategorized\"],\"inLanguage\":\"es\"},{\"@type\":\"WebPage\",\"@id\":\"https:\\\/\\\/alcala.salesianos.edu\\\/colegio\\\/blog\\\/2024\\\/10\\\/11\\\/elecciones-al-consejo-escolar-sector-padres-y-madres-3\\\/\",\"url\":\"https:\\\/\\\/alcala.salesianos.edu\\\/colegio\\\/blog\\\/2024\\\/10\\\/11\\\/elecciones-al-consejo-escolar-sector-padres-y-madres-3\\\/\",\"name\":\"Elecciones al Consejo Escolar (sector padres y madres) - Colegio Salesiano Alcal\u00e1\",\"isPartOf\":{\"@id\":\"https:\\\/\\\/alcala.salesianos.edu\\\/colegio\\\/#website\"},\"primaryImageOfPage\":{\"@id\":\"https:\\\/\\\/alcala.salesianos.edu\\\/colegio\\\/blog\\\/2024\\\/10\\\/11\\\/elecciones-al-consejo-escolar-sector-padres-y-madres-3\\\/#primaryimage\"},\"image\":{\"@id\":\"https:\\\/\\\/alcala.salesianos.edu\\\/colegio\\\/blog\\\/2024\\\/10\\\/11\\\/elecciones-al-consejo-escolar-sector-padres-y-madres-3\\\/#primaryimage\"},\"thumbnailUrl\":\"https:\\\/\\\/alcala.salesianos.edu\\\/colegio\\\/wp-content\\\/uploads\\\/sites\\\/2\\\/2024\\\/10\\\/logo-trans-copia.png\",\"datePublished\":\"2024-10-11T09:01:15+00:00\",\"dateModified\":\"2025-08-27T07:46:46+00:00\",\"author\":{\"@id\":\"https:\\\/\\\/alcala.salesianos.edu\\\/colegio\\\/#\\\/schema\\\/person\\\/afcc24f776dc91fc2bf9afb0998fca77\"},\"description\":\"Les informamos tambi\u00e9n de que el plazo para presentar candidaturas al Consejo Escolar quedar\u00e1 abierto desde el 14 hasta el 25 de octubre.\",\"breadcrumb\":{\"@id\":\"https:\\\/\\\/alcala.salesianos.edu\\\/colegio\\\/blog\\\/2024\\\/10\\\/11\\\/elecciones-al-consejo-escolar-sector-padres-y-madres-3\\\/#breadcrumb\"},\"inLanguage\":\"es\",\"potentialAction\":[{\"@type\":\"ReadAction\",\"target\":[\"https:\\\/\\\/alcala.salesianos.edu\\\/colegio\\\/blog\\\/2024\\\/10\\\/11\\\/elecciones-al-consejo-escolar-sector-padres-y-madres-3\\\/\"]}]},{\"@type\":\"ImageObject\",\"inLanguage\":\"es\",\"@id\":\"https:\\\/\\\/alcala.salesianos.edu\\\/colegio\\\/blog\\\/2024\\\/10\\\/11\\\/elecciones-al-consejo-escolar-sector-padres-y-madres-3\\\/#primaryimage\",\"url\":\"https:\\\/\\\/alcala.salesianos.edu\\\/colegio\\\/wp-content\\\/uploads\\\/sites\\\/2\\\/2024\\\/10\\\/logo-trans-copia.png\",\"contentUrl\":\"https:\\\/\\\/alcala.salesianos.edu\\\/colegio\\\/wp-content\\\/uploads\\\/sites\\\/2\\\/2024\\\/10\\\/logo-trans-copia.png\",\"width\":2758,\"height\":1613},{\"@type\":\"BreadcrumbList\",\"@id\":\"https:\\\/\\\/alcala.salesianos.edu\\\/colegio\\\/blog\\\/2024\\\/10\\\/11\\\/elecciones-al-consejo-escolar-sector-padres-y-madres-3\\\/#breadcrumb\",\"itemListElement\":[{\"@type\":\"ListItem\",\"position\":1,\"name\":\"Portada\",\"item\":\"https:\\\/\\\/alcala.salesianos.edu\\\/colegio\\\/\"},{\"@type\":\"ListItem\",\"position\":2,\"name\":\"Elecciones al Consejo Escolar (sector padres y madres)\"}]},{\"@type\":\"WebSite\",\"@id\":\"https:\\\/\\\/alcala.salesianos.edu\\\/colegio\\\/#website\",\"url\":\"https:\\\/\\\/alcala.salesianos.edu\\\/colegio\\\/\",\"name\":\"Colegio Salesiano Alcal\u00e1\",\"description\":\"P\u00e1gina oficial de Salesianos Alcal\u00e1 de Guadaira\",\"potentialAction\":[{\"@type\":\"SearchAction\",\"target\":{\"@type\":\"EntryPoint\",\"urlTemplate\":\"https:\\\/\\\/alcala.salesianos.edu\\\/colegio\\\/?s={search_term_string}\"},\"query-input\":{\"@type\":\"PropertyValueSpecification\",\"valueRequired\":true,\"valueName\":\"search_term_string\"}}],\"inLanguage\":\"es\"},{\"@type\":\"Person\",\"@id\":\"https:\\\/\\\/alcala.salesianos.edu\\\/colegio\\\/#\\\/schema\\\/person\\\/afcc24f776dc91fc2bf9afb0998fca77\",\"name\":\"Administrador Web\",\"image\":{\"@type\":\"ImageObject\",\"inLanguage\":\"es\",\"@id\":\"https:\\\/\\\/secure.gravatar.com\\\/avatar\\\/bc157e994689bd6da9645c00aa3bc4d55b727915b6652642660db0aef086585f?s=96&d=mm&r=g\",\"url\":\"https:\\\/\\\/secure.gravatar.com\\\/avatar\\\/bc157e994689bd6da9645c00aa3bc4d55b727915b6652642660db0aef086585f?s=96&d=mm&r=g\",\"contentUrl\":\"https:\\\/\\\/secure.gravatar.com\\\/avatar\\\/bc157e994689bd6da9645c00aa3bc4d55b727915b6652642660db0aef086585f?s=96&d=mm&r=g\",\"caption\":\"Administrador Web\"}}]}<\/script>\n<!-- \/ Yoast SEO plugin. -->","yoast_head_json":{"title":"Elecciones al Consejo Escolar (sector padres y madres) - Colegio Salesiano Alcal\u00e1","description":"Les informamos tambi\u00e9n de que el plazo para presentar candidaturas al Consejo Escolar quedar\u00e1 abierto desde el 14 hasta el 25 de octubre.","robots":{"index":"index","follow":"follow","max-snippet":"max-snippet:-1","max-image-preview":"max-image-preview:large","max-video-preview":"max-video-preview:-1"},"canonical":"https:\/\/alcala.salesianos.edu\/colegio\/blog\/2024\/10\/11\/elecciones-al-consejo-escolar-sector-padres-y-madres-3\/","og_locale":"es_ES","og_type":"article","og_title":"Elecciones al Consejo Escolar (sector padres y madres) - Colegio Salesiano Alcal\u00e1","og_description":"Les informamos tambi\u00e9n de que el plazo para presentar candidaturas al Consejo Escolar quedar\u00e1 abierto desde el 14 hasta el 25 de octubre.","og_url":"https:\/\/alcala.salesianos.edu\/colegio\/blog\/2024\/10\/11\/elecciones-al-consejo-escolar-sector-padres-y-madres-3\/","og_site_name":"Colegio Salesiano Alcal\u00e1","article_published_time":"2024-10-11T09:01:15+00:00","article_modified_time":"2025-08-27T07:46:46+00:00","og_image":[{"width":2758,"height":1613,"url":"https:\/\/alcala.salesianos.edu\/colegio\/wp-content\/uploads\/sites\/2\/2024\/10\/logo-trans-copia.png","type":"image\/png"}],"author":"Administrador Web","twitter_card":"summary_large_image","twitter_misc":{"Escrito por":"Administrador Web","Tiempo de lectura":"1 minuto"},"schema":{"@context":"https:\/\/schema.org","@graph":[{"@type":"Article","@id":"https:\/\/alcala.salesianos.edu\/colegio\/blog\/2024\/10\/11\/elecciones-al-consejo-escolar-sector-padres-y-madres-3\/#article","isPartOf":{"@id":"https:\/\/alcala.salesianos.edu\/colegio\/blog\/2024\/10\/11\/elecciones-al-consejo-escolar-sector-padres-y-madres-3\/"},"author":{"name":"Administrador Web","@id":"https:\/\/alcala.salesianos.edu\/colegio\/#\/schema\/person\/afcc24f776dc91fc2bf9afb0998fca77"},"headline":"Elecciones al Consejo Escolar (sector padres y madres)","datePublished":"2024-10-11T09:01:15+00:00","dateModified":"2025-08-27T07:46:46+00:00","mainEntityOfPage":{"@id":"https:\/\/alcala.salesianos.edu\/colegio\/blog\/2024\/10\/11\/elecciones-al-consejo-escolar-sector-padres-y-madres-3\/"},"wordCount":242,"image":{"@id":"https:\/\/alcala.salesianos.edu\/colegio\/blog\/2024\/10\/11\/elecciones-al-consejo-escolar-sector-padres-y-madres-3\/#primaryimage"},"thumbnailUrl":"https:\/\/alcala.salesianos.edu\/colegio\/wp-content\/uploads\/sites\/2\/2024\/10\/logo-trans-copia.png","articleSection":["Colegio","covid","Escuela abierta","FASA","Infantil","Portada","Primaria","Secundaria","Uncategorized"],"inLanguage":"es"},{"@type":"WebPage","@id":"https:\/\/alcala.salesianos.edu\/colegio\/blog\/2024\/10\/11\/elecciones-al-consejo-escolar-sector-padres-y-madres-3\/","url":"https:\/\/alcala.salesianos.edu\/colegio\/blog\/2024\/10\/11\/elecciones-al-consejo-escolar-sector-padres-y-madres-3\/","name":"Elecciones al Consejo Escolar (sector padres y madres) - Colegio Salesiano Alcal\u00e1","isPartOf":{"@id":"https:\/\/alcala.salesianos.edu\/colegio\/#website"},"primaryImageOfPage":{"@id":"https:\/\/alcala.salesianos.edu\/colegio\/blog\/2024\/10\/11\/elecciones-al-consejo-escolar-sector-padres-y-madres-3\/#primaryimage"},"image":{"@id":"https:\/\/alcala.salesianos.edu\/colegio\/blog\/2024\/10\/11\/elecciones-al-consejo-escolar-sector-padres-y-madres-3\/#primaryimage"},"thumbnailUrl":"https:\/\/alcala.salesianos.edu\/colegio\/wp-content\/uploads\/sites\/2\/2024\/10\/logo-trans-copia.png","datePublished":"2024-10-11T09:01:15+00:00","dateModified":"2025-08-27T07:46:46+00:00","author":{"@id":"https:\/\/alcala.salesianos.edu\/colegio\/#\/schema\/person\/afcc24f776dc91fc2bf9afb0998fca77"},"description":"Les informamos tambi\u00e9n de que el plazo para presentar candidaturas al Consejo Escolar quedar\u00e1 abierto desde el 14 hasta el 25 de octubre.","breadcrumb":{"@id":"https:\/\/alcala.salesianos.edu\/colegio\/blog\/2024\/10\/11\/elecciones-al-consejo-escolar-sector-padres-y-madres-3\/#breadcrumb"},"inLanguage":"es","potentialAction":[{"@type":"ReadAction","target":["https:\/\/alcala.salesianos.edu\/colegio\/blog\/2024\/10\/11\/elecciones-al-consejo-escolar-sector-padres-y-madres-3\/"]}]},{"@type":"ImageObject","inLanguage":"es","@id":"https:\/\/alcala.salesianos.edu\/colegio\/blog\/2024\/10\/11\/elecciones-al-consejo-escolar-sector-padres-y-madres-3\/#primaryimage","url":"https:\/\/alcala.salesianos.edu\/colegio\/wp-content\/uploads\/sites\/2\/2024\/10\/logo-trans-copia.png","contentUrl":"https:\/\/alcala.salesianos.edu\/colegio\/wp-content\/uploads\/sites\/2\/2024\/10\/logo-trans-copia.png","width":2758,"height":1613},{"@type":"BreadcrumbList","@id":"https:\/\/alcala.salesianos.edu\/colegio\/blog\/2024\/10\/11\/elecciones-al-consejo-escolar-sector-padres-y-madres-3\/#breadcrumb","itemListElement":[{"@type":"ListItem","position":1,"name":"Portada","item":"https:\/\/alcala.salesianos.edu\/colegio\/"},{"@type":"ListItem","position":2,"name":"Elecciones al Consejo Escolar (sector padres y madres)"}]},{"@type":"WebSite","@id":"https:\/\/alcala.salesianos.edu\/colegio\/#website","url":"https:\/\/alcala.salesianos.edu\/colegio\/","name":"Colegio Salesiano Alcal\u00e1","description":"P\u00e1gina oficial de Salesianos Alcal\u00e1 de Guadaira","potentialAction":[{"@type":"SearchAction","target":{"@type":"EntryPoint","urlTemplate":"https:\/\/alcala.salesianos.edu\/colegio\/?s={search_term_string}"},"query-input":{"@type":"PropertyValueSpecification","valueRequired":true,"valueName":"search_term_string"}}],"inLanguage":"es"},{"@type":"Person","@id":"https:\/\/alcala.salesianos.edu\/colegio\/#\/schema\/person\/afcc24f776dc91fc2bf9afb0998fca77","name":"Administrador Web","image":{"@type":"ImageObject","inLanguage":"es","@id":"https:\/\/secure.gravatar.com\/avatar\/bc157e994689bd6da9645c00aa3bc4d55b727915b6652642660db0aef086585f?s=96&d=mm&r=g","url":"https:\/\/secure.gravatar.com\/avatar\/bc157e994689bd6da9645c00aa3bc4d55b727915b6652642660db0aef086585f?s=96&d=mm&r=g","contentUrl":"https:\/\/secure.gravatar.com\/avatar\/bc157e994689bd6da9645c00aa3bc4d55b727915b6652642660db0aef086585f?s=96&d=mm&r=g","caption":"Administrador Web"}}]}},"_links":{"self":[{"href":"https:\/\/alcala.salesianos.edu\/colegio\/wp-json\/wp\/v2\/posts\/15912","targetHints":{"allow":["GET"]}}],"collection":[{"href":"https:\/\/alcala.salesianos.edu\/colegio\/wp-json\/wp\/v2\/posts"}],"about":[{"href":"https:\/\/alcala.salesianos.edu\/colegio\/wp-json\/wp\/v2\/types\/post"}],"author":[{"embeddable":true,"href":"https:\/\/alcala.salesianos.edu\/colegio\/wp-json\/wp\/v2\/users\/2"}],"replies":[{"embeddable":true,"href":"https:\/\/alcala.salesianos.edu\/colegio\/wp-json\/wp\/v2\/comments?post=15912"}],"version-history":[{"count":1,"href":"https:\/\/alcala.salesianos.edu\/colegio\/wp-json\/wp\/v2\/posts\/15912\/revisions"}],"predecessor-version":[{"id":16586,"href":"https:\/\/alcala.salesianos.edu\/colegio\/wp-json\/wp\/v2\/posts\/15912\/revisions\/16586"}],"wp:featuredmedia":[{"embeddable":true,"href":"https:\/\/alcala.salesianos.edu\/colegio\/wp-json\/wp\/v2\/media\/15911"}],"wp:attachment":[{"href":"https:\/\/alcala.salesianos.edu\/colegio\/wp-json\/wp\/v2\/media?parent=15912"}],"wp:term":[{"taxonomy":"category","embeddable":true,"href":"https:\/\/alcala.salesianos.edu\/colegio\/wp-json\/wp\/v2\/categories?post=15912"},{"taxonomy":"post_tag","embeddable":true,"href":"https:\/\/alcala.salesianos.edu\/colegio\/wp-json\/wp\/v2\/tags?post=15912"}],"curies":[{"name":"wp","href":"https:\/\/api.w.org\/{rel}","templated":true}]}}