{"id":15905,"date":"2024-10-03T13:44:17","date_gmt":"2024-10-03T12:44:17","guid":{"rendered":"https:\/\/alcala.salesianos.edu\/colegio\/blog\/2024\/10\/03\/decima-gala-de-idiomas-con-100-estudiantes-certificados-4\/"},"modified":"2025-08-27T08:46:48","modified_gmt":"2025-08-27T07:46:48","slug":"decima-gala-de-idiomas-con-100-estudiantes-certificados-4","status":"publish","type":"post","link":"https:\/\/alcala.salesianos.edu\/colegio\/blog\/2024\/10\/03\/decima-gala-de-idiomas-con-100-estudiantes-certificados-4\/","title":{"rendered":"D\u00e9cima Gala de Idiomas con 100 estudiantes certificados"},"content":{"rendered":"<div id=\"fb-root\"><\/div>\n<p>[et_pb_section fb_built=\u00bb1&#8243; admin_label=\u00bbsection\u00bb _builder_version=\u00bb4.16&#8243; global_colors_info=\u00bb{}\u00bb][et_pb_row admin_label=\u00bbrow\u00bb _builder_version=\u00bb4.16&#8243; background_size=\u00bbinitial\u00bb background_position=\u00bbtop_left\u00bb background_repeat=\u00bbrepeat\u00bb global_colors_info=\u00bb{}\u00bb][et_pb_column type=\u00bb4_4&#8243; _builder_version=\u00bb4.16&#8243; custom_padding=\u00bb|||\u00bb global_colors_info=\u00bb{}\u00bb custom_padding__hover=\u00bb|||\u00bb][et_pb_text _builder_version=\u00bb4.27.2&#8243; _module_preset=\u00bbdefault\u00bb hover_enabled=\u00bb0&#8243; sticky_enabled=\u00bb0&#8243;]<\/p>\n<p>El pasado 1 de octubre a las 19:00 horas, Salesianos Alcal\u00e1 de Guada\u00edra acogi\u00f3 su tradicional Gala de Idiomas en la que participaron alumnos de Primaria y Secundaria. Bajo el lema del curso 2024-2025, \u00abSomos futuro\u00bb, el evento destac\u00f3 el compromiso del centro con el aprendizaje de idiomas y la superaci\u00f3n personal.<\/p>\n<p>La gala comenz\u00f3 con una c\u00e1lida bienvenida por parte de la coordinadora, quien felicit\u00f3 a los m\u00e1s de 100 estudiantes que obtuvieron su certificaci\u00f3n en ingl\u00e9s y franc\u00e9s a trav\u00e9s de los ex\u00e1menes Cambridge y Delf. Durante su discurso, record\u00f3 una cita inspiradora de Abraham Lincoln: \u201cLa mejor forma de predecir el futuro es crearlo\u201d, alentando a los alumnos a continuar su formaci\u00f3n con dedicaci\u00f3n y esfuerzo.<\/p>\n<p>Entre las actuaciones destacadas, los alumnos de 3\u00ba de Primaria abrieron el acto con la interpretaci\u00f3n de la canci\u00f3n \u00abBingo\u00bb, y posteriormente, los estudiantes de Secundaria compartieron sus experiencias con el aprendizaje del ingl\u00e9s. Adem\u00e1s, los alumnos de franc\u00e9s sorprendieron al p\u00fablico con una emotiva interpretaci\u00f3n de \u00abLes Champs \u00c9lys\u00e9es\u00bb, resaltando el enfoque multicultural del colegio.<\/p>\n<p>El acto concluy\u00f3 con la entrega de diplomas a los estudiantes que alcanzaron certificaciones en los niveles de Starters, Movers, Flyers, as\u00ed como en los niveles A2, B1 y B2 for Schools de Cambridge. En el \u00e1mbito del franc\u00e9s, se entregaron diplomas a los alumnos que superaron los niveles A1, A2 y B1 del examen Delf.<\/p>\n<p>Con la colaboraci\u00f3n de los auxiliares de conversaci\u00f3n del centro y el esfuerzo de todo el equipo docente, Salesianos Alcal\u00e1 contin\u00faa apostando por el biling\u00fcismo, preparando a los j\u00f3venes para un futuro lleno de oportunidades.<\/p>\n<p>[\/et_pb_text][\/et_pb_column][\/et_pb_row][et_pb_row _builder_version=\u00bb4.27.2&#8243; _module_preset=\u00bbdefault\u00bb column_structure=\u00bb1_2,1_2&#8243;][et_pb_column _builder_version=\u00bb4.27.2&#8243; _module_preset=\u00bbdefault\u00bb type=\u00bb1_2&#8243;][et_pb_image _builder_version=\u00bb4.27.2&#8243; _module_preset=\u00bbdefault\u00bb title_text=\u00bbIMG_7745&#8243; src=\u00bbhttps:\/\/alcala.salesianos.edu\/wp-content\/uploads\/2024\/10\/IMG_7745-scaled.jpg\u00bb hover_enabled=\u00bb0&#8243; sticky_enabled=\u00bb0&#8243;][\/et_pb_image][\/et_pb_column][et_pb_column _builder_version=\u00bb4.27.2&#8243; _module_preset=\u00bbdefault\u00bb type=\u00bb1_2&#8243;][et_pb_image _builder_version=\u00bb4.27.2&#8243; _module_preset=\u00bbdefault\u00bb title_text=\u00bbIMG_7728&#8243; src=\u00bbhttps:\/\/alcala.salesianos.edu\/wp-content\/uploads\/2024\/10\/IMG_7728-scaled.jpg\u00bb hover_enabled=\u00bb0&#8243; sticky_enabled=\u00bb0&#8243;][\/et_pb_image][\/et_pb_column][\/et_pb_row][et_pb_row _builder_version=\u00bb4.27.2&#8243; _module_preset=\u00bbdefault\u00bb column_structure=\u00bb1_2,1_2&#8243;][et_pb_column _builder_version=\u00bb4.27.2&#8243; _module_preset=\u00bbdefault\u00bb type=\u00bb1_2&#8243;][et_pb_image _builder_version=\u00bb4.27.2&#8243; _module_preset=\u00bbdefault\u00bb title_text=\u00bbIMG_7714&#8243; src=\u00bbhttps:\/\/alcala.salesianos.edu\/wp-content\/uploads\/2024\/10\/IMG_7714-scaled.jpg\u00bb hover_enabled=\u00bb0&#8243; sticky_enabled=\u00bb0&#8243;][\/et_pb_image][\/et_pb_column][et_pb_column _builder_version=\u00bb4.27.2&#8243; _module_preset=\u00bbdefault\u00bb type=\u00bb1_2&#8243;][et_pb_image _builder_version=\u00bb4.27.2&#8243; _module_preset=\u00bbdefault\u00bb title_text=\u00bbIMG_7721&#8243; src=\u00bbhttps:\/\/alcala.salesianos.edu\/wp-content\/uploads\/2024\/10\/IMG_7721-scaled.jpg\u00bb hover_enabled=\u00bb0&#8243; sticky_enabled=\u00bb0&#8243;][\/et_pb_image][\/et_pb_column][\/et_pb_row][et_pb_row _builder_version=\u00bb4.27.2&#8243; _module_preset=\u00bbdefault\u00bb column_structure=\u00bb1_2,1_2&#8243;][et_pb_column _builder_version=\u00bb4.27.2&#8243; _module_preset=\u00bbdefault\u00bb type=\u00bb1_2&#8243;][et_pb_image _builder_version=\u00bb4.27.2&#8243; _module_preset=\u00bbdefault\u00bb title_text=\u00bbIMG_7701&#8243; src=\u00bbhttps:\/\/alcala.salesianos.edu\/wp-content\/uploads\/2024\/10\/IMG_7701-scaled.jpg\u00bb hover_enabled=\u00bb0&#8243; sticky_enabled=\u00bb0&#8243;][\/et_pb_image][\/et_pb_column][et_pb_column _builder_version=\u00bb4.27.2&#8243; _module_preset=\u00bbdefault\u00bb type=\u00bb1_2&#8243;][\/et_pb_column][\/et_pb_row][\/et_pb_section]<\/p>\n","protected":false},"excerpt":{"rendered":"<p>El pasado 1 de octubre a las 19:00 horas, Salesianos Alcal\u00e1 de Guada\u00edra acogi\u00f3 su tradicional Gala de Idiomas en la que participaron alumnos de Primaria y Secundaria.<\/p>\n","protected":false},"author":2,"featured_media":15902,"comment_status":"closed","ping_status":"open","sticky":false,"template":"","format":"standard","meta":{"_et_pb_use_builder":"on","_et_pb_old_content":"","_et_gb_content_width":"","footnotes":""},"categories":[12,23,13,14,15,18,16,1],"tags":[],"class_list":["post-15905","post","type-post","status-publish","format-standard","has-post-thumbnail","hentry","category-colegio","category-covid","category-fasa","category-pastoral","category-portada","category-primaria","category-secundaria","category-uncategorized"],"yoast_head":"<!-- This site is optimized with the Yoast SEO plugin v28.3 - https:\/\/yoast.com\/product\/yoast-seo-wordpress\/ -->\n<title>D\u00e9cima Gala de Idiomas con 100 estudiantes certificados - Colegio Salesiano Alcal\u00e1<\/title>\n<meta name=\"description\" content=\"El pasado 1 de octubre, nuestro centro acogi\u00f3 su tradicional Gala de Idiomas en la que participaron alumnos de Primaria y Secundaria.\" \/>\n<meta name=\"robots\" content=\"index, follow, max-snippet:-1, max-image-preview:large, max-video-preview:-1\" \/>\n<link rel=\"canonical\" href=\"https:\/\/alcala.salesianos.edu\/colegio\/blog\/2024\/10\/03\/decima-gala-de-idiomas-con-100-estudiantes-certificados-4\/\" \/>\n<meta property=\"og:locale\" content=\"es_ES\" \/>\n<meta property=\"og:type\" content=\"article\" \/>\n<meta property=\"og:title\" content=\"D\u00e9cima Gala de Idiomas con 100 estudiantes certificados - Colegio Salesiano Alcal\u00e1\" \/>\n<meta property=\"og:description\" content=\"El pasado 1 de octubre, nuestro centro acogi\u00f3 su tradicional Gala de Idiomas en la que participaron alumnos de Primaria y Secundaria.\" \/>\n<meta property=\"og:url\" content=\"https:\/\/alcala.salesianos.edu\/colegio\/blog\/2024\/10\/03\/decima-gala-de-idiomas-con-100-estudiantes-certificados-4\/\" \/>\n<meta property=\"og:site_name\" content=\"Colegio Salesiano Alcal\u00e1\" \/>\n<meta property=\"article:published_time\" content=\"2024-10-03T12:44:17+00:00\" \/>\n<meta property=\"article:modified_time\" content=\"2025-08-27T07:46:48+00:00\" \/>\n<meta property=\"og:image\" content=\"https:\/\/alcala.salesianos.edu\/colegio\/wp-content\/uploads\/sites\/2\/2024\/10\/IMG_7750-scaled.jpg\" \/>\n\t<meta property=\"og:image:width\" content=\"2560\" \/>\n\t<meta property=\"og:image:height\" content=\"1920\" \/>\n\t<meta property=\"og:image:type\" content=\"image\/jpeg\" \/>\n<meta name=\"author\" content=\"Administrador Web\" \/>\n<meta name=\"twitter:card\" content=\"summary_large_image\" \/>\n<meta name=\"twitter:label1\" content=\"Escrito por\" \/>\n\t<meta name=\"twitter:data1\" content=\"Administrador Web\" \/>\n\t<meta name=\"twitter:label2\" content=\"Tiempo de lectura\" \/>\n\t<meta name=\"twitter:data2\" content=\"3 minutos\" \/>\n<script type=\"application\/ld+json\" class=\"yoast-schema-graph\">{\"@context\":\"https:\\\/\\\/schema.org\",\"@graph\":[{\"@type\":\"Article\",\"@id\":\"https:\\\/\\\/alcala.salesianos.edu\\\/colegio\\\/blog\\\/2024\\\/10\\\/03\\\/decima-gala-de-idiomas-con-100-estudiantes-certificados-4\\\/#article\",\"isPartOf\":{\"@id\":\"https:\\\/\\\/alcala.salesianos.edu\\\/colegio\\\/blog\\\/2024\\\/10\\\/03\\\/decima-gala-de-idiomas-con-100-estudiantes-certificados-4\\\/\"},\"author\":{\"name\":\"Administrador Web\",\"@id\":\"https:\\\/\\\/alcala.salesianos.edu\\\/colegio\\\/#\\\/schema\\\/person\\\/afcc24f776dc91fc2bf9afb0998fca77\"},\"headline\":\"D\u00e9cima Gala de Idiomas con 100 estudiantes certificados\",\"datePublished\":\"2024-10-03T12:44:17+00:00\",\"dateModified\":\"2025-08-27T07:46:48+00:00\",\"mainEntityOfPage\":{\"@id\":\"https:\\\/\\\/alcala.salesianos.edu\\\/colegio\\\/blog\\\/2024\\\/10\\\/03\\\/decima-gala-de-idiomas-con-100-estudiantes-certificados-4\\\/\"},\"wordCount\":618,\"image\":{\"@id\":\"https:\\\/\\\/alcala.salesianos.edu\\\/colegio\\\/blog\\\/2024\\\/10\\\/03\\\/decima-gala-de-idiomas-con-100-estudiantes-certificados-4\\\/#primaryimage\"},\"thumbnailUrl\":\"https:\\\/\\\/alcala.salesianos.edu\\\/colegio\\\/wp-content\\\/uploads\\\/sites\\\/2\\\/2024\\\/10\\\/IMG_7750-scaled.jpg\",\"articleSection\":[\"Colegio\",\"covid\",\"FASA\",\"Pastoral\",\"Portada\",\"Primaria\",\"Secundaria\",\"Uncategorized\"],\"inLanguage\":\"es\"},{\"@type\":\"WebPage\",\"@id\":\"https:\\\/\\\/alcala.salesianos.edu\\\/colegio\\\/blog\\\/2024\\\/10\\\/03\\\/decima-gala-de-idiomas-con-100-estudiantes-certificados-4\\\/\",\"url\":\"https:\\\/\\\/alcala.salesianos.edu\\\/colegio\\\/blog\\\/2024\\\/10\\\/03\\\/decima-gala-de-idiomas-con-100-estudiantes-certificados-4\\\/\",\"name\":\"D\u00e9cima Gala de Idiomas con 100 estudiantes certificados - Colegio Salesiano Alcal\u00e1\",\"isPartOf\":{\"@id\":\"https:\\\/\\\/alcala.salesianos.edu\\\/colegio\\\/#website\"},\"primaryImageOfPage\":{\"@id\":\"https:\\\/\\\/alcala.salesianos.edu\\\/colegio\\\/blog\\\/2024\\\/10\\\/03\\\/decima-gala-de-idiomas-con-100-estudiantes-certificados-4\\\/#primaryimage\"},\"image\":{\"@id\":\"https:\\\/\\\/alcala.salesianos.edu\\\/colegio\\\/blog\\\/2024\\\/10\\\/03\\\/decima-gala-de-idiomas-con-100-estudiantes-certificados-4\\\/#primaryimage\"},\"thumbnailUrl\":\"https:\\\/\\\/alcala.salesianos.edu\\\/colegio\\\/wp-content\\\/uploads\\\/sites\\\/2\\\/2024\\\/10\\\/IMG_7750-scaled.jpg\",\"datePublished\":\"2024-10-03T12:44:17+00:00\",\"dateModified\":\"2025-08-27T07:46:48+00:00\",\"author\":{\"@id\":\"https:\\\/\\\/alcala.salesianos.edu\\\/colegio\\\/#\\\/schema\\\/person\\\/afcc24f776dc91fc2bf9afb0998fca77\"},\"description\":\"El pasado 1 de octubre, nuestro centro acogi\u00f3 su tradicional Gala de Idiomas en la que participaron alumnos de Primaria y Secundaria.\",\"breadcrumb\":{\"@id\":\"https:\\\/\\\/alcala.salesianos.edu\\\/colegio\\\/blog\\\/2024\\\/10\\\/03\\\/decima-gala-de-idiomas-con-100-estudiantes-certificados-4\\\/#breadcrumb\"},\"inLanguage\":\"es\",\"potentialAction\":[{\"@type\":\"ReadAction\",\"target\":[\"https:\\\/\\\/alcala.salesianos.edu\\\/colegio\\\/blog\\\/2024\\\/10\\\/03\\\/decima-gala-de-idiomas-con-100-estudiantes-certificados-4\\\/\"]}]},{\"@type\":\"ImageObject\",\"inLanguage\":\"es\",\"@id\":\"https:\\\/\\\/alcala.salesianos.edu\\\/colegio\\\/blog\\\/2024\\\/10\\\/03\\\/decima-gala-de-idiomas-con-100-estudiantes-certificados-4\\\/#primaryimage\",\"url\":\"https:\\\/\\\/alcala.salesianos.edu\\\/colegio\\\/wp-content\\\/uploads\\\/sites\\\/2\\\/2024\\\/10\\\/IMG_7750-scaled.jpg\",\"contentUrl\":\"https:\\\/\\\/alcala.salesianos.edu\\\/colegio\\\/wp-content\\\/uploads\\\/sites\\\/2\\\/2024\\\/10\\\/IMG_7750-scaled.jpg\",\"width\":2560,\"height\":1920},{\"@type\":\"BreadcrumbList\",\"@id\":\"https:\\\/\\\/alcala.salesianos.edu\\\/colegio\\\/blog\\\/2024\\\/10\\\/03\\\/decima-gala-de-idiomas-con-100-estudiantes-certificados-4\\\/#breadcrumb\",\"itemListElement\":[{\"@type\":\"ListItem\",\"position\":1,\"name\":\"Portada\",\"item\":\"https:\\\/\\\/alcala.salesianos.edu\\\/colegio\\\/\"},{\"@type\":\"ListItem\",\"position\":2,\"name\":\"D\u00e9cima Gala de Idiomas con 100 estudiantes certificados\"}]},{\"@type\":\"WebSite\",\"@id\":\"https:\\\/\\\/alcala.salesianos.edu\\\/colegio\\\/#website\",\"url\":\"https:\\\/\\\/alcala.salesianos.edu\\\/colegio\\\/\",\"name\":\"Colegio Salesiano Alcal\u00e1\",\"description\":\"P\u00e1gina oficial de Salesianos Alcal\u00e1 de Guadaira\",\"potentialAction\":[{\"@type\":\"SearchAction\",\"target\":{\"@type\":\"EntryPoint\",\"urlTemplate\":\"https:\\\/\\\/alcala.salesianos.edu\\\/colegio\\\/?s={search_term_string}\"},\"query-input\":{\"@type\":\"PropertyValueSpecification\",\"valueRequired\":true,\"valueName\":\"search_term_string\"}}],\"inLanguage\":\"es\"},{\"@type\":\"Person\",\"@id\":\"https:\\\/\\\/alcala.salesianos.edu\\\/colegio\\\/#\\\/schema\\\/person\\\/afcc24f776dc91fc2bf9afb0998fca77\",\"name\":\"Administrador Web\",\"image\":{\"@type\":\"ImageObject\",\"inLanguage\":\"es\",\"@id\":\"https:\\\/\\\/secure.gravatar.com\\\/avatar\\\/bc157e994689bd6da9645c00aa3bc4d55b727915b6652642660db0aef086585f?s=96&d=mm&r=g\",\"url\":\"https:\\\/\\\/secure.gravatar.com\\\/avatar\\\/bc157e994689bd6da9645c00aa3bc4d55b727915b6652642660db0aef086585f?s=96&d=mm&r=g\",\"contentUrl\":\"https:\\\/\\\/secure.gravatar.com\\\/avatar\\\/bc157e994689bd6da9645c00aa3bc4d55b727915b6652642660db0aef086585f?s=96&d=mm&r=g\",\"caption\":\"Administrador Web\"}}]}<\/script>\n<!-- \/ Yoast SEO plugin. -->","yoast_head_json":{"title":"D\u00e9cima Gala de Idiomas con 100 estudiantes certificados - Colegio Salesiano Alcal\u00e1","description":"El pasado 1 de octubre, nuestro centro acogi\u00f3 su tradicional Gala de Idiomas en la que participaron alumnos de Primaria y Secundaria.","robots":{"index":"index","follow":"follow","max-snippet":"max-snippet:-1","max-image-preview":"max-image-preview:large","max-video-preview":"max-video-preview:-1"},"canonical":"https:\/\/alcala.salesianos.edu\/colegio\/blog\/2024\/10\/03\/decima-gala-de-idiomas-con-100-estudiantes-certificados-4\/","og_locale":"es_ES","og_type":"article","og_title":"D\u00e9cima Gala de Idiomas con 100 estudiantes certificados - Colegio Salesiano Alcal\u00e1","og_description":"El pasado 1 de octubre, nuestro centro acogi\u00f3 su tradicional Gala de Idiomas en la que participaron alumnos de Primaria y Secundaria.","og_url":"https:\/\/alcala.salesianos.edu\/colegio\/blog\/2024\/10\/03\/decima-gala-de-idiomas-con-100-estudiantes-certificados-4\/","og_site_name":"Colegio Salesiano Alcal\u00e1","article_published_time":"2024-10-03T12:44:17+00:00","article_modified_time":"2025-08-27T07:46:48+00:00","og_image":[{"width":2560,"height":1920,"url":"https:\/\/alcala.salesianos.edu\/colegio\/wp-content\/uploads\/sites\/2\/2024\/10\/IMG_7750-scaled.jpg","type":"image\/jpeg"}],"author":"Administrador Web","twitter_card":"summary_large_image","twitter_misc":{"Escrito por":"Administrador Web","Tiempo de lectura":"3 minutos"},"schema":{"@context":"https:\/\/schema.org","@graph":[{"@type":"Article","@id":"https:\/\/alcala.salesianos.edu\/colegio\/blog\/2024\/10\/03\/decima-gala-de-idiomas-con-100-estudiantes-certificados-4\/#article","isPartOf":{"@id":"https:\/\/alcala.salesianos.edu\/colegio\/blog\/2024\/10\/03\/decima-gala-de-idiomas-con-100-estudiantes-certificados-4\/"},"author":{"name":"Administrador Web","@id":"https:\/\/alcala.salesianos.edu\/colegio\/#\/schema\/person\/afcc24f776dc91fc2bf9afb0998fca77"},"headline":"D\u00e9cima Gala de Idiomas con 100 estudiantes certificados","datePublished":"2024-10-03T12:44:17+00:00","dateModified":"2025-08-27T07:46:48+00:00","mainEntityOfPage":{"@id":"https:\/\/alcala.salesianos.edu\/colegio\/blog\/2024\/10\/03\/decima-gala-de-idiomas-con-100-estudiantes-certificados-4\/"},"wordCount":618,"image":{"@id":"https:\/\/alcala.salesianos.edu\/colegio\/blog\/2024\/10\/03\/decima-gala-de-idiomas-con-100-estudiantes-certificados-4\/#primaryimage"},"thumbnailUrl":"https:\/\/alcala.salesianos.edu\/colegio\/wp-content\/uploads\/sites\/2\/2024\/10\/IMG_7750-scaled.jpg","articleSection":["Colegio","covid","FASA","Pastoral","Portada","Primaria","Secundaria","Uncategorized"],"inLanguage":"es"},{"@type":"WebPage","@id":"https:\/\/alcala.salesianos.edu\/colegio\/blog\/2024\/10\/03\/decima-gala-de-idiomas-con-100-estudiantes-certificados-4\/","url":"https:\/\/alcala.salesianos.edu\/colegio\/blog\/2024\/10\/03\/decima-gala-de-idiomas-con-100-estudiantes-certificados-4\/","name":"D\u00e9cima Gala de Idiomas con 100 estudiantes certificados - Colegio Salesiano Alcal\u00e1","isPartOf":{"@id":"https:\/\/alcala.salesianos.edu\/colegio\/#website"},"primaryImageOfPage":{"@id":"https:\/\/alcala.salesianos.edu\/colegio\/blog\/2024\/10\/03\/decima-gala-de-idiomas-con-100-estudiantes-certificados-4\/#primaryimage"},"image":{"@id":"https:\/\/alcala.salesianos.edu\/colegio\/blog\/2024\/10\/03\/decima-gala-de-idiomas-con-100-estudiantes-certificados-4\/#primaryimage"},"thumbnailUrl":"https:\/\/alcala.salesianos.edu\/colegio\/wp-content\/uploads\/sites\/2\/2024\/10\/IMG_7750-scaled.jpg","datePublished":"2024-10-03T12:44:17+00:00","dateModified":"2025-08-27T07:46:48+00:00","author":{"@id":"https:\/\/alcala.salesianos.edu\/colegio\/#\/schema\/person\/afcc24f776dc91fc2bf9afb0998fca77"},"description":"El pasado 1 de octubre, nuestro centro acogi\u00f3 su tradicional Gala de Idiomas en la que participaron alumnos de Primaria y Secundaria.","breadcrumb":{"@id":"https:\/\/alcala.salesianos.edu\/colegio\/blog\/2024\/10\/03\/decima-gala-de-idiomas-con-100-estudiantes-certificados-4\/#breadcrumb"},"inLanguage":"es","potentialAction":[{"@type":"ReadAction","target":["https:\/\/alcala.salesianos.edu\/colegio\/blog\/2024\/10\/03\/decima-gala-de-idiomas-con-100-estudiantes-certificados-4\/"]}]},{"@type":"ImageObject","inLanguage":"es","@id":"https:\/\/alcala.salesianos.edu\/colegio\/blog\/2024\/10\/03\/decima-gala-de-idiomas-con-100-estudiantes-certificados-4\/#primaryimage","url":"https:\/\/alcala.salesianos.edu\/colegio\/wp-content\/uploads\/sites\/2\/2024\/10\/IMG_7750-scaled.jpg","contentUrl":"https:\/\/alcala.salesianos.edu\/colegio\/wp-content\/uploads\/sites\/2\/2024\/10\/IMG_7750-scaled.jpg","width":2560,"height":1920},{"@type":"BreadcrumbList","@id":"https:\/\/alcala.salesianos.edu\/colegio\/blog\/2024\/10\/03\/decima-gala-de-idiomas-con-100-estudiantes-certificados-4\/#breadcrumb","itemListElement":[{"@type":"ListItem","position":1,"name":"Portada","item":"https:\/\/alcala.salesianos.edu\/colegio\/"},{"@type":"ListItem","position":2,"name":"D\u00e9cima Gala de Idiomas con 100 estudiantes certificados"}]},{"@type":"WebSite","@id":"https:\/\/alcala.salesianos.edu\/colegio\/#website","url":"https:\/\/alcala.salesianos.edu\/colegio\/","name":"Colegio Salesiano Alcal\u00e1","description":"P\u00e1gina oficial de Salesianos Alcal\u00e1 de Guadaira","potentialAction":[{"@type":"SearchAction","target":{"@type":"EntryPoint","urlTemplate":"https:\/\/alcala.salesianos.edu\/colegio\/?s={search_term_string}"},"query-input":{"@type":"PropertyValueSpecification","valueRequired":true,"valueName":"search_term_string"}}],"inLanguage":"es"},{"@type":"Person","@id":"https:\/\/alcala.salesianos.edu\/colegio\/#\/schema\/person\/afcc24f776dc91fc2bf9afb0998fca77","name":"Administrador Web","image":{"@type":"ImageObject","inLanguage":"es","@id":"https:\/\/secure.gravatar.com\/avatar\/bc157e994689bd6da9645c00aa3bc4d55b727915b6652642660db0aef086585f?s=96&d=mm&r=g","url":"https:\/\/secure.gravatar.com\/avatar\/bc157e994689bd6da9645c00aa3bc4d55b727915b6652642660db0aef086585f?s=96&d=mm&r=g","contentUrl":"https:\/\/secure.gravatar.com\/avatar\/bc157e994689bd6da9645c00aa3bc4d55b727915b6652642660db0aef086585f?s=96&d=mm&r=g","caption":"Administrador Web"}}]}},"_links":{"self":[{"href":"https:\/\/alcala.salesianos.edu\/colegio\/wp-json\/wp\/v2\/posts\/15905","targetHints":{"allow":["GET"]}}],"collection":[{"href":"https:\/\/alcala.salesianos.edu\/colegio\/wp-json\/wp\/v2\/posts"}],"about":[{"href":"https:\/\/alcala.salesianos.edu\/colegio\/wp-json\/wp\/v2\/types\/post"}],"author":[{"embeddable":true,"href":"https:\/\/alcala.salesianos.edu\/colegio\/wp-json\/wp\/v2\/users\/2"}],"replies":[{"embeddable":true,"href":"https:\/\/alcala.salesianos.edu\/colegio\/wp-json\/wp\/v2\/comments?post=15905"}],"version-history":[{"count":1,"href":"https:\/\/alcala.salesianos.edu\/colegio\/wp-json\/wp\/v2\/posts\/15905\/revisions"}],"predecessor-version":[{"id":16587,"href":"https:\/\/alcala.salesianos.edu\/colegio\/wp-json\/wp\/v2\/posts\/15905\/revisions\/16587"}],"wp:featuredmedia":[{"embeddable":true,"href":"https:\/\/alcala.salesianos.edu\/colegio\/wp-json\/wp\/v2\/media\/15902"}],"wp:attachment":[{"href":"https:\/\/alcala.salesianos.edu\/colegio\/wp-json\/wp\/v2\/media?parent=15905"}],"wp:term":[{"taxonomy":"category","embeddable":true,"href":"https:\/\/alcala.salesianos.edu\/colegio\/wp-json\/wp\/v2\/categories?post=15905"},{"taxonomy":"post_tag","embeddable":true,"href":"https:\/\/alcala.salesianos.edu\/colegio\/wp-json\/wp\/v2\/tags?post=15905"}],"curies":[{"name":"wp","href":"https:\/\/api.w.org\/{rel}","templated":true}]}}