{"id":15883,"date":"2024-09-27T08:02:07","date_gmt":"2024-09-27T07:02:07","guid":{"rendered":"https:\/\/alcala.salesianos.edu\/colegio\/blog\/2024\/09\/27\/premios-al-merito-academico-2024-25-2\/"},"modified":"2025-08-27T08:46:50","modified_gmt":"2025-08-27T07:46:50","slug":"premios-al-merito-academico-2024-25-2","status":"publish","type":"post","link":"https:\/\/alcala.salesianos.edu\/colegio\/blog\/2024\/09\/27\/premios-al-merito-academico-2024-25-2\/","title":{"rendered":"Premios al M\u00e9rito Acad\u00e9mico 2024\/25"},"content":{"rendered":"<div id=\"fb-root\"><\/div>\n<p>[et_pb_section fb_built=\u00bb1&#8243; admin_label=\u00bbsection\u00bb _builder_version=\u00bb4.16&#8243; global_colors_info=\u00bb{}\u00bb][et_pb_row admin_label=\u00bbrow\u00bb _builder_version=\u00bb4.16&#8243; background_size=\u00bbinitial\u00bb background_position=\u00bbtop_left\u00bb background_repeat=\u00bbrepeat\u00bb global_colors_info=\u00bb{}\u00bb][et_pb_column type=\u00bb4_4&#8243; _builder_version=\u00bb4.16&#8243; custom_padding=\u00bb|||\u00bb global_colors_info=\u00bb{}\u00bb custom_padding__hover=\u00bb|||\u00bb][et_pb_text _builder_version=\u00bb4.27.0&#8243; _module_preset=\u00bbdefault\u00bb hover_enabled=\u00bb0&#8243; sticky_enabled=\u00bb0&#8243;]<\/p>\n<p>El Ayuntamiento de Alcal\u00e1 de Guada\u00edra, a trav\u00e9s de su Delegaci\u00f3n de Educaci\u00f3n, ha lanzado la convocatoria de los prestigiosos <strong>Premios al M\u00e9rito Acad\u00e9mico \u00abCiudad de Alcal\u00e1 de Guada\u00edra\u00bb<\/strong>, correspondientes al curso 2024\/25. Esta iniciativa busca reconocer y premiar a estudiantes destacados que residen en la localidad y que acceden a estudios universitarios o Ciclos Formativos de Grado Superior.<\/p>\n<p>En total, se otorgar\u00e1n <strong>161 premios<\/strong> distribuidos en dos grandes grupos:<\/p>\n<ul>\n<li><strong>Grupo 1<\/strong>: para estudiantes que acceden por primera vez a estudios universitarios de grado, con un total de 97 premios.<\/li>\n<li><strong>Grupo 2<\/strong>: dirigido a estudiantes que inician un Ciclo Formativo de Grado Superior, con 64 premios disponibles.<\/li>\n<\/ul>\n<p>Los premios var\u00edan en cuant\u00eda seg\u00fan la modalidad, con becas de <strong>700 euros<\/strong> para quienes acceden a estudios de grado y <strong>hasta 250 euros<\/strong> para quienes inicien estudios de formaci\u00f3n profesional fuera de la localidad.<\/p>\n<p>El Ayuntamiento ha destinado un total de <strong>80.900 euros<\/strong> para financiar estas ayudas, que se otorgar\u00e1n bajo un r\u00e9gimen de concurrencia competitiva, evaluando tanto el rendimiento acad\u00e9mico como la situaci\u00f3n econ\u00f3mica de los candidatos.<\/p>\n<p>El plazo para la presentaci\u00f3n de solicitudes ser\u00e1 de <strong>15 d\u00edas<\/strong> a partir de la publicaci\u00f3n oficial en el Bolet\u00edn Oficial de la Provincia. Las personas interesadas podr\u00e1n presentar sus solicitudes tanto de manera presencial en el Ayuntamiento como a trav\u00e9s de su sede electr\u00f3nica.<\/p>\n<p>[\/et_pb_text][et_pb_button _builder_version=\u00bb4.27.0&#8243; _module_preset=\u00bbdefault\u00bb button_text=\u00bbAcceda aqu\u00ed a toda la informaci\u00f3n\u00bb button_url=\u00bbhttps:\/\/alcala.salesianos.edu\/wp-content\/uploads\/2024\/09\/Convocatoria-de-premios-al-merito-academico-Ciudad-de-Alcala-de-Guadaira-curso-2024_25.pdf\u00bb button_alignment=\u00bbcenter\u00bb background_layout=\u00bbdark\u00bb custom_button=\u00bbon\u00bb button_text_color=\u00bb#FFFFFF\u00bb button_bg_color=\u00bb#dc001b\u00bb button_bg_enable_color=\u00bbon\u00bb hover_enabled=\u00bb0&#8243; sticky_enabled=\u00bb0&#8243;][\/et_pb_button][\/et_pb_column][\/et_pb_row][\/et_pb_section]<\/p>\n","protected":false},"excerpt":{"rendered":"<p>El plazo para la presentaci\u00f3n de solicitudes ser\u00e1 de 15 d\u00edas a partir de la publicaci\u00f3n oficial en el Bolet\u00edn Oficial de la Provincia.<\/p>\n","protected":false},"author":2,"featured_media":15884,"comment_status":"closed","ping_status":"open","sticky":false,"template":"","format":"standard","meta":{"_et_pb_use_builder":"on","_et_pb_old_content":"","_et_gb_content_width":"","footnotes":""},"categories":[12,23,19,13,17,14,15,18,16,1],"tags":[],"class_list":["post-15883","post","type-post","status-publish","format-standard","has-post-thumbnail","hentry","category-colegio","category-covid","category-escuela-abierta","category-fasa","category-infantil","category-pastoral","category-portada","category-primaria","category-secundaria","category-uncategorized"],"yoast_head":"<!-- This site is optimized with the Yoast SEO plugin v28.3 - https:\/\/yoast.com\/product\/yoast-seo-wordpress\/ -->\n<title>Premios al M\u00e9rito Acad\u00e9mico 2024\/25 - Colegio Salesiano Alcal\u00e1<\/title>\n<meta name=\"description\" content=\"El plazo para la presentaci\u00f3n de solicitudes ser\u00e1 de 15 d\u00edas a partir de la publicaci\u00f3n oficial en el Bolet\u00edn Oficial de la Provincia.\" \/>\n<meta name=\"robots\" content=\"index, follow, max-snippet:-1, max-image-preview:large, max-video-preview:-1\" \/>\n<link rel=\"canonical\" href=\"https:\/\/alcala.salesianos.edu\/colegio\/blog\/2024\/09\/27\/premios-al-merito-academico-2024-25-2\/\" \/>\n<meta property=\"og:locale\" content=\"es_ES\" \/>\n<meta property=\"og:type\" content=\"article\" \/>\n<meta property=\"og:title\" content=\"Premios al M\u00e9rito Acad\u00e9mico 2024\/25 - Colegio Salesiano Alcal\u00e1\" \/>\n<meta property=\"og:description\" content=\"El plazo para la presentaci\u00f3n de solicitudes ser\u00e1 de 15 d\u00edas a partir de la publicaci\u00f3n oficial en el Bolet\u00edn Oficial de la Provincia.\" \/>\n<meta property=\"og:url\" content=\"https:\/\/alcala.salesianos.edu\/colegio\/blog\/2024\/09\/27\/premios-al-merito-academico-2024-25-2\/\" \/>\n<meta property=\"og:site_name\" content=\"Colegio Salesiano Alcal\u00e1\" \/>\n<meta property=\"article:published_time\" content=\"2024-09-27T07:02:07+00:00\" \/>\n<meta property=\"article:modified_time\" content=\"2025-08-27T07:46:50+00:00\" \/>\n<meta property=\"og:image\" content=\"https:\/\/alcala.salesianos.edu\/colegio\/wp-content\/uploads\/sites\/2\/2024\/09\/Ayuntamiento_AlcadadeGuadaira_Logo.jpg\" \/>\n\t<meta property=\"og:image:width\" content=\"1600\" \/>\n\t<meta property=\"og:image:height\" content=\"803\" \/>\n\t<meta property=\"og:image:type\" content=\"image\/jpeg\" \/>\n<meta name=\"author\" content=\"Administrador Web\" \/>\n<meta name=\"twitter:card\" content=\"summary_large_image\" \/>\n<meta name=\"twitter:label1\" content=\"Escrito por\" \/>\n\t<meta name=\"twitter:data1\" content=\"Administrador Web\" \/>\n\t<meta name=\"twitter:label2\" content=\"Tiempo de lectura\" \/>\n\t<meta name=\"twitter:data2\" content=\"2 minutos\" \/>\n<script type=\"application\/ld+json\" class=\"yoast-schema-graph\">{\"@context\":\"https:\\\/\\\/schema.org\",\"@graph\":[{\"@type\":\"Article\",\"@id\":\"https:\\\/\\\/alcala.salesianos.edu\\\/colegio\\\/blog\\\/2024\\\/09\\\/27\\\/premios-al-merito-academico-2024-25-2\\\/#article\",\"isPartOf\":{\"@id\":\"https:\\\/\\\/alcala.salesianos.edu\\\/colegio\\\/blog\\\/2024\\\/09\\\/27\\\/premios-al-merito-academico-2024-25-2\\\/\"},\"author\":{\"name\":\"Administrador Web\",\"@id\":\"https:\\\/\\\/alcala.salesianos.edu\\\/colegio\\\/#\\\/schema\\\/person\\\/afcc24f776dc91fc2bf9afb0998fca77\"},\"headline\":\"Premios al M\u00e9rito Acad\u00e9mico 2024\\\/25\",\"datePublished\":\"2024-09-27T07:02:07+00:00\",\"dateModified\":\"2025-08-27T07:46:50+00:00\",\"mainEntityOfPage\":{\"@id\":\"https:\\\/\\\/alcala.salesianos.edu\\\/colegio\\\/blog\\\/2024\\\/09\\\/27\\\/premios-al-merito-academico-2024-25-2\\\/\"},\"wordCount\":370,\"image\":{\"@id\":\"https:\\\/\\\/alcala.salesianos.edu\\\/colegio\\\/blog\\\/2024\\\/09\\\/27\\\/premios-al-merito-academico-2024-25-2\\\/#primaryimage\"},\"thumbnailUrl\":\"https:\\\/\\\/alcala.salesianos.edu\\\/colegio\\\/wp-content\\\/uploads\\\/sites\\\/2\\\/2024\\\/09\\\/Ayuntamiento_AlcadadeGuadaira_Logo.jpg\",\"articleSection\":[\"Colegio\",\"covid\",\"Escuela abierta\",\"FASA\",\"Infantil\",\"Pastoral\",\"Portada\",\"Primaria\",\"Secundaria\",\"Uncategorized\"],\"inLanguage\":\"es\"},{\"@type\":\"WebPage\",\"@id\":\"https:\\\/\\\/alcala.salesianos.edu\\\/colegio\\\/blog\\\/2024\\\/09\\\/27\\\/premios-al-merito-academico-2024-25-2\\\/\",\"url\":\"https:\\\/\\\/alcala.salesianos.edu\\\/colegio\\\/blog\\\/2024\\\/09\\\/27\\\/premios-al-merito-academico-2024-25-2\\\/\",\"name\":\"Premios al M\u00e9rito Acad\u00e9mico 2024\\\/25 - Colegio Salesiano Alcal\u00e1\",\"isPartOf\":{\"@id\":\"https:\\\/\\\/alcala.salesianos.edu\\\/colegio\\\/#website\"},\"primaryImageOfPage\":{\"@id\":\"https:\\\/\\\/alcala.salesianos.edu\\\/colegio\\\/blog\\\/2024\\\/09\\\/27\\\/premios-al-merito-academico-2024-25-2\\\/#primaryimage\"},\"image\":{\"@id\":\"https:\\\/\\\/alcala.salesianos.edu\\\/colegio\\\/blog\\\/2024\\\/09\\\/27\\\/premios-al-merito-academico-2024-25-2\\\/#primaryimage\"},\"thumbnailUrl\":\"https:\\\/\\\/alcala.salesianos.edu\\\/colegio\\\/wp-content\\\/uploads\\\/sites\\\/2\\\/2024\\\/09\\\/Ayuntamiento_AlcadadeGuadaira_Logo.jpg\",\"datePublished\":\"2024-09-27T07:02:07+00:00\",\"dateModified\":\"2025-08-27T07:46:50+00:00\",\"author\":{\"@id\":\"https:\\\/\\\/alcala.salesianos.edu\\\/colegio\\\/#\\\/schema\\\/person\\\/afcc24f776dc91fc2bf9afb0998fca77\"},\"description\":\"El plazo para la presentaci\u00f3n de solicitudes ser\u00e1 de 15 d\u00edas a partir de la publicaci\u00f3n oficial en el Bolet\u00edn Oficial de la Provincia.\",\"breadcrumb\":{\"@id\":\"https:\\\/\\\/alcala.salesianos.edu\\\/colegio\\\/blog\\\/2024\\\/09\\\/27\\\/premios-al-merito-academico-2024-25-2\\\/#breadcrumb\"},\"inLanguage\":\"es\",\"potentialAction\":[{\"@type\":\"ReadAction\",\"target\":[\"https:\\\/\\\/alcala.salesianos.edu\\\/colegio\\\/blog\\\/2024\\\/09\\\/27\\\/premios-al-merito-academico-2024-25-2\\\/\"]}]},{\"@type\":\"ImageObject\",\"inLanguage\":\"es\",\"@id\":\"https:\\\/\\\/alcala.salesianos.edu\\\/colegio\\\/blog\\\/2024\\\/09\\\/27\\\/premios-al-merito-academico-2024-25-2\\\/#primaryimage\",\"url\":\"https:\\\/\\\/alcala.salesianos.edu\\\/colegio\\\/wp-content\\\/uploads\\\/sites\\\/2\\\/2024\\\/09\\\/Ayuntamiento_AlcadadeGuadaira_Logo.jpg\",\"contentUrl\":\"https:\\\/\\\/alcala.salesianos.edu\\\/colegio\\\/wp-content\\\/uploads\\\/sites\\\/2\\\/2024\\\/09\\\/Ayuntamiento_AlcadadeGuadaira_Logo.jpg\",\"width\":1600,\"height\":803},{\"@type\":\"BreadcrumbList\",\"@id\":\"https:\\\/\\\/alcala.salesianos.edu\\\/colegio\\\/blog\\\/2024\\\/09\\\/27\\\/premios-al-merito-academico-2024-25-2\\\/#breadcrumb\",\"itemListElement\":[{\"@type\":\"ListItem\",\"position\":1,\"name\":\"Portada\",\"item\":\"https:\\\/\\\/alcala.salesianos.edu\\\/colegio\\\/\"},{\"@type\":\"ListItem\",\"position\":2,\"name\":\"Premios al M\u00e9rito Acad\u00e9mico 2024\\\/25\"}]},{\"@type\":\"WebSite\",\"@id\":\"https:\\\/\\\/alcala.salesianos.edu\\\/colegio\\\/#website\",\"url\":\"https:\\\/\\\/alcala.salesianos.edu\\\/colegio\\\/\",\"name\":\"Colegio Salesiano Alcal\u00e1\",\"description\":\"P\u00e1gina oficial de Salesianos Alcal\u00e1 de Guadaira\",\"potentialAction\":[{\"@type\":\"SearchAction\",\"target\":{\"@type\":\"EntryPoint\",\"urlTemplate\":\"https:\\\/\\\/alcala.salesianos.edu\\\/colegio\\\/?s={search_term_string}\"},\"query-input\":{\"@type\":\"PropertyValueSpecification\",\"valueRequired\":true,\"valueName\":\"search_term_string\"}}],\"inLanguage\":\"es\"},{\"@type\":\"Person\",\"@id\":\"https:\\\/\\\/alcala.salesianos.edu\\\/colegio\\\/#\\\/schema\\\/person\\\/afcc24f776dc91fc2bf9afb0998fca77\",\"name\":\"Administrador Web\",\"image\":{\"@type\":\"ImageObject\",\"inLanguage\":\"es\",\"@id\":\"https:\\\/\\\/secure.gravatar.com\\\/avatar\\\/bc157e994689bd6da9645c00aa3bc4d55b727915b6652642660db0aef086585f?s=96&d=mm&r=g\",\"url\":\"https:\\\/\\\/secure.gravatar.com\\\/avatar\\\/bc157e994689bd6da9645c00aa3bc4d55b727915b6652642660db0aef086585f?s=96&d=mm&r=g\",\"contentUrl\":\"https:\\\/\\\/secure.gravatar.com\\\/avatar\\\/bc157e994689bd6da9645c00aa3bc4d55b727915b6652642660db0aef086585f?s=96&d=mm&r=g\",\"caption\":\"Administrador Web\"}}]}<\/script>\n<!-- \/ Yoast SEO plugin. -->","yoast_head_json":{"title":"Premios al M\u00e9rito Acad\u00e9mico 2024\/25 - Colegio Salesiano Alcal\u00e1","description":"El plazo para la presentaci\u00f3n de solicitudes ser\u00e1 de 15 d\u00edas a partir de la publicaci\u00f3n oficial en el Bolet\u00edn Oficial de la Provincia.","robots":{"index":"index","follow":"follow","max-snippet":"max-snippet:-1","max-image-preview":"max-image-preview:large","max-video-preview":"max-video-preview:-1"},"canonical":"https:\/\/alcala.salesianos.edu\/colegio\/blog\/2024\/09\/27\/premios-al-merito-academico-2024-25-2\/","og_locale":"es_ES","og_type":"article","og_title":"Premios al M\u00e9rito Acad\u00e9mico 2024\/25 - Colegio Salesiano Alcal\u00e1","og_description":"El plazo para la presentaci\u00f3n de solicitudes ser\u00e1 de 15 d\u00edas a partir de la publicaci\u00f3n oficial en el Bolet\u00edn Oficial de la Provincia.","og_url":"https:\/\/alcala.salesianos.edu\/colegio\/blog\/2024\/09\/27\/premios-al-merito-academico-2024-25-2\/","og_site_name":"Colegio Salesiano Alcal\u00e1","article_published_time":"2024-09-27T07:02:07+00:00","article_modified_time":"2025-08-27T07:46:50+00:00","og_image":[{"width":1600,"height":803,"url":"https:\/\/alcala.salesianos.edu\/colegio\/wp-content\/uploads\/sites\/2\/2024\/09\/Ayuntamiento_AlcadadeGuadaira_Logo.jpg","type":"image\/jpeg"}],"author":"Administrador Web","twitter_card":"summary_large_image","twitter_misc":{"Escrito por":"Administrador Web","Tiempo de lectura":"2 minutos"},"schema":{"@context":"https:\/\/schema.org","@graph":[{"@type":"Article","@id":"https:\/\/alcala.salesianos.edu\/colegio\/blog\/2024\/09\/27\/premios-al-merito-academico-2024-25-2\/#article","isPartOf":{"@id":"https:\/\/alcala.salesianos.edu\/colegio\/blog\/2024\/09\/27\/premios-al-merito-academico-2024-25-2\/"},"author":{"name":"Administrador Web","@id":"https:\/\/alcala.salesianos.edu\/colegio\/#\/schema\/person\/afcc24f776dc91fc2bf9afb0998fca77"},"headline":"Premios al M\u00e9rito Acad\u00e9mico 2024\/25","datePublished":"2024-09-27T07:02:07+00:00","dateModified":"2025-08-27T07:46:50+00:00","mainEntityOfPage":{"@id":"https:\/\/alcala.salesianos.edu\/colegio\/blog\/2024\/09\/27\/premios-al-merito-academico-2024-25-2\/"},"wordCount":370,"image":{"@id":"https:\/\/alcala.salesianos.edu\/colegio\/blog\/2024\/09\/27\/premios-al-merito-academico-2024-25-2\/#primaryimage"},"thumbnailUrl":"https:\/\/alcala.salesianos.edu\/colegio\/wp-content\/uploads\/sites\/2\/2024\/09\/Ayuntamiento_AlcadadeGuadaira_Logo.jpg","articleSection":["Colegio","covid","Escuela abierta","FASA","Infantil","Pastoral","Portada","Primaria","Secundaria","Uncategorized"],"inLanguage":"es"},{"@type":"WebPage","@id":"https:\/\/alcala.salesianos.edu\/colegio\/blog\/2024\/09\/27\/premios-al-merito-academico-2024-25-2\/","url":"https:\/\/alcala.salesianos.edu\/colegio\/blog\/2024\/09\/27\/premios-al-merito-academico-2024-25-2\/","name":"Premios al M\u00e9rito Acad\u00e9mico 2024\/25 - Colegio Salesiano Alcal\u00e1","isPartOf":{"@id":"https:\/\/alcala.salesianos.edu\/colegio\/#website"},"primaryImageOfPage":{"@id":"https:\/\/alcala.salesianos.edu\/colegio\/blog\/2024\/09\/27\/premios-al-merito-academico-2024-25-2\/#primaryimage"},"image":{"@id":"https:\/\/alcala.salesianos.edu\/colegio\/blog\/2024\/09\/27\/premios-al-merito-academico-2024-25-2\/#primaryimage"},"thumbnailUrl":"https:\/\/alcala.salesianos.edu\/colegio\/wp-content\/uploads\/sites\/2\/2024\/09\/Ayuntamiento_AlcadadeGuadaira_Logo.jpg","datePublished":"2024-09-27T07:02:07+00:00","dateModified":"2025-08-27T07:46:50+00:00","author":{"@id":"https:\/\/alcala.salesianos.edu\/colegio\/#\/schema\/person\/afcc24f776dc91fc2bf9afb0998fca77"},"description":"El plazo para la presentaci\u00f3n de solicitudes ser\u00e1 de 15 d\u00edas a partir de la publicaci\u00f3n oficial en el Bolet\u00edn Oficial de la Provincia.","breadcrumb":{"@id":"https:\/\/alcala.salesianos.edu\/colegio\/blog\/2024\/09\/27\/premios-al-merito-academico-2024-25-2\/#breadcrumb"},"inLanguage":"es","potentialAction":[{"@type":"ReadAction","target":["https:\/\/alcala.salesianos.edu\/colegio\/blog\/2024\/09\/27\/premios-al-merito-academico-2024-25-2\/"]}]},{"@type":"ImageObject","inLanguage":"es","@id":"https:\/\/alcala.salesianos.edu\/colegio\/blog\/2024\/09\/27\/premios-al-merito-academico-2024-25-2\/#primaryimage","url":"https:\/\/alcala.salesianos.edu\/colegio\/wp-content\/uploads\/sites\/2\/2024\/09\/Ayuntamiento_AlcadadeGuadaira_Logo.jpg","contentUrl":"https:\/\/alcala.salesianos.edu\/colegio\/wp-content\/uploads\/sites\/2\/2024\/09\/Ayuntamiento_AlcadadeGuadaira_Logo.jpg","width":1600,"height":803},{"@type":"BreadcrumbList","@id":"https:\/\/alcala.salesianos.edu\/colegio\/blog\/2024\/09\/27\/premios-al-merito-academico-2024-25-2\/#breadcrumb","itemListElement":[{"@type":"ListItem","position":1,"name":"Portada","item":"https:\/\/alcala.salesianos.edu\/colegio\/"},{"@type":"ListItem","position":2,"name":"Premios al M\u00e9rito Acad\u00e9mico 2024\/25"}]},{"@type":"WebSite","@id":"https:\/\/alcala.salesianos.edu\/colegio\/#website","url":"https:\/\/alcala.salesianos.edu\/colegio\/","name":"Colegio Salesiano Alcal\u00e1","description":"P\u00e1gina oficial de Salesianos Alcal\u00e1 de Guadaira","potentialAction":[{"@type":"SearchAction","target":{"@type":"EntryPoint","urlTemplate":"https:\/\/alcala.salesianos.edu\/colegio\/?s={search_term_string}"},"query-input":{"@type":"PropertyValueSpecification","valueRequired":true,"valueName":"search_term_string"}}],"inLanguage":"es"},{"@type":"Person","@id":"https:\/\/alcala.salesianos.edu\/colegio\/#\/schema\/person\/afcc24f776dc91fc2bf9afb0998fca77","name":"Administrador Web","image":{"@type":"ImageObject","inLanguage":"es","@id":"https:\/\/secure.gravatar.com\/avatar\/bc157e994689bd6da9645c00aa3bc4d55b727915b6652642660db0aef086585f?s=96&d=mm&r=g","url":"https:\/\/secure.gravatar.com\/avatar\/bc157e994689bd6da9645c00aa3bc4d55b727915b6652642660db0aef086585f?s=96&d=mm&r=g","contentUrl":"https:\/\/secure.gravatar.com\/avatar\/bc157e994689bd6da9645c00aa3bc4d55b727915b6652642660db0aef086585f?s=96&d=mm&r=g","caption":"Administrador Web"}}]}},"_links":{"self":[{"href":"https:\/\/alcala.salesianos.edu\/colegio\/wp-json\/wp\/v2\/posts\/15883","targetHints":{"allow":["GET"]}}],"collection":[{"href":"https:\/\/alcala.salesianos.edu\/colegio\/wp-json\/wp\/v2\/posts"}],"about":[{"href":"https:\/\/alcala.salesianos.edu\/colegio\/wp-json\/wp\/v2\/types\/post"}],"author":[{"embeddable":true,"href":"https:\/\/alcala.salesianos.edu\/colegio\/wp-json\/wp\/v2\/users\/2"}],"replies":[{"embeddable":true,"href":"https:\/\/alcala.salesianos.edu\/colegio\/wp-json\/wp\/v2\/comments?post=15883"}],"version-history":[{"count":1,"href":"https:\/\/alcala.salesianos.edu\/colegio\/wp-json\/wp\/v2\/posts\/15883\/revisions"}],"predecessor-version":[{"id":16588,"href":"https:\/\/alcala.salesianos.edu\/colegio\/wp-json\/wp\/v2\/posts\/15883\/revisions\/16588"}],"wp:featuredmedia":[{"embeddable":true,"href":"https:\/\/alcala.salesianos.edu\/colegio\/wp-json\/wp\/v2\/media\/15884"}],"wp:attachment":[{"href":"https:\/\/alcala.salesianos.edu\/colegio\/wp-json\/wp\/v2\/media?parent=15883"}],"wp:term":[{"taxonomy":"category","embeddable":true,"href":"https:\/\/alcala.salesianos.edu\/colegio\/wp-json\/wp\/v2\/categories?post=15883"},{"taxonomy":"post_tag","embeddable":true,"href":"https:\/\/alcala.salesianos.edu\/colegio\/wp-json\/wp\/v2\/tags?post=15883"}],"curies":[{"name":"wp","href":"https:\/\/api.w.org\/{rel}","templated":true}]}}