{"id":15766,"date":"2024-06-03T08:51:57","date_gmt":"2024-06-03T07:51:57","guid":{"rendered":"https:\/\/alcala.salesianos.edu\/colegio\/blog\/2024\/06\/03\/periodo-matriculacion-e-i-y-e-p\/"},"modified":"2025-08-27T08:46:57","modified_gmt":"2025-08-27T07:46:57","slug":"periodo-matriculacion-e-i-y-e-p","status":"publish","type":"post","link":"https:\/\/alcala.salesianos.edu\/colegio\/blog\/2024\/06\/03\/periodo-matriculacion-e-i-y-e-p\/","title":{"rendered":"Periodo matriculaci\u00f3n E.I. y E.P."},"content":{"rendered":"<div id=\"fb-root\"><\/div>\n<p>[et_pb_section fb_built=\u00bb1&#8243; admin_label=\u00bbsection\u00bb _builder_version=\u00bb4.16&#8243; global_colors_info=\u00bb{}\u00bb][et_pb_row admin_label=\u00bbrow\u00bb _builder_version=\u00bb4.16&#8243; background_size=\u00bbinitial\u00bb background_position=\u00bbtop_left\u00bb background_repeat=\u00bbrepeat\u00bb global_colors_info=\u00bb{}\u00bb][et_pb_column type=\u00bb4_4&#8243; _builder_version=\u00bb4.16&#8243; custom_padding=\u00bb|||\u00bb global_colors_info=\u00bb{}\u00bb custom_padding__hover=\u00bb|||\u00bb][et_pb_text _builder_version=\u00bb4.25.1&#8243; _module_preset=\u00bbdefault\u00bb hover_enabled=\u00bb0&#8243; sticky_enabled=\u00bb0&#8243;]<\/p>\n<p>Estimadas familias:<\/p>\n<p>Nos dirigimos a ustedes para recordarles que el <strong>plazo de matr\u00edcula para Educaci\u00f3n Infantil y Educaci\u00f3n Primaria<\/strong> se encuentra abierto, <strong>comenzando el 1 de junio, y finalizando el pr\u00f3ximo 10 de junio, ambos inclusive<\/strong>.<\/p>\n<p>Para realizar la matr\u00edcula, disponen de dos opciones principales:<\/p>\n<ol>\n<li><strong> Matr\u00edcula virtual a trav\u00e9s de Qualitas Escuela Familia:<\/strong><\/li>\n<\/ol>\n<ul>\n<li><strong>Acceso:<\/strong> En el momento de la matr\u00edcula, aparecer\u00e1 un enlace a \u00abmatr\u00edcula virtual\u00bb en la web de Qualitas Escuela Familia: <a href=\"https:\/\/pilotos.qualitasescuelafamilia.com\/\">https:\/\/pilotos.qualitasescuelafamilia.com\/<\/a><\/li>\n<li><strong>Proceso:<\/strong> El acceso es muy intuitivo. Deber\u00e1 introducir su usuario y contrase\u00f1a habituales de Qualitas Escuela Familia.<\/li>\n<\/ul>\n<ol start=\"2\">\n<li><strong> Matr\u00edcula virtual a trav\u00e9s de la web:<\/strong><\/li>\n<\/ol>\n<ul>\n<li><strong>Enlace:<\/strong> <a href=\"https:\/\/pilotos.matriculavirtual.com\/\">https:\/\/pilotos.matriculavirtual.com\/<\/a><\/li>\n<li><strong>Proceso:<\/strong> En dicha web, deber\u00e1 introducir sus datos y contrase\u00f1a de Qualitas Escuela Familia.<\/li>\n<\/ul>\n<p><strong>Las familias que deseen realizar la matr\u00edcula de manera presencial<\/strong> deben solicitar el sobre de matr\u00edcula en nuestra Secretar\u00eda.<\/p>\n<p>En los pr\u00f3ximos d\u00edas, encontrar\u00e1n en nuestra web un <strong>espacio dedicado a la matriculaci\u00f3n y organizaci\u00f3n del pr\u00f3ximo curso<\/strong>.<\/p>\n<p>Agradecemos su atenci\u00f3n y quedamos a su disposici\u00f3n para cualquier duda que puedan tener.<\/p>\n<p>Atentamente:<\/p>\n<p>Mateo Barrera Mac\u00edas<br \/>Director de Centro<\/p>\n<p>[\/et_pb_text][\/et_pb_column][\/et_pb_row][\/et_pb_section]<\/p>\n","protected":false},"excerpt":{"rendered":"<p>Mensaje del director de centro, D. Mateo Barrera Mac\u00edas referente al proceso de matriculaci\u00f3n de los alumnos de educaci\u00f3n infantil y primaria durante el principio de este mes.<\/p>\n","protected":false},"author":2,"featured_media":10007,"comment_status":"closed","ping_status":"open","sticky":false,"template":"","format":"standard","meta":{"_et_pb_use_builder":"on","_et_pb_old_content":"","_et_gb_content_width":"","footnotes":""},"categories":[12,23,19,13,17,14,15,18,16,1],"tags":[],"class_list":["post-15766","post","type-post","status-publish","format-standard","has-post-thumbnail","hentry","category-colegio","category-covid","category-escuela-abierta","category-fasa","category-infantil","category-pastoral","category-portada","category-primaria","category-secundaria","category-uncategorized"],"yoast_head":"<!-- This site is optimized with the Yoast SEO plugin v28.3 - https:\/\/yoast.com\/product\/yoast-seo-wordpress\/ -->\n<title>Periodo matriculaci\u00f3n E.I. y E.P. - Colegio Salesiano Alcal\u00e1<\/title>\n<meta name=\"robots\" content=\"index, follow, max-snippet:-1, max-image-preview:large, max-video-preview:-1\" \/>\n<link rel=\"canonical\" href=\"https:\/\/alcala.salesianos.edu\/colegio\/blog\/2024\/06\/03\/periodo-matriculacion-e-i-y-e-p\/\" \/>\n<meta property=\"og:locale\" content=\"es_ES\" \/>\n<meta property=\"og:type\" content=\"article\" \/>\n<meta property=\"og:title\" content=\"Periodo matriculaci\u00f3n E.I. y E.P. - Colegio Salesiano Alcal\u00e1\" \/>\n<meta property=\"og:description\" content=\"Mensaje del director de centro, D. Mateo Barrera Mac\u00edas referente al proceso de matriculaci\u00f3n de los alumnos de educaci\u00f3n infantil y primaria durante el principio de este mes.\" \/>\n<meta property=\"og:url\" content=\"https:\/\/alcala.salesianos.edu\/colegio\/blog\/2024\/06\/03\/periodo-matriculacion-e-i-y-e-p\/\" \/>\n<meta property=\"og:site_name\" content=\"Colegio Salesiano Alcal\u00e1\" \/>\n<meta property=\"article:published_time\" content=\"2024-06-03T07:51:57+00:00\" \/>\n<meta property=\"article:modified_time\" content=\"2025-08-27T07:46:57+00:00\" \/>\n<meta property=\"og:image\" content=\"https:\/\/alcala.salesianos.edu\/colegio\/wp-content\/uploads\/sites\/2\/2018\/05\/LogoSalesianosTransp.png\" \/>\n\t<meta property=\"og:image:width\" content=\"1\" \/>\n\t<meta property=\"og:image:height\" content=\"1\" \/>\n\t<meta property=\"og:image:type\" content=\"image\/png\" \/>\n<meta name=\"author\" content=\"Administrador Web\" \/>\n<meta name=\"twitter:card\" content=\"summary_large_image\" \/>\n<meta name=\"twitter:label1\" content=\"Escrito por\" \/>\n\t<meta name=\"twitter:data1\" content=\"Administrador Web\" \/>\n<script type=\"application\/ld+json\" class=\"yoast-schema-graph\">{\"@context\":\"https:\\\/\\\/schema.org\",\"@graph\":[{\"@type\":\"Article\",\"@id\":\"https:\\\/\\\/alcala.salesianos.edu\\\/colegio\\\/blog\\\/2024\\\/06\\\/03\\\/periodo-matriculacion-e-i-y-e-p\\\/#article\",\"isPartOf\":{\"@id\":\"https:\\\/\\\/alcala.salesianos.edu\\\/colegio\\\/blog\\\/2024\\\/06\\\/03\\\/periodo-matriculacion-e-i-y-e-p\\\/\"},\"author\":{\"name\":\"Administrador Web\",\"@id\":\"https:\\\/\\\/alcala.salesianos.edu\\\/colegio\\\/#\\\/schema\\\/person\\\/afcc24f776dc91fc2bf9afb0998fca77\"},\"headline\":\"Periodo matriculaci\u00f3n E.I. y E.P.\",\"datePublished\":\"2024-06-03T07:51:57+00:00\",\"dateModified\":\"2025-08-27T07:46:57+00:00\",\"mainEntityOfPage\":{\"@id\":\"https:\\\/\\\/alcala.salesianos.edu\\\/colegio\\\/blog\\\/2024\\\/06\\\/03\\\/periodo-matriculacion-e-i-y-e-p\\\/\"},\"wordCount\":281,\"image\":{\"@id\":\"https:\\\/\\\/alcala.salesianos.edu\\\/colegio\\\/blog\\\/2024\\\/06\\\/03\\\/periodo-matriculacion-e-i-y-e-p\\\/#primaryimage\"},\"thumbnailUrl\":\"https:\\\/\\\/alcala.salesianos.edu\\\/colegio\\\/wp-content\\\/uploads\\\/sites\\\/2\\\/2018\\\/05\\\/LogoSalesianosTransp.png\",\"articleSection\":[\"Colegio\",\"covid\",\"Escuela abierta\",\"FASA\",\"Infantil\",\"Pastoral\",\"Portada\",\"Primaria\",\"Secundaria\",\"Uncategorized\"],\"inLanguage\":\"es\"},{\"@type\":\"WebPage\",\"@id\":\"https:\\\/\\\/alcala.salesianos.edu\\\/colegio\\\/blog\\\/2024\\\/06\\\/03\\\/periodo-matriculacion-e-i-y-e-p\\\/\",\"url\":\"https:\\\/\\\/alcala.salesianos.edu\\\/colegio\\\/blog\\\/2024\\\/06\\\/03\\\/periodo-matriculacion-e-i-y-e-p\\\/\",\"name\":\"Periodo matriculaci\u00f3n E.I. y E.P. - Colegio Salesiano Alcal\u00e1\",\"isPartOf\":{\"@id\":\"https:\\\/\\\/alcala.salesianos.edu\\\/colegio\\\/#website\"},\"primaryImageOfPage\":{\"@id\":\"https:\\\/\\\/alcala.salesianos.edu\\\/colegio\\\/blog\\\/2024\\\/06\\\/03\\\/periodo-matriculacion-e-i-y-e-p\\\/#primaryimage\"},\"image\":{\"@id\":\"https:\\\/\\\/alcala.salesianos.edu\\\/colegio\\\/blog\\\/2024\\\/06\\\/03\\\/periodo-matriculacion-e-i-y-e-p\\\/#primaryimage\"},\"thumbnailUrl\":\"https:\\\/\\\/alcala.salesianos.edu\\\/colegio\\\/wp-content\\\/uploads\\\/sites\\\/2\\\/2018\\\/05\\\/LogoSalesianosTransp.png\",\"datePublished\":\"2024-06-03T07:51:57+00:00\",\"dateModified\":\"2025-08-27T07:46:57+00:00\",\"author\":{\"@id\":\"https:\\\/\\\/alcala.salesianos.edu\\\/colegio\\\/#\\\/schema\\\/person\\\/afcc24f776dc91fc2bf9afb0998fca77\"},\"breadcrumb\":{\"@id\":\"https:\\\/\\\/alcala.salesianos.edu\\\/colegio\\\/blog\\\/2024\\\/06\\\/03\\\/periodo-matriculacion-e-i-y-e-p\\\/#breadcrumb\"},\"inLanguage\":\"es\",\"potentialAction\":[{\"@type\":\"ReadAction\",\"target\":[\"https:\\\/\\\/alcala.salesianos.edu\\\/colegio\\\/blog\\\/2024\\\/06\\\/03\\\/periodo-matriculacion-e-i-y-e-p\\\/\"]}]},{\"@type\":\"ImageObject\",\"inLanguage\":\"es\",\"@id\":\"https:\\\/\\\/alcala.salesianos.edu\\\/colegio\\\/blog\\\/2024\\\/06\\\/03\\\/periodo-matriculacion-e-i-y-e-p\\\/#primaryimage\",\"url\":\"https:\\\/\\\/alcala.salesianos.edu\\\/colegio\\\/wp-content\\\/uploads\\\/sites\\\/2\\\/2018\\\/05\\\/LogoSalesianosTransp.png\",\"contentUrl\":\"https:\\\/\\\/alcala.salesianos.edu\\\/colegio\\\/wp-content\\\/uploads\\\/sites\\\/2\\\/2018\\\/05\\\/LogoSalesianosTransp.png\"},{\"@type\":\"BreadcrumbList\",\"@id\":\"https:\\\/\\\/alcala.salesianos.edu\\\/colegio\\\/blog\\\/2024\\\/06\\\/03\\\/periodo-matriculacion-e-i-y-e-p\\\/#breadcrumb\",\"itemListElement\":[{\"@type\":\"ListItem\",\"position\":1,\"name\":\"Portada\",\"item\":\"https:\\\/\\\/alcala.salesianos.edu\\\/colegio\\\/\"},{\"@type\":\"ListItem\",\"position\":2,\"name\":\"Periodo matriculaci\u00f3n E.I. y E.P.\"}]},{\"@type\":\"WebSite\",\"@id\":\"https:\\\/\\\/alcala.salesianos.edu\\\/colegio\\\/#website\",\"url\":\"https:\\\/\\\/alcala.salesianos.edu\\\/colegio\\\/\",\"name\":\"Colegio Salesiano Alcal\u00e1\",\"description\":\"P\u00e1gina oficial de Salesianos Alcal\u00e1 de Guadaira\",\"potentialAction\":[{\"@type\":\"SearchAction\",\"target\":{\"@type\":\"EntryPoint\",\"urlTemplate\":\"https:\\\/\\\/alcala.salesianos.edu\\\/colegio\\\/?s={search_term_string}\"},\"query-input\":{\"@type\":\"PropertyValueSpecification\",\"valueRequired\":true,\"valueName\":\"search_term_string\"}}],\"inLanguage\":\"es\"},{\"@type\":\"Person\",\"@id\":\"https:\\\/\\\/alcala.salesianos.edu\\\/colegio\\\/#\\\/schema\\\/person\\\/afcc24f776dc91fc2bf9afb0998fca77\",\"name\":\"Administrador Web\",\"image\":{\"@type\":\"ImageObject\",\"inLanguage\":\"es\",\"@id\":\"https:\\\/\\\/secure.gravatar.com\\\/avatar\\\/bc157e994689bd6da9645c00aa3bc4d55b727915b6652642660db0aef086585f?s=96&d=mm&r=g\",\"url\":\"https:\\\/\\\/secure.gravatar.com\\\/avatar\\\/bc157e994689bd6da9645c00aa3bc4d55b727915b6652642660db0aef086585f?s=96&d=mm&r=g\",\"contentUrl\":\"https:\\\/\\\/secure.gravatar.com\\\/avatar\\\/bc157e994689bd6da9645c00aa3bc4d55b727915b6652642660db0aef086585f?s=96&d=mm&r=g\",\"caption\":\"Administrador Web\"}}]}<\/script>\n<!-- \/ Yoast SEO plugin. -->","yoast_head_json":{"title":"Periodo matriculaci\u00f3n E.I. y E.P. - Colegio Salesiano Alcal\u00e1","robots":{"index":"index","follow":"follow","max-snippet":"max-snippet:-1","max-image-preview":"max-image-preview:large","max-video-preview":"max-video-preview:-1"},"canonical":"https:\/\/alcala.salesianos.edu\/colegio\/blog\/2024\/06\/03\/periodo-matriculacion-e-i-y-e-p\/","og_locale":"es_ES","og_type":"article","og_title":"Periodo matriculaci\u00f3n E.I. y E.P. - Colegio Salesiano Alcal\u00e1","og_description":"Mensaje del director de centro, D. Mateo Barrera Mac\u00edas referente al proceso de matriculaci\u00f3n de los alumnos de educaci\u00f3n infantil y primaria durante el principio de este mes.","og_url":"https:\/\/alcala.salesianos.edu\/colegio\/blog\/2024\/06\/03\/periodo-matriculacion-e-i-y-e-p\/","og_site_name":"Colegio Salesiano Alcal\u00e1","article_published_time":"2024-06-03T07:51:57+00:00","article_modified_time":"2025-08-27T07:46:57+00:00","og_image":[{"url":"https:\/\/alcala.salesianos.edu\/colegio\/wp-content\/uploads\/sites\/2\/2018\/05\/LogoSalesianosTransp.png","width":1,"height":1,"type":"image\/png"}],"author":"Administrador Web","twitter_card":"summary_large_image","twitter_misc":{"Escrito por":"Administrador Web"},"schema":{"@context":"https:\/\/schema.org","@graph":[{"@type":"Article","@id":"https:\/\/alcala.salesianos.edu\/colegio\/blog\/2024\/06\/03\/periodo-matriculacion-e-i-y-e-p\/#article","isPartOf":{"@id":"https:\/\/alcala.salesianos.edu\/colegio\/blog\/2024\/06\/03\/periodo-matriculacion-e-i-y-e-p\/"},"author":{"name":"Administrador Web","@id":"https:\/\/alcala.salesianos.edu\/colegio\/#\/schema\/person\/afcc24f776dc91fc2bf9afb0998fca77"},"headline":"Periodo matriculaci\u00f3n E.I. y E.P.","datePublished":"2024-06-03T07:51:57+00:00","dateModified":"2025-08-27T07:46:57+00:00","mainEntityOfPage":{"@id":"https:\/\/alcala.salesianos.edu\/colegio\/blog\/2024\/06\/03\/periodo-matriculacion-e-i-y-e-p\/"},"wordCount":281,"image":{"@id":"https:\/\/alcala.salesianos.edu\/colegio\/blog\/2024\/06\/03\/periodo-matriculacion-e-i-y-e-p\/#primaryimage"},"thumbnailUrl":"https:\/\/alcala.salesianos.edu\/colegio\/wp-content\/uploads\/sites\/2\/2018\/05\/LogoSalesianosTransp.png","articleSection":["Colegio","covid","Escuela abierta","FASA","Infantil","Pastoral","Portada","Primaria","Secundaria","Uncategorized"],"inLanguage":"es"},{"@type":"WebPage","@id":"https:\/\/alcala.salesianos.edu\/colegio\/blog\/2024\/06\/03\/periodo-matriculacion-e-i-y-e-p\/","url":"https:\/\/alcala.salesianos.edu\/colegio\/blog\/2024\/06\/03\/periodo-matriculacion-e-i-y-e-p\/","name":"Periodo matriculaci\u00f3n E.I. y E.P. - Colegio Salesiano Alcal\u00e1","isPartOf":{"@id":"https:\/\/alcala.salesianos.edu\/colegio\/#website"},"primaryImageOfPage":{"@id":"https:\/\/alcala.salesianos.edu\/colegio\/blog\/2024\/06\/03\/periodo-matriculacion-e-i-y-e-p\/#primaryimage"},"image":{"@id":"https:\/\/alcala.salesianos.edu\/colegio\/blog\/2024\/06\/03\/periodo-matriculacion-e-i-y-e-p\/#primaryimage"},"thumbnailUrl":"https:\/\/alcala.salesianos.edu\/colegio\/wp-content\/uploads\/sites\/2\/2018\/05\/LogoSalesianosTransp.png","datePublished":"2024-06-03T07:51:57+00:00","dateModified":"2025-08-27T07:46:57+00:00","author":{"@id":"https:\/\/alcala.salesianos.edu\/colegio\/#\/schema\/person\/afcc24f776dc91fc2bf9afb0998fca77"},"breadcrumb":{"@id":"https:\/\/alcala.salesianos.edu\/colegio\/blog\/2024\/06\/03\/periodo-matriculacion-e-i-y-e-p\/#breadcrumb"},"inLanguage":"es","potentialAction":[{"@type":"ReadAction","target":["https:\/\/alcala.salesianos.edu\/colegio\/blog\/2024\/06\/03\/periodo-matriculacion-e-i-y-e-p\/"]}]},{"@type":"ImageObject","inLanguage":"es","@id":"https:\/\/alcala.salesianos.edu\/colegio\/blog\/2024\/06\/03\/periodo-matriculacion-e-i-y-e-p\/#primaryimage","url":"https:\/\/alcala.salesianos.edu\/colegio\/wp-content\/uploads\/sites\/2\/2018\/05\/LogoSalesianosTransp.png","contentUrl":"https:\/\/alcala.salesianos.edu\/colegio\/wp-content\/uploads\/sites\/2\/2018\/05\/LogoSalesianosTransp.png"},{"@type":"BreadcrumbList","@id":"https:\/\/alcala.salesianos.edu\/colegio\/blog\/2024\/06\/03\/periodo-matriculacion-e-i-y-e-p\/#breadcrumb","itemListElement":[{"@type":"ListItem","position":1,"name":"Portada","item":"https:\/\/alcala.salesianos.edu\/colegio\/"},{"@type":"ListItem","position":2,"name":"Periodo matriculaci\u00f3n E.I. y E.P."}]},{"@type":"WebSite","@id":"https:\/\/alcala.salesianos.edu\/colegio\/#website","url":"https:\/\/alcala.salesianos.edu\/colegio\/","name":"Colegio Salesiano Alcal\u00e1","description":"P\u00e1gina oficial de Salesianos Alcal\u00e1 de Guadaira","potentialAction":[{"@type":"SearchAction","target":{"@type":"EntryPoint","urlTemplate":"https:\/\/alcala.salesianos.edu\/colegio\/?s={search_term_string}"},"query-input":{"@type":"PropertyValueSpecification","valueRequired":true,"valueName":"search_term_string"}}],"inLanguage":"es"},{"@type":"Person","@id":"https:\/\/alcala.salesianos.edu\/colegio\/#\/schema\/person\/afcc24f776dc91fc2bf9afb0998fca77","name":"Administrador Web","image":{"@type":"ImageObject","inLanguage":"es","@id":"https:\/\/secure.gravatar.com\/avatar\/bc157e994689bd6da9645c00aa3bc4d55b727915b6652642660db0aef086585f?s=96&d=mm&r=g","url":"https:\/\/secure.gravatar.com\/avatar\/bc157e994689bd6da9645c00aa3bc4d55b727915b6652642660db0aef086585f?s=96&d=mm&r=g","contentUrl":"https:\/\/secure.gravatar.com\/avatar\/bc157e994689bd6da9645c00aa3bc4d55b727915b6652642660db0aef086585f?s=96&d=mm&r=g","caption":"Administrador Web"}}]}},"_links":{"self":[{"href":"https:\/\/alcala.salesianos.edu\/colegio\/wp-json\/wp\/v2\/posts\/15766","targetHints":{"allow":["GET"]}}],"collection":[{"href":"https:\/\/alcala.salesianos.edu\/colegio\/wp-json\/wp\/v2\/posts"}],"about":[{"href":"https:\/\/alcala.salesianos.edu\/colegio\/wp-json\/wp\/v2\/types\/post"}],"author":[{"embeddable":true,"href":"https:\/\/alcala.salesianos.edu\/colegio\/wp-json\/wp\/v2\/users\/2"}],"replies":[{"embeddable":true,"href":"https:\/\/alcala.salesianos.edu\/colegio\/wp-json\/wp\/v2\/comments?post=15766"}],"version-history":[{"count":1,"href":"https:\/\/alcala.salesianos.edu\/colegio\/wp-json\/wp\/v2\/posts\/15766\/revisions"}],"predecessor-version":[{"id":16594,"href":"https:\/\/alcala.salesianos.edu\/colegio\/wp-json\/wp\/v2\/posts\/15766\/revisions\/16594"}],"wp:featuredmedia":[{"embeddable":true,"href":"https:\/\/alcala.salesianos.edu\/colegio\/wp-json\/wp\/v2\/media\/10007"}],"wp:attachment":[{"href":"https:\/\/alcala.salesianos.edu\/colegio\/wp-json\/wp\/v2\/media?parent=15766"}],"wp:term":[{"taxonomy":"category","embeddable":true,"href":"https:\/\/alcala.salesianos.edu\/colegio\/wp-json\/wp\/v2\/categories?post=15766"},{"taxonomy":"post_tag","embeddable":true,"href":"https:\/\/alcala.salesianos.edu\/colegio\/wp-json\/wp\/v2\/tags?post=15766"}],"curies":[{"name":"wp","href":"https:\/\/api.w.org\/{rel}","templated":true}]}}