{"id":15748,"date":"2024-05-09T16:23:33","date_gmt":"2024-05-09T15:23:33","guid":{"rendered":"https:\/\/alcala.salesianos.edu\/colegio\/blog\/2024\/05\/09\/un-fin-de-semana-en-familia-2\/"},"modified":"2025-08-27T08:47:01","modified_gmt":"2025-08-27T07:47:01","slug":"un-fin-de-semana-en-familia-2","status":"publish","type":"post","link":"https:\/\/alcala.salesianos.edu\/colegio\/blog\/2024\/05\/09\/un-fin-de-semana-en-familia-2\/","title":{"rendered":"Un fin de semana en Familia"},"content":{"rendered":"<div id=\"fb-root\"><\/div>\n<p>[et_pb_section fb_built=\u00bb1&#8243; admin_label=\u00bbsection\u00bb _builder_version=\u00bb4.16&#8243; global_colors_info=\u00bb{}\u00bb][et_pb_row admin_label=\u00bbrow\u00bb _builder_version=\u00bb4.16&#8243; background_size=\u00bbinitial\u00bb background_position=\u00bbtop_left\u00bb background_repeat=\u00bbrepeat\u00bb global_colors_info=\u00bb{}\u00bb][et_pb_column type=\u00bb4_4&#8243; _builder_version=\u00bb4.16&#8243; custom_padding=\u00bb|||\u00bb global_colors_info=\u00bb{}\u00bb custom_padding__hover=\u00bb|||\u00bb][et_pb_text _builder_version=\u00bb4.24.3&#8243; _module_preset=\u00bbdefault\u00bb hover_enabled=\u00bb0&#8243; sticky_enabled=\u00bb0&#8243;]<\/p>\n<p>La Casa salesiana de Alcal\u00e1 de Guada\u00edra celebra el mes de mayo con numerosas celebraciones y actos este fin de semana en honor a Mar\u00eda Auxiliadora Coronada.<\/p>\n<p>El fin de semana comenzar\u00e1 el viernes con las catequesis y con las actividades de nuestro Centro Juvenil \u00c1kila llenando de alegr\u00eda y diversi\u00f3n los patios de nuestra Casa.<\/p>\n<p>Tambi\u00e9n el viernes tendremos, como viene siendo tradicional en este mes de mayo, la Fiesta de la Uni\u00f3n de los Antiguos Alumnos Salesianos el que se homenajear\u00e1 a los antiguos alumnos que cumplen 25 y 50 a\u00f1os de su salida de nuestro centro educativo como alumnos.<\/p>\n<p>El s\u00e1bado comenzar\u00e1 \u00a0el II Campeonato de F\u00fatbol \u201cMar\u00eda Auxiliadora\u201d organizado por Pastoral Juvenil que se alargar\u00e1 hasta el domingo y a las 12:30 h. en el teatro de nuestra Casa tendr\u00e1 lugar el espect\u00e1culo \u201cMe suena tu Cara\u201d de los j\u00f3venes de ADS IV cuyo beneficio estar\u00e1 destinado a sufragar parte de los costes de su peregrinaci\u00f3n a Tur\u00edn de este verano.<\/p>\n<p>Por la tarde la Hermandad salesiana del Rosario celebrar\u00e1 de nuevo la Cruz de Mayo por las calles de nuestra localidad. La salida ser\u00e1 a las 19:30 h desde la capilla de nuestra capilla con el recorrido siguiente: callejuela del Carmen, Calle Mairena, Plazuela, Guti\u00e9rrez de Alba, Canalejas y M\u00e9ndez, Mairena y Callejuela del Carmen finalizando en torno a las 21:30 h.<\/p>\n<p>La ma\u00f1ana del domingo nuestra comunidad est\u00e1 invitada a vivir la eucarist\u00eda en las celebraciones de las 10:30 h y 12:00 h. Posteriormente finalizar\u00e1 el campeonato de f\u00fatbol y tendremos una jornada de convivencia en el patio de Mar\u00eda Auxiliadora con el Guiso de Mar\u00eda Auxiliadora.<\/p>\n<p>Seguimos animando a todos lo vecinos de nuestra localidad a participar en el concurso de decoraci\u00f3n de fachadas en honor a Mar\u00eda Auxiliadora inundando los hogares con la alegr\u00eda que nos caracteriza a todos los miembros de nuestra Comunidad Educativa.<\/p>\n<p>\u00a1Viva Mar\u00eda Auxiliadora!<\/p>\n<p>[\/et_pb_text][\/et_pb_column][\/et_pb_row][\/et_pb_section]<\/p>\n","protected":false},"excerpt":{"rendered":"<p>La Casa salesiana de Alcal\u00e1 de Guada\u00edra celebra el mes de mayo con numerosas celebraciones y actos este fin de semana en honor a Mar\u00eda Auxiliadora Coronada.<\/p>\n","protected":false},"author":2,"featured_media":15747,"comment_status":"closed","ping_status":"open","sticky":false,"template":"","format":"standard","meta":{"_et_pb_use_builder":"on","_et_pb_old_content":"","_et_gb_content_width":"","footnotes":""},"categories":[12,23,13,17,14,15,18,16,1],"tags":[],"class_list":["post-15748","post","type-post","status-publish","format-standard","has-post-thumbnail","hentry","category-colegio","category-covid","category-fasa","category-infantil","category-pastoral","category-portada","category-primaria","category-secundaria","category-uncategorized"],"yoast_head":"<!-- This site is optimized with the Yoast SEO plugin v28.3 - https:\/\/yoast.com\/product\/yoast-seo-wordpress\/ -->\n<title>Un fin de semana en Familia - Colegio Salesiano Alcal\u00e1<\/title>\n<meta name=\"description\" content=\"La Casa salesiana celebra el mes de mayo con numerosas celebraciones y actos este fin de semana en honor a Mar\u00eda Auxiliadora Coronada.\" \/>\n<meta name=\"robots\" content=\"index, follow, max-snippet:-1, max-image-preview:large, max-video-preview:-1\" \/>\n<link rel=\"canonical\" href=\"https:\/\/alcala.salesianos.edu\/colegio\/blog\/2024\/05\/09\/un-fin-de-semana-en-familia-2\/\" \/>\n<meta property=\"og:locale\" content=\"es_ES\" \/>\n<meta property=\"og:type\" content=\"article\" \/>\n<meta property=\"og:title\" content=\"Un fin de semana en Familia - Colegio Salesiano Alcal\u00e1\" \/>\n<meta property=\"og:description\" content=\"La Casa salesiana celebra el mes de mayo con numerosas celebraciones y actos este fin de semana en honor a Mar\u00eda Auxiliadora Coronada.\" \/>\n<meta property=\"og:url\" content=\"https:\/\/alcala.salesianos.edu\/colegio\/blog\/2024\/05\/09\/un-fin-de-semana-en-familia-2\/\" \/>\n<meta property=\"og:site_name\" content=\"Colegio Salesiano Alcal\u00e1\" \/>\n<meta property=\"article:published_time\" content=\"2024-05-09T15:23:33+00:00\" \/>\n<meta property=\"article:modified_time\" content=\"2025-08-27T07:47:01+00:00\" \/>\n<meta property=\"og:image\" content=\"https:\/\/alcala.salesianos.edu\/colegio\/wp-content\/uploads\/sites\/2\/2024\/05\/WhatsApp-Image-2024-05-09-at-14.58.55.jpeg\" \/>\n\t<meta property=\"og:image:width\" content=\"1171\" \/>\n\t<meta property=\"og:image:height\" content=\"1600\" \/>\n\t<meta property=\"og:image:type\" content=\"image\/jpeg\" \/>\n<meta name=\"author\" content=\"Administrador Web\" \/>\n<meta name=\"twitter:card\" content=\"summary_large_image\" \/>\n<meta name=\"twitter:label1\" content=\"Escrito por\" \/>\n\t<meta name=\"twitter:data1\" content=\"Administrador Web\" \/>\n\t<meta name=\"twitter:label2\" content=\"Tiempo de lectura\" \/>\n\t<meta name=\"twitter:data2\" content=\"2 minutos\" \/>\n<script type=\"application\/ld+json\" class=\"yoast-schema-graph\">{\"@context\":\"https:\\\/\\\/schema.org\",\"@graph\":[{\"@type\":\"Article\",\"@id\":\"https:\\\/\\\/alcala.salesianos.edu\\\/colegio\\\/blog\\\/2024\\\/05\\\/09\\\/un-fin-de-semana-en-familia-2\\\/#article\",\"isPartOf\":{\"@id\":\"https:\\\/\\\/alcala.salesianos.edu\\\/colegio\\\/blog\\\/2024\\\/05\\\/09\\\/un-fin-de-semana-en-familia-2\\\/\"},\"author\":{\"name\":\"Administrador Web\",\"@id\":\"https:\\\/\\\/alcala.salesianos.edu\\\/colegio\\\/#\\\/schema\\\/person\\\/afcc24f776dc91fc2bf9afb0998fca77\"},\"headline\":\"Un fin de semana en Familia\",\"datePublished\":\"2024-05-09T15:23:33+00:00\",\"dateModified\":\"2025-08-27T07:47:01+00:00\",\"mainEntityOfPage\":{\"@id\":\"https:\\\/\\\/alcala.salesianos.edu\\\/colegio\\\/blog\\\/2024\\\/05\\\/09\\\/un-fin-de-semana-en-familia-2\\\/\"},\"wordCount\":412,\"image\":{\"@id\":\"https:\\\/\\\/alcala.salesianos.edu\\\/colegio\\\/blog\\\/2024\\\/05\\\/09\\\/un-fin-de-semana-en-familia-2\\\/#primaryimage\"},\"thumbnailUrl\":\"https:\\\/\\\/alcala.salesianos.edu\\\/colegio\\\/wp-content\\\/uploads\\\/sites\\\/2\\\/2024\\\/05\\\/WhatsApp-Image-2024-05-09-at-14.58.55.jpeg\",\"articleSection\":[\"Colegio\",\"covid\",\"FASA\",\"Infantil\",\"Pastoral\",\"Portada\",\"Primaria\",\"Secundaria\",\"Uncategorized\"],\"inLanguage\":\"es\"},{\"@type\":\"WebPage\",\"@id\":\"https:\\\/\\\/alcala.salesianos.edu\\\/colegio\\\/blog\\\/2024\\\/05\\\/09\\\/un-fin-de-semana-en-familia-2\\\/\",\"url\":\"https:\\\/\\\/alcala.salesianos.edu\\\/colegio\\\/blog\\\/2024\\\/05\\\/09\\\/un-fin-de-semana-en-familia-2\\\/\",\"name\":\"Un fin de semana en Familia - Colegio Salesiano Alcal\u00e1\",\"isPartOf\":{\"@id\":\"https:\\\/\\\/alcala.salesianos.edu\\\/colegio\\\/#website\"},\"primaryImageOfPage\":{\"@id\":\"https:\\\/\\\/alcala.salesianos.edu\\\/colegio\\\/blog\\\/2024\\\/05\\\/09\\\/un-fin-de-semana-en-familia-2\\\/#primaryimage\"},\"image\":{\"@id\":\"https:\\\/\\\/alcala.salesianos.edu\\\/colegio\\\/blog\\\/2024\\\/05\\\/09\\\/un-fin-de-semana-en-familia-2\\\/#primaryimage\"},\"thumbnailUrl\":\"https:\\\/\\\/alcala.salesianos.edu\\\/colegio\\\/wp-content\\\/uploads\\\/sites\\\/2\\\/2024\\\/05\\\/WhatsApp-Image-2024-05-09-at-14.58.55.jpeg\",\"datePublished\":\"2024-05-09T15:23:33+00:00\",\"dateModified\":\"2025-08-27T07:47:01+00:00\",\"author\":{\"@id\":\"https:\\\/\\\/alcala.salesianos.edu\\\/colegio\\\/#\\\/schema\\\/person\\\/afcc24f776dc91fc2bf9afb0998fca77\"},\"description\":\"La Casa salesiana celebra el mes de mayo con numerosas celebraciones y actos este fin de semana en honor a Mar\u00eda Auxiliadora Coronada.\",\"breadcrumb\":{\"@id\":\"https:\\\/\\\/alcala.salesianos.edu\\\/colegio\\\/blog\\\/2024\\\/05\\\/09\\\/un-fin-de-semana-en-familia-2\\\/#breadcrumb\"},\"inLanguage\":\"es\",\"potentialAction\":[{\"@type\":\"ReadAction\",\"target\":[\"https:\\\/\\\/alcala.salesianos.edu\\\/colegio\\\/blog\\\/2024\\\/05\\\/09\\\/un-fin-de-semana-en-familia-2\\\/\"]}]},{\"@type\":\"ImageObject\",\"inLanguage\":\"es\",\"@id\":\"https:\\\/\\\/alcala.salesianos.edu\\\/colegio\\\/blog\\\/2024\\\/05\\\/09\\\/un-fin-de-semana-en-familia-2\\\/#primaryimage\",\"url\":\"https:\\\/\\\/alcala.salesianos.edu\\\/colegio\\\/wp-content\\\/uploads\\\/sites\\\/2\\\/2024\\\/05\\\/WhatsApp-Image-2024-05-09-at-14.58.55.jpeg\",\"contentUrl\":\"https:\\\/\\\/alcala.salesianos.edu\\\/colegio\\\/wp-content\\\/uploads\\\/sites\\\/2\\\/2024\\\/05\\\/WhatsApp-Image-2024-05-09-at-14.58.55.jpeg\",\"width\":1171,\"height\":1600},{\"@type\":\"BreadcrumbList\",\"@id\":\"https:\\\/\\\/alcala.salesianos.edu\\\/colegio\\\/blog\\\/2024\\\/05\\\/09\\\/un-fin-de-semana-en-familia-2\\\/#breadcrumb\",\"itemListElement\":[{\"@type\":\"ListItem\",\"position\":1,\"name\":\"Portada\",\"item\":\"https:\\\/\\\/alcala.salesianos.edu\\\/colegio\\\/\"},{\"@type\":\"ListItem\",\"position\":2,\"name\":\"Un fin de semana en Familia\"}]},{\"@type\":\"WebSite\",\"@id\":\"https:\\\/\\\/alcala.salesianos.edu\\\/colegio\\\/#website\",\"url\":\"https:\\\/\\\/alcala.salesianos.edu\\\/colegio\\\/\",\"name\":\"Colegio Salesiano Alcal\u00e1\",\"description\":\"P\u00e1gina oficial de Salesianos Alcal\u00e1 de Guadaira\",\"potentialAction\":[{\"@type\":\"SearchAction\",\"target\":{\"@type\":\"EntryPoint\",\"urlTemplate\":\"https:\\\/\\\/alcala.salesianos.edu\\\/colegio\\\/?s={search_term_string}\"},\"query-input\":{\"@type\":\"PropertyValueSpecification\",\"valueRequired\":true,\"valueName\":\"search_term_string\"}}],\"inLanguage\":\"es\"},{\"@type\":\"Person\",\"@id\":\"https:\\\/\\\/alcala.salesianos.edu\\\/colegio\\\/#\\\/schema\\\/person\\\/afcc24f776dc91fc2bf9afb0998fca77\",\"name\":\"Administrador Web\",\"image\":{\"@type\":\"ImageObject\",\"inLanguage\":\"es\",\"@id\":\"https:\\\/\\\/secure.gravatar.com\\\/avatar\\\/bc157e994689bd6da9645c00aa3bc4d55b727915b6652642660db0aef086585f?s=96&d=mm&r=g\",\"url\":\"https:\\\/\\\/secure.gravatar.com\\\/avatar\\\/bc157e994689bd6da9645c00aa3bc4d55b727915b6652642660db0aef086585f?s=96&d=mm&r=g\",\"contentUrl\":\"https:\\\/\\\/secure.gravatar.com\\\/avatar\\\/bc157e994689bd6da9645c00aa3bc4d55b727915b6652642660db0aef086585f?s=96&d=mm&r=g\",\"caption\":\"Administrador Web\"}}]}<\/script>\n<!-- \/ Yoast SEO plugin. -->","yoast_head_json":{"title":"Un fin de semana en Familia - Colegio Salesiano Alcal\u00e1","description":"La Casa salesiana celebra el mes de mayo con numerosas celebraciones y actos este fin de semana en honor a Mar\u00eda Auxiliadora Coronada.","robots":{"index":"index","follow":"follow","max-snippet":"max-snippet:-1","max-image-preview":"max-image-preview:large","max-video-preview":"max-video-preview:-1"},"canonical":"https:\/\/alcala.salesianos.edu\/colegio\/blog\/2024\/05\/09\/un-fin-de-semana-en-familia-2\/","og_locale":"es_ES","og_type":"article","og_title":"Un fin de semana en Familia - Colegio Salesiano Alcal\u00e1","og_description":"La Casa salesiana celebra el mes de mayo con numerosas celebraciones y actos este fin de semana en honor a Mar\u00eda Auxiliadora Coronada.","og_url":"https:\/\/alcala.salesianos.edu\/colegio\/blog\/2024\/05\/09\/un-fin-de-semana-en-familia-2\/","og_site_name":"Colegio Salesiano Alcal\u00e1","article_published_time":"2024-05-09T15:23:33+00:00","article_modified_time":"2025-08-27T07:47:01+00:00","og_image":[{"width":1171,"height":1600,"url":"https:\/\/alcala.salesianos.edu\/colegio\/wp-content\/uploads\/sites\/2\/2024\/05\/WhatsApp-Image-2024-05-09-at-14.58.55.jpeg","type":"image\/jpeg"}],"author":"Administrador Web","twitter_card":"summary_large_image","twitter_misc":{"Escrito por":"Administrador Web","Tiempo de lectura":"2 minutos"},"schema":{"@context":"https:\/\/schema.org","@graph":[{"@type":"Article","@id":"https:\/\/alcala.salesianos.edu\/colegio\/blog\/2024\/05\/09\/un-fin-de-semana-en-familia-2\/#article","isPartOf":{"@id":"https:\/\/alcala.salesianos.edu\/colegio\/blog\/2024\/05\/09\/un-fin-de-semana-en-familia-2\/"},"author":{"name":"Administrador Web","@id":"https:\/\/alcala.salesianos.edu\/colegio\/#\/schema\/person\/afcc24f776dc91fc2bf9afb0998fca77"},"headline":"Un fin de semana en Familia","datePublished":"2024-05-09T15:23:33+00:00","dateModified":"2025-08-27T07:47:01+00:00","mainEntityOfPage":{"@id":"https:\/\/alcala.salesianos.edu\/colegio\/blog\/2024\/05\/09\/un-fin-de-semana-en-familia-2\/"},"wordCount":412,"image":{"@id":"https:\/\/alcala.salesianos.edu\/colegio\/blog\/2024\/05\/09\/un-fin-de-semana-en-familia-2\/#primaryimage"},"thumbnailUrl":"https:\/\/alcala.salesianos.edu\/colegio\/wp-content\/uploads\/sites\/2\/2024\/05\/WhatsApp-Image-2024-05-09-at-14.58.55.jpeg","articleSection":["Colegio","covid","FASA","Infantil","Pastoral","Portada","Primaria","Secundaria","Uncategorized"],"inLanguage":"es"},{"@type":"WebPage","@id":"https:\/\/alcala.salesianos.edu\/colegio\/blog\/2024\/05\/09\/un-fin-de-semana-en-familia-2\/","url":"https:\/\/alcala.salesianos.edu\/colegio\/blog\/2024\/05\/09\/un-fin-de-semana-en-familia-2\/","name":"Un fin de semana en Familia - Colegio Salesiano Alcal\u00e1","isPartOf":{"@id":"https:\/\/alcala.salesianos.edu\/colegio\/#website"},"primaryImageOfPage":{"@id":"https:\/\/alcala.salesianos.edu\/colegio\/blog\/2024\/05\/09\/un-fin-de-semana-en-familia-2\/#primaryimage"},"image":{"@id":"https:\/\/alcala.salesianos.edu\/colegio\/blog\/2024\/05\/09\/un-fin-de-semana-en-familia-2\/#primaryimage"},"thumbnailUrl":"https:\/\/alcala.salesianos.edu\/colegio\/wp-content\/uploads\/sites\/2\/2024\/05\/WhatsApp-Image-2024-05-09-at-14.58.55.jpeg","datePublished":"2024-05-09T15:23:33+00:00","dateModified":"2025-08-27T07:47:01+00:00","author":{"@id":"https:\/\/alcala.salesianos.edu\/colegio\/#\/schema\/person\/afcc24f776dc91fc2bf9afb0998fca77"},"description":"La Casa salesiana celebra el mes de mayo con numerosas celebraciones y actos este fin de semana en honor a Mar\u00eda Auxiliadora Coronada.","breadcrumb":{"@id":"https:\/\/alcala.salesianos.edu\/colegio\/blog\/2024\/05\/09\/un-fin-de-semana-en-familia-2\/#breadcrumb"},"inLanguage":"es","potentialAction":[{"@type":"ReadAction","target":["https:\/\/alcala.salesianos.edu\/colegio\/blog\/2024\/05\/09\/un-fin-de-semana-en-familia-2\/"]}]},{"@type":"ImageObject","inLanguage":"es","@id":"https:\/\/alcala.salesianos.edu\/colegio\/blog\/2024\/05\/09\/un-fin-de-semana-en-familia-2\/#primaryimage","url":"https:\/\/alcala.salesianos.edu\/colegio\/wp-content\/uploads\/sites\/2\/2024\/05\/WhatsApp-Image-2024-05-09-at-14.58.55.jpeg","contentUrl":"https:\/\/alcala.salesianos.edu\/colegio\/wp-content\/uploads\/sites\/2\/2024\/05\/WhatsApp-Image-2024-05-09-at-14.58.55.jpeg","width":1171,"height":1600},{"@type":"BreadcrumbList","@id":"https:\/\/alcala.salesianos.edu\/colegio\/blog\/2024\/05\/09\/un-fin-de-semana-en-familia-2\/#breadcrumb","itemListElement":[{"@type":"ListItem","position":1,"name":"Portada","item":"https:\/\/alcala.salesianos.edu\/colegio\/"},{"@type":"ListItem","position":2,"name":"Un fin de semana en Familia"}]},{"@type":"WebSite","@id":"https:\/\/alcala.salesianos.edu\/colegio\/#website","url":"https:\/\/alcala.salesianos.edu\/colegio\/","name":"Colegio Salesiano Alcal\u00e1","description":"P\u00e1gina oficial de Salesianos Alcal\u00e1 de Guadaira","potentialAction":[{"@type":"SearchAction","target":{"@type":"EntryPoint","urlTemplate":"https:\/\/alcala.salesianos.edu\/colegio\/?s={search_term_string}"},"query-input":{"@type":"PropertyValueSpecification","valueRequired":true,"valueName":"search_term_string"}}],"inLanguage":"es"},{"@type":"Person","@id":"https:\/\/alcala.salesianos.edu\/colegio\/#\/schema\/person\/afcc24f776dc91fc2bf9afb0998fca77","name":"Administrador Web","image":{"@type":"ImageObject","inLanguage":"es","@id":"https:\/\/secure.gravatar.com\/avatar\/bc157e994689bd6da9645c00aa3bc4d55b727915b6652642660db0aef086585f?s=96&d=mm&r=g","url":"https:\/\/secure.gravatar.com\/avatar\/bc157e994689bd6da9645c00aa3bc4d55b727915b6652642660db0aef086585f?s=96&d=mm&r=g","contentUrl":"https:\/\/secure.gravatar.com\/avatar\/bc157e994689bd6da9645c00aa3bc4d55b727915b6652642660db0aef086585f?s=96&d=mm&r=g","caption":"Administrador Web"}}]}},"_links":{"self":[{"href":"https:\/\/alcala.salesianos.edu\/colegio\/wp-json\/wp\/v2\/posts\/15748","targetHints":{"allow":["GET"]}}],"collection":[{"href":"https:\/\/alcala.salesianos.edu\/colegio\/wp-json\/wp\/v2\/posts"}],"about":[{"href":"https:\/\/alcala.salesianos.edu\/colegio\/wp-json\/wp\/v2\/types\/post"}],"author":[{"embeddable":true,"href":"https:\/\/alcala.salesianos.edu\/colegio\/wp-json\/wp\/v2\/users\/2"}],"replies":[{"embeddable":true,"href":"https:\/\/alcala.salesianos.edu\/colegio\/wp-json\/wp\/v2\/comments?post=15748"}],"version-history":[{"count":1,"href":"https:\/\/alcala.salesianos.edu\/colegio\/wp-json\/wp\/v2\/posts\/15748\/revisions"}],"predecessor-version":[{"id":16597,"href":"https:\/\/alcala.salesianos.edu\/colegio\/wp-json\/wp\/v2\/posts\/15748\/revisions\/16597"}],"wp:featuredmedia":[{"embeddable":true,"href":"https:\/\/alcala.salesianos.edu\/colegio\/wp-json\/wp\/v2\/media\/15747"}],"wp:attachment":[{"href":"https:\/\/alcala.salesianos.edu\/colegio\/wp-json\/wp\/v2\/media?parent=15748"}],"wp:term":[{"taxonomy":"category","embeddable":true,"href":"https:\/\/alcala.salesianos.edu\/colegio\/wp-json\/wp\/v2\/categories?post=15748"},{"taxonomy":"post_tag","embeddable":true,"href":"https:\/\/alcala.salesianos.edu\/colegio\/wp-json\/wp\/v2\/tags?post=15748"}],"curies":[{"name":"wp","href":"https:\/\/api.w.org\/{rel}","templated":true}]}}