{"id":15739,"date":"2024-04-30T09:02:03","date_gmt":"2024-04-30T08:02:03","guid":{"rendered":"https:\/\/alcala.salesianos.edu\/colegio\/blog\/2024\/04\/30\/comienza-el-mes-de-maria\/"},"modified":"2025-08-27T08:47:03","modified_gmt":"2025-08-27T07:47:03","slug":"comienza-el-mes-de-maria","status":"publish","type":"post","link":"https:\/\/alcala.salesianos.edu\/colegio\/blog\/2024\/04\/30\/comienza-el-mes-de-maria\/","title":{"rendered":"Comienza el mes de Mar\u00eda"},"content":{"rendered":"<div id=\"fb-root\"><\/div>\n<p>[et_pb_section fb_built=\u00bb1&#8243; admin_label=\u00bbsection\u00bb _builder_version=\u00bb4.16&#8243; global_colors_info=\u00bb{}\u00bb][et_pb_row admin_label=\u00bbrow\u00bb _builder_version=\u00bb4.16&#8243; background_size=\u00bbinitial\u00bb background_position=\u00bbtop_left\u00bb background_repeat=\u00bbrepeat\u00bb global_colors_info=\u00bb{}\u00bb][et_pb_column type=\u00bb4_4&#8243; _builder_version=\u00bb4.16&#8243; custom_padding=\u00bb|||\u00bb global_colors_info=\u00bb{}\u00bb custom_padding__hover=\u00bb|||\u00bb][et_pb_text _builder_version=\u00bb4.24.3&#8243; _module_preset=\u00bbdefault\u00bb hover_enabled=\u00bb0&#8243; sticky_enabled=\u00bb0&#8243;]<\/p>\n<p>Comienza el mes de mayo, mes de Mar\u00eda Auxiliadora de Alcal\u00e1 de Guada\u00edra. Nuestra Casa se prepara para celebrar la festividad de nuestra Madre. A continuaci\u00f3n os facilitamos el programa de Mar\u00eda Auxiliadora donde se detallan todas las celebraciones que viviremos durante este mes.<\/p>\n<p>Destacamos el X Aniversario de Coronaci\u00f3n de Mar\u00eda Auxiliadora que celebraremos el pr\u00f3ximo 3 de mayo. La Virgen ser\u00e1 trasladada en andas a la parroquia de San Sebasti\u00e1n y la Casa salesiana junto con la parroquia celebraremos la Solemne Eucarist\u00eda de Acci\u00f3n de Gracias.<\/p>\n<p>El siguiente fin de semana nuestra Casa estar\u00e1 inmersa en numerosas celebraciones y encuentros como la Fiesta de la Uni\u00f3n de los Antiguos Alumnos, la cruz de Mayo de la Hermandad, Campeonatos deportivos y el Guiso de Mar\u00eda Auxiliadora.<\/p>\n<p>Para finalizar el mes de mayo nuestra Casa celebrar\u00e1 la Novena a Mar\u00eda Auxiliadora predicada por D. Luis Fernando \u00c1lvarez, sdb. y como culmen las fiestas y procesi\u00f3n del 24 de mayo, d\u00eda de Mar\u00eda Auxiliadora.<\/p>\n<p>\u00a1Feliz mes de mayo, mes de Mar\u00eda Auxiliadora!<\/p>\n<p>[\/et_pb_text][et_pb_button _builder_version=\u00bb4.24.3&#8243; _module_preset=\u00bbdefault\u00bb button_text=\u00bbPrograma de la Casa\u00bb url_new_window=\u00bbon\u00bb hover_enabled=\u00bb0&#8243; sticky_enabled=\u00bb0&#8243; custom_button=\u00bbon\u00bb button_text_color=\u00bb#FFFFFF\u00bb button_bg_color=\u00bb#dc001b\u00bb button_bg_enable_color=\u00bbon\u00bb button_url=\u00bbhttps:\/\/alcala.salesianos.edu\/wp-content\/uploads\/2024\/04\/programa-maria-auxiliadora-8-1.pdf\u00bb][\/et_pb_button][et_pb_image _builder_version=\u00bb4.24.3&#8243; _module_preset=\u00bbdefault\u00bb title_text=\u00bb1&#8243; src=\u00bbhttps:\/\/alcala.salesianos.edu\/wp-content\/uploads\/2024\/04\/1.png\u00bb hover_enabled=\u00bb0&#8243; sticky_enabled=\u00bb0&#8243;][\/et_pb_image][et_pb_image _builder_version=\u00bb4.24.3&#8243; _module_preset=\u00bbdefault\u00bb title_text=\u00bb2&#8243; src=\u00bbhttps:\/\/alcala.salesianos.edu\/wp-content\/uploads\/2024\/04\/2.png\u00bb hover_enabled=\u00bb0&#8243; sticky_enabled=\u00bb0&#8243;][\/et_pb_image][\/et_pb_column][\/et_pb_row][\/et_pb_section]<\/p>\n","protected":false},"excerpt":{"rendered":"<p>La Casa salesiana de Alcal\u00e1 de Guada\u00edra vivir\u00e1 un mes de mayo lleno de actividades y celebraciones en torno a nuestra Madre, Mar\u00eda Auxiliadora Coronada.<\/p>\n","protected":false},"author":2,"featured_media":15740,"comment_status":"closed","ping_status":"open","sticky":false,"template":"","format":"standard","meta":{"_et_pb_use_builder":"on","_et_pb_old_content":"","_et_gb_content_width":"","footnotes":""},"categories":[12,23,19,13,17,14,15,18,16,1],"tags":[],"class_list":["post-15739","post","type-post","status-publish","format-standard","has-post-thumbnail","hentry","category-colegio","category-covid","category-escuela-abierta","category-fasa","category-infantil","category-pastoral","category-portada","category-primaria","category-secundaria","category-uncategorized"],"yoast_head":"<!-- This site is optimized with the Yoast SEO plugin v28.3 - https:\/\/yoast.com\/product\/yoast-seo-wordpress\/ -->\n<title>Comienza el mes de Mar\u00eda - Colegio Salesiano Alcal\u00e1<\/title>\n<meta name=\"robots\" content=\"index, follow, max-snippet:-1, max-image-preview:large, max-video-preview:-1\" \/>\n<link rel=\"canonical\" href=\"https:\/\/alcala.salesianos.edu\/colegio\/blog\/2024\/04\/30\/comienza-el-mes-de-maria\/\" \/>\n<meta property=\"og:locale\" content=\"es_ES\" \/>\n<meta property=\"og:type\" content=\"article\" \/>\n<meta property=\"og:title\" content=\"Comienza el mes de Mar\u00eda - Colegio Salesiano Alcal\u00e1\" \/>\n<meta property=\"og:description\" content=\"La Casa salesiana de Alcal\u00e1 de Guada\u00edra vivir\u00e1 un mes de mayo lleno de actividades y celebraciones en torno a nuestra Madre, Mar\u00eda Auxiliadora Coronada.\" \/>\n<meta property=\"og:url\" content=\"https:\/\/alcala.salesianos.edu\/colegio\/blog\/2024\/04\/30\/comienza-el-mes-de-maria\/\" \/>\n<meta property=\"og:site_name\" content=\"Colegio Salesiano Alcal\u00e1\" \/>\n<meta property=\"article:published_time\" content=\"2024-04-30T08:02:03+00:00\" \/>\n<meta property=\"article:modified_time\" content=\"2025-08-27T07:47:03+00:00\" \/>\n<meta property=\"og:image\" content=\"https:\/\/alcala.salesianos.edu\/colegio\/wp-content\/uploads\/sites\/2\/2024\/04\/IMG_5229-scaled.jpg\" \/>\n\t<meta property=\"og:image:width\" content=\"2560\" \/>\n\t<meta property=\"og:image:height\" content=\"1707\" \/>\n\t<meta property=\"og:image:type\" content=\"image\/jpeg\" \/>\n<meta name=\"author\" content=\"Administrador Web\" \/>\n<meta name=\"twitter:card\" content=\"summary_large_image\" \/>\n<meta name=\"twitter:label1\" content=\"Escrito por\" \/>\n\t<meta name=\"twitter:data1\" content=\"Administrador Web\" \/>\n<script type=\"application\/ld+json\" class=\"yoast-schema-graph\">{\"@context\":\"https:\\\/\\\/schema.org\",\"@graph\":[{\"@type\":\"Article\",\"@id\":\"https:\\\/\\\/alcala.salesianos.edu\\\/colegio\\\/blog\\\/2024\\\/04\\\/30\\\/comienza-el-mes-de-maria\\\/#article\",\"isPartOf\":{\"@id\":\"https:\\\/\\\/alcala.salesianos.edu\\\/colegio\\\/blog\\\/2024\\\/04\\\/30\\\/comienza-el-mes-de-maria\\\/\"},\"author\":{\"name\":\"Administrador Web\",\"@id\":\"https:\\\/\\\/alcala.salesianos.edu\\\/colegio\\\/#\\\/schema\\\/person\\\/afcc24f776dc91fc2bf9afb0998fca77\"},\"headline\":\"Comienza el mes de Mar\u00eda\",\"datePublished\":\"2024-04-30T08:02:03+00:00\",\"dateModified\":\"2025-08-27T07:47:03+00:00\",\"mainEntityOfPage\":{\"@id\":\"https:\\\/\\\/alcala.salesianos.edu\\\/colegio\\\/blog\\\/2024\\\/04\\\/30\\\/comienza-el-mes-de-maria\\\/\"},\"wordCount\":367,\"image\":{\"@id\":\"https:\\\/\\\/alcala.salesianos.edu\\\/colegio\\\/blog\\\/2024\\\/04\\\/30\\\/comienza-el-mes-de-maria\\\/#primaryimage\"},\"thumbnailUrl\":\"https:\\\/\\\/alcala.salesianos.edu\\\/colegio\\\/wp-content\\\/uploads\\\/sites\\\/2\\\/2024\\\/04\\\/IMG_5229-scaled.jpg\",\"articleSection\":[\"Colegio\",\"covid\",\"Escuela abierta\",\"FASA\",\"Infantil\",\"Pastoral\",\"Portada\",\"Primaria\",\"Secundaria\",\"Uncategorized\"],\"inLanguage\":\"es\"},{\"@type\":\"WebPage\",\"@id\":\"https:\\\/\\\/alcala.salesianos.edu\\\/colegio\\\/blog\\\/2024\\\/04\\\/30\\\/comienza-el-mes-de-maria\\\/\",\"url\":\"https:\\\/\\\/alcala.salesianos.edu\\\/colegio\\\/blog\\\/2024\\\/04\\\/30\\\/comienza-el-mes-de-maria\\\/\",\"name\":\"Comienza el mes de Mar\u00eda - Colegio Salesiano Alcal\u00e1\",\"isPartOf\":{\"@id\":\"https:\\\/\\\/alcala.salesianos.edu\\\/colegio\\\/#website\"},\"primaryImageOfPage\":{\"@id\":\"https:\\\/\\\/alcala.salesianos.edu\\\/colegio\\\/blog\\\/2024\\\/04\\\/30\\\/comienza-el-mes-de-maria\\\/#primaryimage\"},\"image\":{\"@id\":\"https:\\\/\\\/alcala.salesianos.edu\\\/colegio\\\/blog\\\/2024\\\/04\\\/30\\\/comienza-el-mes-de-maria\\\/#primaryimage\"},\"thumbnailUrl\":\"https:\\\/\\\/alcala.salesianos.edu\\\/colegio\\\/wp-content\\\/uploads\\\/sites\\\/2\\\/2024\\\/04\\\/IMG_5229-scaled.jpg\",\"datePublished\":\"2024-04-30T08:02:03+00:00\",\"dateModified\":\"2025-08-27T07:47:03+00:00\",\"author\":{\"@id\":\"https:\\\/\\\/alcala.salesianos.edu\\\/colegio\\\/#\\\/schema\\\/person\\\/afcc24f776dc91fc2bf9afb0998fca77\"},\"breadcrumb\":{\"@id\":\"https:\\\/\\\/alcala.salesianos.edu\\\/colegio\\\/blog\\\/2024\\\/04\\\/30\\\/comienza-el-mes-de-maria\\\/#breadcrumb\"},\"inLanguage\":\"es\",\"potentialAction\":[{\"@type\":\"ReadAction\",\"target\":[\"https:\\\/\\\/alcala.salesianos.edu\\\/colegio\\\/blog\\\/2024\\\/04\\\/30\\\/comienza-el-mes-de-maria\\\/\"]}]},{\"@type\":\"ImageObject\",\"inLanguage\":\"es\",\"@id\":\"https:\\\/\\\/alcala.salesianos.edu\\\/colegio\\\/blog\\\/2024\\\/04\\\/30\\\/comienza-el-mes-de-maria\\\/#primaryimage\",\"url\":\"https:\\\/\\\/alcala.salesianos.edu\\\/colegio\\\/wp-content\\\/uploads\\\/sites\\\/2\\\/2024\\\/04\\\/IMG_5229-scaled.jpg\",\"contentUrl\":\"https:\\\/\\\/alcala.salesianos.edu\\\/colegio\\\/wp-content\\\/uploads\\\/sites\\\/2\\\/2024\\\/04\\\/IMG_5229-scaled.jpg\"},{\"@type\":\"BreadcrumbList\",\"@id\":\"https:\\\/\\\/alcala.salesianos.edu\\\/colegio\\\/blog\\\/2024\\\/04\\\/30\\\/comienza-el-mes-de-maria\\\/#breadcrumb\",\"itemListElement\":[{\"@type\":\"ListItem\",\"position\":1,\"name\":\"Portada\",\"item\":\"https:\\\/\\\/alcala.salesianos.edu\\\/colegio\\\/\"},{\"@type\":\"ListItem\",\"position\":2,\"name\":\"Comienza el mes de Mar\u00eda\"}]},{\"@type\":\"WebSite\",\"@id\":\"https:\\\/\\\/alcala.salesianos.edu\\\/colegio\\\/#website\",\"url\":\"https:\\\/\\\/alcala.salesianos.edu\\\/colegio\\\/\",\"name\":\"Colegio Salesiano Alcal\u00e1\",\"description\":\"P\u00e1gina oficial de Salesianos Alcal\u00e1 de Guadaira\",\"potentialAction\":[{\"@type\":\"SearchAction\",\"target\":{\"@type\":\"EntryPoint\",\"urlTemplate\":\"https:\\\/\\\/alcala.salesianos.edu\\\/colegio\\\/?s={search_term_string}\"},\"query-input\":{\"@type\":\"PropertyValueSpecification\",\"valueRequired\":true,\"valueName\":\"search_term_string\"}}],\"inLanguage\":\"es\"},{\"@type\":\"Person\",\"@id\":\"https:\\\/\\\/alcala.salesianos.edu\\\/colegio\\\/#\\\/schema\\\/person\\\/afcc24f776dc91fc2bf9afb0998fca77\",\"name\":\"Administrador Web\",\"image\":{\"@type\":\"ImageObject\",\"inLanguage\":\"es\",\"@id\":\"https:\\\/\\\/secure.gravatar.com\\\/avatar\\\/bc157e994689bd6da9645c00aa3bc4d55b727915b6652642660db0aef086585f?s=96&d=mm&r=g\",\"url\":\"https:\\\/\\\/secure.gravatar.com\\\/avatar\\\/bc157e994689bd6da9645c00aa3bc4d55b727915b6652642660db0aef086585f?s=96&d=mm&r=g\",\"contentUrl\":\"https:\\\/\\\/secure.gravatar.com\\\/avatar\\\/bc157e994689bd6da9645c00aa3bc4d55b727915b6652642660db0aef086585f?s=96&d=mm&r=g\",\"caption\":\"Administrador Web\"}}]}<\/script>\n<!-- \/ Yoast SEO plugin. -->","yoast_head_json":{"title":"Comienza el mes de Mar\u00eda - Colegio Salesiano Alcal\u00e1","robots":{"index":"index","follow":"follow","max-snippet":"max-snippet:-1","max-image-preview":"max-image-preview:large","max-video-preview":"max-video-preview:-1"},"canonical":"https:\/\/alcala.salesianos.edu\/colegio\/blog\/2024\/04\/30\/comienza-el-mes-de-maria\/","og_locale":"es_ES","og_type":"article","og_title":"Comienza el mes de Mar\u00eda - Colegio Salesiano Alcal\u00e1","og_description":"La Casa salesiana de Alcal\u00e1 de Guada\u00edra vivir\u00e1 un mes de mayo lleno de actividades y celebraciones en torno a nuestra Madre, Mar\u00eda Auxiliadora Coronada.","og_url":"https:\/\/alcala.salesianos.edu\/colegio\/blog\/2024\/04\/30\/comienza-el-mes-de-maria\/","og_site_name":"Colegio Salesiano Alcal\u00e1","article_published_time":"2024-04-30T08:02:03+00:00","article_modified_time":"2025-08-27T07:47:03+00:00","og_image":[{"width":2560,"height":1707,"url":"https:\/\/alcala.salesianos.edu\/colegio\/wp-content\/uploads\/sites\/2\/2024\/04\/IMG_5229-scaled.jpg","type":"image\/jpeg"}],"author":"Administrador Web","twitter_card":"summary_large_image","twitter_misc":{"Escrito por":"Administrador Web"},"schema":{"@context":"https:\/\/schema.org","@graph":[{"@type":"Article","@id":"https:\/\/alcala.salesianos.edu\/colegio\/blog\/2024\/04\/30\/comienza-el-mes-de-maria\/#article","isPartOf":{"@id":"https:\/\/alcala.salesianos.edu\/colegio\/blog\/2024\/04\/30\/comienza-el-mes-de-maria\/"},"author":{"name":"Administrador Web","@id":"https:\/\/alcala.salesianos.edu\/colegio\/#\/schema\/person\/afcc24f776dc91fc2bf9afb0998fca77"},"headline":"Comienza el mes de Mar\u00eda","datePublished":"2024-04-30T08:02:03+00:00","dateModified":"2025-08-27T07:47:03+00:00","mainEntityOfPage":{"@id":"https:\/\/alcala.salesianos.edu\/colegio\/blog\/2024\/04\/30\/comienza-el-mes-de-maria\/"},"wordCount":367,"image":{"@id":"https:\/\/alcala.salesianos.edu\/colegio\/blog\/2024\/04\/30\/comienza-el-mes-de-maria\/#primaryimage"},"thumbnailUrl":"https:\/\/alcala.salesianos.edu\/colegio\/wp-content\/uploads\/sites\/2\/2024\/04\/IMG_5229-scaled.jpg","articleSection":["Colegio","covid","Escuela abierta","FASA","Infantil","Pastoral","Portada","Primaria","Secundaria","Uncategorized"],"inLanguage":"es"},{"@type":"WebPage","@id":"https:\/\/alcala.salesianos.edu\/colegio\/blog\/2024\/04\/30\/comienza-el-mes-de-maria\/","url":"https:\/\/alcala.salesianos.edu\/colegio\/blog\/2024\/04\/30\/comienza-el-mes-de-maria\/","name":"Comienza el mes de Mar\u00eda - Colegio Salesiano Alcal\u00e1","isPartOf":{"@id":"https:\/\/alcala.salesianos.edu\/colegio\/#website"},"primaryImageOfPage":{"@id":"https:\/\/alcala.salesianos.edu\/colegio\/blog\/2024\/04\/30\/comienza-el-mes-de-maria\/#primaryimage"},"image":{"@id":"https:\/\/alcala.salesianos.edu\/colegio\/blog\/2024\/04\/30\/comienza-el-mes-de-maria\/#primaryimage"},"thumbnailUrl":"https:\/\/alcala.salesianos.edu\/colegio\/wp-content\/uploads\/sites\/2\/2024\/04\/IMG_5229-scaled.jpg","datePublished":"2024-04-30T08:02:03+00:00","dateModified":"2025-08-27T07:47:03+00:00","author":{"@id":"https:\/\/alcala.salesianos.edu\/colegio\/#\/schema\/person\/afcc24f776dc91fc2bf9afb0998fca77"},"breadcrumb":{"@id":"https:\/\/alcala.salesianos.edu\/colegio\/blog\/2024\/04\/30\/comienza-el-mes-de-maria\/#breadcrumb"},"inLanguage":"es","potentialAction":[{"@type":"ReadAction","target":["https:\/\/alcala.salesianos.edu\/colegio\/blog\/2024\/04\/30\/comienza-el-mes-de-maria\/"]}]},{"@type":"ImageObject","inLanguage":"es","@id":"https:\/\/alcala.salesianos.edu\/colegio\/blog\/2024\/04\/30\/comienza-el-mes-de-maria\/#primaryimage","url":"https:\/\/alcala.salesianos.edu\/colegio\/wp-content\/uploads\/sites\/2\/2024\/04\/IMG_5229-scaled.jpg","contentUrl":"https:\/\/alcala.salesianos.edu\/colegio\/wp-content\/uploads\/sites\/2\/2024\/04\/IMG_5229-scaled.jpg"},{"@type":"BreadcrumbList","@id":"https:\/\/alcala.salesianos.edu\/colegio\/blog\/2024\/04\/30\/comienza-el-mes-de-maria\/#breadcrumb","itemListElement":[{"@type":"ListItem","position":1,"name":"Portada","item":"https:\/\/alcala.salesianos.edu\/colegio\/"},{"@type":"ListItem","position":2,"name":"Comienza el mes de Mar\u00eda"}]},{"@type":"WebSite","@id":"https:\/\/alcala.salesianos.edu\/colegio\/#website","url":"https:\/\/alcala.salesianos.edu\/colegio\/","name":"Colegio Salesiano Alcal\u00e1","description":"P\u00e1gina oficial de Salesianos Alcal\u00e1 de Guadaira","potentialAction":[{"@type":"SearchAction","target":{"@type":"EntryPoint","urlTemplate":"https:\/\/alcala.salesianos.edu\/colegio\/?s={search_term_string}"},"query-input":{"@type":"PropertyValueSpecification","valueRequired":true,"valueName":"search_term_string"}}],"inLanguage":"es"},{"@type":"Person","@id":"https:\/\/alcala.salesianos.edu\/colegio\/#\/schema\/person\/afcc24f776dc91fc2bf9afb0998fca77","name":"Administrador Web","image":{"@type":"ImageObject","inLanguage":"es","@id":"https:\/\/secure.gravatar.com\/avatar\/bc157e994689bd6da9645c00aa3bc4d55b727915b6652642660db0aef086585f?s=96&d=mm&r=g","url":"https:\/\/secure.gravatar.com\/avatar\/bc157e994689bd6da9645c00aa3bc4d55b727915b6652642660db0aef086585f?s=96&d=mm&r=g","contentUrl":"https:\/\/secure.gravatar.com\/avatar\/bc157e994689bd6da9645c00aa3bc4d55b727915b6652642660db0aef086585f?s=96&d=mm&r=g","caption":"Administrador Web"}}]}},"_links":{"self":[{"href":"https:\/\/alcala.salesianos.edu\/colegio\/wp-json\/wp\/v2\/posts\/15739","targetHints":{"allow":["GET"]}}],"collection":[{"href":"https:\/\/alcala.salesianos.edu\/colegio\/wp-json\/wp\/v2\/posts"}],"about":[{"href":"https:\/\/alcala.salesianos.edu\/colegio\/wp-json\/wp\/v2\/types\/post"}],"author":[{"embeddable":true,"href":"https:\/\/alcala.salesianos.edu\/colegio\/wp-json\/wp\/v2\/users\/2"}],"replies":[{"embeddable":true,"href":"https:\/\/alcala.salesianos.edu\/colegio\/wp-json\/wp\/v2\/comments?post=15739"}],"version-history":[{"count":1,"href":"https:\/\/alcala.salesianos.edu\/colegio\/wp-json\/wp\/v2\/posts\/15739\/revisions"}],"predecessor-version":[{"id":16599,"href":"https:\/\/alcala.salesianos.edu\/colegio\/wp-json\/wp\/v2\/posts\/15739\/revisions\/16599"}],"wp:featuredmedia":[{"embeddable":true,"href":"https:\/\/alcala.salesianos.edu\/colegio\/wp-json\/wp\/v2\/media\/15740"}],"wp:attachment":[{"href":"https:\/\/alcala.salesianos.edu\/colegio\/wp-json\/wp\/v2\/media?parent=15739"}],"wp:term":[{"taxonomy":"category","embeddable":true,"href":"https:\/\/alcala.salesianos.edu\/colegio\/wp-json\/wp\/v2\/categories?post=15739"},{"taxonomy":"post_tag","embeddable":true,"href":"https:\/\/alcala.salesianos.edu\/colegio\/wp-json\/wp\/v2\/tags?post=15739"}],"curies":[{"name":"wp","href":"https:\/\/api.w.org\/{rel}","templated":true}]}}