{"id":15737,"date":"2024-04-11T11:25:37","date_gmt":"2024-04-11T10:25:37","guid":{"rendered":"https:\/\/alcala.salesianos.edu\/colegio\/blog\/2024\/04\/11\/celebradas-las-vi-jornadas-de-educacion-y-divulgacion-cientifica-educiencia\/"},"modified":"2025-08-27T08:47:04","modified_gmt":"2025-08-27T07:47:04","slug":"celebradas-las-vi-jornadas-de-educacion-y-divulgacion-cientifica-educiencia","status":"publish","type":"post","link":"https:\/\/alcala.salesianos.edu\/colegio\/blog\/2024\/04\/11\/celebradas-las-vi-jornadas-de-educacion-y-divulgacion-cientifica-educiencia\/","title":{"rendered":"Celebradas las VI Jornadas de educaci\u00f3n y divulgaci\u00f3n cient\u00edfica \u00abEduCIENCIA\u00bb"},"content":{"rendered":"<div id=\"fb-root\"><\/div>\n<p>[et_pb_section fb_built=\u00bb1&#8243; _builder_version=\u00bb4.16&#8243; global_colors_info=\u00bb{}\u00bb][et_pb_row _builder_version=\u00bb4.16&#8243; background_size=\u00bbinitial\u00bb background_position=\u00bbtop_left\u00bb background_repeat=\u00bbrepeat\u00bb global_colors_info=\u00bb{}\u00bb][et_pb_column type=\u00bb4_4&#8243; _builder_version=\u00bb4.16&#8243; custom_padding=\u00bb|||\u00bb global_colors_info=\u00bb{}\u00bb custom_padding__hover=\u00bb|||\u00bb][et_pb_text _builder_version=\u00bb4.24.3&#8243; background_size=\u00bbinitial\u00bb background_position=\u00bbtop_left\u00bb background_repeat=\u00bbrepeat\u00bb hover_enabled=\u00bb0&#8243; global_colors_info=\u00bb{}\u00bb sticky_enabled=\u00bb0&#8243;]<\/p>\n<ul class=\"ak-ul\" data-pm-slice=\"3 1 []\">\n<li>\n<p>Durante los d\u00edas\u00a0<strong>9 y 10 de abril<\/strong>\u00a0en el\u00a0<strong>Teatro Guti\u00e9rrez de Alba<\/strong>\u00a0de la localidad de Alcal\u00e1 de Guada\u00edra tuvo lugar las <strong>VI Jornadas de educaci\u00f3n y divulgaci\u00f3n cient\u00edfica \u00abEduCIENCIA\u00bb, un<\/strong> evento que tiene como objetivo fomentar el inter\u00e9s por la ciencia entre los j\u00f3venes.<br \/>En esta edici\u00f3n la organizaci\u00f3n salesiana cont\u00f3 con la inauguraci\u00f3n oficial con la asistencia del delegado de Educaci\u00f3n, Pablo Chain, y con el director del Colegio Salesiano, Mateo Barrera, y la participaci\u00f3n de dos ponentes de reconocido prestigio en el \u00e1mbito de la divulgaci\u00f3n cient\u00edfica, como <strong>Jos\u00e9 Luis Oltra Calatayud<\/strong>, f\u00edsico Te\u00f3rico y Divulgador, y <strong>Patricia Senent Mart\u00ednez<\/strong>, Bioqu\u00edmica, Profesora y Divulgadora,.<\/p>\n<p>\u201dDisfrutamos mucho con Patricia Senent, que vino desde Alicante para contarnos la incertidumbre que hay alrededor del transhumanismo. Opiniones a favor y en contra de la incorporaci\u00f3n, literal, de las nuevas tecnolog\u00edas al ser humano\u201d, explicaban emocionados los alumnos tras las participaci\u00f3n . \u201cJos\u00e9 Luis Oltra nos record\u00f3 para qu\u00e9 ha servido y sirve la Ciencia. Un repaso de algunos grandes descubrimientos cient\u00edficos que han hecho avanzar en el conocimiento del mundo que nos rodea\u201d, a\u00f1ad\u00edan.<\/p>\n<\/li>\n<\/ul>\n<p>Adem\u00e1s de las ponencias, las Jornadas \u00abEduCIENCIA\u00bb ofrecieron dos espacios complementarios:<\/p>\n<ul class=\"ak-ul\">\n<li>\n<p><strong>Espacio \u00abJ\u00f3venes divulgadores\u00bb:<\/strong>\u00a0donde tres alumnos de los centros educativos participantes expusieron, en formato de microcharlas, algunas de las \u00faltimas novedades del panorama cient\u00edfico internacional con \u201ctemas muy diversos como los agujeros negros, el ADN, los nudibranquios, la bioimpresi\u00f3n o el cuidado de la piel. Todos ellos muy bien preparados y expuestos\u201d.<\/p>\n<\/li>\n<li>\n<p><strong>Entrega de premios del VI Concurso de portada de c\u00f3mic \u00abLa ciencia en portada\u00bb, en el que se<\/strong> expusieron los mejores trabajos y se dieron a conocer a los ganadores.<\/p>\n<\/li>\n<\/ul>\n<p>Cabe destacar que en esta sexta edici\u00f3n se cont\u00f3 con la participaci\u00f3n de m\u00e1s de 300 alumnos de cuatro centros educativos de la ciudad, Albero, Crist\u00f3bal de Monroy, Leonor de Guzm\u00e1n y Salesianos.<\/p>\n<p>Finalmente, antes del cierre oficial de las Jornadas, se entregaron los premios del VI Concurso de portada de c\u00f3mic cient\u00edfico. \u201c<strong>Confiamos que las VI Jornadas \u00abEduCIENCIA\u00bb hayan una experiencia enriquecedora para todos.<\/strong> Enhorabuena a todos y nos vemos en las VII Jornadas\u201d, compart\u00edan desde la organizaci\u00f3n<\/p>\n<p>[\/et_pb_text][et_pb_gallery _builder_version=\u00bb4.24.3&#8243; _module_preset=\u00bbdefault\u00bb gallery_ids=\u00bb11829,11830,11831,11832,11833,11834&#8243; hover_enabled=\u00bb0&#8243; sticky_enabled=\u00bb0&#8243; show_title_and_caption=\u00bboff\u00bb][\/et_pb_gallery][\/et_pb_column][\/et_pb_row][\/et_pb_section]<\/p>\n","protected":false},"excerpt":{"rendered":"<p>Alcal\u00e1 de Guada\u00edra se convierte un a\u00f1o m\u00e1s en el epicentro educativo para fomentar el inter\u00e9s por la ciencia entre los j\u00f3venes a trav\u00e9s de las jornadas de EduCiencia.<\/p>\n","protected":false},"author":2,"featured_media":0,"comment_status":"closed","ping_status":"open","sticky":false,"template":"","format":"standard","meta":{"_et_pb_use_builder":"on","_et_pb_old_content":"<p><a id=\"et_pb_toggle_builder\" class=\"button button-primary button-large et_pb_ready\" href=\"https:\/\/alcala.salesianos.edu\/wp-admin\/post-new.php#\" data-builder=\"Utilice el Divi Builder\" data-editor=\"Volver al editor est\u00e1ndar\">Utilice el Divi Builder<\/a><\/p>","_et_gb_content_width":"","footnotes":""},"categories":[12,23,13,14,15,16,1],"tags":[],"class_list":["post-15737","post","type-post","status-publish","format-standard","hentry","category-colegio","category-covid","category-fasa","category-pastoral","category-portada","category-secundaria","category-uncategorized"],"yoast_head":"<!-- This site is optimized with the Yoast SEO plugin v28.3 - https:\/\/yoast.com\/product\/yoast-seo-wordpress\/ -->\n<title>Celebradas las VI Jornadas de educaci\u00f3n y divulgaci\u00f3n cient\u00edfica \u00abEduCIENCIA\u00bb - Colegio Salesiano Alcal\u00e1<\/title>\n<meta name=\"description\" content=\"Alcal\u00e1 de Guada\u00edra se convierte un a\u00f1o m\u00e1s en el epicentro educativo para fomentar el inter\u00e9s por la ciencia entre los j\u00f3venes.\" \/>\n<meta name=\"robots\" content=\"index, follow, max-snippet:-1, max-image-preview:large, max-video-preview:-1\" \/>\n<link rel=\"canonical\" href=\"https:\/\/alcala.salesianos.edu\/colegio\/blog\/2024\/04\/11\/celebradas-las-vi-jornadas-de-educacion-y-divulgacion-cientifica-educiencia\/\" \/>\n<meta property=\"og:locale\" content=\"es_ES\" \/>\n<meta property=\"og:type\" content=\"article\" \/>\n<meta property=\"og:title\" content=\"Celebradas las VI Jornadas de educaci\u00f3n y divulgaci\u00f3n cient\u00edfica \u00abEduCIENCIA\u00bb - Colegio Salesiano Alcal\u00e1\" \/>\n<meta property=\"og:description\" content=\"Alcal\u00e1 de Guada\u00edra se convierte un a\u00f1o m\u00e1s en el epicentro educativo para fomentar el inter\u00e9s por la ciencia entre los j\u00f3venes.\" \/>\n<meta property=\"og:url\" content=\"https:\/\/alcala.salesianos.edu\/colegio\/blog\/2024\/04\/11\/celebradas-las-vi-jornadas-de-educacion-y-divulgacion-cientifica-educiencia\/\" \/>\n<meta property=\"og:site_name\" content=\"Colegio Salesiano Alcal\u00e1\" \/>\n<meta property=\"article:published_time\" content=\"2024-04-11T10:25:37+00:00\" \/>\n<meta property=\"article:modified_time\" content=\"2025-08-27T07:47:04+00:00\" \/>\n<meta name=\"author\" content=\"Administrador Web\" \/>\n<meta name=\"twitter:card\" content=\"summary_large_image\" \/>\n<meta name=\"twitter:label1\" content=\"Escrito por\" \/>\n\t<meta name=\"twitter:data1\" content=\"Administrador Web\" \/>\n\t<meta name=\"twitter:label2\" content=\"Tiempo de lectura\" \/>\n\t<meta name=\"twitter:data2\" content=\"4 minutos\" \/>\n<script type=\"application\/ld+json\" class=\"yoast-schema-graph\">{\"@context\":\"https:\\\/\\\/schema.org\",\"@graph\":[{\"@type\":\"Article\",\"@id\":\"https:\\\/\\\/alcala.salesianos.edu\\\/colegio\\\/blog\\\/2024\\\/04\\\/11\\\/celebradas-las-vi-jornadas-de-educacion-y-divulgacion-cientifica-educiencia\\\/#article\",\"isPartOf\":{\"@id\":\"https:\\\/\\\/alcala.salesianos.edu\\\/colegio\\\/blog\\\/2024\\\/04\\\/11\\\/celebradas-las-vi-jornadas-de-educacion-y-divulgacion-cientifica-educiencia\\\/\"},\"author\":{\"name\":\"Administrador Web\",\"@id\":\"https:\\\/\\\/alcala.salesianos.edu\\\/colegio\\\/#\\\/schema\\\/person\\\/afcc24f776dc91fc2bf9afb0998fca77\"},\"headline\":\"Celebradas las VI Jornadas de educaci\u00f3n y divulgaci\u00f3n cient\u00edfica \u00abEduCIENCIA\u00bb\",\"datePublished\":\"2024-04-11T10:25:37+00:00\",\"dateModified\":\"2025-08-27T07:47:04+00:00\",\"mainEntityOfPage\":{\"@id\":\"https:\\\/\\\/alcala.salesianos.edu\\\/colegio\\\/blog\\\/2024\\\/04\\\/11\\\/celebradas-las-vi-jornadas-de-educacion-y-divulgacion-cientifica-educiencia\\\/\"},\"wordCount\":503,\"articleSection\":[\"Colegio\",\"covid\",\"FASA\",\"Pastoral\",\"Portada\",\"Secundaria\",\"Uncategorized\"],\"inLanguage\":\"es\"},{\"@type\":\"WebPage\",\"@id\":\"https:\\\/\\\/alcala.salesianos.edu\\\/colegio\\\/blog\\\/2024\\\/04\\\/11\\\/celebradas-las-vi-jornadas-de-educacion-y-divulgacion-cientifica-educiencia\\\/\",\"url\":\"https:\\\/\\\/alcala.salesianos.edu\\\/colegio\\\/blog\\\/2024\\\/04\\\/11\\\/celebradas-las-vi-jornadas-de-educacion-y-divulgacion-cientifica-educiencia\\\/\",\"name\":\"Celebradas las VI Jornadas de educaci\u00f3n y divulgaci\u00f3n cient\u00edfica \u00abEduCIENCIA\u00bb - Colegio Salesiano Alcal\u00e1\",\"isPartOf\":{\"@id\":\"https:\\\/\\\/alcala.salesianos.edu\\\/colegio\\\/#website\"},\"datePublished\":\"2024-04-11T10:25:37+00:00\",\"dateModified\":\"2025-08-27T07:47:04+00:00\",\"author\":{\"@id\":\"https:\\\/\\\/alcala.salesianos.edu\\\/colegio\\\/#\\\/schema\\\/person\\\/afcc24f776dc91fc2bf9afb0998fca77\"},\"description\":\"Alcal\u00e1 de Guada\u00edra se convierte un a\u00f1o m\u00e1s en el epicentro educativo para fomentar el inter\u00e9s por la ciencia entre los j\u00f3venes.\",\"breadcrumb\":{\"@id\":\"https:\\\/\\\/alcala.salesianos.edu\\\/colegio\\\/blog\\\/2024\\\/04\\\/11\\\/celebradas-las-vi-jornadas-de-educacion-y-divulgacion-cientifica-educiencia\\\/#breadcrumb\"},\"inLanguage\":\"es\",\"potentialAction\":[{\"@type\":\"ReadAction\",\"target\":[\"https:\\\/\\\/alcala.salesianos.edu\\\/colegio\\\/blog\\\/2024\\\/04\\\/11\\\/celebradas-las-vi-jornadas-de-educacion-y-divulgacion-cientifica-educiencia\\\/\"]}]},{\"@type\":\"BreadcrumbList\",\"@id\":\"https:\\\/\\\/alcala.salesianos.edu\\\/colegio\\\/blog\\\/2024\\\/04\\\/11\\\/celebradas-las-vi-jornadas-de-educacion-y-divulgacion-cientifica-educiencia\\\/#breadcrumb\",\"itemListElement\":[{\"@type\":\"ListItem\",\"position\":1,\"name\":\"Portada\",\"item\":\"https:\\\/\\\/alcala.salesianos.edu\\\/colegio\\\/\"},{\"@type\":\"ListItem\",\"position\":2,\"name\":\"Celebradas las VI Jornadas de educaci\u00f3n y divulgaci\u00f3n cient\u00edfica \u00abEduCIENCIA\u00bb\"}]},{\"@type\":\"WebSite\",\"@id\":\"https:\\\/\\\/alcala.salesianos.edu\\\/colegio\\\/#website\",\"url\":\"https:\\\/\\\/alcala.salesianos.edu\\\/colegio\\\/\",\"name\":\"Colegio Salesiano Alcal\u00e1\",\"description\":\"P\u00e1gina oficial de Salesianos Alcal\u00e1 de Guadaira\",\"potentialAction\":[{\"@type\":\"SearchAction\",\"target\":{\"@type\":\"EntryPoint\",\"urlTemplate\":\"https:\\\/\\\/alcala.salesianos.edu\\\/colegio\\\/?s={search_term_string}\"},\"query-input\":{\"@type\":\"PropertyValueSpecification\",\"valueRequired\":true,\"valueName\":\"search_term_string\"}}],\"inLanguage\":\"es\"},{\"@type\":\"Person\",\"@id\":\"https:\\\/\\\/alcala.salesianos.edu\\\/colegio\\\/#\\\/schema\\\/person\\\/afcc24f776dc91fc2bf9afb0998fca77\",\"name\":\"Administrador Web\",\"image\":{\"@type\":\"ImageObject\",\"inLanguage\":\"es\",\"@id\":\"https:\\\/\\\/secure.gravatar.com\\\/avatar\\\/bc157e994689bd6da9645c00aa3bc4d55b727915b6652642660db0aef086585f?s=96&d=mm&r=g\",\"url\":\"https:\\\/\\\/secure.gravatar.com\\\/avatar\\\/bc157e994689bd6da9645c00aa3bc4d55b727915b6652642660db0aef086585f?s=96&d=mm&r=g\",\"contentUrl\":\"https:\\\/\\\/secure.gravatar.com\\\/avatar\\\/bc157e994689bd6da9645c00aa3bc4d55b727915b6652642660db0aef086585f?s=96&d=mm&r=g\",\"caption\":\"Administrador Web\"}}]}<\/script>\n<!-- \/ Yoast SEO plugin. -->","yoast_head_json":{"title":"Celebradas las VI Jornadas de educaci\u00f3n y divulgaci\u00f3n cient\u00edfica \u00abEduCIENCIA\u00bb - Colegio Salesiano Alcal\u00e1","description":"Alcal\u00e1 de Guada\u00edra se convierte un a\u00f1o m\u00e1s en el epicentro educativo para fomentar el inter\u00e9s por la ciencia entre los j\u00f3venes.","robots":{"index":"index","follow":"follow","max-snippet":"max-snippet:-1","max-image-preview":"max-image-preview:large","max-video-preview":"max-video-preview:-1"},"canonical":"https:\/\/alcala.salesianos.edu\/colegio\/blog\/2024\/04\/11\/celebradas-las-vi-jornadas-de-educacion-y-divulgacion-cientifica-educiencia\/","og_locale":"es_ES","og_type":"article","og_title":"Celebradas las VI Jornadas de educaci\u00f3n y divulgaci\u00f3n cient\u00edfica \u00abEduCIENCIA\u00bb - Colegio Salesiano Alcal\u00e1","og_description":"Alcal\u00e1 de Guada\u00edra se convierte un a\u00f1o m\u00e1s en el epicentro educativo para fomentar el inter\u00e9s por la ciencia entre los j\u00f3venes.","og_url":"https:\/\/alcala.salesianos.edu\/colegio\/blog\/2024\/04\/11\/celebradas-las-vi-jornadas-de-educacion-y-divulgacion-cientifica-educiencia\/","og_site_name":"Colegio Salesiano Alcal\u00e1","article_published_time":"2024-04-11T10:25:37+00:00","article_modified_time":"2025-08-27T07:47:04+00:00","author":"Administrador Web","twitter_card":"summary_large_image","twitter_misc":{"Escrito por":"Administrador Web","Tiempo de lectura":"4 minutos"},"schema":{"@context":"https:\/\/schema.org","@graph":[{"@type":"Article","@id":"https:\/\/alcala.salesianos.edu\/colegio\/blog\/2024\/04\/11\/celebradas-las-vi-jornadas-de-educacion-y-divulgacion-cientifica-educiencia\/#article","isPartOf":{"@id":"https:\/\/alcala.salesianos.edu\/colegio\/blog\/2024\/04\/11\/celebradas-las-vi-jornadas-de-educacion-y-divulgacion-cientifica-educiencia\/"},"author":{"name":"Administrador Web","@id":"https:\/\/alcala.salesianos.edu\/colegio\/#\/schema\/person\/afcc24f776dc91fc2bf9afb0998fca77"},"headline":"Celebradas las VI Jornadas de educaci\u00f3n y divulgaci\u00f3n cient\u00edfica \u00abEduCIENCIA\u00bb","datePublished":"2024-04-11T10:25:37+00:00","dateModified":"2025-08-27T07:47:04+00:00","mainEntityOfPage":{"@id":"https:\/\/alcala.salesianos.edu\/colegio\/blog\/2024\/04\/11\/celebradas-las-vi-jornadas-de-educacion-y-divulgacion-cientifica-educiencia\/"},"wordCount":503,"articleSection":["Colegio","covid","FASA","Pastoral","Portada","Secundaria","Uncategorized"],"inLanguage":"es"},{"@type":"WebPage","@id":"https:\/\/alcala.salesianos.edu\/colegio\/blog\/2024\/04\/11\/celebradas-las-vi-jornadas-de-educacion-y-divulgacion-cientifica-educiencia\/","url":"https:\/\/alcala.salesianos.edu\/colegio\/blog\/2024\/04\/11\/celebradas-las-vi-jornadas-de-educacion-y-divulgacion-cientifica-educiencia\/","name":"Celebradas las VI Jornadas de educaci\u00f3n y divulgaci\u00f3n cient\u00edfica \u00abEduCIENCIA\u00bb - Colegio Salesiano Alcal\u00e1","isPartOf":{"@id":"https:\/\/alcala.salesianos.edu\/colegio\/#website"},"datePublished":"2024-04-11T10:25:37+00:00","dateModified":"2025-08-27T07:47:04+00:00","author":{"@id":"https:\/\/alcala.salesianos.edu\/colegio\/#\/schema\/person\/afcc24f776dc91fc2bf9afb0998fca77"},"description":"Alcal\u00e1 de Guada\u00edra se convierte un a\u00f1o m\u00e1s en el epicentro educativo para fomentar el inter\u00e9s por la ciencia entre los j\u00f3venes.","breadcrumb":{"@id":"https:\/\/alcala.salesianos.edu\/colegio\/blog\/2024\/04\/11\/celebradas-las-vi-jornadas-de-educacion-y-divulgacion-cientifica-educiencia\/#breadcrumb"},"inLanguage":"es","potentialAction":[{"@type":"ReadAction","target":["https:\/\/alcala.salesianos.edu\/colegio\/blog\/2024\/04\/11\/celebradas-las-vi-jornadas-de-educacion-y-divulgacion-cientifica-educiencia\/"]}]},{"@type":"BreadcrumbList","@id":"https:\/\/alcala.salesianos.edu\/colegio\/blog\/2024\/04\/11\/celebradas-las-vi-jornadas-de-educacion-y-divulgacion-cientifica-educiencia\/#breadcrumb","itemListElement":[{"@type":"ListItem","position":1,"name":"Portada","item":"https:\/\/alcala.salesianos.edu\/colegio\/"},{"@type":"ListItem","position":2,"name":"Celebradas las VI Jornadas de educaci\u00f3n y divulgaci\u00f3n cient\u00edfica \u00abEduCIENCIA\u00bb"}]},{"@type":"WebSite","@id":"https:\/\/alcala.salesianos.edu\/colegio\/#website","url":"https:\/\/alcala.salesianos.edu\/colegio\/","name":"Colegio Salesiano Alcal\u00e1","description":"P\u00e1gina oficial de Salesianos Alcal\u00e1 de Guadaira","potentialAction":[{"@type":"SearchAction","target":{"@type":"EntryPoint","urlTemplate":"https:\/\/alcala.salesianos.edu\/colegio\/?s={search_term_string}"},"query-input":{"@type":"PropertyValueSpecification","valueRequired":true,"valueName":"search_term_string"}}],"inLanguage":"es"},{"@type":"Person","@id":"https:\/\/alcala.salesianos.edu\/colegio\/#\/schema\/person\/afcc24f776dc91fc2bf9afb0998fca77","name":"Administrador Web","image":{"@type":"ImageObject","inLanguage":"es","@id":"https:\/\/secure.gravatar.com\/avatar\/bc157e994689bd6da9645c00aa3bc4d55b727915b6652642660db0aef086585f?s=96&d=mm&r=g","url":"https:\/\/secure.gravatar.com\/avatar\/bc157e994689bd6da9645c00aa3bc4d55b727915b6652642660db0aef086585f?s=96&d=mm&r=g","contentUrl":"https:\/\/secure.gravatar.com\/avatar\/bc157e994689bd6da9645c00aa3bc4d55b727915b6652642660db0aef086585f?s=96&d=mm&r=g","caption":"Administrador Web"}}]}},"_links":{"self":[{"href":"https:\/\/alcala.salesianos.edu\/colegio\/wp-json\/wp\/v2\/posts\/15737","targetHints":{"allow":["GET"]}}],"collection":[{"href":"https:\/\/alcala.salesianos.edu\/colegio\/wp-json\/wp\/v2\/posts"}],"about":[{"href":"https:\/\/alcala.salesianos.edu\/colegio\/wp-json\/wp\/v2\/types\/post"}],"author":[{"embeddable":true,"href":"https:\/\/alcala.salesianos.edu\/colegio\/wp-json\/wp\/v2\/users\/2"}],"replies":[{"embeddable":true,"href":"https:\/\/alcala.salesianos.edu\/colegio\/wp-json\/wp\/v2\/comments?post=15737"}],"version-history":[{"count":1,"href":"https:\/\/alcala.salesianos.edu\/colegio\/wp-json\/wp\/v2\/posts\/15737\/revisions"}],"predecessor-version":[{"id":16600,"href":"https:\/\/alcala.salesianos.edu\/colegio\/wp-json\/wp\/v2\/posts\/15737\/revisions\/16600"}],"wp:attachment":[{"href":"https:\/\/alcala.salesianos.edu\/colegio\/wp-json\/wp\/v2\/media?parent=15737"}],"wp:term":[{"taxonomy":"category","embeddable":true,"href":"https:\/\/alcala.salesianos.edu\/colegio\/wp-json\/wp\/v2\/categories?post=15737"},{"taxonomy":"post_tag","embeddable":true,"href":"https:\/\/alcala.salesianos.edu\/colegio\/wp-json\/wp\/v2\/tags?post=15737"}],"curies":[{"name":"wp","href":"https:\/\/api.w.org\/{rel}","templated":true}]}}